{"id":9571,"date":"2017-09-10T05:00:46","date_gmt":"2017-09-10T03:00:46","guid":{"rendered":"http:\/\/stefan-taege.de\/kasia\/?p=9571"},"modified":"2023-08-02T20:28:30","modified_gmt":"2023-08-02T18:28:30","slug":"schloss-sayn-und-die-schmetterlinge","status":"publish","type":"post","link":"https:\/\/stefan-taege.de\/kasia\/2017\/09\/10\/schloss-sayn-und-die-schmetterlinge\/","title":{"rendered":"Schloss Sayn und die Schmetterlinge"},"content":{"rendered":"<p>Sie begegnen einem \u00fcberall, sobald man den Ort betritt; Schmetterlinge schm\u00fccken die Mauern und flattern uns von Hausw\u00e4nden entgegen. Ja, die Stadt Sayn wei\u00df um die werbekr\u00e4ftige Wirkung der farbenfrohen Wesen &#8211; und auch wir haben uns vom Schlossgarten einfangen lassen.<!--more--><\/p>\n<p><img data-recalc-dims=\"1\" loading=\"lazy\" decoding=\"async\" data-attachment-id=\"9686\" data-permalink=\"https:\/\/stefan-taege.de\/kasia\/2017\/09\/10\/schloss-sayn-und-die-schmetterlinge\/samsung-csc-831\/\" data-orig-file=\"https:\/\/i0.wp.com\/stefan-taege.de\/kasia\/wp-content\/uploads\/2017\/06\/SAM0249.jpg?fit=5472%2C3648&amp;ssl=1\" data-orig-size=\"5472,3648\" data-comments-opened=\"1\" data-image-title=\"SAMSUNG CSC\" data-image-description=\"\" data-image-caption=\"&lt;p&gt;SAMSUNG CSC&lt;\/p&gt;\n\" data-large-file=\"https:\/\/i0.wp.com\/stefan-taege.de\/kasia\/wp-content\/uploads\/2017\/06\/SAM0249.jpg?fit=1020%2C680&amp;ssl=1\" class=\"alignnone wp-image-9686 size-full\" src=\"https:\/\/i0.wp.com\/stefan-taege.de\/kasia\/wp-content\/uploads\/2017\/06\/SAM0249.jpg?resize=1020%2C680&#038;ssl=1\" alt=\"\" width=\"1020\" height=\"680\" srcset=\"https:\/\/i0.wp.com\/stefan-taege.de\/kasia\/wp-content\/uploads\/2017\/06\/SAM0249.jpg?w=5472&amp;ssl=1 5472w, https:\/\/i0.wp.com\/stefan-taege.de\/kasia\/wp-content\/uploads\/2017\/06\/SAM0249.jpg?resize=300%2C200&amp;ssl=1 300w, https:\/\/i0.wp.com\/stefan-taege.de\/kasia\/wp-content\/uploads\/2017\/06\/SAM0249.jpg?resize=768%2C512&amp;ssl=1 768w, https:\/\/i0.wp.com\/stefan-taege.de\/kasia\/wp-content\/uploads\/2017\/06\/SAM0249.jpg?resize=1024%2C683&amp;ssl=1 1024w, https:\/\/i0.wp.com\/stefan-taege.de\/kasia\/wp-content\/uploads\/2017\/06\/SAM0249.jpg?w=2040&amp;ssl=1 2040w, https:\/\/i0.wp.com\/stefan-taege.de\/kasia\/wp-content\/uploads\/2017\/06\/SAM0249.jpg?w=3060&amp;ssl=1 3060w\" sizes=\"auto, (max-width: 1020px) 100vw, 1020px\" \/><\/p>\n<p>Die Sehensw\u00fcrdigkeit entdecke ich eher per Zufall, als ich im Raum Koblenz unterwegs bin &#8211; der Ort Sayn liegt etwa 20 km weiter n\u00f6rdlich. Bereits auf der Autobahn begegnet mir eines dieser braunen Sehensw\u00fcrdigkeiten-Schilder, welches das Schloss anpreist.<\/p>\n<p>Also biege ich ab, suche und finde den Schlossgarten. Davor &#8211; auf gef\u00fchlt jeder Hauswand &#8211; bunte Schmetterlinge.<\/p>\n<p>Vom Schlossgarten aus gesehen hat man einen Blick auf das oben gelegene Schloss Sayn, welches mit seiner zierlichen Fassade wie das kleine Wunschschloss einer Feenk\u00f6nigin wirkt. Ja, es war wohl die Kombination aus Schloss und Schmetterlingsgarten, die dieses Ziel so reizvoll f\u00fcr mich machte.<\/p>\n<p><img data-recalc-dims=\"1\" loading=\"lazy\" decoding=\"async\" data-attachment-id=\"9687\" data-permalink=\"https:\/\/stefan-taege.de\/kasia\/2017\/09\/10\/schloss-sayn-und-die-schmetterlinge\/dscf3295\/\" data-orig-file=\"https:\/\/i0.wp.com\/stefan-taege.de\/kasia\/wp-content\/uploads\/2017\/06\/DSCF3295.jpg?fit=4000%2C3000&amp;ssl=1\" data-orig-size=\"4000,3000\" data-comments-opened=\"1\" data-image-title=\"DSCF3295\" data-image-description=\"\" data-image-caption=\"\" data-large-file=\"https:\/\/i0.wp.com\/stefan-taege.de\/kasia\/wp-content\/uploads\/2017\/06\/DSCF3295.jpg?fit=1020%2C765&amp;ssl=1\" class=\"alignnone wp-image-9687 size-full\" src=\"https:\/\/i0.wp.com\/stefan-taege.de\/kasia\/wp-content\/uploads\/2017\/06\/DSCF3295.jpg?resize=1020%2C765&#038;ssl=1\" alt=\"\" width=\"1020\" height=\"765\" srcset=\"https:\/\/i0.wp.com\/stefan-taege.de\/kasia\/wp-content\/uploads\/2017\/06\/DSCF3295.jpg?w=4000&amp;ssl=1 4000w, https:\/\/i0.wp.com\/stefan-taege.de\/kasia\/wp-content\/uploads\/2017\/06\/DSCF3295.jpg?resize=300%2C225&amp;ssl=1 300w, https:\/\/i0.wp.com\/stefan-taege.de\/kasia\/wp-content\/uploads\/2017\/06\/DSCF3295.jpg?resize=768%2C576&amp;ssl=1 768w, https:\/\/i0.wp.com\/stefan-taege.de\/kasia\/wp-content\/uploads\/2017\/06\/DSCF3295.jpg?resize=1024%2C768&amp;ssl=1 1024w, https:\/\/i0.wp.com\/stefan-taege.de\/kasia\/wp-content\/uploads\/2017\/06\/DSCF3295.jpg?w=2040&amp;ssl=1 2040w, https:\/\/i0.wp.com\/stefan-taege.de\/kasia\/wp-content\/uploads\/2017\/06\/DSCF3295.jpg?w=3060&amp;ssl=1 3060w\" sizes=\"auto, (max-width: 1020px) 100vw, 1020px\" \/><\/p>\n<p><img data-recalc-dims=\"1\" loading=\"lazy\" decoding=\"async\" data-attachment-id=\"9711\" data-permalink=\"https:\/\/stefan-taege.de\/kasia\/2017\/09\/10\/schloss-sayn-und-die-schmetterlinge\/samsung-csc-832\/\" data-orig-file=\"https:\/\/i0.wp.com\/stefan-taege.de\/kasia\/wp-content\/uploads\/2017\/09\/SAM0244.jpg?fit=5472%2C3648&amp;ssl=1\" data-orig-size=\"5472,3648\" data-comments-opened=\"1\" data-image-title=\"SAMSUNG CSC\" data-image-description=\"\" data-image-caption=\"\" data-large-file=\"https:\/\/i0.wp.com\/stefan-taege.de\/kasia\/wp-content\/uploads\/2017\/09\/SAM0244.jpg?fit=1020%2C680&amp;ssl=1\" class=\"alignnone wp-image-9711 size-full\" src=\"https:\/\/i0.wp.com\/stefan-taege.de\/kasia\/wp-content\/uploads\/2017\/09\/SAM0244.jpg?resize=1020%2C680&#038;ssl=1\" alt=\"\" width=\"1020\" height=\"680\" srcset=\"https:\/\/i0.wp.com\/stefan-taege.de\/kasia\/wp-content\/uploads\/2017\/09\/SAM0244.jpg?w=5472&amp;ssl=1 5472w, https:\/\/i0.wp.com\/stefan-taege.de\/kasia\/wp-content\/uploads\/2017\/09\/SAM0244.jpg?resize=300%2C200&amp;ssl=1 300w, https:\/\/i0.wp.com\/stefan-taege.de\/kasia\/wp-content\/uploads\/2017\/09\/SAM0244.jpg?resize=768%2C512&amp;ssl=1 768w, https:\/\/i0.wp.com\/stefan-taege.de\/kasia\/wp-content\/uploads\/2017\/09\/SAM0244.jpg?resize=1024%2C683&amp;ssl=1 1024w, https:\/\/i0.wp.com\/stefan-taege.de\/kasia\/wp-content\/uploads\/2017\/09\/SAM0244.jpg?w=2040&amp;ssl=1 2040w, https:\/\/i0.wp.com\/stefan-taege.de\/kasia\/wp-content\/uploads\/2017\/09\/SAM0244.jpg?w=3060&amp;ssl=1 3060w\" sizes=\"auto, (max-width: 1020px) 100vw, 1020px\" \/><\/p>\n<p><img data-recalc-dims=\"1\" loading=\"lazy\" decoding=\"async\" data-attachment-id=\"9712\" data-permalink=\"https:\/\/stefan-taege.de\/kasia\/2017\/09\/10\/schloss-sayn-und-die-schmetterlinge\/dscf3428\/\" data-orig-file=\"https:\/\/i0.wp.com\/stefan-taege.de\/kasia\/wp-content\/uploads\/2017\/09\/DSCF3428.jpg?fit=4000%2C3000&amp;ssl=1\" data-orig-size=\"4000,3000\" data-comments-opened=\"1\" data-image-title=\"DSCF3428\" data-image-description=\"\" data-image-caption=\"\" data-large-file=\"https:\/\/i0.wp.com\/stefan-taege.de\/kasia\/wp-content\/uploads\/2017\/09\/DSCF3428.jpg?fit=1020%2C765&amp;ssl=1\" class=\"alignnone wp-image-9712 size-full\" src=\"https:\/\/i0.wp.com\/stefan-taege.de\/kasia\/wp-content\/uploads\/2017\/09\/DSCF3428.jpg?resize=1020%2C765&#038;ssl=1\" alt=\"\" width=\"1020\" height=\"765\" srcset=\"https:\/\/i0.wp.com\/stefan-taege.de\/kasia\/wp-content\/uploads\/2017\/09\/DSCF3428.jpg?w=4000&amp;ssl=1 4000w, https:\/\/i0.wp.com\/stefan-taege.de\/kasia\/wp-content\/uploads\/2017\/09\/DSCF3428.jpg?resize=300%2C225&amp;ssl=1 300w, https:\/\/i0.wp.com\/stefan-taege.de\/kasia\/wp-content\/uploads\/2017\/09\/DSCF3428.jpg?resize=768%2C576&amp;ssl=1 768w, https:\/\/i0.wp.com\/stefan-taege.de\/kasia\/wp-content\/uploads\/2017\/09\/DSCF3428.jpg?resize=1024%2C768&amp;ssl=1 1024w, https:\/\/i0.wp.com\/stefan-taege.de\/kasia\/wp-content\/uploads\/2017\/09\/DSCF3428.jpg?w=2040&amp;ssl=1 2040w, https:\/\/i0.wp.com\/stefan-taege.de\/kasia\/wp-content\/uploads\/2017\/09\/DSCF3428.jpg?w=3060&amp;ssl=1 3060w\" sizes=\"auto, (max-width: 1020px) 100vw, 1020px\" \/><\/p>\n<p>Der Schmetterlings-Pavillon liegt innerhalb des Schlossgartens und hat in Mai von 9 bis 18 Uhr ge\u00f6ffnet. Die bunten Schmetterlingsarten aus aller Welt wurden von F\u00fcrst Alexander und F\u00fcrstin Gabriela zu Sayn-Wittgenstein-Sayn, den Gr\u00fcndern des Schmetterlingshauses 1987, im Laufe der Jahre gesammelt und eingef\u00fchrt. Doch nicht nur fragile, gefl\u00fcgelte Insekten begegnen einem innerhalb der verglasten W\u00e4nde, auch andere Tiere wie Schildkr\u00f6ten, Koi-Karpfen und kleine, blaue Zwergwachteln, deren K\u00fcken so winzig wie Hummeln sind, wuseln im Wasser beziehungsweise zwischen den F\u00fc\u00dfen der Besucher herum und man muss h\u00f6llisch aufpassen, um nicht irgend eines davon zu zertreten.<\/p>\n<p>Wir machen leider den Fehler, an einem sonnigen\u00a0Sonntagnachmittag den Schlossgarten zu besuchen &#8211; viele andere Menschen haben dieselbe Idee. Sogar ein Reisebus aus Holland ist extra angereist. So wandere ich mit unz\u00e4hligen anderen Menschen zwischen der exotischen Pflanzenwelt der k\u00fcnstlichen Tropen umher, an Orangen- und Bananenscheibchen vorbei, an denen die bunten Wesen ihre Fl\u00fcgel sonnen. Ich sehe, wie manche Besucher die Schmetterlinge auf ihre Hand klettern lassen und frage mich, wie sie das hinbekommen. Und die gro\u00dfen, blauen Schmetterlinge? &#8222;Die blauen sind so unnahbar.&#8220; H\u00f6re ich ein M\u00e4dchen zu ihrer Freundin sagen. &#8222;Man sieht sie nur im Flug.&#8220; Ja, nicht ganz, meine Dame; denn die blauen Schmetterlinge sehen unscheinbar borkenbraun aus, w\u00e4hrend sie massenweise mit geschlossenen Fl\u00fcgeln die Orangenschalen belagern.<\/p>\n<p><img data-recalc-dims=\"1\" loading=\"lazy\" decoding=\"async\" data-attachment-id=\"9715\" data-permalink=\"https:\/\/stefan-taege.de\/kasia\/2017\/09\/10\/schloss-sayn-und-die-schmetterlinge\/dscf3366\/\" data-orig-file=\"https:\/\/i0.wp.com\/stefan-taege.de\/kasia\/wp-content\/uploads\/2017\/09\/DSCF3366.jpg?fit=4000%2C3000&amp;ssl=1\" data-orig-size=\"4000,3000\" data-comments-opened=\"1\" data-image-title=\"DSCF3366\" data-image-description=\"\" data-image-caption=\"\" data-large-file=\"https:\/\/i0.wp.com\/stefan-taege.de\/kasia\/wp-content\/uploads\/2017\/09\/DSCF3366.jpg?fit=1020%2C765&amp;ssl=1\" class=\"alignnone wp-image-9715 size-full\" src=\"https:\/\/i0.wp.com\/stefan-taege.de\/kasia\/wp-content\/uploads\/2017\/09\/DSCF3366.jpg?resize=1020%2C765&#038;ssl=1\" alt=\"\" width=\"1020\" height=\"765\" srcset=\"https:\/\/i0.wp.com\/stefan-taege.de\/kasia\/wp-content\/uploads\/2017\/09\/DSCF3366.jpg?w=4000&amp;ssl=1 4000w, https:\/\/i0.wp.com\/stefan-taege.de\/kasia\/wp-content\/uploads\/2017\/09\/DSCF3366.jpg?resize=300%2C225&amp;ssl=1 300w, https:\/\/i0.wp.com\/stefan-taege.de\/kasia\/wp-content\/uploads\/2017\/09\/DSCF3366.jpg?resize=768%2C576&amp;ssl=1 768w, https:\/\/i0.wp.com\/stefan-taege.de\/kasia\/wp-content\/uploads\/2017\/09\/DSCF3366.jpg?resize=1024%2C768&amp;ssl=1 1024w, https:\/\/i0.wp.com\/stefan-taege.de\/kasia\/wp-content\/uploads\/2017\/09\/DSCF3366.jpg?w=2040&amp;ssl=1 2040w, https:\/\/i0.wp.com\/stefan-taege.de\/kasia\/wp-content\/uploads\/2017\/09\/DSCF3366.jpg?w=3060&amp;ssl=1 3060w\" sizes=\"auto, (max-width: 1020px) 100vw, 1020px\" \/><\/p>\n<p>Irgendwann muss ich passen. Ich setze mich abseits des Trubels auf eine Bank und lasse mich umschwirren. Manchmal taucht eine scheue, runde Flaum-Kugel aus dem Geb\u00fcsch auf und rennt, sich an den W\u00e4nden entlang stehlend, schnellstm\u00f6glich ins n\u00e4chste Geb\u00fcsch &#8211; die putzige Zwergwachtel. Schildkr\u00f6ten haben da weit weniger Bedenken; betont langsam kriechen sie aus ihren Gew\u00e4ssern und spazieren gleichm\u00fctig zwischen den F\u00fc\u00dfen der belustigten Menschen hindurch.<\/p>\n<p>Der Schlossgarten hat viele schattige Pl\u00e4tzchen, an welchen man sich niederlassen und ausruhen kann. Schon am Eingang sehe ich es in der Luft flattern und glaube beinahe, einige der gefl\u00fcgelten Wesen seien aus dem Pavillon entkommen. Ein Mann sitzt am Wasser und l\u00e4sst sein ferngesteuertes Spielzeugboot \u00fcber den Teich gleiten. Stefan f\u00fchlt sich davon magisch angezogen wie eine Katze von einem Wollkn\u00e4uel.<br \/>\n&#8222;Ich bleibe hier und schaue dem Boot zu.&#8220; Sagt er und schon\u00a0nimmt er auf einer Bank im Schatten eines gro\u00dfen Baumes Platz.<\/p>\n<p><img data-recalc-dims=\"1\" loading=\"lazy\" decoding=\"async\" data-attachment-id=\"9689\" data-permalink=\"https:\/\/stefan-taege.de\/kasia\/2017\/09\/10\/schloss-sayn-und-die-schmetterlinge\/dscf3316\/\" data-orig-file=\"https:\/\/i0.wp.com\/stefan-taege.de\/kasia\/wp-content\/uploads\/2017\/06\/DSCF3316.jpg?fit=4000%2C3000&amp;ssl=1\" data-orig-size=\"4000,3000\" data-comments-opened=\"1\" data-image-title=\"DSCF3316\" data-image-description=\"\" data-image-caption=\"\" data-large-file=\"https:\/\/i0.wp.com\/stefan-taege.de\/kasia\/wp-content\/uploads\/2017\/06\/DSCF3316.jpg?fit=1020%2C765&amp;ssl=1\" class=\"alignnone wp-image-9689 size-full\" src=\"https:\/\/i0.wp.com\/stefan-taege.de\/kasia\/wp-content\/uploads\/2017\/06\/DSCF3316.jpg?resize=1020%2C765&#038;ssl=1\" alt=\"\" width=\"1020\" height=\"765\" srcset=\"https:\/\/i0.wp.com\/stefan-taege.de\/kasia\/wp-content\/uploads\/2017\/06\/DSCF3316.jpg?w=4000&amp;ssl=1 4000w, https:\/\/i0.wp.com\/stefan-taege.de\/kasia\/wp-content\/uploads\/2017\/06\/DSCF3316.jpg?resize=300%2C225&amp;ssl=1 300w, https:\/\/i0.wp.com\/stefan-taege.de\/kasia\/wp-content\/uploads\/2017\/06\/DSCF3316.jpg?resize=768%2C576&amp;ssl=1 768w, https:\/\/i0.wp.com\/stefan-taege.de\/kasia\/wp-content\/uploads\/2017\/06\/DSCF3316.jpg?resize=1024%2C768&amp;ssl=1 1024w, https:\/\/i0.wp.com\/stefan-taege.de\/kasia\/wp-content\/uploads\/2017\/06\/DSCF3316.jpg?w=2040&amp;ssl=1 2040w, https:\/\/i0.wp.com\/stefan-taege.de\/kasia\/wp-content\/uploads\/2017\/06\/DSCF3316.jpg?w=3060&amp;ssl=1 3060w\" sizes=\"auto, (max-width: 1020px) 100vw, 1020px\" \/><\/p>\n<p>Ich umrunde einmal den Teich und schleiche mich an einer Gruppe heranwachsender Entenk\u00fcken vorbei, deren Eltern energisch in meine Richtung gackern.<\/p>\n<p>Auf der anderen Seite des Teiches stehend gewinnt man schnell den Eindruck, als beuge sich das kleine Schloss \u00fcber der Wasseroberfl\u00e4che. Dabei ist es nicht einmal genau am Wasser gelegen. Oberhalb des Schloss Sayn steht die Ruine der Burg Sayn. Das Schloss entstand bereits im 14 Jahrhundert als mittelalterliches Burghaus, erhielt jedoch erst\u00a01848 seine jetzige, neugotische Form. Die architektonischen Elemente aus Eisen wurden seinerzeit in der Sayener H\u00fctte gegossen. Und ja, ich muss gestehen, etwas m\u00e4rchenhaft zerbrechliches haftet dem kleinen Schloss an &#8211; eine Leichtigkeit und Sch\u00f6nheit, passend zu den Schmetterlingen.<\/p>\n<p>Im Schmetterlingsgarten wandere ich alleine, Stefans Bedarf nach Schmetterlingen wurde bereits letztes Jahr auf <a href=\"https:\/\/stefan-taege.de\/kasia\/2016\/05\/18\/wie-alice-in-wunderland\/#more-465\" target=\"_blank\" rel=\"noopener noreferrer\">Aruba<\/a> zureichend gedeckt; geduldig wartet er drau\u00dfen auf einer Bank auf mich, bis ich mit meiner Begehung fertig bin. Nach circa einer Stunde lasse ich den Pavillon hinter mir. Vielleicht sehen mich die Schmetterlinge ja wieder &#8211; dann jedoch an einem ruhigen Tag unter der Woche, zu einer Zeit, in der ich alleine das kleine Reich\u00a0durchwandern kann. Denn die Sehensw\u00fcrdigkeit hat sich herumgesprochen &#8211; weit \u00fcber unsere Landesgrenzen hinaus.<\/p>\n<p><img data-recalc-dims=\"1\" loading=\"lazy\" decoding=\"async\" data-attachment-id=\"9691\" data-permalink=\"https:\/\/stefan-taege.de\/kasia\/2017\/09\/10\/schloss-sayn-und-die-schmetterlinge\/dscf3342\/\" data-orig-file=\"https:\/\/i0.wp.com\/stefan-taege.de\/kasia\/wp-content\/uploads\/2017\/06\/DSCF3342.jpg?fit=4000%2C3000&amp;ssl=1\" data-orig-size=\"4000,3000\" data-comments-opened=\"1\" data-image-title=\"DSCF3342\" data-image-description=\"\" data-image-caption=\"\" data-large-file=\"https:\/\/i0.wp.com\/stefan-taege.de\/kasia\/wp-content\/uploads\/2017\/06\/DSCF3342.jpg?fit=1020%2C765&amp;ssl=1\" class=\"alignnone wp-image-9691 size-full\" src=\"https:\/\/i0.wp.com\/stefan-taege.de\/kasia\/wp-content\/uploads\/2017\/06\/DSCF3342.jpg?resize=1020%2C765&#038;ssl=1\" alt=\"\" width=\"1020\" height=\"765\" srcset=\"https:\/\/i0.wp.com\/stefan-taege.de\/kasia\/wp-content\/uploads\/2017\/06\/DSCF3342.jpg?w=4000&amp;ssl=1 4000w, https:\/\/i0.wp.com\/stefan-taege.de\/kasia\/wp-content\/uploads\/2017\/06\/DSCF3342.jpg?resize=300%2C225&amp;ssl=1 300w, https:\/\/i0.wp.com\/stefan-taege.de\/kasia\/wp-content\/uploads\/2017\/06\/DSCF3342.jpg?resize=768%2C576&amp;ssl=1 768w, https:\/\/i0.wp.com\/stefan-taege.de\/kasia\/wp-content\/uploads\/2017\/06\/DSCF3342.jpg?resize=1024%2C768&amp;ssl=1 1024w, https:\/\/i0.wp.com\/stefan-taege.de\/kasia\/wp-content\/uploads\/2017\/06\/DSCF3342.jpg?w=2040&amp;ssl=1 2040w, https:\/\/i0.wp.com\/stefan-taege.de\/kasia\/wp-content\/uploads\/2017\/06\/DSCF3342.jpg?w=3060&amp;ssl=1 3060w\" sizes=\"auto, (max-width: 1020px) 100vw, 1020px\" \/><\/p>\n<p><img data-recalc-dims=\"1\" loading=\"lazy\" decoding=\"async\" data-attachment-id=\"9692\" data-permalink=\"https:\/\/stefan-taege.de\/kasia\/2017\/09\/10\/schloss-sayn-und-die-schmetterlinge\/dscf3350\/\" data-orig-file=\"https:\/\/i0.wp.com\/stefan-taege.de\/kasia\/wp-content\/uploads\/2017\/06\/DSCF3350.jpg?fit=4000%2C3000&amp;ssl=1\" data-orig-size=\"4000,3000\" data-comments-opened=\"1\" data-image-title=\"DSCF3350\" data-image-description=\"\" data-image-caption=\"\" data-large-file=\"https:\/\/i0.wp.com\/stefan-taege.de\/kasia\/wp-content\/uploads\/2017\/06\/DSCF3350.jpg?fit=1020%2C765&amp;ssl=1\" class=\"alignnone wp-image-9692 size-full\" src=\"https:\/\/i0.wp.com\/stefan-taege.de\/kasia\/wp-content\/uploads\/2017\/06\/DSCF3350.jpg?resize=1020%2C765&#038;ssl=1\" alt=\"\" width=\"1020\" height=\"765\" srcset=\"https:\/\/i0.wp.com\/stefan-taege.de\/kasia\/wp-content\/uploads\/2017\/06\/DSCF3350.jpg?w=4000&amp;ssl=1 4000w, https:\/\/i0.wp.com\/stefan-taege.de\/kasia\/wp-content\/uploads\/2017\/06\/DSCF3350.jpg?resize=300%2C225&amp;ssl=1 300w, https:\/\/i0.wp.com\/stefan-taege.de\/kasia\/wp-content\/uploads\/2017\/06\/DSCF3350.jpg?resize=768%2C576&amp;ssl=1 768w, https:\/\/i0.wp.com\/stefan-taege.de\/kasia\/wp-content\/uploads\/2017\/06\/DSCF3350.jpg?resize=1024%2C768&amp;ssl=1 1024w, https:\/\/i0.wp.com\/stefan-taege.de\/kasia\/wp-content\/uploads\/2017\/06\/DSCF3350.jpg?w=2040&amp;ssl=1 2040w, https:\/\/i0.wp.com\/stefan-taege.de\/kasia\/wp-content\/uploads\/2017\/06\/DSCF3350.jpg?w=3060&amp;ssl=1 3060w\" sizes=\"auto, (max-width: 1020px) 100vw, 1020px\" \/><\/p>\n<p><img data-recalc-dims=\"1\" loading=\"lazy\" decoding=\"async\" data-attachment-id=\"9693\" data-permalink=\"https:\/\/stefan-taege.de\/kasia\/2017\/09\/10\/schloss-sayn-und-die-schmetterlinge\/dscf3421-3\/\" data-orig-file=\"https:\/\/i0.wp.com\/stefan-taege.de\/kasia\/wp-content\/uploads\/2017\/06\/DSCF3421.jpg?fit=4000%2C3000&amp;ssl=1\" data-orig-size=\"4000,3000\" data-comments-opened=\"1\" data-image-title=\"DSCF3421\" data-image-description=\"\" data-image-caption=\"\" data-large-file=\"https:\/\/i0.wp.com\/stefan-taege.de\/kasia\/wp-content\/uploads\/2017\/06\/DSCF3421.jpg?fit=1020%2C765&amp;ssl=1\" class=\"alignnone wp-image-9693 size-full\" src=\"https:\/\/i0.wp.com\/stefan-taege.de\/kasia\/wp-content\/uploads\/2017\/06\/DSCF3421.jpg?resize=1020%2C765&#038;ssl=1\" alt=\"\" width=\"1020\" height=\"765\" srcset=\"https:\/\/i0.wp.com\/stefan-taege.de\/kasia\/wp-content\/uploads\/2017\/06\/DSCF3421.jpg?w=4000&amp;ssl=1 4000w, https:\/\/i0.wp.com\/stefan-taege.de\/kasia\/wp-content\/uploads\/2017\/06\/DSCF3421.jpg?resize=300%2C225&amp;ssl=1 300w, https:\/\/i0.wp.com\/stefan-taege.de\/kasia\/wp-content\/uploads\/2017\/06\/DSCF3421.jpg?resize=768%2C576&amp;ssl=1 768w, https:\/\/i0.wp.com\/stefan-taege.de\/kasia\/wp-content\/uploads\/2017\/06\/DSCF3421.jpg?resize=1024%2C768&amp;ssl=1 1024w, https:\/\/i0.wp.com\/stefan-taege.de\/kasia\/wp-content\/uploads\/2017\/06\/DSCF3421.jpg?w=2040&amp;ssl=1 2040w, https:\/\/i0.wp.com\/stefan-taege.de\/kasia\/wp-content\/uploads\/2017\/06\/DSCF3421.jpg?w=3060&amp;ssl=1 3060w\" sizes=\"auto, (max-width: 1020px) 100vw, 1020px\" \/><\/p>\n<div class=\"shariff shariff-align-left shariff-widget-align-left\" data-services=\"facebook%7Cpinterest%7Ctumblr\" data-url=\"https:\/\/stefan-taege.de\/kasia\/2017\/09\/10\/schloss-sayn-und-die-schmetterlinge\/\" data-timestamp=\"1691008110\" data-backendurl=\"https:\/\/stefan-taege.de\/kasia\/wp-json\/shariff\/v1\/share_counts?\"><ul class=\"shariff-buttons theme-round orientation-horizontal buttonsize-medium\"><li class=\"shariff-button twitter shariff-nocustomcolor\" style=\"background-color:#595959\"><a href=\"https:\/\/twitter.com\/share?url=https%3A%2F%2Fstefan-taege.de%2Fkasia%2F2017%2F09%2F10%2Fschloss-sayn-und-die-schmetterlinge%2F&text=Schloss%20Sayn%20und%20die%20Schmetterlinge\" title=\"Bei X teilen\" aria-label=\"Bei X teilen\" role=\"button\" rel=\"noopener nofollow\" class=\"shariff-link\" style=\"; background-color:#000; color:#fff\" target=\"_blank\"><span class=\"shariff-icon\" style=\"\"><svg width=\"32px\" height=\"20px\" xmlns=\"http:\/\/www.w3.org\/2000\/svg\" viewBox=\"0 0 24 24\"><path fill=\"#000\" d=\"M14.258 10.152L23.176 0h-2.113l-7.747 8.813L7.133 0H0l9.352 13.328L0 23.973h2.113l8.176-9.309 6.531 9.309h7.133zm-2.895 3.293l-.949-1.328L2.875 1.56h3.246l6.086 8.523.945 1.328 7.91 11.078h-3.246zm0 0\"\/><\/svg><\/span><\/a><\/li><li class=\"shariff-button facebook shariff-nocustomcolor\" style=\"background-color:#4273c8\"><a href=\"https:\/\/www.facebook.com\/sharer\/sharer.php?u=https%3A%2F%2Fstefan-taege.de%2Fkasia%2F2017%2F09%2F10%2Fschloss-sayn-und-die-schmetterlinge%2F\" title=\"Bei Facebook teilen\" aria-label=\"Bei Facebook teilen\" role=\"button\" rel=\"nofollow\" class=\"shariff-link\" style=\"; background-color:#3b5998; color:#fff\" target=\"_blank\"><span class=\"shariff-icon\" style=\"\"><svg width=\"32px\" height=\"20px\" xmlns=\"http:\/\/www.w3.org\/2000\/svg\" viewBox=\"0 0 18 32\"><path fill=\"#3b5998\" d=\"M17.1 0.2v4.7h-2.8q-1.5 0-2.1 0.6t-0.5 1.9v3.4h5.2l-0.7 5.3h-4.5v13.6h-5.5v-13.6h-4.5v-5.3h4.5v-3.9q0-3.3 1.9-5.2t5-1.8q2.6 0 4.1 0.2z\"\/><\/svg><\/span><span data-service=\"facebook\" style=\"color:#3b5998\" class=\"shariff-count shariff-hidezero\"><\/span>&nbsp;<\/a><\/li><li class=\"shariff-button pinterest shariff-nocustomcolor\" style=\"background-color:#e70f18\"><a href=\"https:\/\/www.pinterest.com\/pin\/create\/link\/?url=https%3A%2F%2Fstefan-taege.de%2Fkasia%2F2017%2F09%2F10%2Fschloss-sayn-und-die-schmetterlinge%2F&media=https%3A%2F%2Fstefan-taege.de%2Fkasia%2Fwp-content%2Fuploads%2F2017%2F05%2FDSCF3410-e1542988826828.jpg&description=Schloss%20Sayn%20und%20die%20Schmetterlinge\" title=\"Bei Pinterest pinnen\" aria-label=\"Bei Pinterest pinnen\" role=\"button\" rel=\"noopener nofollow\" class=\"shariff-link\" style=\"; background-color:#cb2027; color:#fff\" target=\"_blank\"><span class=\"shariff-icon\" style=\"\"><svg width=\"32px\" height=\"20px\" xmlns=\"http:\/\/www.w3.org\/2000\/svg\" viewBox=\"0 0 27 32\"><path fill=\"#cb2027\" d=\"M27.4 16q0 3.7-1.8 6.9t-5 5-6.9 1.9q-2 0-3.9-0.6 1.1-1.7 1.4-2.9 0.2-0.6 1-3.8 0.4 0.7 1.3 1.2t2 0.5q2.1 0 3.8-1.2t2.7-3.4 0.9-4.8q0-2-1.1-3.8t-3.1-2.9-4.5-1.2q-1.9 0-3.5 0.5t-2.8 1.4-2 2-1.2 2.3-0.4 2.4q0 1.9 0.7 3.3t2.1 2q0.5 0.2 0.7-0.4 0-0.1 0.1-0.5t0.2-0.5q0.1-0.4-0.2-0.8-0.9-1.1-0.9-2.7 0-2.7 1.9-4.6t4.9-2q2.7 0 4.2 1.5t1.5 3.8q0 3-1.2 5.2t-3.1 2.1q-1.1 0-1.7-0.8t-0.4-1.9q0.1-0.6 0.5-1.7t0.5-1.8 0.2-1.4q0-0.9-0.5-1.5t-1.4-0.6q-1.1 0-1.9 1t-0.8 2.6q0 1.3 0.4 2.2l-1.8 7.5q-0.3 1.2-0.2 3.2-3.7-1.6-6-5t-2.3-7.6q0-3.7 1.9-6.9t5-5 6.9-1.9 6.9 1.9 5 5 1.8 6.9z\"\/><\/svg><\/span><span data-service=\"pinterest\" style=\"color:#cb2027\" class=\"shariff-count shariff-hidezero\"><\/span>&nbsp;<\/a><\/li><li class=\"shariff-button tumblr shariff-nocustomcolor\" style=\"background-color:#529ecc\"><a href=\"https:\/\/www.tumblr.com\/widgets\/share\/tool?posttype=link&canonicalUrl=https%3A%2F%2Fstefan-taege.de%2Fkasia%2F2017%2F09%2F10%2Fschloss-sayn-und-die-schmetterlinge%2F&tags=stefan-taege.de\" title=\"Bei tumblr teilen\" aria-label=\"Bei tumblr teilen\" role=\"button\" rel=\"noopener nofollow\" class=\"shariff-link\" style=\"; background-color:#36465d; color:#fff\" target=\"_blank\"><span class=\"shariff-icon\" style=\"\"><svg width=\"32px\" height=\"20px\" xmlns=\"http:\/\/www.w3.org\/2000\/svg\" viewBox=\"0 0 32 32\"><path fill=\"#36465d\" d=\"M18 14l0 7.3c0 1.9 0 2.9 0.2 3.5 0.2 0.5 0.7 1.1 1.2 1.4 0.7 0.4 1.5 0.6 2.4 0.6 1.6 0 2.6-0.2 4.2-1.3v4.8c-1.4 0.6-2.6 1-3.7 1.3-1.1 0.3-2.3 0.4-3.6 0.4-1.5 0-2.3-0.2-3.4-0.6-1.1-0.4-2.1-0.9-2.9-1.6-0.8-0.7-1.3-1.4-1.7-2.2s-0.5-1.9-0.5-3.4v-11.2h-4.3v-4.5c1.3-0.4 2.7-1 3.6-1.8 0.9-0.8 1.6-1.7 2.2-2.7 0.5-1.1 0.9-2.4 1.1-4.1h5.2l0 8h8v6h-8z\"\/><\/svg><\/span><span data-service=\"tumblr\" style=\"color:#36465d\" class=\"shariff-count shariff-hidezero\"><\/span>&nbsp;<\/a><\/li><li class=\"shariff-button xing shariff-nocustomcolor\" style=\"background-color:#29888a\"><a href=\"https:\/\/www.xing.com\/spi\/shares\/new?url=https%3A%2F%2Fstefan-taege.de%2Fkasia%2F2017%2F09%2F10%2Fschloss-sayn-und-die-schmetterlinge%2F\" title=\"Bei XING teilen\" aria-label=\"Bei XING teilen\" role=\"button\" rel=\"noopener nofollow\" class=\"shariff-link\" style=\"; background-color:#126567; color:#fff\" target=\"_blank\"><span class=\"shariff-icon\" style=\"\"><svg width=\"32px\" height=\"20px\" xmlns=\"http:\/\/www.w3.org\/2000\/svg\" viewBox=\"0 0 25 32\"><path fill=\"#126567\" d=\"M10.7 11.9q-0.2 0.3-4.6 8.2-0.5 0.8-1.2 0.8h-4.3q-0.4 0-0.5-0.3t0-0.6l4.5-8q0 0 0 0l-2.9-5q-0.2-0.4 0-0.7 0.2-0.3 0.5-0.3h4.3q0.7 0 1.2 0.8zM25.1 0.4q0.2 0.3 0 0.7l-9.4 16.7 6 11q0.2 0.4 0 0.6-0.2 0.3-0.6 0.3h-4.3q-0.7 0-1.2-0.8l-6-11.1q0.3-0.6 9.5-16.8 0.4-0.8 1.2-0.8h4.3q0.4 0 0.5 0.3z\"\/><\/svg><\/span><\/a><\/li><li class=\"shariff-button rss shariff-nocustomcolor\" style=\"background-color:#ff8c00\"><a href=\"https:\/\/stefan-taege.de\/kasia\/feed\/rss\/\" title=\"RSS-feed\" aria-label=\"RSS-feed\" role=\"button\" class=\"shariff-link\" style=\"; background-color:#fe9312; color:#fff\" target=\"_blank\"><span class=\"shariff-icon\" style=\"\"><svg width=\"32px\" height=\"20px\" xmlns=\"http:\/\/www.w3.org\/2000\/svg\" viewBox=\"0 0 32 32\"><path fill=\"#fe9312\" d=\"M4.3 23.5c-2.3 0-4.3 1.9-4.3 4.3 0 2.3 1.9 4.2 4.3 4.2 2.4 0 4.3-1.9 4.3-4.2 0-2.3-1.9-4.3-4.3-4.3zM0 10.9v6.1c4 0 7.7 1.6 10.6 4.4 2.8 2.8 4.4 6.6 4.4 10.6h6.2c0-11.7-9.5-21.1-21.1-21.1zM0 0v6.1c14.2 0 25.8 11.6 25.8 25.9h6.2c0-17.6-14.4-32-32-32z\"\/><\/svg><\/span><\/a><\/li><li class=\"shariff-button linkedin shariff-nocustomcolor\" style=\"background-color:#1488bf\"><a href=\"https:\/\/www.linkedin.com\/sharing\/share-offsite\/?url=https%3A%2F%2Fstefan-taege.de%2Fkasia%2F2017%2F09%2F10%2Fschloss-sayn-und-die-schmetterlinge%2F\" title=\"Bei LinkedIn teilen\" aria-label=\"Bei LinkedIn teilen\" role=\"button\" rel=\"noopener nofollow\" class=\"shariff-link\" style=\"; background-color:#0077b5; color:#fff\" target=\"_blank\"><span class=\"shariff-icon\" style=\"\"><svg width=\"32px\" height=\"20px\" xmlns=\"http:\/\/www.w3.org\/2000\/svg\" viewBox=\"0 0 27 32\"><path fill=\"#0077b5\" d=\"M6.2 11.2v17.7h-5.9v-17.7h5.9zM6.6 5.7q0 1.3-0.9 2.2t-2.4 0.9h0q-1.5 0-2.4-0.9t-0.9-2.2 0.9-2.2 2.4-0.9 2.4 0.9 0.9 2.2zM27.4 18.7v10.1h-5.9v-9.5q0-1.9-0.7-2.9t-2.3-1.1q-1.1 0-1.9 0.6t-1.2 1.5q-0.2 0.5-0.2 1.4v9.9h-5.9q0-7.1 0-11.6t0-5.3l0-0.9h5.9v2.6h0q0.4-0.6 0.7-1t1-0.9 1.6-0.8 2-0.3q3 0 4.9 2t1.9 6z\"\/><\/svg><\/span><\/a><\/li><\/ul><\/div>","protected":false},"excerpt":{"rendered":"<p>Sie begegnen einem \u00fcberall, sobald man den Ort betritt; Schmetterlinge schm\u00fccken die Mauern und flattern uns von Hausw\u00e4nden entgegen. Ja, &hellip; <\/p>\n","protected":false},"author":1,"featured_media":9685,"comment_status":"open","ping_status":"open","sticky":false,"template":"","format":"standard","meta":{"_jetpack_newsletter_access":"","_jetpack_dont_email_post_to_subs":false,"_jetpack_newsletter_tier_id":0,"_jetpack_memberships_contains_paywalled_content":false,"_jetpack_feature_clip_id":0,"_jetpack_memberships_contains_paid_content":false,"footnotes":"","jetpack_post_was_ever_published":false},"categories":[880,1292],"tags":[1502,1545,1546],"class_list":["post-9571","post","type-post","status-publish","format-standard","has-post-thumbnail","hentry","category-deutschland","category-europa","tag-bendorf","tag-schloss-sayn","tag-schmetterlinge"],"yoast_head":"<!-- This site is optimized with the Yoast SEO plugin v27.9 - https:\/\/yoast.com\/product\/yoast-seo-wordpress\/ -->\n<title>Schloss Sayn und die Schmetterlinge - windrose.rocks<\/title>\n<meta name=\"description\" content=\"Schloss Sayn: Sie begegnen einem \u00fcberall, sobald man den Ort betritt; Schmetterlinge schm\u00fccken die Mauern und flattern uns von Hausw\u00e4nden entgegen. Ja, die Stadt Sayn wei\u00df um die werbekr\u00e4ftige Wirkung der farbenfrohen Wesen - und auch wir haben uns vom Schlossgarten einfangen lassen.\" \/>\n<meta name=\"robots\" content=\"index, follow, max-snippet:-1, max-image-preview:large, max-video-preview:-1\" \/>\n<link rel=\"canonical\" href=\"https:\/\/stefan-taege.de\/kasia\/2017\/09\/10\/schloss-sayn-und-die-schmetterlinge\/\" \/>\n<meta name=\"twitter:label1\" content=\"Verfasst von\" \/>\n\t<meta name=\"twitter:data1\" content=\"Kasia\" \/>\n\t<meta name=\"twitter:label2\" content=\"Gesch\u00e4tzte Lesezeit\" \/>\n\t<meta name=\"twitter:data2\" content=\"6\u00a0Minuten\" \/>\n<script type=\"application\/ld+json\" class=\"yoast-schema-graph\">{\"@context\":\"https:\\\/\\\/schema.org\",\"@graph\":[{\"@type\":\"Article\",\"@id\":\"https:\\\/\\\/stefan-taege.de\\\/kasia\\\/2017\\\/09\\\/10\\\/schloss-sayn-und-die-schmetterlinge\\\/#article\",\"isPartOf\":{\"@id\":\"https:\\\/\\\/stefan-taege.de\\\/kasia\\\/2017\\\/09\\\/10\\\/schloss-sayn-und-die-schmetterlinge\\\/\"},\"author\":{\"name\":\"Kasia\",\"@id\":\"https:\\\/\\\/stefan-taege.de\\\/kasia\\\/#\\\/schema\\\/person\\\/873b01562fbd03e9caa51512b2cb800f\"},\"headline\":\"Schloss Sayn und die Schmetterlinge\",\"datePublished\":\"2017-09-10T03:00:46+00:00\",\"dateModified\":\"2023-08-02T18:28:30+00:00\",\"mainEntityOfPage\":{\"@id\":\"https:\\\/\\\/stefan-taege.de\\\/kasia\\\/2017\\\/09\\\/10\\\/schloss-sayn-und-die-schmetterlinge\\\/\"},\"wordCount\":753,\"commentCount\":0,\"image\":{\"@id\":\"https:\\\/\\\/stefan-taege.de\\\/kasia\\\/2017\\\/09\\\/10\\\/schloss-sayn-und-die-schmetterlinge\\\/#primaryimage\"},\"thumbnailUrl\":\"https:\\\/\\\/i0.wp.com\\\/stefan-taege.de\\\/kasia\\\/wp-content\\\/uploads\\\/2017\\\/05\\\/DSCF3410-e1542988826828.jpg?fit=4000%2C2310&ssl=1\",\"keywords\":[\"Bendorf\",\"Schloss Sayn\",\"Schmetterlinge\"],\"articleSection\":[\"Deutschland\",\"Europa\"],\"inLanguage\":\"de\",\"potentialAction\":[{\"@type\":\"CommentAction\",\"name\":\"Comment\",\"target\":[\"https:\\\/\\\/stefan-taege.de\\\/kasia\\\/2017\\\/09\\\/10\\\/schloss-sayn-und-die-schmetterlinge\\\/#respond\"]}]},{\"@type\":\"WebPage\",\"@id\":\"https:\\\/\\\/stefan-taege.de\\\/kasia\\\/2017\\\/09\\\/10\\\/schloss-sayn-und-die-schmetterlinge\\\/\",\"url\":\"https:\\\/\\\/stefan-taege.de\\\/kasia\\\/2017\\\/09\\\/10\\\/schloss-sayn-und-die-schmetterlinge\\\/\",\"name\":\"Schloss Sayn und die Schmetterlinge - windrose.rocks\",\"isPartOf\":{\"@id\":\"https:\\\/\\\/stefan-taege.de\\\/kasia\\\/#website\"},\"primaryImageOfPage\":{\"@id\":\"https:\\\/\\\/stefan-taege.de\\\/kasia\\\/2017\\\/09\\\/10\\\/schloss-sayn-und-die-schmetterlinge\\\/#primaryimage\"},\"image\":{\"@id\":\"https:\\\/\\\/stefan-taege.de\\\/kasia\\\/2017\\\/09\\\/10\\\/schloss-sayn-und-die-schmetterlinge\\\/#primaryimage\"},\"thumbnailUrl\":\"https:\\\/\\\/i0.wp.com\\\/stefan-taege.de\\\/kasia\\\/wp-content\\\/uploads\\\/2017\\\/05\\\/DSCF3410-e1542988826828.jpg?fit=4000%2C2310&ssl=1\",\"datePublished\":\"2017-09-10T03:00:46+00:00\",\"dateModified\":\"2023-08-02T18:28:30+00:00\",\"author\":{\"@id\":\"https:\\\/\\\/stefan-taege.de\\\/kasia\\\/#\\\/schema\\\/person\\\/873b01562fbd03e9caa51512b2cb800f\"},\"description\":\"Schloss Sayn: Sie begegnen einem \u00fcberall, sobald man den Ort betritt; Schmetterlinge schm\u00fccken die Mauern und flattern uns von Hausw\u00e4nden entgegen. Ja, die Stadt Sayn wei\u00df um die werbekr\u00e4ftige Wirkung der farbenfrohen Wesen - und auch wir haben uns vom Schlossgarten einfangen lassen.\",\"breadcrumb\":{\"@id\":\"https:\\\/\\\/stefan-taege.de\\\/kasia\\\/2017\\\/09\\\/10\\\/schloss-sayn-und-die-schmetterlinge\\\/#breadcrumb\"},\"inLanguage\":\"de\",\"potentialAction\":[{\"@type\":\"ReadAction\",\"target\":[\"https:\\\/\\\/stefan-taege.de\\\/kasia\\\/2017\\\/09\\\/10\\\/schloss-sayn-und-die-schmetterlinge\\\/\"]}]},{\"@type\":\"ImageObject\",\"inLanguage\":\"de\",\"@id\":\"https:\\\/\\\/stefan-taege.de\\\/kasia\\\/2017\\\/09\\\/10\\\/schloss-sayn-und-die-schmetterlinge\\\/#primaryimage\",\"url\":\"https:\\\/\\\/i0.wp.com\\\/stefan-taege.de\\\/kasia\\\/wp-content\\\/uploads\\\/2017\\\/05\\\/DSCF3410-e1542988826828.jpg?fit=4000%2C2310&ssl=1\",\"contentUrl\":\"https:\\\/\\\/i0.wp.com\\\/stefan-taege.de\\\/kasia\\\/wp-content\\\/uploads\\\/2017\\\/05\\\/DSCF3410-e1542988826828.jpg?fit=4000%2C2310&ssl=1\",\"width\":4000,\"height\":2310},{\"@type\":\"BreadcrumbList\",\"@id\":\"https:\\\/\\\/stefan-taege.de\\\/kasia\\\/2017\\\/09\\\/10\\\/schloss-sayn-und-die-schmetterlinge\\\/#breadcrumb\",\"itemListElement\":[{\"@type\":\"ListItem\",\"position\":1,\"name\":\"Startseite\",\"item\":\"https:\\\/\\\/stefan-taege.de\\\/kasia\\\/\"},{\"@type\":\"ListItem\",\"position\":2,\"name\":\"Schloss Sayn und die Schmetterlinge\"}]},{\"@type\":\"WebSite\",\"@id\":\"https:\\\/\\\/stefan-taege.de\\\/kasia\\\/#website\",\"url\":\"https:\\\/\\\/stefan-taege.de\\\/kasia\\\/\",\"name\":\"windrose.rocks\",\"description\":\"Erz\u00e4hlungen einer Reisenden\",\"potentialAction\":[{\"@type\":\"SearchAction\",\"target\":{\"@type\":\"EntryPoint\",\"urlTemplate\":\"https:\\\/\\\/stefan-taege.de\\\/kasia\\\/?s={search_term_string}\"},\"query-input\":{\"@type\":\"PropertyValueSpecification\",\"valueRequired\":true,\"valueName\":\"search_term_string\"}}],\"inLanguage\":\"de\"},{\"@type\":\"Person\",\"@id\":\"https:\\\/\\\/stefan-taege.de\\\/kasia\\\/#\\\/schema\\\/person\\\/873b01562fbd03e9caa51512b2cb800f\",\"name\":\"Kasia\",\"image\":{\"@type\":\"ImageObject\",\"inLanguage\":\"de\",\"@id\":\"https:\\\/\\\/secure.gravatar.com\\\/avatar\\\/1c67397e33cd4beae4560d74391fdad75dfa2a9640ebc70b63890dbd4232d509?s=96&d=mm&r=pg\",\"url\":\"https:\\\/\\\/secure.gravatar.com\\\/avatar\\\/1c67397e33cd4beae4560d74391fdad75dfa2a9640ebc70b63890dbd4232d509?s=96&d=mm&r=pg\",\"contentUrl\":\"https:\\\/\\\/secure.gravatar.com\\\/avatar\\\/1c67397e33cd4beae4560d74391fdad75dfa2a9640ebc70b63890dbd4232d509?s=96&d=mm&r=pg\",\"caption\":\"Kasia\"},\"description\":\"Hi, ich bin Kasia, die Stimme von \\\"windrose.rocks\\\" :-) Treibt Dich die Frage um, was sich denn alles jenseits der heimischen Couch verbirgt, bist Du rastlos und neugierig wie ich und sp\u00fcrst den Drang in Dir, in die Welt hinaus zu gehen? Dann tue es! Ich nehme Dich mit auf meine Reisen und lasse Dich hautnah das Unterwegs sein miterleben - in all seinen Facetten. Lass Dich inspirieren, komm mit mir und warte nicht l\u00e4nger, denn... die Welt ist so gro\u00df und wir sind so klein, und es gibt noch so viel zu sehen! Die Welt wartet auf uns.\",\"sameAs\":[\"https:\\\/\\\/stefan-taege.de\\\/kasia\\\/\"],\"url\":\"https:\\\/\\\/stefan-taege.de\\\/kasia\\\/author\\\/kasia\\\/\"}]}<\/script>\n<!-- \/ Yoast SEO plugin. -->","yoast_head_json":{"title":"Schloss Sayn und die Schmetterlinge - windrose.rocks","description":"Schloss Sayn: Sie begegnen einem \u00fcberall, sobald man den Ort betritt; Schmetterlinge schm\u00fccken die Mauern und flattern uns von Hausw\u00e4nden entgegen. Ja, die Stadt Sayn wei\u00df um die werbekr\u00e4ftige Wirkung der farbenfrohen Wesen - und auch wir haben uns vom Schlossgarten einfangen lassen.","robots":{"index":"index","follow":"follow","max-snippet":"max-snippet:-1","max-image-preview":"max-image-preview:large","max-video-preview":"max-video-preview:-1"},"canonical":"https:\/\/stefan-taege.de\/kasia\/2017\/09\/10\/schloss-sayn-und-die-schmetterlinge\/","twitter_misc":{"Verfasst von":"Kasia","Gesch\u00e4tzte Lesezeit":"6\u00a0Minuten"},"schema":{"@context":"https:\/\/schema.org","@graph":[{"@type":"Article","@id":"https:\/\/stefan-taege.de\/kasia\/2017\/09\/10\/schloss-sayn-und-die-schmetterlinge\/#article","isPartOf":{"@id":"https:\/\/stefan-taege.de\/kasia\/2017\/09\/10\/schloss-sayn-und-die-schmetterlinge\/"},"author":{"name":"Kasia","@id":"https:\/\/stefan-taege.de\/kasia\/#\/schema\/person\/873b01562fbd03e9caa51512b2cb800f"},"headline":"Schloss Sayn und die Schmetterlinge","datePublished":"2017-09-10T03:00:46+00:00","dateModified":"2023-08-02T18:28:30+00:00","mainEntityOfPage":{"@id":"https:\/\/stefan-taege.de\/kasia\/2017\/09\/10\/schloss-sayn-und-die-schmetterlinge\/"},"wordCount":753,"commentCount":0,"image":{"@id":"https:\/\/stefan-taege.de\/kasia\/2017\/09\/10\/schloss-sayn-und-die-schmetterlinge\/#primaryimage"},"thumbnailUrl":"https:\/\/i0.wp.com\/stefan-taege.de\/kasia\/wp-content\/uploads\/2017\/05\/DSCF3410-e1542988826828.jpg?fit=4000%2C2310&ssl=1","keywords":["Bendorf","Schloss Sayn","Schmetterlinge"],"articleSection":["Deutschland","Europa"],"inLanguage":"de","potentialAction":[{"@type":"CommentAction","name":"Comment","target":["https:\/\/stefan-taege.de\/kasia\/2017\/09\/10\/schloss-sayn-und-die-schmetterlinge\/#respond"]}]},{"@type":"WebPage","@id":"https:\/\/stefan-taege.de\/kasia\/2017\/09\/10\/schloss-sayn-und-die-schmetterlinge\/","url":"https:\/\/stefan-taege.de\/kasia\/2017\/09\/10\/schloss-sayn-und-die-schmetterlinge\/","name":"Schloss Sayn und die Schmetterlinge - windrose.rocks","isPartOf":{"@id":"https:\/\/stefan-taege.de\/kasia\/#website"},"primaryImageOfPage":{"@id":"https:\/\/stefan-taege.de\/kasia\/2017\/09\/10\/schloss-sayn-und-die-schmetterlinge\/#primaryimage"},"image":{"@id":"https:\/\/stefan-taege.de\/kasia\/2017\/09\/10\/schloss-sayn-und-die-schmetterlinge\/#primaryimage"},"thumbnailUrl":"https:\/\/i0.wp.com\/stefan-taege.de\/kasia\/wp-content\/uploads\/2017\/05\/DSCF3410-e1542988826828.jpg?fit=4000%2C2310&ssl=1","datePublished":"2017-09-10T03:00:46+00:00","dateModified":"2023-08-02T18:28:30+00:00","author":{"@id":"https:\/\/stefan-taege.de\/kasia\/#\/schema\/person\/873b01562fbd03e9caa51512b2cb800f"},"description":"Schloss Sayn: Sie begegnen einem \u00fcberall, sobald man den Ort betritt; Schmetterlinge schm\u00fccken die Mauern und flattern uns von Hausw\u00e4nden entgegen. Ja, die Stadt Sayn wei\u00df um die werbekr\u00e4ftige Wirkung der farbenfrohen Wesen - und auch wir haben uns vom Schlossgarten einfangen lassen.","breadcrumb":{"@id":"https:\/\/stefan-taege.de\/kasia\/2017\/09\/10\/schloss-sayn-und-die-schmetterlinge\/#breadcrumb"},"inLanguage":"de","potentialAction":[{"@type":"ReadAction","target":["https:\/\/stefan-taege.de\/kasia\/2017\/09\/10\/schloss-sayn-und-die-schmetterlinge\/"]}]},{"@type":"ImageObject","inLanguage":"de","@id":"https:\/\/stefan-taege.de\/kasia\/2017\/09\/10\/schloss-sayn-und-die-schmetterlinge\/#primaryimage","url":"https:\/\/i0.wp.com\/stefan-taege.de\/kasia\/wp-content\/uploads\/2017\/05\/DSCF3410-e1542988826828.jpg?fit=4000%2C2310&ssl=1","contentUrl":"https:\/\/i0.wp.com\/stefan-taege.de\/kasia\/wp-content\/uploads\/2017\/05\/DSCF3410-e1542988826828.jpg?fit=4000%2C2310&ssl=1","width":4000,"height":2310},{"@type":"BreadcrumbList","@id":"https:\/\/stefan-taege.de\/kasia\/2017\/09\/10\/schloss-sayn-und-die-schmetterlinge\/#breadcrumb","itemListElement":[{"@type":"ListItem","position":1,"name":"Startseite","item":"https:\/\/stefan-taege.de\/kasia\/"},{"@type":"ListItem","position":2,"name":"Schloss Sayn und die Schmetterlinge"}]},{"@type":"WebSite","@id":"https:\/\/stefan-taege.de\/kasia\/#website","url":"https:\/\/stefan-taege.de\/kasia\/","name":"windrose.rocks","description":"Erz\u00e4hlungen einer Reisenden","potentialAction":[{"@type":"SearchAction","target":{"@type":"EntryPoint","urlTemplate":"https:\/\/stefan-taege.de\/kasia\/?s={search_term_string}"},"query-input":{"@type":"PropertyValueSpecification","valueRequired":true,"valueName":"search_term_string"}}],"inLanguage":"de"},{"@type":"Person","@id":"https:\/\/stefan-taege.de\/kasia\/#\/schema\/person\/873b01562fbd03e9caa51512b2cb800f","name":"Kasia","image":{"@type":"ImageObject","inLanguage":"de","@id":"https:\/\/secure.gravatar.com\/avatar\/1c67397e33cd4beae4560d74391fdad75dfa2a9640ebc70b63890dbd4232d509?s=96&d=mm&r=pg","url":"https:\/\/secure.gravatar.com\/avatar\/1c67397e33cd4beae4560d74391fdad75dfa2a9640ebc70b63890dbd4232d509?s=96&d=mm&r=pg","contentUrl":"https:\/\/secure.gravatar.com\/avatar\/1c67397e33cd4beae4560d74391fdad75dfa2a9640ebc70b63890dbd4232d509?s=96&d=mm&r=pg","caption":"Kasia"},"description":"Hi, ich bin Kasia, die Stimme von \"windrose.rocks\" :-) Treibt Dich die Frage um, was sich denn alles jenseits der heimischen Couch verbirgt, bist Du rastlos und neugierig wie ich und sp\u00fcrst den Drang in Dir, in die Welt hinaus zu gehen? Dann tue es! Ich nehme Dich mit auf meine Reisen und lasse Dich hautnah das Unterwegs sein miterleben - in all seinen Facetten. Lass Dich inspirieren, komm mit mir und warte nicht l\u00e4nger, denn... die Welt ist so gro\u00df und wir sind so klein, und es gibt noch so viel zu sehen! Die Welt wartet auf uns.","sameAs":["https:\/\/stefan-taege.de\/kasia\/"],"url":"https:\/\/stefan-taege.de\/kasia\/author\/kasia\/"}]}},"jetpack_shortlink":"https:\/\/wp.me\/p7Ku1E-2un","jetpack_sharing_enabled":true,"jetpack_featured_media_url":"https:\/\/i0.wp.com\/stefan-taege.de\/kasia\/wp-content\/uploads\/2017\/05\/DSCF3410-e1542988826828.jpg?fit=4000%2C2310&ssl=1","_links":{"self":[{"href":"https:\/\/stefan-taege.de\/kasia\/wp-json\/wp\/v2\/posts\/9571","targetHints":{"allow":["GET"]}}],"collection":[{"href":"https:\/\/stefan-taege.de\/kasia\/wp-json\/wp\/v2\/posts"}],"about":[{"href":"https:\/\/stefan-taege.de\/kasia\/wp-json\/wp\/v2\/types\/post"}],"author":[{"embeddable":true,"href":"https:\/\/stefan-taege.de\/kasia\/wp-json\/wp\/v2\/users\/1"}],"replies":[{"embeddable":true,"href":"https:\/\/stefan-taege.de\/kasia\/wp-json\/wp\/v2\/comments?post=9571"}],"version-history":[{"count":10,"href":"https:\/\/stefan-taege.de\/kasia\/wp-json\/wp\/v2\/posts\/9571\/revisions"}],"predecessor-version":[{"id":43680,"href":"https:\/\/stefan-taege.de\/kasia\/wp-json\/wp\/v2\/posts\/9571\/revisions\/43680"}],"wp:featuredmedia":[{"embeddable":true,"href":"https:\/\/stefan-taege.de\/kasia\/wp-json\/wp\/v2\/media\/9685"}],"wp:attachment":[{"href":"https:\/\/stefan-taege.de\/kasia\/wp-json\/wp\/v2\/media?parent=9571"}],"wp:term":[{"taxonomy":"category","embeddable":true,"href":"https:\/\/stefan-taege.de\/kasia\/wp-json\/wp\/v2\/categories?post=9571"},{"taxonomy":"post_tag","embeddable":true,"href":"https:\/\/stefan-taege.de\/kasia\/wp-json\/wp\/v2\/tags?post=9571"}],"curies":[{"name":"wp","href":"https:\/\/api.w.org\/{rel}","templated":true}]}}