{"id":9129,"date":"2017-07-30T05:00:55","date_gmt":"2017-07-30T03:00:55","guid":{"rendered":"http:\/\/stefan-taege.de\/kasia\/?p=9129"},"modified":"2023-07-24T20:07:29","modified_gmt":"2023-07-24T18:07:29","slug":"sizilien-und-die-menschen-dort","status":"publish","type":"post","link":"https:\/\/stefan-taege.de\/kasia\/2017\/07\/30\/sizilien-und-die-menschen-dort\/","title":{"rendered":"Sizilien und die Menschen dort&#8230;"},"content":{"rendered":"<p><em>Die Insel auf einen Blick? Gar nicht so einfach&#8230; Denn obgleich sich fast alle Klischees bereits nach den ersten Tagen verfl\u00fcchtigt zu haben scheinen, so tauchte das eine oder andere Klischee als unerwartete Best\u00e4tigung doch noch am Ende unserer Reise wieder auf&#8230;<\/em><!--more--><\/p>\n<h3><\/h3>\n<h3>Aber von vorne:<\/h3>\n<p>Sizilianer sind ein fr\u00f6hliches, freundliches und herzenswarmes V\u00f6lkchen, immer offen, hilfsbereit, jederzeit mit einem L\u00e4cheln auf den Lippen. Und obgleich wir zun\u00e4chst einmal Bef\u00fcrchtungen hegten, so hatten sich diese bereits nach wenigen Tagen auf der Insel quasi in Luft aufgel\u00f6st; in keiner einzigen Situation kamen wir uns &#8222;seltsam&#8220; oder bedroht vor, im Gegenteil habe ich mich bis auf die anf\u00e4nglichen Hirngespinste in meinem Kopf auf der Insel jederzeit sicher gef\u00fchlt (nur die des nachts herumstreunenden Hunde bereiteten mir Bedenken, daher w\u00fcrde ich jedem, der sich auf der Insel von A nach B bewegen m\u00f6chte, unbedingt ein Auto empfehlen.) Zu keiner Zeit hat irgendwer versucht, uns \u00fcbers Ohr zu hauen und mit Franco sind wir auf einen \u00e4u\u00dferst netten, zuverl\u00e4ssigen Gastgeber gesto\u00dfen.<\/p>\n<p><em>Bed &amp; Breakfast &#8222;Three Palms&#8220;<br \/>\nC\/da Buagimi, 11, 92015 Raffadali AG, Italien<br \/>\nTel.: +39 331 780 2603<\/em><\/p>\n<figure id=\"attachment_9434\" aria-describedby=\"caption-attachment-9434\" style=\"width: 2848px\" class=\"wp-caption alignnone\"><img loading=\"lazy\" decoding=\"async\" data-attachment-id=\"9434\" data-permalink=\"https:\/\/stefan-taege.de\/kasia\/2017\/07\/30\/sizilien-und-die-menschen-dort\/attachment\/7806\/\" data-orig-file=\"https:\/\/i0.wp.com\/stefan-taege.de\/kasia\/wp-content\/uploads\/2017\/05\/7806.jpg?fit=2848%2C2134&amp;ssl=1\" data-orig-size=\"2848,2134\" data-comments-opened=\"1\" data-image-meta=\"{&quot;aperture&quot;:&quot;2.7&quot;,&quot;credit&quot;:&quot;&quot;,&quot;camera&quot;:&quot;KODAK EASYSHARE C613 ZOOM DIGITAL CAMERA&quot;,&quot;caption&quot;:&quot;&quot;,&quot;created_timestamp&quot;:&quot;1281843597&quot;,&quot;copyright&quot;:&quot;&quot;,&quot;focal_length&quot;:&quot;6&quot;,&quot;iso&quot;:&quot;283&quot;,&quot;shutter_speed&quot;:&quot;0.007812&quot;,&quot;title&quot;:&quot;&quot;,&quot;orientation&quot;:&quot;1&quot;}\" data-image-title=\"7806\" data-image-description=\"\" data-image-caption=\"\" data-medium-file=\"https:\/\/i0.wp.com\/stefan-taege.de\/kasia\/wp-content\/uploads\/2017\/05\/7806.jpg?fit=300%2C225&amp;ssl=1\" data-large-file=\"https:\/\/i0.wp.com\/stefan-taege.de\/kasia\/wp-content\/uploads\/2017\/05\/7806.jpg?fit=1020%2C764&amp;ssl=1\" tabindex=\"0\" role=\"button\" class=\"wp-image-9434 size-full\" src=\"https:\/\/i0.wp.com\/stefan-taege.de\/kasia\/wp-content\/uploads\/2017\/05\/7806.jpg?resize=1020%2C764&#038;ssl=1\" alt=\"\" width=\"1020\" height=\"764\" srcset=\"https:\/\/i0.wp.com\/stefan-taege.de\/kasia\/wp-content\/uploads\/2017\/05\/7806.jpg?w=2848&amp;ssl=1 2848w, https:\/\/i0.wp.com\/stefan-taege.de\/kasia\/wp-content\/uploads\/2017\/05\/7806.jpg?resize=300%2C225&amp;ssl=1 300w, https:\/\/i0.wp.com\/stefan-taege.de\/kasia\/wp-content\/uploads\/2017\/05\/7806.jpg?resize=768%2C575&amp;ssl=1 768w, https:\/\/i0.wp.com\/stefan-taege.de\/kasia\/wp-content\/uploads\/2017\/05\/7806.jpg?resize=1024%2C767&amp;ssl=1 1024w, https:\/\/i0.wp.com\/stefan-taege.de\/kasia\/wp-content\/uploads\/2017\/05\/7806.jpg?w=2040&amp;ssl=1 2040w\" sizes=\"(max-width: 1020px) 100vw, 1020px\" data-recalc-dims=\"1\" \/><figcaption id=\"caption-attachment-9434\" class=\"wp-caption-text\">Der Fr\u00fchst\u00fccksraum in Three Palms<\/figcaption><\/figure>\n<p>Wenn ich von manchen best\u00e4tigten Klischees spreche, so sind es nicht unsere eigenen, schlechten Erfahrungen gewesen; vielmehr waren es Sicherheitsma\u00dfnahmen der Menschen, die wir beobachtet hatten (wie die mit Folie eingewickelten Gep\u00e4ckst\u00fccke am Flughafen) oder Warnungen der Einheimischen, die um unsere Sicherheit besorgt waren (wie die eindringliche Warnung Francos vor einem Besuch der Stadt Palermo).<\/p>\n<p>Wo wir gerade beim Thema &#8222;von A nach B&#8220; sind: Sizilien ist eine wundersch\u00f6ne Insel und es lohnt sich, sich Zeit f\u00fcr sie zu nehmen und die sch\u00f6nsten Ecken auf eigene Faust zu erkunden. Ich empfehle unbedingt, dies mit einem Auto zu tun, denn eine Infrastruktur ist hier so gut wie nicht vorhanden. Wer freilich das Abenteuer liebt, wird sich auf einer luftigen, leichten Vespa vielleicht wohler f\u00fchlen&#8230;<br \/>\nUnser Mietwagen war ein kleiner Fiat Panda von <em>Sicily by Car<\/em>, seinerzeit einem der g\u00fcnstigsten Anbieter, die wir finden konnten.<\/p>\n<p><img loading=\"lazy\" decoding=\"async\" data-attachment-id=\"9436\" data-permalink=\"https:\/\/stefan-taege.de\/kasia\/2017\/07\/30\/sizilien-und-die-menschen-dort\/attachment\/4470\/\" data-orig-file=\"https:\/\/i0.wp.com\/stefan-taege.de\/kasia\/wp-content\/uploads\/2017\/05\/4470.jpg?fit=2848%2C2134&amp;ssl=1\" data-orig-size=\"2848,2134\" data-comments-opened=\"1\" data-image-meta=\"{&quot;aperture&quot;:&quot;4.8&quot;,&quot;credit&quot;:&quot;&quot;,&quot;camera&quot;:&quot;KODAK EASYSHARE C613 ZOOM DIGITAL CAMERA&quot;,&quot;caption&quot;:&quot;&quot;,&quot;created_timestamp&quot;:&quot;1280710976&quot;,&quot;copyright&quot;:&quot;&quot;,&quot;focal_length&quot;:&quot;6&quot;,&quot;iso&quot;:&quot;200&quot;,&quot;shutter_speed&quot;:&quot;0.000985&quot;,&quot;title&quot;:&quot;&quot;,&quot;orientation&quot;:&quot;1&quot;}\" data-image-title=\"4470\" data-image-description=\"\" data-image-caption=\"\" data-medium-file=\"https:\/\/i0.wp.com\/stefan-taege.de\/kasia\/wp-content\/uploads\/2017\/05\/4470.jpg?fit=300%2C225&amp;ssl=1\" data-large-file=\"https:\/\/i0.wp.com\/stefan-taege.de\/kasia\/wp-content\/uploads\/2017\/05\/4470.jpg?fit=1020%2C764&amp;ssl=1\" tabindex=\"0\" role=\"button\" class=\"alignnone wp-image-9436 size-full\" src=\"https:\/\/i0.wp.com\/stefan-taege.de\/kasia\/wp-content\/uploads\/2017\/05\/4470.jpg?resize=1020%2C764&#038;ssl=1\" alt=\"\" width=\"1020\" height=\"764\" srcset=\"https:\/\/i0.wp.com\/stefan-taege.de\/kasia\/wp-content\/uploads\/2017\/05\/4470.jpg?w=2848&amp;ssl=1 2848w, https:\/\/i0.wp.com\/stefan-taege.de\/kasia\/wp-content\/uploads\/2017\/05\/4470.jpg?resize=300%2C225&amp;ssl=1 300w, https:\/\/i0.wp.com\/stefan-taege.de\/kasia\/wp-content\/uploads\/2017\/05\/4470.jpg?resize=768%2C575&amp;ssl=1 768w, https:\/\/i0.wp.com\/stefan-taege.de\/kasia\/wp-content\/uploads\/2017\/05\/4470.jpg?resize=1024%2C767&amp;ssl=1 1024w, https:\/\/i0.wp.com\/stefan-taege.de\/kasia\/wp-content\/uploads\/2017\/05\/4470.jpg?w=2040&amp;ssl=1 2040w\" sizes=\"(max-width: 1020px) 100vw, 1020px\" data-recalc-dims=\"1\" \/><\/p>\n<h3><\/h3>\n<h3>Vom Mietwagen zum Autofahren<\/h3>\n<p>Ein Sizilianer f\u00e4hrt \u00e4u\u00dferst offensiv. Du denkst, du hast Vorfahrt? Tja, mein Freund&#8230; falsch gedacht! Wer zuerst da ist, derjenige hat dann auch Vorfahrt. Und auch die Spuren einer, sagen wir, zweispurigen Stra\u00dfe sind hier eher Empfehlung denn bindende Vorschrift, denn wo Platz ist, da passt sicher noch das eine oder andere Fahrzeug dazwischen&#8230; Doch so frech sie in ihrem Fahrverhalten auch sind, so tolerant sind sie auch den &#8222;Vergehen&#8220; anderer gegen\u00fcber. So nimmt ein Sizilianer stoisch zu Kenntnis, wof\u00fcr dich ein deutscher Autofahrer schon l\u00e4ngst aufs \u00fcbelste behupt h\u00e4tte. Und tolerant, ja, das m\u00fcssen sie auch sein in Anbetracht der vielen unterschiedlichen Fahrgewohnheiten, die wir hier auf der Insel in den zwei Wochen beobachtet hatten&#8230;<\/p>\n<p>Geschwindigkeitsbegrenzung: Unfug. Es soll zwar Kontrollen und drakonische Strafen f\u00fcr \u00dcbertretungen geben, aber mal ehrlich&#8230; in der gesamten Zeit, die wir kreuz und quer durch die Insel tigerten, hatten wir keine solche gesehen, mehr noch: Nicht einmal eine einzige Polizeistreife zeigte &#8222;Pr\u00e4senz&#8220; (jedoch w\u00fcrde ich mich darauf freilich nicht verlassen&#8230;). Wenn du denkst, du f\u00e4hrst zu schnell, da das Schild da vorne blo\u00df hundert besagt, keine Bange! Es wird dich in K\u00fcrze ein Einheimischer fr\u00f6hlich mit doppelter Geschwindigkeit \u00fcberholen.<\/p>\n<figure id=\"attachment_9437\" aria-describedby=\"caption-attachment-9437\" style=\"width: 1012px\" class=\"wp-caption alignnone\"><img loading=\"lazy\" decoding=\"async\" data-attachment-id=\"9437\" data-permalink=\"https:\/\/stefan-taege.de\/kasia\/2017\/07\/30\/sizilien-und-die-menschen-dort\/attachment\/4478\/\" data-orig-file=\"https:\/\/i0.wp.com\/stefan-taege.de\/kasia\/wp-content\/uploads\/2017\/05\/4478.jpg?fit=1012%2C764&amp;ssl=1\" data-orig-size=\"1012,764\" data-comments-opened=\"1\" data-image-meta=\"{&quot;aperture&quot;:&quot;4.8&quot;,&quot;credit&quot;:&quot;&quot;,&quot;camera&quot;:&quot;KODAK EASYSHARE C613 ZOOM DIGITAL CAMERA&quot;,&quot;caption&quot;:&quot;&quot;,&quot;created_timestamp&quot;:&quot;1280712528&quot;,&quot;copyright&quot;:&quot;&quot;,&quot;focal_length&quot;:&quot;6&quot;,&quot;iso&quot;:&quot;80&quot;,&quot;shutter_speed&quot;:&quot;0.002146&quot;,&quot;title&quot;:&quot;&quot;,&quot;orientation&quot;:&quot;1&quot;}\" data-image-title=\"4478\" data-image-description=\"\" data-image-caption=\"\" data-medium-file=\"https:\/\/i0.wp.com\/stefan-taege.de\/kasia\/wp-content\/uploads\/2017\/05\/4478.jpg?fit=300%2C226&amp;ssl=1\" data-large-file=\"https:\/\/i0.wp.com\/stefan-taege.de\/kasia\/wp-content\/uploads\/2017\/05\/4478.jpg?fit=1012%2C764&amp;ssl=1\" tabindex=\"0\" role=\"button\" class=\"wp-image-9437 size-full\" src=\"https:\/\/i0.wp.com\/stefan-taege.de\/kasia\/wp-content\/uploads\/2017\/05\/4478.jpg?resize=1012%2C764&#038;ssl=1\" alt=\"\" width=\"1012\" height=\"764\" srcset=\"https:\/\/i0.wp.com\/stefan-taege.de\/kasia\/wp-content\/uploads\/2017\/05\/4478.jpg?w=1012&amp;ssl=1 1012w, https:\/\/i0.wp.com\/stefan-taege.de\/kasia\/wp-content\/uploads\/2017\/05\/4478.jpg?resize=300%2C226&amp;ssl=1 300w, https:\/\/i0.wp.com\/stefan-taege.de\/kasia\/wp-content\/uploads\/2017\/05\/4478.jpg?resize=768%2C580&amp;ssl=1 768w\" sizes=\"(max-width: 1012px) 100vw, 1012px\" data-recalc-dims=\"1\" \/><figcaption id=\"caption-attachment-9437\" class=\"wp-caption-text\">Auf dem Weg ins Tal der Tempel<\/figcaption><\/figure>\n<p>Doch es gibt sie auch, die langsamen Fahrer. Ja, die gaaanz langsamen Fahrer. Und auch hier kannst du nichts weiter tun &#8211; au\u00dfer, dich in Geduld und Nachsicht zu \u00fcben. So haben wir des \u00d6fteren erlebt, dass ein Fahrzeug vor uns ohne ersichtlichen Grund in der Innenstadt im Schritttempo fuhr, nur um dann anzuhalten (nicht am Standstreifen, o nein, denn ein solcher war gerade nicht vorhanden) und sich mit dem Nachbarn\/Bekannten\/Verwandten\/Freund\/was-auch-immer \u00fcbers Wetter (behaupte ich jetzt einfach mal) zu unterhalten.<br \/>\n&#8222;Ja, das passiert schon mal.&#8220; Best\u00e4tigte uns Franco. &#8222;Manchmal fahren die \u00e4lteren Leute ganz langsam und gucken sich die Gegend an. Was will man machen?&#8220; Die stoische Ruhe eines Mannes, der schon alles m\u00f6gliche in seinem Leben gesehen hat.<\/p>\n<p>Ja, die Gewohnheiten der Insulaner sind eigen und zuweilen ganz kurios. Doch machen sie all das mit ihrer italienischen, unbek\u00fcmmerten Lebensfreude wieder wett.<\/p>\n<figure id=\"attachment_9440\" aria-describedby=\"caption-attachment-9440\" style=\"width: 172px\" class=\"wp-caption alignleft\"><img loading=\"lazy\" decoding=\"async\" data-attachment-id=\"9440\" data-permalink=\"https:\/\/stefan-taege.de\/kasia\/2017\/07\/30\/sizilien-und-die-menschen-dort\/bild0205\/\" data-orig-file=\"https:\/\/i0.wp.com\/stefan-taege.de\/kasia\/wp-content\/uploads\/2017\/05\/Bild0205.jpg?fit=1536%2C2048&amp;ssl=1\" data-orig-size=\"1536,2048\" data-comments-opened=\"1\" data-image-meta=\"{&quot;aperture&quot;:&quot;0&quot;,&quot;credit&quot;:&quot;Picasa&quot;,&quot;camera&quot;:&quot;3600 slide&quot;,&quot;caption&quot;:&quot;&quot;,&quot;created_timestamp&quot;:&quot;1281381860&quot;,&quot;copyright&quot;:&quot;&quot;,&quot;focal_length&quot;:&quot;0&quot;,&quot;iso&quot;:&quot;0&quot;,&quot;shutter_speed&quot;:&quot;0&quot;,&quot;title&quot;:&quot;&quot;,&quot;orientation&quot;:&quot;0&quot;}\" data-image-title=\"Bild0205\" data-image-description=\"\" data-image-caption=\"\" data-medium-file=\"https:\/\/i0.wp.com\/stefan-taege.de\/kasia\/wp-content\/uploads\/2017\/05\/Bild0205.jpg?fit=225%2C300&amp;ssl=1\" data-large-file=\"https:\/\/i0.wp.com\/stefan-taege.de\/kasia\/wp-content\/uploads\/2017\/05\/Bild0205.jpg?fit=768%2C1024&amp;ssl=1\" tabindex=\"0\" role=\"button\" class=\"wp-image-9440\" src=\"https:\/\/i0.wp.com\/stefan-taege.de\/kasia\/wp-content\/uploads\/2017\/05\/Bild0205.jpg?resize=172%2C230&#038;ssl=1\" alt=\"\" width=\"172\" height=\"230\" srcset=\"https:\/\/i0.wp.com\/stefan-taege.de\/kasia\/wp-content\/uploads\/2017\/05\/Bild0205.jpg?resize=225%2C300&amp;ssl=1 225w, https:\/\/i0.wp.com\/stefan-taege.de\/kasia\/wp-content\/uploads\/2017\/05\/Bild0205.jpg?resize=768%2C1024&amp;ssl=1 768w, https:\/\/i0.wp.com\/stefan-taege.de\/kasia\/wp-content\/uploads\/2017\/05\/Bild0205.jpg?w=1536&amp;ssl=1 1536w\" sizes=\"(max-width: 172px) 100vw, 172px\" data-recalc-dims=\"1\" \/><figcaption id=\"caption-attachment-9440\" class=\"wp-caption-text\">Also, ich liebe es, in \u00f6rtlichen Superm\u00e4rkten (hier Sizilien) st\u00f6bern zu gehen. Sadam-Zucker? Kein Problem&#8230;<\/figcaption><\/figure>\n<p>&nbsp;<\/p>\n<h3>Das Essen<\/h3>\n<p>Da ich unheimlich gerne die landestypischen K\u00fcchen dieser Welt probiere, gibt es von mir immer ein paar Worte das Essen betreffend. \u00dcber die italienische K\u00fcche habe ich mich schon in den Beitr\u00e4gen zu Florenz ausgelassen, nur noch eines: Die selbstgemachte Pizza bei Francos Bruder war jede S\u00fcnde wert. Wir kehrten fast jeden Abend nach unseren ausgedehnten Touren durch die Insel im <em>Localino<\/em> ein (der einzige Tag, an dem dies nicht m\u00f6glich war, war der Ruhetag des Restaurants, und an diesem waren wir ziemlich aufgeschmissen&#8230;). Egal wie sp\u00e4t es bereits war, Francos Bruder wusste immer, dass wir kommen w\u00fcrden, und hielt uns etwas leckeres zum Essen warm.<\/p>\n<p><img loading=\"lazy\" decoding=\"async\" class=\"alignright\" src=\"https:\/\/i0.wp.com\/stefan-taege.de\/kasia\/wp-content\/uploads\/2017\/05\/6484.jpg?resize=259%2C195&#038;ssl=1\" alt=\"\" width=\"259\" height=\"195\" data-recalc-dims=\"1\" \/><\/p>\n<p>Die Hauptbestandteile so einer typisch italienischen K\u00fcche sind vor allem Wei\u00dfbrot und Pasta. Beim Fr\u00fchst\u00fcck hatten wir gemerkt, dass dunkles Brot eher Wunschdenken ist, denn so etwas wie Vollkorn gibt es auf der Insel nicht&#8230;<\/p>\n<figure id=\"attachment_9439\" aria-describedby=\"caption-attachment-9439\" style=\"width: 259px\" class=\"wp-caption alignright\"><img loading=\"lazy\" decoding=\"async\" data-attachment-id=\"9439\" data-permalink=\"https:\/\/stefan-taege.de\/kasia\/2017\/07\/30\/sizilien-und-die-menschen-dort\/bild0206\/\" data-orig-file=\"https:\/\/i0.wp.com\/stefan-taege.de\/kasia\/wp-content\/uploads\/2017\/05\/Bild0206.jpg?fit=1536%2C2048&amp;ssl=1\" data-orig-size=\"1536,2048\" data-comments-opened=\"1\" data-image-meta=\"{&quot;aperture&quot;:&quot;0&quot;,&quot;credit&quot;:&quot;&quot;,&quot;camera&quot;:&quot;3600 slide&quot;,&quot;caption&quot;:&quot;&quot;,&quot;created_timestamp&quot;:&quot;1281383782&quot;,&quot;copyright&quot;:&quot;&quot;,&quot;focal_length&quot;:&quot;0&quot;,&quot;iso&quot;:&quot;0&quot;,&quot;shutter_speed&quot;:&quot;0&quot;,&quot;title&quot;:&quot;&quot;,&quot;orientation&quot;:&quot;1&quot;}\" data-image-title=\"Bild0206\" data-image-description=\"\" data-image-caption=\"\" data-medium-file=\"https:\/\/i0.wp.com\/stefan-taege.de\/kasia\/wp-content\/uploads\/2017\/05\/Bild0206.jpg?fit=225%2C300&amp;ssl=1\" data-large-file=\"https:\/\/i0.wp.com\/stefan-taege.de\/kasia\/wp-content\/uploads\/2017\/05\/Bild0206.jpg?fit=768%2C1024&amp;ssl=1\" tabindex=\"0\" role=\"button\" class=\"wp-image-9439\" src=\"https:\/\/i0.wp.com\/stefan-taege.de\/kasia\/wp-content\/uploads\/2017\/05\/Bild0206.jpg?resize=259%2C345&#038;ssl=1\" alt=\"\" width=\"259\" height=\"345\" srcset=\"https:\/\/i0.wp.com\/stefan-taege.de\/kasia\/wp-content\/uploads\/2017\/05\/Bild0206.jpg?resize=225%2C300&amp;ssl=1 225w, https:\/\/i0.wp.com\/stefan-taege.de\/kasia\/wp-content\/uploads\/2017\/05\/Bild0206.jpg?resize=768%2C1024&amp;ssl=1 768w, https:\/\/i0.wp.com\/stefan-taege.de\/kasia\/wp-content\/uploads\/2017\/05\/Bild0206.jpg?w=1536&amp;ssl=1 1536w\" sizes=\"(max-width: 259px) 100vw, 259px\" data-recalc-dims=\"1\" \/><figcaption id=\"caption-attachment-9439\" class=\"wp-caption-text\">Ein ganzer, riesiger Teller voller&#8230; Pizza-Eis!<\/figcaption><\/figure>\n<p>&nbsp;<\/p>\n<h3>Eis im Br\u00f6tchen<\/h3>\n<p>Das Eis, ah, nat\u00fcrlich das Eis&#8230; die unterschiedlichsten Eiskreationen hatten wir probiert, unter anderem ein Pizzaeis, welches meinen gesamten, gro\u00dfen Teller einnahm.<\/p>\n<p>Was sich bei den Menschen auf der Insel einer gro\u00dfen Beliebtheit erfreute, und zwar noch Jahre zuvor, ehe es vor kurzem als Hype in den sozialen Netzwerken auftauchte, war das sogenannte Eis im Br\u00f6tchen. Ich wunderte mich sehr, als ich es das erste Mal sah: Man nehme ein weiches, s\u00fc\u00dfes wei\u00dfes Br\u00f6tchen, schneidet es zur H\u00e4lfte auf und packt die Eiskugeln hinein. Das Ganze wird dann \u00e4hnlich unserem D\u00f6ner gegessen. Ich bedauere sehr, dass ich mich nicht getraut habe, diese Spezialit\u00e4t zu probieren und somit leider auch nicht mit Fotos davon aufwarten kann&#8230;<\/p>\n<p><img loading=\"lazy\" decoding=\"async\" data-attachment-id=\"9441\" data-permalink=\"https:\/\/stefan-taege.de\/kasia\/2017\/07\/30\/sizilien-und-die-menschen-dort\/attachment\/7794\/\" data-orig-file=\"https:\/\/i0.wp.com\/stefan-taege.de\/kasia\/wp-content\/uploads\/2017\/05\/7794.jpg?fit=2848%2C2134&amp;ssl=1\" data-orig-size=\"2848,2134\" data-comments-opened=\"1\" data-image-meta=\"{&quot;aperture&quot;:&quot;2.7&quot;,&quot;credit&quot;:&quot;&quot;,&quot;camera&quot;:&quot;KODAK EASYSHARE C613 ZOOM DIGITAL CAMERA&quot;,&quot;caption&quot;:&quot;&quot;,&quot;created_timestamp&quot;:&quot;1281778657&quot;,&quot;copyright&quot;:&quot;&quot;,&quot;focal_length&quot;:&quot;6&quot;,&quot;iso&quot;:&quot;80&quot;,&quot;shutter_speed&quot;:&quot;0.006034&quot;,&quot;title&quot;:&quot;&quot;,&quot;orientation&quot;:&quot;1&quot;}\" data-image-title=\"7794\" data-image-description=\"\" data-image-caption=\"\" data-medium-file=\"https:\/\/i0.wp.com\/stefan-taege.de\/kasia\/wp-content\/uploads\/2017\/05\/7794.jpg?fit=300%2C225&amp;ssl=1\" data-large-file=\"https:\/\/i0.wp.com\/stefan-taege.de\/kasia\/wp-content\/uploads\/2017\/05\/7794.jpg?fit=1020%2C764&amp;ssl=1\" tabindex=\"0\" role=\"button\" class=\"alignnone wp-image-9441 size-full\" src=\"https:\/\/i0.wp.com\/stefan-taege.de\/kasia\/wp-content\/uploads\/2017\/05\/7794.jpg?resize=1020%2C764&#038;ssl=1\" alt=\"\" width=\"1020\" height=\"764\" srcset=\"https:\/\/i0.wp.com\/stefan-taege.de\/kasia\/wp-content\/uploads\/2017\/05\/7794.jpg?w=2848&amp;ssl=1 2848w, https:\/\/i0.wp.com\/stefan-taege.de\/kasia\/wp-content\/uploads\/2017\/05\/7794.jpg?resize=300%2C225&amp;ssl=1 300w, https:\/\/i0.wp.com\/stefan-taege.de\/kasia\/wp-content\/uploads\/2017\/05\/7794.jpg?resize=768%2C575&amp;ssl=1 768w, https:\/\/i0.wp.com\/stefan-taege.de\/kasia\/wp-content\/uploads\/2017\/05\/7794.jpg?resize=1024%2C767&amp;ssl=1 1024w, https:\/\/i0.wp.com\/stefan-taege.de\/kasia\/wp-content\/uploads\/2017\/05\/7794.jpg?w=2040&amp;ssl=1 2040w\" sizes=\"(max-width: 1020px) 100vw, 1020px\" data-recalc-dims=\"1\" \/><\/p>\n<p>&nbsp;<\/p>\n<h3>Die Landschaft<\/h3>\n<p>&#8230;ist noch mediterraner als in Italien auf dem Festland; noch trockener, noch s\u00fcdlicher. Die meiste Zeit h\u00fcgelig und karg kann sie den Betrachter jedoch auch \u00fcberraschen, indem sie abrupt in \u00fcppige Waldgebiete wechselt. Von diesen haben wir aber nicht viele gesehen, die meiste Zeit ist die Gegend hei\u00df und trocken und die Vegetation besteht aus Pinienb\u00e4umen, Kakteen und Aloe-Pflanzen, die hier \u00fcberdimensionale Ma\u00dfen erreichen. Die Stra\u00dfen winden sich an den H\u00fcgelketten vorbei und wir \u00fcberqueren Schluchten und Berge \u00fcber Tunnel und lange, hochgelegene Br\u00fccken. In den Farben sand, gelb und ocker malt die Landschaft Siziliens ein Bild, welches stellenweise an die Steppen Arizonas in den USA erinnert.<\/p>\n<figure id=\"attachment_9069\" aria-describedby=\"caption-attachment-9069\" style=\"width: 2848px\" class=\"wp-caption alignnone\"><img loading=\"lazy\" decoding=\"async\" data-attachment-id=\"9069\" data-permalink=\"https:\/\/stefan-taege.de\/kasia\/2017\/07\/18\/taormina\/attachment\/6758\/\" data-orig-file=\"https:\/\/i0.wp.com\/stefan-taege.de\/kasia\/wp-content\/uploads\/2017\/05\/6758.jpg?fit=2848%2C2134&amp;ssl=1\" data-orig-size=\"2848,2134\" data-comments-opened=\"1\" data-image-meta=\"{&quot;aperture&quot;:&quot;4.8&quot;,&quot;credit&quot;:&quot;&quot;,&quot;camera&quot;:&quot;KODAK EASYSHARE C613 ZOOM DIGITAL CAMERA&quot;,&quot;caption&quot;:&quot;&quot;,&quot;created_timestamp&quot;:&quot;1281422036&quot;,&quot;copyright&quot;:&quot;&quot;,&quot;focal_length&quot;:&quot;6&quot;,&quot;iso&quot;:&quot;80&quot;,&quot;shutter_speed&quot;:&quot;0.001433&quot;,&quot;title&quot;:&quot;&quot;,&quot;orientation&quot;:&quot;1&quot;}\" data-image-title=\"6758\" data-image-description=\"\" data-image-caption=\"\" data-medium-file=\"https:\/\/i0.wp.com\/stefan-taege.de\/kasia\/wp-content\/uploads\/2017\/05\/6758.jpg?fit=300%2C225&amp;ssl=1\" data-large-file=\"https:\/\/i0.wp.com\/stefan-taege.de\/kasia\/wp-content\/uploads\/2017\/05\/6758.jpg?fit=1020%2C764&amp;ssl=1\" tabindex=\"0\" role=\"button\" class=\"wp-image-9069 size-full\" src=\"https:\/\/i0.wp.com\/stefan-taege.de\/kasia\/wp-content\/uploads\/2017\/05\/6758.jpg?resize=1020%2C764&#038;ssl=1\" alt=\"\" width=\"1020\" height=\"764\" srcset=\"https:\/\/i0.wp.com\/stefan-taege.de\/kasia\/wp-content\/uploads\/2017\/05\/6758.jpg?w=2848&amp;ssl=1 2848w, https:\/\/i0.wp.com\/stefan-taege.de\/kasia\/wp-content\/uploads\/2017\/05\/6758.jpg?resize=300%2C225&amp;ssl=1 300w, https:\/\/i0.wp.com\/stefan-taege.de\/kasia\/wp-content\/uploads\/2017\/05\/6758.jpg?resize=768%2C575&amp;ssl=1 768w, https:\/\/i0.wp.com\/stefan-taege.de\/kasia\/wp-content\/uploads\/2017\/05\/6758.jpg?resize=1024%2C767&amp;ssl=1 1024w, https:\/\/i0.wp.com\/stefan-taege.de\/kasia\/wp-content\/uploads\/2017\/05\/6758.jpg?w=2040&amp;ssl=1 2040w\" sizes=\"(max-width: 1020px) 100vw, 1020px\" data-recalc-dims=\"1\" \/><figcaption id=\"caption-attachment-9069\" class=\"wp-caption-text\">Die Promenade in Taormina<\/figcaption><\/figure>\n<p>&nbsp;<\/p>\n<h3>Was ich Dir empfehlen kann<\/h3>\n<p>Schau Dir <em>Taormina<\/em> und <em>Messina<\/em> an, vor allem Taormina mit ihrem Wahnsinnsblick auf die K\u00fcste und das Meer ist eine Reise wert.<\/p>\n<p><em>Erice<\/em>, die mittelalterliche Stadt, ist ein Muss, wenn Du auf Sizilien bist. Die engen, steingepflasterten Gassen und die hoch oben aufragende Burg werden jeden Geschichtsliebhaber (und nicht nur) begeistern.<\/p>\n<p>Sizilien ist voll von monumentalen, mittelalterlichen Burgen, die Du sehr gut auf eigene Faust entdecken kannst. Alle haben wir freilich nicht gesehen, doch es gibt eine gro\u00dfe Auswahl&#8230; (hier: <a href=\"http:\/\/www.burgenwelt.org\/italien\/lokal\/lokal2-sizilien.php\" target=\"_blank\" rel=\"noopener noreferrer\">link<\/a>)<\/p>\n<figure id=\"attachment_8337\" aria-describedby=\"caption-attachment-8337\" style=\"width: 2848px\" class=\"wp-caption alignnone\"><img loading=\"lazy\" decoding=\"async\" data-attachment-id=\"8337\" data-permalink=\"https:\/\/stefan-taege.de\/kasia\/2017\/07\/04\/cefalu-geldwaesche-auf-sizilianisch\/attachment\/004\/\" data-orig-file=\"https:\/\/i0.wp.com\/stefan-taege.de\/kasia\/wp-content\/uploads\/2017\/04\/004.jpg?fit=2848%2C2134&amp;ssl=1\" data-orig-size=\"2848,2134\" data-comments-opened=\"1\" data-image-meta=\"{&quot;aperture&quot;:&quot;4.8&quot;,&quot;credit&quot;:&quot;&quot;,&quot;camera&quot;:&quot;KODAK EASYSHARE C613 ZOOM DIGITAL CAMERA&quot;,&quot;caption&quot;:&quot;&quot;,&quot;created_timestamp&quot;:&quot;1281150654&quot;,&quot;copyright&quot;:&quot;&quot;,&quot;focal_length&quot;:&quot;6&quot;,&quot;iso&quot;:&quot;80&quot;,&quot;shutter_speed&quot;:&quot;0.000738&quot;,&quot;title&quot;:&quot;&quot;,&quot;orientation&quot;:&quot;1&quot;}\" data-image-title=\"004\" data-image-description=\"\" data-image-caption=\"\" data-medium-file=\"https:\/\/i0.wp.com\/stefan-taege.de\/kasia\/wp-content\/uploads\/2017\/04\/004.jpg?fit=300%2C225&amp;ssl=1\" data-large-file=\"https:\/\/i0.wp.com\/stefan-taege.de\/kasia\/wp-content\/uploads\/2017\/04\/004.jpg?fit=1020%2C764&amp;ssl=1\" tabindex=\"0\" role=\"button\" class=\"wp-image-8337 size-full\" src=\"https:\/\/i0.wp.com\/stefan-taege.de\/kasia\/wp-content\/uploads\/2017\/04\/004.jpg?resize=1020%2C764&#038;ssl=1\" alt=\"\" width=\"1020\" height=\"764\" srcset=\"https:\/\/i0.wp.com\/stefan-taege.de\/kasia\/wp-content\/uploads\/2017\/04\/004.jpg?w=2848&amp;ssl=1 2848w, https:\/\/i0.wp.com\/stefan-taege.de\/kasia\/wp-content\/uploads\/2017\/04\/004.jpg?resize=300%2C225&amp;ssl=1 300w, https:\/\/i0.wp.com\/stefan-taege.de\/kasia\/wp-content\/uploads\/2017\/04\/004.jpg?resize=768%2C575&amp;ssl=1 768w, https:\/\/i0.wp.com\/stefan-taege.de\/kasia\/wp-content\/uploads\/2017\/04\/004.jpg?resize=1024%2C767&amp;ssl=1 1024w, https:\/\/i0.wp.com\/stefan-taege.de\/kasia\/wp-content\/uploads\/2017\/04\/004.jpg?w=2040&amp;ssl=1 2040w\" sizes=\"(max-width: 1020px) 100vw, 1020px\" data-recalc-dims=\"1\" \/><figcaption id=\"caption-attachment-8337\" class=\"wp-caption-text\">Der Strand von Cefalu<\/figcaption><\/figure>\n<p><em>Cefalu<\/em> besticht durch seine K\u00fcstenlage. Es ist eine sch\u00f6ne, touristische Stadt mit einem Badestrand, mit der ich tolle Erinnerungen verbinde.<\/p>\n<p><em>San Vito lo Capo<\/em>: Der schneewei\u00dfe Strand im s\u00fcdlichen Bezirk Siziliens ist ziemlich \u00fcberf\u00fcllt. Der Strand ist, wie versprochen, sch\u00f6n wei\u00df, zumindest soweit man ihn zwischen den vielen Stranddecken \u00fcberhaupt sehen konnte&#8230; Muss nicht unbedingt sein; wenn Du nicht viel Zeit hast, spar sie Dir auf f\u00fcr ein anderes Ziel.<\/p>\n<p><em>Palermo<\/em>: Die Stadt Palermo haben wir leider nicht besucht, Grund daf\u00fcr waren die eindringlichen Warnungen der Einheimischen, was die Sicherheitslage dort betrifft. Ich kann nur schwer einsch\u00e4tzen, wie es sich tats\u00e4chlich verh\u00e4lt; wer frei von Angst ist, sollte sich die Mumien in Palermos Unterwelt anschauen (das werde auch ich beim n\u00e4chsten Mal tun&#8230;), allen voran die Mumie des vierj\u00e4hrigen M\u00e4dchens <em>Rosalia<\/em>, die, in einem Glassarg aufgebahrt, eine weltweite Ber\u00fchmtheit durch die Tatsache erlangte, dass sie immer noch lebendig und frisch aussieht, wie eine Porzellanpuppe oder ein schlafendes Kind.<\/p>\n<p>Besuche eine der vielen hei\u00dfen vulkanischen Quellen auf Sizilien, um die herum Schwimmb\u00e4der und ganze Wellness-Oasen entstanden sind. Da die Insel voll davon ist, hast Du hier relativ freie Auswahl.<\/p>\n<figure id=\"attachment_8568\" aria-describedby=\"caption-attachment-8568\" style=\"width: 2848px\" class=\"wp-caption alignnone\"><img loading=\"lazy\" decoding=\"async\" data-attachment-id=\"8568\" data-permalink=\"https:\/\/stefan-taege.de\/kasia\/2017\/07\/13\/tanz-auf-dem-vulkan\/attachment\/817\/\" data-orig-file=\"https:\/\/i0.wp.com\/stefan-taege.de\/kasia\/wp-content\/uploads\/2017\/04\/817.jpg?fit=2848%2C2134&amp;ssl=1\" data-orig-size=\"2848,2134\" data-comments-opened=\"1\" data-image-meta=\"{&quot;aperture&quot;:&quot;4.8&quot;,&quot;credit&quot;:&quot;&quot;,&quot;camera&quot;:&quot;KODAK EASYSHARE C613 ZOOM DIGITAL CAMERA&quot;,&quot;caption&quot;:&quot;&quot;,&quot;created_timestamp&quot;:&quot;1280899791&quot;,&quot;copyright&quot;:&quot;&quot;,&quot;focal_length&quot;:&quot;6&quot;,&quot;iso&quot;:&quot;80&quot;,&quot;shutter_speed&quot;:&quot;0.002524&quot;,&quot;title&quot;:&quot;&quot;,&quot;orientation&quot;:&quot;1&quot;}\" data-image-title=\"817\" data-image-description=\"\" data-image-caption=\"\" data-medium-file=\"https:\/\/i0.wp.com\/stefan-taege.de\/kasia\/wp-content\/uploads\/2017\/04\/817.jpg?fit=300%2C225&amp;ssl=1\" data-large-file=\"https:\/\/i0.wp.com\/stefan-taege.de\/kasia\/wp-content\/uploads\/2017\/04\/817.jpg?fit=1020%2C764&amp;ssl=1\" tabindex=\"0\" role=\"button\" class=\"wp-image-8568 size-full\" src=\"https:\/\/i0.wp.com\/stefan-taege.de\/kasia\/wp-content\/uploads\/2017\/04\/817.jpg?resize=1020%2C764&#038;ssl=1\" alt=\"\" width=\"1020\" height=\"764\" srcset=\"https:\/\/i0.wp.com\/stefan-taege.de\/kasia\/wp-content\/uploads\/2017\/04\/817.jpg?w=2848&amp;ssl=1 2848w, https:\/\/i0.wp.com\/stefan-taege.de\/kasia\/wp-content\/uploads\/2017\/04\/817.jpg?resize=300%2C225&amp;ssl=1 300w, https:\/\/i0.wp.com\/stefan-taege.de\/kasia\/wp-content\/uploads\/2017\/04\/817.jpg?resize=768%2C575&amp;ssl=1 768w, https:\/\/i0.wp.com\/stefan-taege.de\/kasia\/wp-content\/uploads\/2017\/04\/817.jpg?resize=1024%2C767&amp;ssl=1 1024w, https:\/\/i0.wp.com\/stefan-taege.de\/kasia\/wp-content\/uploads\/2017\/04\/817.jpg?w=2040&amp;ssl=1 2040w\" sizes=\"(max-width: 1020px) 100vw, 1020px\" data-recalc-dims=\"1\" \/><figcaption id=\"caption-attachment-8568\" class=\"wp-caption-text\">Die unwirkliche Vulkanlandschaft auf dem \u00c4tna<\/figcaption><\/figure>\n<p>Und da das Stichwort vulkanische Aktivit\u00e4t fiel: War w\u00e4re ein Sizilien-Besuch ohne den Aufstieg zum <em>\u00c4tna<\/em>?<br \/>\nDie Seilbahn bringt Dich bis zur Bergstation La Montagnola auf 2500 H\u00f6henmeter, Kostenpunkt: 30 Euro pro Person (Erw.) Unbedingt w\u00e4rmere Kleidung einpacken, oben auf dem Berg sind die Temperaturen erheblich k\u00e4lter!<br \/>\nVon der Bergstation aus kannst Du Dich zu Fu\u00df zum Gipfel des Vulkans aufmachen (hier empfiehlt es sich, die Abfahrtszeiten der Seilbahn im Auge zu behalten, die letzte f\u00e4hrt irgendwann nachmittags um vier&#8230;) oder Du l\u00e4sst Dich mit einem Gel\u00e4ndewagen bis ganz nach oben zum Vulkankrater bringen (62 Euro\/Erw. Person, im Preis inbegriffen sind: Seilbahn, Fahrt mit dem Gel\u00e4ndewagen und eine F\u00fchrung inklusive)<\/p>\n<figure id=\"attachment_8371\" aria-describedby=\"caption-attachment-8371\" style=\"width: 2848px\" class=\"wp-caption alignnone\"><img loading=\"lazy\" decoding=\"async\" data-attachment-id=\"8371\" data-permalink=\"https:\/\/stefan-taege.de\/kasia\/2017\/06\/29\/die-tempel-von-agrigento\/attachment\/4952\/\" data-orig-file=\"https:\/\/i0.wp.com\/stefan-taege.de\/kasia\/wp-content\/uploads\/2017\/04\/4952-e1690202197958.jpg?fit=2847%2C1807&amp;ssl=1\" data-orig-size=\"2847,1807\" data-comments-opened=\"1\" data-image-meta=\"{&quot;aperture&quot;:&quot;4.8&quot;,&quot;credit&quot;:&quot;&quot;,&quot;camera&quot;:&quot;KODAK EASYSHARE C613 ZOOM DIGITAL CAMERA&quot;,&quot;caption&quot;:&quot;&quot;,&quot;created_timestamp&quot;:&quot;1280716489&quot;,&quot;copyright&quot;:&quot;&quot;,&quot;focal_length&quot;:&quot;6&quot;,&quot;iso&quot;:&quot;80&quot;,&quot;shutter_speed&quot;:&quot;0.001105&quot;,&quot;title&quot;:&quot;&quot;,&quot;orientation&quot;:&quot;1&quot;}\" data-image-title=\"4952\" data-image-description=\"\" data-image-caption=\"\" data-medium-file=\"https:\/\/i0.wp.com\/stefan-taege.de\/kasia\/wp-content\/uploads\/2017\/04\/4952-e1690202197958.jpg?fit=300%2C190&amp;ssl=1\" data-large-file=\"https:\/\/i0.wp.com\/stefan-taege.de\/kasia\/wp-content\/uploads\/2017\/04\/4952-e1690202197958.jpg?fit=1020%2C647&amp;ssl=1\" tabindex=\"0\" role=\"button\" class=\"wp-image-8371 size-full\" src=\"https:\/\/i0.wp.com\/stefan-taege.de\/kasia\/wp-content\/uploads\/2017\/04\/4952.jpg?resize=1020%2C764&#038;ssl=1\" alt=\"\" width=\"1020\" height=\"764\" data-recalc-dims=\"1\" \/><figcaption id=\"caption-attachment-8371\" class=\"wp-caption-text\">Im Tal der Tempel<\/figcaption><\/figure>\n<p><em>Die Tempel von Agrigento<\/em><br \/>\nDie Anlage ist ber\u00fchmt und, wenn Du Dich f\u00fcr Geschichte interessierst, auf jeden Fall sehenswert.<\/p>\n<p>Unser Lieblingsstrand am <em>Siculiana Marina<\/em> ist charmant und einen Besuch wert und wenn Du schon dabei bist, besteige auch gleich <em>Scala dei Turchi<\/em>, die Treppe der T\u00fcrken,\u00a0und schaue Dir das t\u00fcrkisene, karibisch anmutende Wasser von ganz oben an.<\/p>\n<p>Du siehst, es gibt hier viel zu entdecken und ein paar Tage am Strand sollte man sich auch g\u00f6nnen. Sizilien ist eine sehr vielseitige Insel, auf der Du Dich nicht langweilen wirst; plane hier also etwas mehr Zeit f\u00fcr Deinen Aufenthalt ein&#8230;<\/p>\n<figure id=\"attachment_9443\" aria-describedby=\"caption-attachment-9443\" style=\"width: 2848px\" class=\"wp-caption alignnone\"><img loading=\"lazy\" decoding=\"async\" data-attachment-id=\"9443\" data-permalink=\"https:\/\/stefan-taege.de\/kasia\/2017\/07\/30\/sizilien-und-die-menschen-dort\/attachment\/4557\/\" data-orig-file=\"https:\/\/i0.wp.com\/stefan-taege.de\/kasia\/wp-content\/uploads\/2017\/05\/4557.jpg?fit=2848%2C2134&amp;ssl=1\" data-orig-size=\"2848,2134\" data-comments-opened=\"1\" data-image-meta=\"{&quot;aperture&quot;:&quot;4.8&quot;,&quot;credit&quot;:&quot;&quot;,&quot;camera&quot;:&quot;KODAK EASYSHARE C613 ZOOM DIGITAL CAMERA&quot;,&quot;caption&quot;:&quot;&quot;,&quot;created_timestamp&quot;:&quot;1280981097&quot;,&quot;copyright&quot;:&quot;&quot;,&quot;focal_length&quot;:&quot;6&quot;,&quot;iso&quot;:&quot;80&quot;,&quot;shutter_speed&quot;:&quot;0.001529&quot;,&quot;title&quot;:&quot;&quot;,&quot;orientation&quot;:&quot;1&quot;}\" data-image-title=\"4557\" data-image-description=\"\" data-image-caption=\"\" data-medium-file=\"https:\/\/i0.wp.com\/stefan-taege.de\/kasia\/wp-content\/uploads\/2017\/05\/4557.jpg?fit=300%2C225&amp;ssl=1\" data-large-file=\"https:\/\/i0.wp.com\/stefan-taege.de\/kasia\/wp-content\/uploads\/2017\/05\/4557.jpg?fit=1020%2C764&amp;ssl=1\" tabindex=\"0\" role=\"button\" class=\"wp-image-9443 size-full\" src=\"https:\/\/i0.wp.com\/stefan-taege.de\/kasia\/wp-content\/uploads\/2017\/05\/4557.jpg?resize=1020%2C764&#038;ssl=1\" alt=\"\" width=\"1020\" height=\"764\" srcset=\"https:\/\/i0.wp.com\/stefan-taege.de\/kasia\/wp-content\/uploads\/2017\/05\/4557.jpg?w=2848&amp;ssl=1 2848w, https:\/\/i0.wp.com\/stefan-taege.de\/kasia\/wp-content\/uploads\/2017\/05\/4557.jpg?resize=300%2C225&amp;ssl=1 300w, https:\/\/i0.wp.com\/stefan-taege.de\/kasia\/wp-content\/uploads\/2017\/05\/4557.jpg?resize=768%2C575&amp;ssl=1 768w, https:\/\/i0.wp.com\/stefan-taege.de\/kasia\/wp-content\/uploads\/2017\/05\/4557.jpg?resize=1024%2C767&amp;ssl=1 1024w, https:\/\/i0.wp.com\/stefan-taege.de\/kasia\/wp-content\/uploads\/2017\/05\/4557.jpg?w=2040&amp;ssl=1 2040w\" sizes=\"(max-width: 1020px) 100vw, 1020px\" data-recalc-dims=\"1\" \/><figcaption id=\"caption-attachment-9443\" class=\"wp-caption-text\">Scala dei Turchi<\/figcaption><\/figure>\n<div class=\"shariff shariff-align-left shariff-widget-align-left\" data-services=\"facebook%7Cpinterest%7Ctumblr\" data-url=\"https:\/\/stefan-taege.de\/kasia\/2017\/07\/30\/sizilien-und-die-menschen-dort\/\" data-timestamp=\"1690229249\" data-backendurl=\"https:\/\/stefan-taege.de\/kasia\/wp-json\/shariff\/v1\/share_counts?\"><ul class=\"shariff-buttons theme-round orientation-horizontal buttonsize-medium\"><li class=\"shariff-button twitter shariff-nocustomcolor\" style=\"background-color:#595959\"><a href=\"https:\/\/twitter.com\/share?url=https%3A%2F%2Fstefan-taege.de%2Fkasia%2F2017%2F07%2F30%2Fsizilien-und-die-menschen-dort%2F&text=Sizilien%20und%20die%20Menschen%20dort%E2%80%A6\" title=\"Bei X teilen\" aria-label=\"Bei X teilen\" role=\"button\" rel=\"noopener nofollow\" class=\"shariff-link\" style=\"; background-color:#000; color:#fff\" target=\"_blank\"><span class=\"shariff-icon\" style=\"\"><svg width=\"32px\" height=\"20px\" xmlns=\"http:\/\/www.w3.org\/2000\/svg\" viewBox=\"0 0 24 24\"><path fill=\"#000\" d=\"M14.258 10.152L23.176 0h-2.113l-7.747 8.813L7.133 0H0l9.352 13.328L0 23.973h2.113l8.176-9.309 6.531 9.309h7.133zm-2.895 3.293l-.949-1.328L2.875 1.56h3.246l6.086 8.523.945 1.328 7.91 11.078h-3.246zm0 0\"\/><\/svg><\/span><\/a><\/li><li class=\"shariff-button facebook shariff-nocustomcolor\" style=\"background-color:#4273c8\"><a href=\"https:\/\/www.facebook.com\/sharer\/sharer.php?u=https%3A%2F%2Fstefan-taege.de%2Fkasia%2F2017%2F07%2F30%2Fsizilien-und-die-menschen-dort%2F\" title=\"Bei Facebook teilen\" aria-label=\"Bei Facebook teilen\" role=\"button\" rel=\"nofollow\" class=\"shariff-link\" style=\"; background-color:#3b5998; color:#fff\" target=\"_blank\"><span class=\"shariff-icon\" style=\"\"><svg width=\"32px\" height=\"20px\" xmlns=\"http:\/\/www.w3.org\/2000\/svg\" viewBox=\"0 0 18 32\"><path fill=\"#3b5998\" d=\"M17.1 0.2v4.7h-2.8q-1.5 0-2.1 0.6t-0.5 1.9v3.4h5.2l-0.7 5.3h-4.5v13.6h-5.5v-13.6h-4.5v-5.3h4.5v-3.9q0-3.3 1.9-5.2t5-1.8q2.6 0 4.1 0.2z\"\/><\/svg><\/span><span data-service=\"facebook\" style=\"color:#3b5998\" class=\"shariff-count shariff-hidezero\"><\/span>&nbsp;<\/a><\/li><li class=\"shariff-button pinterest shariff-nocustomcolor\" style=\"background-color:#e70f18\"><a href=\"https:\/\/www.pinterest.com\/pin\/create\/link\/?url=https%3A%2F%2Fstefan-taege.de%2Fkasia%2F2017%2F07%2F30%2Fsizilien-und-die-menschen-dort%2F&media=https%3A%2F%2Fstefan-taege.de%2Fkasia%2Fwp-content%2Fuploads%2F2017%2F05%2F6751-e1542998243507.jpg&description=Sizilien%20und%20die%20Menschen%20dort%E2%80%A6\" title=\"Bei Pinterest pinnen\" aria-label=\"Bei Pinterest pinnen\" role=\"button\" rel=\"noopener nofollow\" class=\"shariff-link\" style=\"; background-color:#cb2027; color:#fff\" target=\"_blank\"><span class=\"shariff-icon\" style=\"\"><svg width=\"32px\" height=\"20px\" xmlns=\"http:\/\/www.w3.org\/2000\/svg\" viewBox=\"0 0 27 32\"><path fill=\"#cb2027\" d=\"M27.4 16q0 3.7-1.8 6.9t-5 5-6.9 1.9q-2 0-3.9-0.6 1.1-1.7 1.4-2.9 0.2-0.6 1-3.8 0.4 0.7 1.3 1.2t2 0.5q2.1 0 3.8-1.2t2.7-3.4 0.9-4.8q0-2-1.1-3.8t-3.1-2.9-4.5-1.2q-1.9 0-3.5 0.5t-2.8 1.4-2 2-1.2 2.3-0.4 2.4q0 1.9 0.7 3.3t2.1 2q0.5 0.2 0.7-0.4 0-0.1 0.1-0.5t0.2-0.5q0.1-0.4-0.2-0.8-0.9-1.1-0.9-2.7 0-2.7 1.9-4.6t4.9-2q2.7 0 4.2 1.5t1.5 3.8q0 3-1.2 5.2t-3.1 2.1q-1.1 0-1.7-0.8t-0.4-1.9q0.1-0.6 0.5-1.7t0.5-1.8 0.2-1.4q0-0.9-0.5-1.5t-1.4-0.6q-1.1 0-1.9 1t-0.8 2.6q0 1.3 0.4 2.2l-1.8 7.5q-0.3 1.2-0.2 3.2-3.7-1.6-6-5t-2.3-7.6q0-3.7 1.9-6.9t5-5 6.9-1.9 6.9 1.9 5 5 1.8 6.9z\"\/><\/svg><\/span><span data-service=\"pinterest\" style=\"color:#cb2027\" class=\"shariff-count\"> 0<\/span>&nbsp;<\/a><\/li><li class=\"shariff-button tumblr shariff-nocustomcolor\" style=\"background-color:#529ecc\"><a href=\"https:\/\/www.tumblr.com\/widgets\/share\/tool?posttype=link&canonicalUrl=https%3A%2F%2Fstefan-taege.de%2Fkasia%2F2017%2F07%2F30%2Fsizilien-und-die-menschen-dort%2F&tags=stefan-taege.de\" title=\"Bei tumblr teilen\" aria-label=\"Bei tumblr teilen\" role=\"button\" rel=\"noopener nofollow\" class=\"shariff-link\" style=\"; background-color:#36465d; color:#fff\" target=\"_blank\"><span class=\"shariff-icon\" style=\"\"><svg width=\"32px\" height=\"20px\" xmlns=\"http:\/\/www.w3.org\/2000\/svg\" viewBox=\"0 0 32 32\"><path fill=\"#36465d\" d=\"M18 14l0 7.3c0 1.9 0 2.9 0.2 3.5 0.2 0.5 0.7 1.1 1.2 1.4 0.7 0.4 1.5 0.6 2.4 0.6 1.6 0 2.6-0.2 4.2-1.3v4.8c-1.4 0.6-2.6 1-3.7 1.3-1.1 0.3-2.3 0.4-3.6 0.4-1.5 0-2.3-0.2-3.4-0.6-1.1-0.4-2.1-0.9-2.9-1.6-0.8-0.7-1.3-1.4-1.7-2.2s-0.5-1.9-0.5-3.4v-11.2h-4.3v-4.5c1.3-0.4 2.7-1 3.6-1.8 0.9-0.8 1.6-1.7 2.2-2.7 0.5-1.1 0.9-2.4 1.1-4.1h5.2l0 8h8v6h-8z\"\/><\/svg><\/span><span data-service=\"tumblr\" style=\"color:#36465d\" class=\"shariff-count\"> 0<\/span>&nbsp;<\/a><\/li><li class=\"shariff-button xing shariff-nocustomcolor\" style=\"background-color:#29888a\"><a href=\"https:\/\/www.xing.com\/spi\/shares\/new?url=https%3A%2F%2Fstefan-taege.de%2Fkasia%2F2017%2F07%2F30%2Fsizilien-und-die-menschen-dort%2F\" title=\"Bei XING teilen\" aria-label=\"Bei XING teilen\" role=\"button\" rel=\"noopener nofollow\" class=\"shariff-link\" style=\"; background-color:#126567; color:#fff\" target=\"_blank\"><span class=\"shariff-icon\" style=\"\"><svg width=\"32px\" height=\"20px\" xmlns=\"http:\/\/www.w3.org\/2000\/svg\" viewBox=\"0 0 25 32\"><path fill=\"#126567\" d=\"M10.7 11.9q-0.2 0.3-4.6 8.2-0.5 0.8-1.2 0.8h-4.3q-0.4 0-0.5-0.3t0-0.6l4.5-8q0 0 0 0l-2.9-5q-0.2-0.4 0-0.7 0.2-0.3 0.5-0.3h4.3q0.7 0 1.2 0.8zM25.1 0.4q0.2 0.3 0 0.7l-9.4 16.7 6 11q0.2 0.4 0 0.6-0.2 0.3-0.6 0.3h-4.3q-0.7 0-1.2-0.8l-6-11.1q0.3-0.6 9.5-16.8 0.4-0.8 1.2-0.8h4.3q0.4 0 0.5 0.3z\"\/><\/svg><\/span><\/a><\/li><li class=\"shariff-button rss shariff-nocustomcolor\" style=\"background-color:#ff8c00\"><a href=\"https:\/\/stefan-taege.de\/kasia\/feed\/rss\/\" title=\"RSS-feed\" aria-label=\"RSS-feed\" role=\"button\" class=\"shariff-link\" style=\"; background-color:#fe9312; color:#fff\" target=\"_blank\"><span class=\"shariff-icon\" style=\"\"><svg width=\"32px\" height=\"20px\" xmlns=\"http:\/\/www.w3.org\/2000\/svg\" viewBox=\"0 0 32 32\"><path fill=\"#fe9312\" d=\"M4.3 23.5c-2.3 0-4.3 1.9-4.3 4.3 0 2.3 1.9 4.2 4.3 4.2 2.4 0 4.3-1.9 4.3-4.2 0-2.3-1.9-4.3-4.3-4.3zM0 10.9v6.1c4 0 7.7 1.6 10.6 4.4 2.8 2.8 4.4 6.6 4.4 10.6h6.2c0-11.7-9.5-21.1-21.1-21.1zM0 0v6.1c14.2 0 25.8 11.6 25.8 25.9h6.2c0-17.6-14.4-32-32-32z\"\/><\/svg><\/span><\/a><\/li><li class=\"shariff-button linkedin shariff-nocustomcolor\" style=\"background-color:#1488bf\"><a href=\"https:\/\/www.linkedin.com\/sharing\/share-offsite\/?url=https%3A%2F%2Fstefan-taege.de%2Fkasia%2F2017%2F07%2F30%2Fsizilien-und-die-menschen-dort%2F\" title=\"Bei LinkedIn teilen\" aria-label=\"Bei LinkedIn teilen\" role=\"button\" rel=\"noopener nofollow\" class=\"shariff-link\" style=\"; background-color:#0077b5; color:#fff\" target=\"_blank\"><span class=\"shariff-icon\" style=\"\"><svg width=\"32px\" height=\"20px\" xmlns=\"http:\/\/www.w3.org\/2000\/svg\" viewBox=\"0 0 27 32\"><path fill=\"#0077b5\" d=\"M6.2 11.2v17.7h-5.9v-17.7h5.9zM6.6 5.7q0 1.3-0.9 2.2t-2.4 0.9h0q-1.5 0-2.4-0.9t-0.9-2.2 0.9-2.2 2.4-0.9 2.4 0.9 0.9 2.2zM27.4 18.7v10.1h-5.9v-9.5q0-1.9-0.7-2.9t-2.3-1.1q-1.1 0-1.9 0.6t-1.2 1.5q-0.2 0.5-0.2 1.4v9.9h-5.9q0-7.1 0-11.6t0-5.3l0-0.9h5.9v2.6h0q0.4-0.6 0.7-1t1-0.9 1.6-0.8 2-0.3q3 0 4.9 2t1.9 6z\"\/><\/svg><\/span><\/a><\/li><\/ul><\/div>","protected":false},"excerpt":{"rendered":"<p>Die Insel auf einen Blick? Gar nicht so einfach&#8230; Denn obgleich sich fast alle Klischees bereits nach den ersten Tagen &hellip; <\/p>\n","protected":false},"author":1,"featured_media":9433,"comment_status":"open","ping_status":"open","sticky":false,"template":"","format":"standard","meta":{"jetpack_post_was_ever_published":false,"_jetpack_newsletter_access":"","_jetpack_dont_email_post_to_subs":false,"_jetpack_newsletter_tier_id":0,"_jetpack_memberships_contains_paywalled_content":false,"footnotes":"","_jetpack_memberships_contains_paid_content":false},"categories":[1292,727],"tags":[1430,1421,1102,1510,1423,1283,1427,1514,1428,1110,1515,1508,1284],"yoast_head":"<!-- This site is optimized with the Yoast SEO plugin v23.5 - https:\/\/yoast.com\/wordpress\/plugins\/seo\/ -->\n<title>Sizilien und die Menschen dort... - windrose.rocks<\/title>\n<meta name=\"description\" content=\"Sizilien. Die Insel auf einen Blick? Gar nicht so einfach... Denn obgleich sich fast alle Klischees bereits nach den ersten Tagen verfl\u00fcchtigt zu haben scheinen, so tauchte das eine oder andere Klischee als unerwartete Best\u00e4tigung doch noch am Ende unserer Reise wieder auf...\" \/>\n<meta name=\"robots\" content=\"index, follow, max-snippet:-1, max-image-preview:large, max-video-preview:-1\" \/>\n<link rel=\"canonical\" href=\"https:\/\/stefan-taege.de\/kasia\/2017\/07\/30\/sizilien-und-die-menschen-dort\/\" \/>\n<meta name=\"twitter:label1\" content=\"Verfasst von\" \/>\n\t<meta name=\"twitter:data1\" content=\"Kasia\" \/>\n\t<meta name=\"twitter:label2\" content=\"Gesch\u00e4tzte Lesezeit\" \/>\n\t<meta name=\"twitter:data2\" content=\"12\u00a0Minuten\" \/>\n<script type=\"application\/ld+json\" class=\"yoast-schema-graph\">{\"@context\":\"https:\/\/schema.org\",\"@graph\":[{\"@type\":\"WebPage\",\"@id\":\"https:\/\/stefan-taege.de\/kasia\/2017\/07\/30\/sizilien-und-die-menschen-dort\/\",\"url\":\"https:\/\/stefan-taege.de\/kasia\/2017\/07\/30\/sizilien-und-die-menschen-dort\/\",\"name\":\"Sizilien und die Menschen dort... - windrose.rocks\",\"isPartOf\":{\"@id\":\"https:\/\/stefan-taege.de\/kasia\/#website\"},\"primaryImageOfPage\":{\"@id\":\"https:\/\/stefan-taege.de\/kasia\/2017\/07\/30\/sizilien-und-die-menschen-dort\/#primaryimage\"},\"image\":{\"@id\":\"https:\/\/stefan-taege.de\/kasia\/2017\/07\/30\/sizilien-und-die-menschen-dort\/#primaryimage\"},\"thumbnailUrl\":\"https:\/\/i0.wp.com\/stefan-taege.de\/kasia\/wp-content\/uploads\/2017\/05\/6751-e1542998243507.jpg?fit=2847%2C1623&ssl=1\",\"datePublished\":\"2017-07-30T03:00:55+00:00\",\"dateModified\":\"2023-07-24T18:07:29+00:00\",\"author\":{\"@id\":\"https:\/\/stefan-taege.de\/kasia\/#\/schema\/person\/873b01562fbd03e9caa51512b2cb800f\"},\"description\":\"Sizilien. Die Insel auf einen Blick? Gar nicht so einfach... Denn obgleich sich fast alle Klischees bereits nach den ersten Tagen verfl\u00fcchtigt zu haben scheinen, so tauchte das eine oder andere Klischee als unerwartete Best\u00e4tigung doch noch am Ende unserer Reise wieder auf...\",\"breadcrumb\":{\"@id\":\"https:\/\/stefan-taege.de\/kasia\/2017\/07\/30\/sizilien-und-die-menschen-dort\/#breadcrumb\"},\"inLanguage\":\"de\",\"potentialAction\":[{\"@type\":\"ReadAction\",\"target\":[\"https:\/\/stefan-taege.de\/kasia\/2017\/07\/30\/sizilien-und-die-menschen-dort\/\"]}]},{\"@type\":\"ImageObject\",\"inLanguage\":\"de\",\"@id\":\"https:\/\/stefan-taege.de\/kasia\/2017\/07\/30\/sizilien-und-die-menschen-dort\/#primaryimage\",\"url\":\"https:\/\/i0.wp.com\/stefan-taege.de\/kasia\/wp-content\/uploads\/2017\/05\/6751-e1542998243507.jpg?fit=2847%2C1623&ssl=1\",\"contentUrl\":\"https:\/\/i0.wp.com\/stefan-taege.de\/kasia\/wp-content\/uploads\/2017\/05\/6751-e1542998243507.jpg?fit=2847%2C1623&ssl=1\",\"width\":2847,\"height\":1623},{\"@type\":\"BreadcrumbList\",\"@id\":\"https:\/\/stefan-taege.de\/kasia\/2017\/07\/30\/sizilien-und-die-menschen-dort\/#breadcrumb\",\"itemListElement\":[{\"@type\":\"ListItem\",\"position\":1,\"name\":\"Startseite\",\"item\":\"https:\/\/stefan-taege.de\/kasia\/\"},{\"@type\":\"ListItem\",\"position\":2,\"name\":\"Sizilien und die Menschen dort&#8230;\"}]},{\"@type\":\"WebSite\",\"@id\":\"https:\/\/stefan-taege.de\/kasia\/#website\",\"url\":\"https:\/\/stefan-taege.de\/kasia\/\",\"name\":\"windrose.rocks\",\"description\":\"Erz\u00e4hlungen einer Reisenden\",\"potentialAction\":[{\"@type\":\"SearchAction\",\"target\":{\"@type\":\"EntryPoint\",\"urlTemplate\":\"https:\/\/stefan-taege.de\/kasia\/?s={search_term_string}\"},\"query-input\":{\"@type\":\"PropertyValueSpecification\",\"valueRequired\":true,\"valueName\":\"search_term_string\"}}],\"inLanguage\":\"de\"},{\"@type\":\"Person\",\"@id\":\"https:\/\/stefan-taege.de\/kasia\/#\/schema\/person\/873b01562fbd03e9caa51512b2cb800f\",\"name\":\"Kasia\",\"image\":{\"@type\":\"ImageObject\",\"inLanguage\":\"de\",\"@id\":\"https:\/\/stefan-taege.de\/kasia\/#\/schema\/person\/image\/\",\"url\":\"https:\/\/secure.gravatar.com\/avatar\/b89791b780bc4ea83cc74789dc368178?s=96&d=mm&r=pg\",\"contentUrl\":\"https:\/\/secure.gravatar.com\/avatar\/b89791b780bc4ea83cc74789dc368178?s=96&d=mm&r=pg\",\"caption\":\"Kasia\"},\"description\":\"Hi, ich bin Kasia, die Stimme von \\\"windrose.rocks\\\" :-) Treibt Dich die Frage um, was sich denn alles jenseits der heimischen Couch verbirgt, bist Du rastlos und neugierig wie ich und sp\u00fcrst den Drang in Dir, in die Welt hinaus zu gehen? Dann tue es! Ich nehme Dich mit auf meine Reisen und lasse Dich hautnah das Unterwegs sein miterleben - in all seinen Facetten. Lass Dich inspirieren, komm mit mir und warte nicht l\u00e4nger, denn... die Welt ist so gro\u00df und wir sind so klein, und es gibt noch so viel zu sehen! Die Welt wartet auf uns.\",\"sameAs\":[\"https:\/\/stefan-taege.de\/kasia\/\"],\"url\":\"https:\/\/stefan-taege.de\/kasia\/author\/kasia\/\"}]}<\/script>\n<!-- \/ Yoast SEO plugin. -->","yoast_head_json":{"title":"Sizilien und die Menschen dort... - windrose.rocks","description":"Sizilien. Die Insel auf einen Blick? Gar nicht so einfach... Denn obgleich sich fast alle Klischees bereits nach den ersten Tagen verfl\u00fcchtigt zu haben scheinen, so tauchte das eine oder andere Klischee als unerwartete Best\u00e4tigung doch noch am Ende unserer Reise wieder auf...","robots":{"index":"index","follow":"follow","max-snippet":"max-snippet:-1","max-image-preview":"max-image-preview:large","max-video-preview":"max-video-preview:-1"},"canonical":"https:\/\/stefan-taege.de\/kasia\/2017\/07\/30\/sizilien-und-die-menschen-dort\/","twitter_misc":{"Verfasst von":"Kasia","Gesch\u00e4tzte Lesezeit":"12\u00a0Minuten"},"schema":{"@context":"https:\/\/schema.org","@graph":[{"@type":"WebPage","@id":"https:\/\/stefan-taege.de\/kasia\/2017\/07\/30\/sizilien-und-die-menschen-dort\/","url":"https:\/\/stefan-taege.de\/kasia\/2017\/07\/30\/sizilien-und-die-menschen-dort\/","name":"Sizilien und die Menschen dort... - windrose.rocks","isPartOf":{"@id":"https:\/\/stefan-taege.de\/kasia\/#website"},"primaryImageOfPage":{"@id":"https:\/\/stefan-taege.de\/kasia\/2017\/07\/30\/sizilien-und-die-menschen-dort\/#primaryimage"},"image":{"@id":"https:\/\/stefan-taege.de\/kasia\/2017\/07\/30\/sizilien-und-die-menschen-dort\/#primaryimage"},"thumbnailUrl":"https:\/\/i0.wp.com\/stefan-taege.de\/kasia\/wp-content\/uploads\/2017\/05\/6751-e1542998243507.jpg?fit=2847%2C1623&ssl=1","datePublished":"2017-07-30T03:00:55+00:00","dateModified":"2023-07-24T18:07:29+00:00","author":{"@id":"https:\/\/stefan-taege.de\/kasia\/#\/schema\/person\/873b01562fbd03e9caa51512b2cb800f"},"description":"Sizilien. Die Insel auf einen Blick? Gar nicht so einfach... Denn obgleich sich fast alle Klischees bereits nach den ersten Tagen verfl\u00fcchtigt zu haben scheinen, so tauchte das eine oder andere Klischee als unerwartete Best\u00e4tigung doch noch am Ende unserer Reise wieder auf...","breadcrumb":{"@id":"https:\/\/stefan-taege.de\/kasia\/2017\/07\/30\/sizilien-und-die-menschen-dort\/#breadcrumb"},"inLanguage":"de","potentialAction":[{"@type":"ReadAction","target":["https:\/\/stefan-taege.de\/kasia\/2017\/07\/30\/sizilien-und-die-menschen-dort\/"]}]},{"@type":"ImageObject","inLanguage":"de","@id":"https:\/\/stefan-taege.de\/kasia\/2017\/07\/30\/sizilien-und-die-menschen-dort\/#primaryimage","url":"https:\/\/i0.wp.com\/stefan-taege.de\/kasia\/wp-content\/uploads\/2017\/05\/6751-e1542998243507.jpg?fit=2847%2C1623&ssl=1","contentUrl":"https:\/\/i0.wp.com\/stefan-taege.de\/kasia\/wp-content\/uploads\/2017\/05\/6751-e1542998243507.jpg?fit=2847%2C1623&ssl=1","width":2847,"height":1623},{"@type":"BreadcrumbList","@id":"https:\/\/stefan-taege.de\/kasia\/2017\/07\/30\/sizilien-und-die-menschen-dort\/#breadcrumb","itemListElement":[{"@type":"ListItem","position":1,"name":"Startseite","item":"https:\/\/stefan-taege.de\/kasia\/"},{"@type":"ListItem","position":2,"name":"Sizilien und die Menschen dort&#8230;"}]},{"@type":"WebSite","@id":"https:\/\/stefan-taege.de\/kasia\/#website","url":"https:\/\/stefan-taege.de\/kasia\/","name":"windrose.rocks","description":"Erz\u00e4hlungen einer Reisenden","potentialAction":[{"@type":"SearchAction","target":{"@type":"EntryPoint","urlTemplate":"https:\/\/stefan-taege.de\/kasia\/?s={search_term_string}"},"query-input":{"@type":"PropertyValueSpecification","valueRequired":true,"valueName":"search_term_string"}}],"inLanguage":"de"},{"@type":"Person","@id":"https:\/\/stefan-taege.de\/kasia\/#\/schema\/person\/873b01562fbd03e9caa51512b2cb800f","name":"Kasia","image":{"@type":"ImageObject","inLanguage":"de","@id":"https:\/\/stefan-taege.de\/kasia\/#\/schema\/person\/image\/","url":"https:\/\/secure.gravatar.com\/avatar\/b89791b780bc4ea83cc74789dc368178?s=96&d=mm&r=pg","contentUrl":"https:\/\/secure.gravatar.com\/avatar\/b89791b780bc4ea83cc74789dc368178?s=96&d=mm&r=pg","caption":"Kasia"},"description":"Hi, ich bin Kasia, die Stimme von \"windrose.rocks\" :-) Treibt Dich die Frage um, was sich denn alles jenseits der heimischen Couch verbirgt, bist Du rastlos und neugierig wie ich und sp\u00fcrst den Drang in Dir, in die Welt hinaus zu gehen? Dann tue es! Ich nehme Dich mit auf meine Reisen und lasse Dich hautnah das Unterwegs sein miterleben - in all seinen Facetten. Lass Dich inspirieren, komm mit mir und warte nicht l\u00e4nger, denn... die Welt ist so gro\u00df und wir sind so klein, und es gibt noch so viel zu sehen! Die Welt wartet auf uns.","sameAs":["https:\/\/stefan-taege.de\/kasia\/"],"url":"https:\/\/stefan-taege.de\/kasia\/author\/kasia\/"}]}},"jetpack_sharing_enabled":true,"jetpack_featured_media_url":"https:\/\/i0.wp.com\/stefan-taege.de\/kasia\/wp-content\/uploads\/2017\/05\/6751-e1542998243507.jpg?fit=2847%2C1623&ssl=1","jetpack_shortlink":"https:\/\/wp.me\/p7Ku1E-2nf","_links":{"self":[{"href":"https:\/\/stefan-taege.de\/kasia\/wp-json\/wp\/v2\/posts\/9129"}],"collection":[{"href":"https:\/\/stefan-taege.de\/kasia\/wp-json\/wp\/v2\/posts"}],"about":[{"href":"https:\/\/stefan-taege.de\/kasia\/wp-json\/wp\/v2\/types\/post"}],"author":[{"embeddable":true,"href":"https:\/\/stefan-taege.de\/kasia\/wp-json\/wp\/v2\/users\/1"}],"replies":[{"embeddable":true,"href":"https:\/\/stefan-taege.de\/kasia\/wp-json\/wp\/v2\/comments?post=9129"}],"version-history":[{"count":10,"href":"https:\/\/stefan-taege.de\/kasia\/wp-json\/wp\/v2\/posts\/9129\/revisions"}],"predecessor-version":[{"id":43302,"href":"https:\/\/stefan-taege.de\/kasia\/wp-json\/wp\/v2\/posts\/9129\/revisions\/43302"}],"wp:featuredmedia":[{"embeddable":true,"href":"https:\/\/stefan-taege.de\/kasia\/wp-json\/wp\/v2\/media\/9433"}],"wp:attachment":[{"href":"https:\/\/stefan-taege.de\/kasia\/wp-json\/wp\/v2\/media?parent=9129"}],"wp:term":[{"taxonomy":"category","embeddable":true,"href":"https:\/\/stefan-taege.de\/kasia\/wp-json\/wp\/v2\/categories?post=9129"},{"taxonomy":"post_tag","embeddable":true,"href":"https:\/\/stefan-taege.de\/kasia\/wp-json\/wp\/v2\/tags?post=9129"}],"curies":[{"name":"wp","href":"https:\/\/api.w.org\/{rel}","templated":true}]}}