{"id":46676,"date":"2024-09-06T07:39:23","date_gmt":"2024-09-06T05:39:23","guid":{"rendered":"https:\/\/stefan-taege.de\/kasia\/?p=46676"},"modified":"2024-10-13T17:56:18","modified_gmt":"2024-10-13T15:56:18","slug":"moldawien-orheiul-vechi","status":"publish","type":"post","link":"https:\/\/stefan-taege.de\/kasia\/2024\/09\/06\/moldawien-orheiul-vechi\/","title":{"rendered":"Moldawien &#8211; Orheiul Vechi"},"content":{"rendered":"<p>01.06.2024<\/p>\n<p>Ich mache mich auf, denn ich will nach Soroca, in die inoffizielle Hauptstadt der Roma im Nordosten des Landes. Doch bevor ich dort ankomme, habe ich noch so einiges zu besichtigen. Altehrw\u00fcrdige Kl\u00f6ster, die auf mich warten, zudem jede Menge Eindr\u00fccke von unterwegs.<!--more--><\/p>\n<p>Beim Fr\u00fchst\u00fcck stellt sich heraus, dass meine Vermieter \u00fcberaus besorgt waren. Sie haben mich am Vortag nicht nach Hause kommen sehen, und das weit weg geparkte Auto (das gestern nicht bewegt wurde) wurde von ihnen nicht entdeckt. Touristin weg, Auto weg. Als ich mich um sieben aus der Wohnung sch\u00e4le, steht der Vermieter h\u00e4nderingend da.<\/p>\n<p>An gleich drei Polizeikontrollen fahre ich vorbei, alle im Raum Kischinau. Nach dem feierw\u00fctigen Freitag gestern Abend kontrollieren sie heute vermutlich auf Alkohol. Ein wenig mache ich mir Sorgen, schlie\u00dflich ist die Besichtigung der Weinkellerei einige Stunden her, aber wer wei\u00df&#8230; doch niemand h\u00e4lt mich an. Ich habe das Gl\u00fcck der Dummen gepachtet.<\/p>\n<p>Bei Kischinau &#8211; der \u00fcbliche, dichte Verkehr. Aber der Weg f\u00fchrt nun mal um die Stadt herum. Es gibt eine Umgehungsstra\u00dfe und, sobald man die passiert hat, lockert sich das Fahrzeugaufkommen. Die Moldawen sind entspannte Autofahrer. Sie dr\u00e4ngeln nicht, \u00fcben kein Druck aus. Wenn du ihnen zu langsam bist, setzen sie sich in angemessenem Abstand hinter dich und \u00fcberholen dich, sobald die M\u00f6glichkeit besteht. Was bei mir oft der Fall ist, denn im Gegensatz zu den Einheimischen halte ich mich an die Geschwindigkeitsregeln.<\/p>\n<p><img loading=\"lazy\" decoding=\"async\" data-attachment-id=\"46859\" data-permalink=\"https:\/\/stefan-taege.de\/kasia\/2024\/09\/06\/moldawien-orheiul-vechi\/20240601_101051\/\" data-orig-file=\"https:\/\/i0.wp.com\/stefan-taege.de\/kasia\/wp-content\/uploads\/2024\/09\/20240601_101051.jpg?fit=1020%2C574&amp;ssl=1\" data-orig-size=\"1020,574\" data-comments-opened=\"1\" data-image-meta=\"{&quot;aperture&quot;:&quot;2.4&quot;,&quot;credit&quot;:&quot;&quot;,&quot;camera&quot;:&quot;SM-G965F&quot;,&quot;caption&quot;:&quot;&quot;,&quot;created_timestamp&quot;:&quot;1717236651&quot;,&quot;copyright&quot;:&quot;&quot;,&quot;focal_length&quot;:&quot;4.3&quot;,&quot;iso&quot;:&quot;50&quot;,&quot;shutter_speed&quot;:&quot;0.000650195058518&quot;,&quot;title&quot;:&quot;&quot;,&quot;orientation&quot;:&quot;1&quot;}\" data-image-title=\"Moldawien\" data-image-description=\"\" data-image-caption=\"\" data-medium-file=\"https:\/\/i0.wp.com\/stefan-taege.de\/kasia\/wp-content\/uploads\/2024\/09\/20240601_101051.jpg?fit=300%2C169&amp;ssl=1\" data-large-file=\"https:\/\/i0.wp.com\/stefan-taege.de\/kasia\/wp-content\/uploads\/2024\/09\/20240601_101051.jpg?fit=1020%2C574&amp;ssl=1\" tabindex=\"0\" role=\"button\" class=\"alignnone size-full wp-image-46859\" src=\"https:\/\/i0.wp.com\/stefan-taege.de\/kasia\/wp-content\/uploads\/2024\/09\/20240601_101051.jpg?resize=1020%2C574&#038;ssl=1\" alt=\"\" width=\"1020\" height=\"574\" srcset=\"https:\/\/i0.wp.com\/stefan-taege.de\/kasia\/wp-content\/uploads\/2024\/09\/20240601_101051.jpg?w=1020&amp;ssl=1 1020w, https:\/\/i0.wp.com\/stefan-taege.de\/kasia\/wp-content\/uploads\/2024\/09\/20240601_101051.jpg?resize=300%2C169&amp;ssl=1 300w, https:\/\/i0.wp.com\/stefan-taege.de\/kasia\/wp-content\/uploads\/2024\/09\/20240601_101051.jpg?resize=150%2C84&amp;ssl=1 150w, https:\/\/i0.wp.com\/stefan-taege.de\/kasia\/wp-content\/uploads\/2024\/09\/20240601_101051.jpg?resize=768%2C432&amp;ssl=1 768w\" sizes=\"(max-width: 1020px) 100vw, 1020px\" data-recalc-dims=\"1\" \/><\/p>\n<p>&nbsp;<\/p>\n<h3>Das Land<\/h3>\n<p>Es ist recht sch\u00f6n, dieses Moldawien &#8211; denke ich mir. Die Stra\u00dfen sind gr\u00f6\u00dftenteils in gutem Zustand, vor allem die Fernstra\u00dfen. L\u00f6chrige Fahrbahnen kommen auf den kleineren Wegen zwischen den Ortschaften hin und wieder vor, doch bei weitem nicht so h\u00e4ufig, wie in den Schreckensmeldungen der vor mir hierher reisenden zu h\u00f6ren und zu lesen war. Immer wieder sehe ich neue H\u00e4user. Die Menschen bauen. Die D\u00f6rfer sind gepflegt, die H\u00e4user sind entweder neu oder frisch gestrichen, die G\u00e4rten bl\u00fchen. Es gibt eine ausreichende Abdeckung an Tankstellen, Toiletten und Trinkwasserstationen, die meist aus einem einfachen Brunnen mit Grundwasser bestehen. Nach einem kurzen Blick in einen dieser Brunnen entscheide ich, das Wasser nicht zu trinken. Manch ein Brunnen besitzt eine Pumpe oder einen Wasserhahn &#8211; hier ist das Wasser frisch und k\u00f6stlich. An anderen wiederum wird das Wasser auf alte Art mit dem Eimer hinauf gezogen.<\/p>\n<p><img loading=\"lazy\" decoding=\"async\" data-attachment-id=\"46860\" data-permalink=\"https:\/\/stefan-taege.de\/kasia\/2024\/09\/06\/moldawien-orheiul-vechi\/20240601_130428\/\" data-orig-file=\"https:\/\/i0.wp.com\/stefan-taege.de\/kasia\/wp-content\/uploads\/2024\/09\/20240601_130428.jpg?fit=1020%2C765&amp;ssl=1\" data-orig-size=\"1020,765\" data-comments-opened=\"1\" data-image-meta=\"{&quot;aperture&quot;:&quot;2.4&quot;,&quot;credit&quot;:&quot;&quot;,&quot;camera&quot;:&quot;SM-G965F&quot;,&quot;caption&quot;:&quot;&quot;,&quot;created_timestamp&quot;:&quot;1717247068&quot;,&quot;copyright&quot;:&quot;&quot;,&quot;focal_length&quot;:&quot;4.3&quot;,&quot;iso&quot;:&quot;50&quot;,&quot;shutter_speed&quot;:&quot;0.02&quot;,&quot;title&quot;:&quot;&quot;,&quot;orientation&quot;:&quot;1&quot;}\" data-image-title=\"Wasserbrunnen in Moldawien\" data-image-description=\"\" data-image-caption=\"\" data-medium-file=\"https:\/\/i0.wp.com\/stefan-taege.de\/kasia\/wp-content\/uploads\/2024\/09\/20240601_130428.jpg?fit=300%2C225&amp;ssl=1\" data-large-file=\"https:\/\/i0.wp.com\/stefan-taege.de\/kasia\/wp-content\/uploads\/2024\/09\/20240601_130428.jpg?fit=1020%2C765&amp;ssl=1\" tabindex=\"0\" role=\"button\" class=\"alignnone size-full wp-image-46860\" src=\"https:\/\/i0.wp.com\/stefan-taege.de\/kasia\/wp-content\/uploads\/2024\/09\/20240601_130428.jpg?resize=1020%2C765&#038;ssl=1\" alt=\"\" width=\"1020\" height=\"765\" srcset=\"https:\/\/i0.wp.com\/stefan-taege.de\/kasia\/wp-content\/uploads\/2024\/09\/20240601_130428.jpg?w=1020&amp;ssl=1 1020w, https:\/\/i0.wp.com\/stefan-taege.de\/kasia\/wp-content\/uploads\/2024\/09\/20240601_130428.jpg?resize=300%2C225&amp;ssl=1 300w, https:\/\/i0.wp.com\/stefan-taege.de\/kasia\/wp-content\/uploads\/2024\/09\/20240601_130428.jpg?resize=150%2C113&amp;ssl=1 150w, https:\/\/i0.wp.com\/stefan-taege.de\/kasia\/wp-content\/uploads\/2024\/09\/20240601_130428.jpg?resize=768%2C576&amp;ssl=1 768w\" sizes=\"(max-width: 1020px) 100vw, 1020px\" data-recalc-dims=\"1\" \/><\/p>\n<p>Die Landschaft &#8211; wellig, gepr\u00e4gt von Feldern, langen Streifen zu bearbeiteten Landes. Selten trifft man auf K\u00fche an der Stra\u00dfe. Ziegen stehen in kleinen D\u00f6rfern nahe der Wege. Jedoch noch nie habe ich Tiere auf der Fahrbahn oder gar beim \u00dcberqueren selbiger gesehen, wie das in Georgien oft der Fall war.<\/p>\n<p><img loading=\"lazy\" decoding=\"async\" data-attachment-id=\"46861\" data-permalink=\"https:\/\/stefan-taege.de\/kasia\/2024\/09\/06\/moldawien-orheiul-vechi\/20240601_101034\/\" data-orig-file=\"https:\/\/i0.wp.com\/stefan-taege.de\/kasia\/wp-content\/uploads\/2024\/09\/20240601_101034.jpg?fit=1020%2C574&amp;ssl=1\" data-orig-size=\"1020,574\" data-comments-opened=\"1\" data-image-meta=\"{&quot;aperture&quot;:&quot;2.4&quot;,&quot;credit&quot;:&quot;&quot;,&quot;camera&quot;:&quot;SM-G965F&quot;,&quot;caption&quot;:&quot;&quot;,&quot;created_timestamp&quot;:&quot;1717236634&quot;,&quot;copyright&quot;:&quot;&quot;,&quot;focal_length&quot;:&quot;6&quot;,&quot;iso&quot;:&quot;25&quot;,&quot;shutter_speed&quot;:&quot;0.00135135135135&quot;,&quot;title&quot;:&quot;&quot;,&quot;orientation&quot;:&quot;1&quot;}\" data-image-title=\"Moldawien, Landschaft\" data-image-description=\"\" data-image-caption=\"\" data-medium-file=\"https:\/\/i0.wp.com\/stefan-taege.de\/kasia\/wp-content\/uploads\/2024\/09\/20240601_101034.jpg?fit=300%2C169&amp;ssl=1\" data-large-file=\"https:\/\/i0.wp.com\/stefan-taege.de\/kasia\/wp-content\/uploads\/2024\/09\/20240601_101034.jpg?fit=1020%2C574&amp;ssl=1\" tabindex=\"0\" role=\"button\" class=\"alignnone size-full wp-image-46861\" src=\"https:\/\/i0.wp.com\/stefan-taege.de\/kasia\/wp-content\/uploads\/2024\/09\/20240601_101034.jpg?resize=1020%2C574&#038;ssl=1\" alt=\"\" width=\"1020\" height=\"574\" srcset=\"https:\/\/i0.wp.com\/stefan-taege.de\/kasia\/wp-content\/uploads\/2024\/09\/20240601_101034.jpg?w=1020&amp;ssl=1 1020w, https:\/\/i0.wp.com\/stefan-taege.de\/kasia\/wp-content\/uploads\/2024\/09\/20240601_101034.jpg?resize=300%2C169&amp;ssl=1 300w, https:\/\/i0.wp.com\/stefan-taege.de\/kasia\/wp-content\/uploads\/2024\/09\/20240601_101034.jpg?resize=150%2C84&amp;ssl=1 150w, https:\/\/i0.wp.com\/stefan-taege.de\/kasia\/wp-content\/uploads\/2024\/09\/20240601_101034.jpg?resize=768%2C432&amp;ssl=1 768w\" sizes=\"(max-width: 1020px) 100vw, 1020px\" data-recalc-dims=\"1\" \/><\/p>\n<p>Die Menschen sind entspannt. Jeder k\u00fcmmert sich um seinen Alltag. Das sonnige Moldawien, das ich kennenlerne, das bl\u00fchende Moldawien &#8211; das sich erneuernde Moldawien, w\u00fcrde ich fast schon sagen &#8211; \u00fcbersteigt meine Erwartungen. Was nicht schwer ist, denn ich habe nichts erwartet. Die Stra\u00dfen werden immer einsamer, die Landschaft daf\u00fcr immer sch\u00f6ner. Ikonen, Heiligenfiguren, in grellen Farben bemalt, stehen an Weggabelungen, au\u00dferhalb wie auch inmitten der D\u00f6rfer. Die D\u00f6rfer selbst: himmelblau bemalte Z\u00e4une, fantasievolle Fenstereinrahmungen. Ich n\u00e4here mich dem <em>Monastery<\/em>, dem Kloster <em>Orheiul Vechi<\/em>, im gleichnamigen Ort gelegen, der mir von vielen Einheimischen in und au\u00dferhalb Moldawiens als lohnenswertes Besuchsziel angepriesen wird.<\/p>\n<p>&nbsp;<\/p>\n<h3>Orheiul Vechi<\/h3>\n<figure id=\"attachment_46863\" aria-describedby=\"caption-attachment-46863\" style=\"width: 1020px\" class=\"wp-caption alignnone\"><img loading=\"lazy\" decoding=\"async\" data-attachment-id=\"46863\" data-permalink=\"https:\/\/stefan-taege.de\/kasia\/2024\/09\/06\/moldawien-orheiul-vechi\/20240601_102646kop\/\" data-orig-file=\"https:\/\/i0.wp.com\/stefan-taege.de\/kasia\/wp-content\/uploads\/2024\/09\/20240601_102646kop.jpg?fit=1020%2C574&amp;ssl=1\" data-orig-size=\"1020,574\" data-comments-opened=\"1\" data-image-meta=\"{&quot;aperture&quot;:&quot;2.4&quot;,&quot;credit&quot;:&quot;&quot;,&quot;camera&quot;:&quot;SM-G965F&quot;,&quot;caption&quot;:&quot;&quot;,&quot;created_timestamp&quot;:&quot;1717237606&quot;,&quot;copyright&quot;:&quot;&quot;,&quot;focal_length&quot;:&quot;6&quot;,&quot;iso&quot;:&quot;25&quot;,&quot;shutter_speed&quot;:&quot;0.00224215246637&quot;,&quot;title&quot;:&quot;&quot;,&quot;orientation&quot;:&quot;0&quot;}\" data-image-title=\"Orheiul Vechi\" data-image-description=\"\" data-image-caption=\"&lt;p&gt;Orheiul Vechi&lt;\/p&gt;\n\" data-medium-file=\"https:\/\/i0.wp.com\/stefan-taege.de\/kasia\/wp-content\/uploads\/2024\/09\/20240601_102646kop.jpg?fit=300%2C169&amp;ssl=1\" data-large-file=\"https:\/\/i0.wp.com\/stefan-taege.de\/kasia\/wp-content\/uploads\/2024\/09\/20240601_102646kop.jpg?fit=1020%2C574&amp;ssl=1\" tabindex=\"0\" role=\"button\" class=\"size-full wp-image-46863\" src=\"https:\/\/i0.wp.com\/stefan-taege.de\/kasia\/wp-content\/uploads\/2024\/09\/20240601_102646kop.jpg?resize=1020%2C574&#038;ssl=1\" alt=\"\" width=\"1020\" height=\"574\" srcset=\"https:\/\/i0.wp.com\/stefan-taege.de\/kasia\/wp-content\/uploads\/2024\/09\/20240601_102646kop.jpg?w=1020&amp;ssl=1 1020w, https:\/\/i0.wp.com\/stefan-taege.de\/kasia\/wp-content\/uploads\/2024\/09\/20240601_102646kop.jpg?resize=300%2C169&amp;ssl=1 300w, https:\/\/i0.wp.com\/stefan-taege.de\/kasia\/wp-content\/uploads\/2024\/09\/20240601_102646kop.jpg?resize=150%2C84&amp;ssl=1 150w, https:\/\/i0.wp.com\/stefan-taege.de\/kasia\/wp-content\/uploads\/2024\/09\/20240601_102646kop.jpg?resize=768%2C432&amp;ssl=1 768w\" sizes=\"(max-width: 1020px) 100vw, 1020px\" data-recalc-dims=\"1\" \/><figcaption id=\"caption-attachment-46863\" class=\"wp-caption-text\">Orheiul Vechi<\/figcaption><\/figure>\n<p>Der Komplex besteht aus einer weitl\u00e4ufigen Klosteranlage, mit vielen in den Kalksteinfels gemei\u00dfelten Wohnh\u00f6hlen. Die \u00e4ltesten davon sind \u00fcber zweitausend Jahre alt. So wird zumindest einer Reisegruppe auf englisch berichtet, was ich nur nebenbei aufschnappe. Die Felsigen H\u00e4nge bildeten sich als Folge von Erosionsprozessen. Orheiul Vechi befindet sich im Raut Tal, wo die Raut, ein rechter Arm der Dnjestr, durchflie\u00dft. Das Kloster ist die wichtigste Kulturst\u00e4dte Moldawiens und Anw\u00e4rter auf die Aufnahme in die Liste der UNESCO. Um ihn herum entstand die mittelalterliche Stadt Orhei, die in ihrer sp\u00e4teren Form als Stadt aus Stein zwischen 13 Jhd. und 16 Jhd. existierte. Doch die Entstehung des Klosters reicht noch weiter zur\u00fcck. Im 12-14 Jhd., vor der mongolischen Invasion, entstand bereits eine Zitadelle aus Holz. Das heutige Orheiul Vechi ist ihr gleichnamiger Nachfolger, der sp\u00e4ter auf der anderen Seite des Flusses erbaut wurde. Die Ruinen der alten Stadt aus tatarisch-mongolischer Zeit sind noch heute erhalten. Man kann sie unweit der Klosteranlagen besichtigen. Noch ehe ich am Kloster ankomme, halte ich mein Fahrzeug an und spaziere auf den alten Mauern herum. Da ist nichts gesch\u00fctzt. Es gibt keine Absperrungen, nur B\u00e4ume, Wiesen und hohes, wallendes Gras. Und eine Infotafel.<\/p>\n<figure id=\"attachment_46864\" aria-describedby=\"caption-attachment-46864\" style=\"width: 1020px\" class=\"wp-caption alignnone\"><img loading=\"lazy\" decoding=\"async\" data-attachment-id=\"46864\" data-permalink=\"https:\/\/stefan-taege.de\/kasia\/2024\/09\/06\/moldawien-orheiul-vechi\/20240601_102559\/\" data-orig-file=\"https:\/\/i0.wp.com\/stefan-taege.de\/kasia\/wp-content\/uploads\/2024\/09\/20240601_102559.jpg?fit=1020%2C574&amp;ssl=1\" data-orig-size=\"1020,574\" data-comments-opened=\"1\" data-image-meta=\"{&quot;aperture&quot;:&quot;2.4&quot;,&quot;credit&quot;:&quot;&quot;,&quot;camera&quot;:&quot;SM-G965F&quot;,&quot;caption&quot;:&quot;&quot;,&quot;created_timestamp&quot;:&quot;1717237559&quot;,&quot;copyright&quot;:&quot;&quot;,&quot;focal_length&quot;:&quot;4.3&quot;,&quot;iso&quot;:&quot;50&quot;,&quot;shutter_speed&quot;:&quot;0.00106723585912&quot;,&quot;title&quot;:&quot;&quot;,&quot;orientation&quot;:&quot;1&quot;}\" data-image-title=\"Orheiul Vechi\" data-image-description=\"\" data-image-caption=\"&lt;p&gt;Reste der tatarischen Stadt&lt;\/p&gt;\n\" data-medium-file=\"https:\/\/i0.wp.com\/stefan-taege.de\/kasia\/wp-content\/uploads\/2024\/09\/20240601_102559.jpg?fit=300%2C169&amp;ssl=1\" data-large-file=\"https:\/\/i0.wp.com\/stefan-taege.de\/kasia\/wp-content\/uploads\/2024\/09\/20240601_102559.jpg?fit=1020%2C574&amp;ssl=1\" tabindex=\"0\" role=\"button\" class=\"size-full wp-image-46864\" src=\"https:\/\/i0.wp.com\/stefan-taege.de\/kasia\/wp-content\/uploads\/2024\/09\/20240601_102559.jpg?resize=1020%2C574&#038;ssl=1\" alt=\"\" width=\"1020\" height=\"574\" srcset=\"https:\/\/i0.wp.com\/stefan-taege.de\/kasia\/wp-content\/uploads\/2024\/09\/20240601_102559.jpg?w=1020&amp;ssl=1 1020w, https:\/\/i0.wp.com\/stefan-taege.de\/kasia\/wp-content\/uploads\/2024\/09\/20240601_102559.jpg?resize=300%2C169&amp;ssl=1 300w, https:\/\/i0.wp.com\/stefan-taege.de\/kasia\/wp-content\/uploads\/2024\/09\/20240601_102559.jpg?resize=150%2C84&amp;ssl=1 150w, https:\/\/i0.wp.com\/stefan-taege.de\/kasia\/wp-content\/uploads\/2024\/09\/20240601_102559.jpg?resize=768%2C432&amp;ssl=1 768w\" sizes=\"(max-width: 1020px) 100vw, 1020px\" data-recalc-dims=\"1\" \/><figcaption id=\"caption-attachment-46864\" class=\"wp-caption-text\">Reste der tatarischen Stadt<\/figcaption><\/figure>\n<p>Viel ist nicht mehr \u00fcbrig von der ehemaligen Siedlung. Nachdem die Tataren im 14 Jhd. vertrieben wurden, begann man, die Stadt zu reparieren und zu befestigen. Doch schlie\u00dflich wurde sie von den Moldawen selbst zerst\u00f6rt, die auf Wunsch der T\u00fcrken mehrere Festungen demontierten. Die Menschen siedelten sich daraufhin 15 km weiter an. Sp\u00e4ter lese ich nach, dass es sich beim markantesten Geb\u00e4ude, das halbwegs erhalten ausgegraben wurde, um das tatarische Badehaus (<em>lokal feredeu<\/em>) handelt.<\/p>\n<p>Der Eintritt ist geradezu l\u00e4cherlich g\u00fcnstig. Ich bezahle 20 Moldawische Lei und f\u00fcr das Parken des Fahrzeugs nochmal soviel, also bin ich mit insgesamt zwei Euro mit dabei. Im Ticket ist alles mit enthalten, erkl\u00e4rt mir die Verk\u00e4uferin am Ticketschalter auf russisch. Sobald die Menschen feststellen, dass ich kein Rum\u00e4nisch spreche und sie selbst des Englischen nicht m\u00e4chtig sind, sind sie der Ansicht, ich w\u00fcrde Russisch zumindest ansatzweise verstehen und erkl\u00e4ren mir langsam und genau, um was es ihnen geht. Sie haben gar nicht so unrecht, denn die Sprache ist dem Polnischen in mancher Hinsicht \u00e4hnlich. Ich beschlie\u00dfe, Russisch in Ans\u00e4tzen zu lernen, auch wenn das vielleicht nicht der g\u00fcnstigste Zeitpunkt f\u00fcr dieses Unterfangen ist. Doch in manchen Gegenden der Welt f\u00fchlt man sich ohne dessen Kenntnisse wie ein Analphabet.<\/p>\n<p>Ich stelle mein Auto ab, es geht zu Fu\u00df weiter. Der gesamte Komplex kann nur fu\u00dfl\u00e4ufig erkundet werden. Ich h\u00e4nge mich an eine russischsprachige Familie dran, die einen weiten Feldweg au\u00dfenherum einschlagen. Zu unserer Rechten &#8211; sanft ansteigende Felsen, etwa hundert bis hundertdrei\u00dfig Meter hoch. In diesen Felsen sind hin und wieder die von Menschenhand geschaffenen H\u00f6hlen zu sehen. Links &#8211; ein kleiner, begradigter Kanal, gr\u00fcn und v\u00f6llig zugewuchert, aus dem das vernehmlichen Quaken der Fr\u00f6sche dringt. Alte, knorrige Weiden wachsen dicht an dicht. Ich seile mich ein wenig von der Familie ab. Die Fr\u00f6sche geben ein wahres Konzert. Wann habe ich zuletzt in Deutschland einen Frosch quaken h\u00f6ren? Der Tenor steigt an, wird wieder leiser. Steigt an, wird wieder leiser.<\/p>\n<div style=\"width: 1020px;\" class=\"wp-video\"><!--[if lt IE 9]><script>document.createElement('video');<\/script><![endif]-->\n<video class=\"wp-video-shortcode\" id=\"video-46676-1\" width=\"1020\" height=\"574\" preload=\"metadata\" controls=\"controls\"><source type=\"video\/mp4\" src=\"https:\/\/stefan-taege.de\/kasia\/wp-content\/uploads\/2024\/09\/20240601_110401.mp4?_=1\" \/><a href=\"https:\/\/stefan-taege.de\/kasia\/wp-content\/uploads\/2024\/09\/20240601_110401.mp4\">https:\/\/stefan-taege.de\/kasia\/wp-content\/uploads\/2024\/09\/20240601_110401.mp4<\/a><\/video><\/div>\n<p>&nbsp;<\/p>\n<div class=\"tiled-gallery type-square tiled-gallery-unresized\" data-original-width=\"1020\" data-carousel-extra='{&quot;blog_id&quot;:1,&quot;permalink&quot;:&quot;https:\\\/\\\/stefan-taege.de\\\/kasia\\\/2024\\\/09\\\/06\\\/moldawien-orheiul-vechi\\\/&quot;,&quot;likes_blog_id&quot;:114512862}' itemscope itemtype=\"http:\/\/schema.org\/ImageGallery\" > <div class=\"gallery-row\" style=\"width: 1020px; height: 340px;\" data-original-width=\"1020\" data-original-height=\"340\" > <div class=\"gallery-group\" style=\"width: 340px; height: 340px;\" data-original-width=\"340\" data-original-height=\"340\" > <div class=\"tiled-gallery-item \" itemprop=\"associatedMedia\" itemscope itemtype=\"http:\/\/schema.org\/ImageObject\"> <a href=\"https:\/\/stefan-taege.de\/kasia\/2024\/09\/06\/moldawien-orheiul-vechi\/20240601_104728\/\" border=\"0\" itemprop=\"url\"> <meta itemprop=\"width\" content=\"336\"> <meta itemprop=\"height\" content=\"336\"> <img decoding=\"async\" class=\"\" data-attachment-id=\"46866\" data-orig-file=\"https:\/\/stefan-taege.de\/kasia\/wp-content\/uploads\/2024\/09\/20240601_104728.jpg\" data-orig-size=\"1020,574\" data-comments-opened=\"1\" data-image-meta=\"{&quot;aperture&quot;:&quot;2.4&quot;,&quot;credit&quot;:&quot;&quot;,&quot;camera&quot;:&quot;SM-G965F&quot;,&quot;caption&quot;:&quot;&quot;,&quot;created_timestamp&quot;:&quot;1717238848&quot;,&quot;copyright&quot;:&quot;&quot;,&quot;focal_length&quot;:&quot;6&quot;,&quot;iso&quot;:&quot;25&quot;,&quot;shutter_speed&quot;:&quot;0.00158982511924&quot;,&quot;title&quot;:&quot;&quot;,&quot;orientation&quot;:&quot;1&quot;}\" data-image-title=\"Orheiul Vechi\" data-image-description=\"\" data-medium-file=\"https:\/\/i0.wp.com\/stefan-taege.de\/kasia\/wp-content\/uploads\/2024\/09\/20240601_104728.jpg?fit=300%2C169&#038;ssl=1\" data-large-file=\"https:\/\/i0.wp.com\/stefan-taege.de\/kasia\/wp-content\/uploads\/2024\/09\/20240601_104728.jpg?fit=1020%2C574&#038;ssl=1\" src=\"https:\/\/i0.wp.com\/stefan-taege.de\/kasia\/wp-content\/uploads\/2024\/09\/20240601_104728.jpg?w=336&#038;h=336&#038;crop=1&#038;ssl=1\" srcset=\"https:\/\/i0.wp.com\/stefan-taege.de\/kasia\/wp-content\/uploads\/2024\/09\/20240601_104728.jpg?resize=435%2C435&amp;ssl=1 435w, https:\/\/i0.wp.com\/stefan-taege.de\/kasia\/wp-content\/uploads\/2024\/09\/20240601_104728.jpg?zoom=2&amp;resize=336%2C336&amp;ssl=1 672w, https:\/\/i0.wp.com\/stefan-taege.de\/kasia\/wp-content\/uploads\/2024\/09\/20240601_104728.jpg?zoom=3&amp;resize=336%2C336&amp;ssl=1 1008w\" width=\"336\" height=\"336\" loading=\"lazy\" data-original-width=\"336\" data-original-height=\"336\" itemprop=\"http:\/\/schema.org\/image\" title=\"Orheiul Vechi\" alt=\"K\u00fche mit Schwarzwei\u00dffilter\" style=\"width: 336px; height: 336px;\" \/> <\/a> <div class=\"tiled-gallery-caption\" itemprop=\"caption description\"> K\u00fche mit Schwarzwei\u00dffilter <\/div> <\/div> <\/div> <div class=\"gallery-group\" style=\"width: 340px; height: 340px;\" data-original-width=\"340\" data-original-height=\"340\" > <div class=\"tiled-gallery-item \" itemprop=\"associatedMedia\" itemscope itemtype=\"http:\/\/schema.org\/ImageObject\"> <a href=\"https:\/\/stefan-taege.de\/kasia\/2024\/09\/06\/moldawien-orheiul-vechi\/20240601_105010\/\" border=\"0\" itemprop=\"url\"> <meta itemprop=\"width\" content=\"336\"> <meta itemprop=\"height\" content=\"336\"> <img decoding=\"async\" class=\"\" data-attachment-id=\"46867\" data-orig-file=\"https:\/\/stefan-taege.de\/kasia\/wp-content\/uploads\/2024\/09\/20240601_105010.jpg\" data-orig-size=\"1020,574\" data-comments-opened=\"1\" data-image-meta=\"{&quot;aperture&quot;:&quot;2.4&quot;,&quot;credit&quot;:&quot;&quot;,&quot;camera&quot;:&quot;SM-G965F&quot;,&quot;caption&quot;:&quot;&quot;,&quot;created_timestamp&quot;:&quot;1717239010&quot;,&quot;copyright&quot;:&quot;&quot;,&quot;focal_length&quot;:&quot;6&quot;,&quot;iso&quot;:&quot;25&quot;,&quot;shutter_speed&quot;:&quot;0.0010593220339&quot;,&quot;title&quot;:&quot;&quot;,&quot;orientation&quot;:&quot;1&quot;}\" data-image-title=\"Landschaft in Moldawien\" data-image-description=\"\" data-medium-file=\"https:\/\/i0.wp.com\/stefan-taege.de\/kasia\/wp-content\/uploads\/2024\/09\/20240601_105010.jpg?fit=300%2C169&#038;ssl=1\" data-large-file=\"https:\/\/i0.wp.com\/stefan-taege.de\/kasia\/wp-content\/uploads\/2024\/09\/20240601_105010.jpg?fit=1020%2C574&#038;ssl=1\" src=\"https:\/\/i0.wp.com\/stefan-taege.de\/kasia\/wp-content\/uploads\/2024\/09\/20240601_105010.jpg?w=336&#038;h=336&#038;crop=1&#038;ssl=1\" srcset=\"https:\/\/i0.wp.com\/stefan-taege.de\/kasia\/wp-content\/uploads\/2024\/09\/20240601_105010.jpg?resize=435%2C435&amp;ssl=1 435w, https:\/\/i0.wp.com\/stefan-taege.de\/kasia\/wp-content\/uploads\/2024\/09\/20240601_105010.jpg?zoom=2&amp;resize=336%2C336&amp;ssl=1 672w, https:\/\/i0.wp.com\/stefan-taege.de\/kasia\/wp-content\/uploads\/2024\/09\/20240601_105010.jpg?zoom=3&amp;resize=336%2C336&amp;ssl=1 1008w\" width=\"336\" height=\"336\" loading=\"lazy\" data-original-width=\"336\" data-original-height=\"336\" itemprop=\"http:\/\/schema.org\/image\" title=\"Landschaft in Moldawien\" alt=\"Flussarm des Dnjestr\" style=\"width: 336px; height: 336px;\" \/> <\/a> <div class=\"tiled-gallery-caption\" itemprop=\"caption description\"> Flussarm des Dnjestr <\/div> <\/div> <\/div> <div class=\"gallery-group\" style=\"width: 340px; height: 340px;\" data-original-width=\"340\" data-original-height=\"340\" > <div class=\"tiled-gallery-item \" itemprop=\"associatedMedia\" itemscope itemtype=\"http:\/\/schema.org\/ImageObject\"> <a href=\"https:\/\/stefan-taege.de\/kasia\/2024\/09\/06\/moldawien-orheiul-vechi\/20240601_105341\/\" border=\"0\" itemprop=\"url\"> <meta itemprop=\"width\" content=\"336\"> <meta itemprop=\"height\" content=\"336\"> <img decoding=\"async\" class=\"\" data-attachment-id=\"46868\" data-orig-file=\"https:\/\/stefan-taege.de\/kasia\/wp-content\/uploads\/2024\/09\/20240601_105341.jpg\" data-orig-size=\"1020,574\" data-comments-opened=\"1\" data-image-meta=\"{&quot;aperture&quot;:&quot;2.4&quot;,&quot;credit&quot;:&quot;&quot;,&quot;camera&quot;:&quot;SM-G965F&quot;,&quot;caption&quot;:&quot;&quot;,&quot;created_timestamp&quot;:&quot;1717239221&quot;,&quot;copyright&quot;:&quot;&quot;,&quot;focal_length&quot;:&quot;4.3&quot;,&quot;iso&quot;:&quot;50&quot;,&quot;shutter_speed&quot;:&quot;0.00134408602151&quot;,&quot;title&quot;:&quot;&quot;,&quot;orientation&quot;:&quot;1&quot;}\" data-image-title=\"Schmetterling auf Salbei\" data-image-description=\"\" data-medium-file=\"https:\/\/i0.wp.com\/stefan-taege.de\/kasia\/wp-content\/uploads\/2024\/09\/20240601_105341.jpg?fit=300%2C169&#038;ssl=1\" data-large-file=\"https:\/\/i0.wp.com\/stefan-taege.de\/kasia\/wp-content\/uploads\/2024\/09\/20240601_105341.jpg?fit=1020%2C574&#038;ssl=1\" src=\"https:\/\/i0.wp.com\/stefan-taege.de\/kasia\/wp-content\/uploads\/2024\/09\/20240601_105341.jpg?w=336&#038;h=336&#038;crop=1&#038;ssl=1\" srcset=\"https:\/\/i0.wp.com\/stefan-taege.de\/kasia\/wp-content\/uploads\/2024\/09\/20240601_105341.jpg?resize=435%2C435&amp;ssl=1 435w, https:\/\/i0.wp.com\/stefan-taege.de\/kasia\/wp-content\/uploads\/2024\/09\/20240601_105341.jpg?zoom=2&amp;resize=336%2C336&amp;ssl=1 672w, https:\/\/i0.wp.com\/stefan-taege.de\/kasia\/wp-content\/uploads\/2024\/09\/20240601_105341.jpg?zoom=3&amp;resize=336%2C336&amp;ssl=1 1008w\" width=\"336\" height=\"336\" loading=\"lazy\" data-original-width=\"336\" data-original-height=\"336\" itemprop=\"http:\/\/schema.org\/image\" title=\"Schmetterling auf Salbei\" alt=\"Schmetterling auf Salbei\" style=\"width: 336px; height: 336px;\" \/> <\/a> <div class=\"tiled-gallery-caption\" itemprop=\"caption description\"> Schmetterling auf Salbei <\/div> <\/div> <\/div> <\/div> <div class=\"gallery-row\" style=\"width: 1020px; height: 340px;\" data-original-width=\"1020\" data-original-height=\"340\" > <div class=\"gallery-group\" style=\"width: 340px; height: 340px;\" data-original-width=\"340\" data-original-height=\"340\" > <div class=\"tiled-gallery-item \" itemprop=\"associatedMedia\" itemscope itemtype=\"http:\/\/schema.org\/ImageObject\"> <a href=\"https:\/\/stefan-taege.de\/kasia\/2024\/09\/06\/moldawien-orheiul-vechi\/20240601_110127\/\" border=\"0\" itemprop=\"url\"> <meta itemprop=\"width\" content=\"336\"> <meta itemprop=\"height\" content=\"336\"> <img decoding=\"async\" class=\"\" data-attachment-id=\"46869\" data-orig-file=\"https:\/\/stefan-taege.de\/kasia\/wp-content\/uploads\/2024\/09\/20240601_110127.jpg\" data-orig-size=\"1020,574\" data-comments-opened=\"1\" data-image-meta=\"{&quot;aperture&quot;:&quot;2.4&quot;,&quot;credit&quot;:&quot;&quot;,&quot;camera&quot;:&quot;SM-G965F&quot;,&quot;caption&quot;:&quot;&quot;,&quot;created_timestamp&quot;:&quot;1717239687&quot;,&quot;copyright&quot;:&quot;&quot;,&quot;focal_length&quot;:&quot;4.3&quot;,&quot;iso&quot;:&quot;50&quot;,&quot;shutter_speed&quot;:&quot;0.000452079566004&quot;,&quot;title&quot;:&quot;&quot;,&quot;orientation&quot;:&quot;1&quot;}\" data-image-title=\"Landschaft in Moldawien\" data-image-description=\"\" data-medium-file=\"https:\/\/i0.wp.com\/stefan-taege.de\/kasia\/wp-content\/uploads\/2024\/09\/20240601_110127.jpg?fit=300%2C169&#038;ssl=1\" data-large-file=\"https:\/\/i0.wp.com\/stefan-taege.de\/kasia\/wp-content\/uploads\/2024\/09\/20240601_110127.jpg?fit=1020%2C574&#038;ssl=1\" src=\"https:\/\/i0.wp.com\/stefan-taege.de\/kasia\/wp-content\/uploads\/2024\/09\/20240601_110127.jpg?w=336&#038;h=336&#038;crop=1&#038;ssl=1\" srcset=\"https:\/\/i0.wp.com\/stefan-taege.de\/kasia\/wp-content\/uploads\/2024\/09\/20240601_110127.jpg?resize=435%2C435&amp;ssl=1 435w, https:\/\/i0.wp.com\/stefan-taege.de\/kasia\/wp-content\/uploads\/2024\/09\/20240601_110127.jpg?zoom=2&amp;resize=336%2C336&amp;ssl=1 672w, https:\/\/i0.wp.com\/stefan-taege.de\/kasia\/wp-content\/uploads\/2024\/09\/20240601_110127.jpg?zoom=3&amp;resize=336%2C336&amp;ssl=1 1008w\" width=\"336\" height=\"336\" loading=\"lazy\" data-original-width=\"336\" data-original-height=\"336\" itemprop=\"http:\/\/schema.org\/image\" title=\"Landschaft in Moldawien\" alt=\"Schlammiger Pfad\" style=\"width: 336px; height: 336px;\" \/> <\/a> <div class=\"tiled-gallery-caption\" itemprop=\"caption description\"> Schlammiger Pfad <\/div> <\/div> <\/div> <div class=\"gallery-group\" style=\"width: 340px; height: 340px;\" data-original-width=\"340\" data-original-height=\"340\" > <div class=\"tiled-gallery-item \" itemprop=\"associatedMedia\" itemscope itemtype=\"http:\/\/schema.org\/ImageObject\"> <a href=\"https:\/\/stefan-taege.de\/kasia\/2024\/09\/06\/moldawien-orheiul-vechi\/20240601_113644\/\" border=\"0\" itemprop=\"url\"> <meta itemprop=\"width\" content=\"336\"> <meta itemprop=\"height\" content=\"336\"> <img decoding=\"async\" class=\"\" data-attachment-id=\"46882\" data-orig-file=\"https:\/\/stefan-taege.de\/kasia\/wp-content\/uploads\/2024\/09\/20240601_113644.jpg\" data-orig-size=\"1020,574\" data-comments-opened=\"1\" data-image-meta=\"{&quot;aperture&quot;:&quot;2.4&quot;,&quot;credit&quot;:&quot;&quot;,&quot;camera&quot;:&quot;SM-G965F&quot;,&quot;caption&quot;:&quot;&quot;,&quot;created_timestamp&quot;:&quot;1717241804&quot;,&quot;copyright&quot;:&quot;&quot;,&quot;focal_length&quot;:&quot;4.3&quot;,&quot;iso&quot;:&quot;50&quot;,&quot;shutter_speed&quot;:&quot;0.000966183574879&quot;,&quot;title&quot;:&quot;&quot;,&quot;orientation&quot;:&quot;1&quot;}\" data-image-title=\"Landschaft in Moldawien\" data-image-description=\"\" data-medium-file=\"https:\/\/i0.wp.com\/stefan-taege.de\/kasia\/wp-content\/uploads\/2024\/09\/20240601_113644.jpg?fit=300%2C169&#038;ssl=1\" data-large-file=\"https:\/\/i0.wp.com\/stefan-taege.de\/kasia\/wp-content\/uploads\/2024\/09\/20240601_113644.jpg?fit=1020%2C574&#038;ssl=1\" src=\"https:\/\/i0.wp.com\/stefan-taege.de\/kasia\/wp-content\/uploads\/2024\/09\/20240601_113644.jpg?w=336&#038;h=336&#038;crop=1&#038;ssl=1\" srcset=\"https:\/\/i0.wp.com\/stefan-taege.de\/kasia\/wp-content\/uploads\/2024\/09\/20240601_113644.jpg?resize=435%2C435&amp;ssl=1 435w, https:\/\/i0.wp.com\/stefan-taege.de\/kasia\/wp-content\/uploads\/2024\/09\/20240601_113644.jpg?zoom=2&amp;resize=336%2C336&amp;ssl=1 672w, https:\/\/i0.wp.com\/stefan-taege.de\/kasia\/wp-content\/uploads\/2024\/09\/20240601_113644.jpg?zoom=3&amp;resize=336%2C336&amp;ssl=1 1008w\" width=\"336\" height=\"336\" loading=\"lazy\" data-original-width=\"336\" data-original-height=\"336\" itemprop=\"http:\/\/schema.org\/image\" title=\"Landschaft in Moldawien\" alt=\"\u00dcber sieben Br\u00fccken musst du gehen... hier \u00fcber eine\" style=\"width: 336px; height: 336px;\" \/> <\/a> <div class=\"tiled-gallery-caption\" itemprop=\"caption description\"> \u00dcber sieben Br\u00fccken musst du gehen&#8230; hier \u00fcber eine <\/div> <\/div> <\/div> <div class=\"gallery-group\" style=\"width: 340px; height: 340px;\" data-original-width=\"340\" data-original-height=\"340\" > <div class=\"tiled-gallery-item \" itemprop=\"associatedMedia\" itemscope itemtype=\"http:\/\/schema.org\/ImageObject\"> <a href=\"https:\/\/stefan-taege.de\/kasia\/2024\/09\/06\/moldawien-orheiul-vechi\/20240601_112300\/\" border=\"0\" itemprop=\"url\"> <meta itemprop=\"width\" content=\"336\"> <meta itemprop=\"height\" content=\"336\"> <img decoding=\"async\" class=\"\" data-attachment-id=\"46871\" data-orig-file=\"https:\/\/stefan-taege.de\/kasia\/wp-content\/uploads\/2024\/09\/20240601_112300.jpg\" data-orig-size=\"1020,574\" data-comments-opened=\"1\" data-image-meta=\"{&quot;aperture&quot;:&quot;2.4&quot;,&quot;credit&quot;:&quot;&quot;,&quot;camera&quot;:&quot;SM-G965F&quot;,&quot;caption&quot;:&quot;&quot;,&quot;created_timestamp&quot;:&quot;1717240980&quot;,&quot;copyright&quot;:&quot;&quot;,&quot;focal_length&quot;:&quot;4.3&quot;,&quot;iso&quot;:&quot;50&quot;,&quot;shutter_speed&quot;:&quot;0.000757002271007&quot;,&quot;title&quot;:&quot;&quot;,&quot;orientation&quot;:&quot;1&quot;}\" data-image-title=\"Orheiul Vechi\" data-image-description=\"\" data-medium-file=\"https:\/\/i0.wp.com\/stefan-taege.de\/kasia\/wp-content\/uploads\/2024\/09\/20240601_112300.jpg?fit=300%2C169&#038;ssl=1\" data-large-file=\"https:\/\/i0.wp.com\/stefan-taege.de\/kasia\/wp-content\/uploads\/2024\/09\/20240601_112300.jpg?fit=1020%2C574&#038;ssl=1\" src=\"https:\/\/i0.wp.com\/stefan-taege.de\/kasia\/wp-content\/uploads\/2024\/09\/20240601_112300.jpg?w=336&#038;h=336&#038;crop=1&#038;ssl=1\" srcset=\"https:\/\/i0.wp.com\/stefan-taege.de\/kasia\/wp-content\/uploads\/2024\/09\/20240601_112300.jpg?resize=435%2C435&amp;ssl=1 435w, https:\/\/i0.wp.com\/stefan-taege.de\/kasia\/wp-content\/uploads\/2024\/09\/20240601_112300.jpg?zoom=2&amp;resize=336%2C336&amp;ssl=1 672w, https:\/\/i0.wp.com\/stefan-taege.de\/kasia\/wp-content\/uploads\/2024\/09\/20240601_112300.jpg?zoom=3&amp;resize=336%2C336&amp;ssl=1 1008w\" width=\"336\" height=\"336\" loading=\"lazy\" data-original-width=\"336\" data-original-height=\"336\" itemprop=\"http:\/\/schema.org\/image\" title=\"Orheiul Vechi\" alt=\"Verhei\u00dfungsvoll, das Kloster\" style=\"width: 336px; height: 336px;\" \/> <\/a> <div class=\"tiled-gallery-caption\" itemprop=\"caption description\"> Verhei\u00dfungsvoll, das Kloster <\/div> <\/div> <\/div> <\/div> <\/div>\n<p>Der Spaziergang an sich ist sch\u00f6n. Wobei ich mich frage, ob wir hier richtig sind, vor allem da der Feldweg immer schlammiger wird. Es h\u00e4tte eine direktere Route gegeben, der zum Hauptkloster f\u00fchrt, dem eigentlichen Ziel der Besucher. Rechts von uns steigen die Felsen h\u00f6her und h\u00f6her. Oben sehe ich eine Gruppe von Menschen. Das muss der Ausblickpunkt sein, auf dem ich schon auf der Karte aufmerksam geworden bin. W\u00e4hrend die Familie vor mir noch an der Abzweigung steht und \u00fcberlegt, ob sie hinauf gehen sollte, laufe ich an ihnen vorbei und beginne mit dem Aufstieg. Wenn dort eine gute Aussicht winkt und es einen Weg gibt, dann bin ich dabei. Nicht wichtig, dass ich nicht ansatzweise darauf vorbereitet bin, irgendwohin zu steigen &#8211; mit meinem kn\u00f6chellangen Rock, der Handtasche und den flachen, profillosen Sneakern. Der Rock wird bis zu den Knien hochgerafft, die Handtasche unter den Arm geklemmt und los geht es. Schnell merke ich, wie rutschig die verwitterten Karstfelsen auf diesem Ziegenpfad sind. Inzwischen habe ich es mir anders \u00fcberlegt, doch umkehren ist nicht; jetzt hatte ich vorgelegt und die Familie beginnt, mir zu folgen.<\/p>\n<p>Und das tun sie, Fels f\u00fcr Fels f\u00fcr Fels. Wie eine junge Bergziege, h\u00e4tte ich jetzt gesagt, aber da meine Wanderschuhe zu Hause geblieben sind, ist es ein rutschiges Unterfangen. Immer wieder muss ich den langen Rock festhalten, den ich in weiser Voraussicht f\u00fcr das Betreten des Klosters angezogen habe. Damit &#8211; und mit dem gebl\u00fcmten Oberteil und Kopftuch &#8211; sehe ich f\u00fcr die Leute vermutlich wie eine einheimische Roma aus.<\/p>\n<p>Irgendwann komme ich oben an. Kletternd, mich abst\u00fctzend, die langen R\u00f6cke festhaltend &#8211; aber ich komme an, unter den Blicken der oben stehenden, die vermutlich bereits Wetten abgeschlossen haben. Von hier oben bietet sich ein sehr sch\u00f6ner Blick auf die moldawische Landschaft. Und ebenfalls auf die Kirche und Kloster, unser eigentliches Besuchsziel, das, wie ich feststelle, auf der anderen Seite des froschquakenden Kanals liegt. Der Rundumblick hilft mir, mich zu orientieren, denn ich stelle fest, dass der Weg, dem ich bisher gefolgt bin, nicht zum Kloster, sondern eine lange Schleife entlang des Flusses f\u00fchrt. Wer hier wandern m\u00f6chte, ist genau richtig: Wanderschuhe mitnehmen und loseiern. Doch so viel Zeit habe ich nicht (wie ich diesen Satz hasse). Ich habe mehrere Ziele f\u00fcr heute, und am Abend will ich in der &#8222;Zigeunerstadt&#8220; Soroca angekommen sein.<\/p>\n<p>Ein gewisser Stolz ist vorhanden, es unter nicht optimalen Bedingungen bis nach oben geschafft zu haben. Der Herzschlag beruhigt sich, die Haut ist noch hei\u00df. Teilweise bewundere ich die Aussicht, teilweise die \u00f6rtliche Flora. Die Pflanzen &#8211; ungew\u00f6hnlich. Hier in Moldawien wachsen Kr\u00e4uter, die ich noch nie in meinem Leben gesehen habe, somit fotografiere ich jedes Bl\u00fcmchen ab. Dabei verdr\u00e4nge ich den Gedanken, wie ich von hier oben wieder runter kommen soll. Zun\u00e4chst beobachte ich diese gro\u00dfe Reisegruppe, die sich unter Anleitung ihres Reisef\u00fchrers Stein f\u00fcr Stein nach unten hangelt.<\/p>\n<p>Es gibt die M\u00f6glichkeit, \u00fcber noch steilere Wege weiter nach oben bis zu den zweitausendj\u00e4hrigen Klosterh\u00f6hlen zu gelangen. Doch darauf verzichte ich, zum einen aufgrund eines falschen Schuhwerks, zum anderen wei\u00df ich bereits von anderen Reisen, wie so eine Klosterh\u00f6hle aussieht.<\/p>\n<div class=\"tiled-gallery type-square tiled-gallery-unresized\" data-original-width=\"1020\" data-carousel-extra='{&quot;blog_id&quot;:1,&quot;permalink&quot;:&quot;https:\\\/\\\/stefan-taege.de\\\/kasia\\\/2024\\\/09\\\/06\\\/moldawien-orheiul-vechi\\\/&quot;,&quot;likes_blog_id&quot;:114512862}' itemscope itemtype=\"http:\/\/schema.org\/ImageGallery\" > <div class=\"gallery-row\" style=\"width: 1020px; height: 340px;\" data-original-width=\"1020\" data-original-height=\"340\" > <div class=\"gallery-group\" style=\"width: 340px; height: 340px;\" data-original-width=\"340\" data-original-height=\"340\" > <div class=\"tiled-gallery-item \" itemprop=\"associatedMedia\" itemscope itemtype=\"http:\/\/schema.org\/ImageObject\"> <a href=\"https:\/\/stefan-taege.de\/kasia\/2024\/09\/06\/moldawien-orheiul-vechi\/20240601_112445\/\" border=\"0\" itemprop=\"url\"> <meta itemprop=\"width\" content=\"336\"> <meta itemprop=\"height\" content=\"336\"> <img decoding=\"async\" class=\"\" data-attachment-id=\"46873\" data-orig-file=\"https:\/\/stefan-taege.de\/kasia\/wp-content\/uploads\/2024\/09\/20240601_112445.jpg\" data-orig-size=\"1020,765\" data-comments-opened=\"1\" data-image-meta=\"{&quot;aperture&quot;:&quot;1.7&quot;,&quot;credit&quot;:&quot;&quot;,&quot;camera&quot;:&quot;SM-G965F&quot;,&quot;caption&quot;:&quot;&quot;,&quot;created_timestamp&quot;:&quot;1717241084&quot;,&quot;copyright&quot;:&quot;&quot;,&quot;focal_length&quot;:&quot;2.92&quot;,&quot;iso&quot;:&quot;40&quot;,&quot;shutter_speed&quot;:&quot;0.000647668393782&quot;,&quot;title&quot;:&quot;&quot;,&quot;orientation&quot;:&quot;1&quot;}\" data-image-title=\"20240601_112445\" data-image-description=\"\" data-medium-file=\"https:\/\/i0.wp.com\/stefan-taege.de\/kasia\/wp-content\/uploads\/2024\/09\/20240601_112445.jpg?fit=300%2C225&#038;ssl=1\" data-large-file=\"https:\/\/i0.wp.com\/stefan-taege.de\/kasia\/wp-content\/uploads\/2024\/09\/20240601_112445.jpg?fit=1020%2C765&#038;ssl=1\" src=\"https:\/\/i0.wp.com\/stefan-taege.de\/kasia\/wp-content\/uploads\/2024\/09\/20240601_112445.jpg?w=336&#038;h=336&#038;crop=1&#038;ssl=1\" srcset=\"https:\/\/i0.wp.com\/stefan-taege.de\/kasia\/wp-content\/uploads\/2024\/09\/20240601_112445.jpg?resize=435%2C435&amp;ssl=1 435w, https:\/\/i0.wp.com\/stefan-taege.de\/kasia\/wp-content\/uploads\/2024\/09\/20240601_112445.jpg?zoom=2&amp;resize=336%2C336&amp;ssl=1 672w, https:\/\/i0.wp.com\/stefan-taege.de\/kasia\/wp-content\/uploads\/2024\/09\/20240601_112445.jpg?zoom=3&amp;resize=336%2C336&amp;ssl=1 1008w\" width=\"336\" height=\"336\" loading=\"lazy\" data-original-width=\"336\" data-original-height=\"336\" itemprop=\"http:\/\/schema.org\/image\" title=\"20240601_112445\" alt=\"Geschafft\" style=\"width: 336px; height: 336px;\" \/> <\/a> <div class=\"tiled-gallery-caption\" itemprop=\"caption description\"> Geschafft <\/div> <\/div> <\/div> <div class=\"gallery-group\" style=\"width: 340px; height: 340px;\" data-original-width=\"340\" data-original-height=\"340\" > <div class=\"tiled-gallery-item \" itemprop=\"associatedMedia\" itemscope itemtype=\"http:\/\/schema.org\/ImageObject\"> <a href=\"https:\/\/stefan-taege.de\/kasia\/2024\/09\/06\/moldawien-orheiul-vechi\/20240601_112254\/\" border=\"0\" itemprop=\"url\"> <meta itemprop=\"width\" content=\"336\"> <meta itemprop=\"height\" content=\"336\"> <img decoding=\"async\" class=\"\" data-attachment-id=\"46874\" data-orig-file=\"https:\/\/stefan-taege.de\/kasia\/wp-content\/uploads\/2024\/09\/20240601_112254.jpg\" data-orig-size=\"1020,574\" data-comments-opened=\"1\" data-image-meta=\"{&quot;aperture&quot;:&quot;2.4&quot;,&quot;credit&quot;:&quot;&quot;,&quot;camera&quot;:&quot;SM-G965F&quot;,&quot;caption&quot;:&quot;&quot;,&quot;created_timestamp&quot;:&quot;1717240974&quot;,&quot;copyright&quot;:&quot;&quot;,&quot;focal_length&quot;:&quot;4.3&quot;,&quot;iso&quot;:&quot;50&quot;,&quot;shutter_speed&quot;:&quot;0.000714796283059&quot;,&quot;title&quot;:&quot;&quot;,&quot;orientation&quot;:&quot;1&quot;}\" data-image-title=\"Landschaft in Moldawien\" data-image-description=\"\" data-medium-file=\"https:\/\/i0.wp.com\/stefan-taege.de\/kasia\/wp-content\/uploads\/2024\/09\/20240601_112254.jpg?fit=300%2C169&#038;ssl=1\" data-large-file=\"https:\/\/i0.wp.com\/stefan-taege.de\/kasia\/wp-content\/uploads\/2024\/09\/20240601_112254.jpg?fit=1020%2C574&#038;ssl=1\" src=\"https:\/\/i0.wp.com\/stefan-taege.de\/kasia\/wp-content\/uploads\/2024\/09\/20240601_112254.jpg?w=336&#038;h=336&#038;crop=1&#038;ssl=1\" srcset=\"https:\/\/i0.wp.com\/stefan-taege.de\/kasia\/wp-content\/uploads\/2024\/09\/20240601_112254.jpg?resize=435%2C435&amp;ssl=1 435w, https:\/\/i0.wp.com\/stefan-taege.de\/kasia\/wp-content\/uploads\/2024\/09\/20240601_112254.jpg?zoom=2&amp;resize=336%2C336&amp;ssl=1 672w, https:\/\/i0.wp.com\/stefan-taege.de\/kasia\/wp-content\/uploads\/2024\/09\/20240601_112254.jpg?zoom=3&amp;resize=336%2C336&amp;ssl=1 1008w\" width=\"336\" height=\"336\" loading=\"lazy\" data-original-width=\"336\" data-original-height=\"336\" itemprop=\"http:\/\/schema.org\/image\" title=\"Landschaft in Moldawien\" alt=\"Die wollen noch weiter hinauf\" style=\"width: 336px; height: 336px;\" \/> <\/a> <div class=\"tiled-gallery-caption\" itemprop=\"caption description\"> Die wollen noch weiter hinauf <\/div> <\/div> <\/div> <div class=\"gallery-group\" style=\"width: 340px; height: 340px;\" data-original-width=\"340\" data-original-height=\"340\" > <div class=\"tiled-gallery-item \" itemprop=\"associatedMedia\" itemscope itemtype=\"http:\/\/schema.org\/ImageObject\"> <a href=\"https:\/\/stefan-taege.de\/kasia\/2024\/09\/06\/moldawien-orheiul-vechi\/20240601_112549\/\" border=\"0\" itemprop=\"url\"> <meta itemprop=\"width\" content=\"336\"> <meta itemprop=\"height\" content=\"336\"> <img decoding=\"async\" class=\"\" data-attachment-id=\"46876\" data-orig-file=\"https:\/\/stefan-taege.de\/kasia\/wp-content\/uploads\/2024\/09\/20240601_112549.jpg\" data-orig-size=\"1020,574\" data-comments-opened=\"1\" data-image-meta=\"{&quot;aperture&quot;:&quot;2.4&quot;,&quot;credit&quot;:&quot;&quot;,&quot;camera&quot;:&quot;SM-G965F&quot;,&quot;caption&quot;:&quot;&quot;,&quot;created_timestamp&quot;:&quot;1717241149&quot;,&quot;copyright&quot;:&quot;&quot;,&quot;focal_length&quot;:&quot;6&quot;,&quot;iso&quot;:&quot;25&quot;,&quot;shutter_speed&quot;:&quot;0.00195694716243&quot;,&quot;title&quot;:&quot;&quot;,&quot;orientation&quot;:&quot;1&quot;}\" data-image-title=\"Landschaft in Moldawien\" data-image-description=\"\" data-medium-file=\"https:\/\/i0.wp.com\/stefan-taege.de\/kasia\/wp-content\/uploads\/2024\/09\/20240601_112549.jpg?fit=300%2C169&#038;ssl=1\" data-large-file=\"https:\/\/i0.wp.com\/stefan-taege.de\/kasia\/wp-content\/uploads\/2024\/09\/20240601_112549.jpg?fit=1020%2C574&#038;ssl=1\" src=\"https:\/\/i0.wp.com\/stefan-taege.de\/kasia\/wp-content\/uploads\/2024\/09\/20240601_112549.jpg?w=336&#038;h=336&#038;crop=1&#038;ssl=1\" srcset=\"https:\/\/i0.wp.com\/stefan-taege.de\/kasia\/wp-content\/uploads\/2024\/09\/20240601_112549.jpg?resize=435%2C435&amp;ssl=1 435w, https:\/\/i0.wp.com\/stefan-taege.de\/kasia\/wp-content\/uploads\/2024\/09\/20240601_112549.jpg?zoom=2&amp;resize=336%2C336&amp;ssl=1 672w, https:\/\/i0.wp.com\/stefan-taege.de\/kasia\/wp-content\/uploads\/2024\/09\/20240601_112549.jpg?zoom=3&amp;resize=336%2C336&amp;ssl=1 1008w\" width=\"336\" height=\"336\" loading=\"lazy\" data-original-width=\"336\" data-original-height=\"336\" itemprop=\"http:\/\/schema.org\/image\" title=\"Landschaft in Moldawien\" alt=\"Steiler Abhang\" style=\"width: 336px; height: 336px;\" \/> <\/a> <div class=\"tiled-gallery-caption\" itemprop=\"caption description\"> Steiler Abhang <\/div> <\/div> <\/div> <\/div> <div class=\"gallery-row\" style=\"width: 1020px; height: 340px;\" data-original-width=\"1020\" data-original-height=\"340\" > <div class=\"gallery-group\" style=\"width: 340px; height: 340px;\" data-original-width=\"340\" data-original-height=\"340\" > <div class=\"tiled-gallery-item \" itemprop=\"associatedMedia\" itemscope itemtype=\"http:\/\/schema.org\/ImageObject\"> <a href=\"https:\/\/stefan-taege.de\/kasia\/2024\/09\/06\/moldawien-orheiul-vechi\/20240601_112618\/\" border=\"0\" itemprop=\"url\"> <meta itemprop=\"width\" content=\"336\"> <meta itemprop=\"height\" content=\"336\"> <img decoding=\"async\" class=\"\" data-attachment-id=\"46877\" data-orig-file=\"https:\/\/stefan-taege.de\/kasia\/wp-content\/uploads\/2024\/09\/20240601_112618.jpg\" data-orig-size=\"1020,574\" data-comments-opened=\"1\" data-image-meta=\"{&quot;aperture&quot;:&quot;2.4&quot;,&quot;credit&quot;:&quot;&quot;,&quot;camera&quot;:&quot;SM-G965F&quot;,&quot;caption&quot;:&quot;&quot;,&quot;created_timestamp&quot;:&quot;1717241178&quot;,&quot;copyright&quot;:&quot;&quot;,&quot;focal_length&quot;:&quot;6&quot;,&quot;iso&quot;:&quot;25&quot;,&quot;shutter_speed&quot;:&quot;0.00140252454418&quot;,&quot;title&quot;:&quot;&quot;,&quot;orientation&quot;:&quot;1&quot;}\" data-image-title=\"Orheiul Vechi\" data-image-description=\"\" data-medium-file=\"https:\/\/i0.wp.com\/stefan-taege.de\/kasia\/wp-content\/uploads\/2024\/09\/20240601_112618.jpg?fit=300%2C169&#038;ssl=1\" data-large-file=\"https:\/\/i0.wp.com\/stefan-taege.de\/kasia\/wp-content\/uploads\/2024\/09\/20240601_112618.jpg?fit=1020%2C574&#038;ssl=1\" src=\"https:\/\/i0.wp.com\/stefan-taege.de\/kasia\/wp-content\/uploads\/2024\/09\/20240601_112618.jpg?w=336&#038;h=336&#038;crop=1&#038;ssl=1\" srcset=\"https:\/\/i0.wp.com\/stefan-taege.de\/kasia\/wp-content\/uploads\/2024\/09\/20240601_112618.jpg?resize=435%2C435&amp;ssl=1 435w, https:\/\/i0.wp.com\/stefan-taege.de\/kasia\/wp-content\/uploads\/2024\/09\/20240601_112618.jpg?zoom=2&amp;resize=336%2C336&amp;ssl=1 672w, https:\/\/i0.wp.com\/stefan-taege.de\/kasia\/wp-content\/uploads\/2024\/09\/20240601_112618.jpg?zoom=3&amp;resize=336%2C336&amp;ssl=1 1008w\" width=\"336\" height=\"336\" loading=\"lazy\" data-original-width=\"336\" data-original-height=\"336\" itemprop=\"http:\/\/schema.org\/image\" title=\"Orheiul Vechi\" alt=\"Orheiul Vechi, das Kloster\" style=\"width: 336px; height: 336px;\" \/> <\/a> <div class=\"tiled-gallery-caption\" itemprop=\"caption description\"> Orheiul Vechi, das Kloster <\/div> <\/div> <\/div> <div class=\"gallery-group\" style=\"width: 340px; height: 340px;\" data-original-width=\"340\" data-original-height=\"340\" > <div class=\"tiled-gallery-item \" itemprop=\"associatedMedia\" itemscope itemtype=\"http:\/\/schema.org\/ImageObject\"> <a href=\"https:\/\/stefan-taege.de\/kasia\/2024\/09\/06\/moldawien-orheiul-vechi\/20240601_112621\/\" border=\"0\" itemprop=\"url\"> <meta itemprop=\"width\" content=\"336\"> <meta itemprop=\"height\" content=\"336\"> <img decoding=\"async\" class=\"\" data-attachment-id=\"46878\" data-orig-file=\"https:\/\/stefan-taege.de\/kasia\/wp-content\/uploads\/2024\/09\/20240601_112621.jpg\" data-orig-size=\"1020,574\" data-comments-opened=\"1\" data-image-meta=\"{&quot;aperture&quot;:&quot;2.4&quot;,&quot;credit&quot;:&quot;&quot;,&quot;camera&quot;:&quot;SM-G965F&quot;,&quot;caption&quot;:&quot;&quot;,&quot;created_timestamp&quot;:&quot;1717241181&quot;,&quot;copyright&quot;:&quot;&quot;,&quot;focal_length&quot;:&quot;6&quot;,&quot;iso&quot;:&quot;25&quot;,&quot;shutter_speed&quot;:&quot;0.00103305785124&quot;,&quot;title&quot;:&quot;&quot;,&quot;orientation&quot;:&quot;1&quot;}\" data-image-title=\"Landschaft in Moldawien\" data-image-description=\"\" data-medium-file=\"https:\/\/i0.wp.com\/stefan-taege.de\/kasia\/wp-content\/uploads\/2024\/09\/20240601_112621.jpg?fit=300%2C169&#038;ssl=1\" data-large-file=\"https:\/\/i0.wp.com\/stefan-taege.de\/kasia\/wp-content\/uploads\/2024\/09\/20240601_112621.jpg?fit=1020%2C574&#038;ssl=1\" src=\"https:\/\/i0.wp.com\/stefan-taege.de\/kasia\/wp-content\/uploads\/2024\/09\/20240601_112621.jpg?w=336&#038;h=336&#038;crop=1&#038;ssl=1\" srcset=\"https:\/\/i0.wp.com\/stefan-taege.de\/kasia\/wp-content\/uploads\/2024\/09\/20240601_112621.jpg?resize=435%2C435&amp;ssl=1 435w, https:\/\/i0.wp.com\/stefan-taege.de\/kasia\/wp-content\/uploads\/2024\/09\/20240601_112621.jpg?zoom=2&amp;resize=336%2C336&amp;ssl=1 672w, https:\/\/i0.wp.com\/stefan-taege.de\/kasia\/wp-content\/uploads\/2024\/09\/20240601_112621.jpg?zoom=3&amp;resize=336%2C336&amp;ssl=1 1008w\" width=\"336\" height=\"336\" loading=\"lazy\" data-original-width=\"336\" data-original-height=\"336\" itemprop=\"http:\/\/schema.org\/image\" title=\"Landschaft in Moldawien\" alt=\"Das Raut-Tal\" style=\"width: 336px; height: 336px;\" \/> <\/a> <div class=\"tiled-gallery-caption\" itemprop=\"caption description\"> Das Raut-Tal <\/div> <\/div> <\/div> <div class=\"gallery-group\" style=\"width: 340px; height: 340px;\" data-original-width=\"340\" data-original-height=\"340\" > <div class=\"tiled-gallery-item \" itemprop=\"associatedMedia\" itemscope itemtype=\"http:\/\/schema.org\/ImageObject\"> <a href=\"https:\/\/stefan-taege.de\/kasia\/2024\/09\/06\/moldawien-orheiul-vechi\/20240601_112647\/\" border=\"0\" itemprop=\"url\"> <meta itemprop=\"width\" content=\"336\"> <meta itemprop=\"height\" content=\"336\"> <img decoding=\"async\" class=\"\" data-attachment-id=\"46879\" data-orig-file=\"https:\/\/stefan-taege.de\/kasia\/wp-content\/uploads\/2024\/09\/20240601_112647.jpg\" data-orig-size=\"1020,574\" data-comments-opened=\"1\" data-image-meta=\"{&quot;aperture&quot;:&quot;2.4&quot;,&quot;credit&quot;:&quot;&quot;,&quot;camera&quot;:&quot;SM-G965F&quot;,&quot;caption&quot;:&quot;&quot;,&quot;created_timestamp&quot;:&quot;1717241207&quot;,&quot;copyright&quot;:&quot;&quot;,&quot;focal_length&quot;:&quot;4.3&quot;,&quot;iso&quot;:&quot;50&quot;,&quot;shutter_speed&quot;:&quot;0.000896860986547&quot;,&quot;title&quot;:&quot;&quot;,&quot;orientation&quot;:&quot;1&quot;}\" data-image-title=\"Blume\" data-image-description=\"\" data-medium-file=\"https:\/\/i0.wp.com\/stefan-taege.de\/kasia\/wp-content\/uploads\/2024\/09\/20240601_112647.jpg?fit=300%2C169&#038;ssl=1\" data-large-file=\"https:\/\/i0.wp.com\/stefan-taege.de\/kasia\/wp-content\/uploads\/2024\/09\/20240601_112647.jpg?fit=1020%2C574&#038;ssl=1\" src=\"https:\/\/i0.wp.com\/stefan-taege.de\/kasia\/wp-content\/uploads\/2024\/09\/20240601_112647.jpg?w=336&#038;h=336&#038;crop=1&#038;ssl=1\" srcset=\"https:\/\/i0.wp.com\/stefan-taege.de\/kasia\/wp-content\/uploads\/2024\/09\/20240601_112647.jpg?resize=435%2C435&amp;ssl=1 435w, https:\/\/i0.wp.com\/stefan-taege.de\/kasia\/wp-content\/uploads\/2024\/09\/20240601_112647.jpg?zoom=2&amp;resize=336%2C336&amp;ssl=1 672w, https:\/\/i0.wp.com\/stefan-taege.de\/kasia\/wp-content\/uploads\/2024\/09\/20240601_112647.jpg?zoom=3&amp;resize=336%2C336&amp;ssl=1 1008w\" width=\"336\" height=\"336\" loading=\"lazy\" data-original-width=\"336\" data-original-height=\"336\" itemprop=\"http:\/\/schema.org\/image\" title=\"Blume\" alt=\"Bl\u00fcmchen\" style=\"width: 336px; height: 336px;\" \/> <\/a> <div class=\"tiled-gallery-caption\" itemprop=\"caption description\"> Bl\u00fcmchen <\/div> <\/div> <\/div> <\/div> <\/div>\n<p>&nbsp;<\/p>\n<p>Der Abstieg klappt \u00fcberraschend gut. Auch wenn ich mich \u00fcber einige Etappen fast nur in der Hocke vorw\u00e4rts bewege. Doch das ist schon okay, denn ich suchte mir einen der seltenen Augenblicke aus, in denen bereits alle gegangen sind und mich niemand beobachten kann.<\/p>\n<p>Bei der Erhebung, auf der das Kloster erbaut wurde, handelt es sich um eine Landzunge, links und rechts von Nebenfl\u00fcssen umgeben. Ich \u00fcberquere eine romantische, h\u00f6lzerne Br\u00fccke und finde mich in Orheiul Vechi am Kulturzentrum wieder. Es ist ein Dorf, scheinbar ein verlassenes; hier und da wird etwas gebaut. Schmucke, bemalte H\u00e4user &#8211; Schilder weisen G\u00e4stezimmer aus. Ein \u00fcberdachter Trinkwasserbrunnen, von welchen ich noch viele in Moldawien sehen werde. \u00dcppig mit Fr\u00fcchten bedeckte Kirschb\u00e4ume, denn es ist Kirschsaison. Es bl\u00fchen Rosen und Lavendel.<\/p>\n<p>Und dann eine steile Treppe hinauf, die ich in der zunehmenden Hitze des Tages in Angriff nehme, denn es hilft alles nichts. Solange noch Wasser in meiner Wasserflasche ist, ist alles gut.<\/p>\n<div class=\"tiled-gallery type-square tiled-gallery-unresized\" data-original-width=\"1020\" data-carousel-extra='{&quot;blog_id&quot;:1,&quot;permalink&quot;:&quot;https:\\\/\\\/stefan-taege.de\\\/kasia\\\/2024\\\/09\\\/06\\\/moldawien-orheiul-vechi\\\/&quot;,&quot;likes_blog_id&quot;:114512862}' itemscope itemtype=\"http:\/\/schema.org\/ImageGallery\" > <div class=\"gallery-row\" style=\"width: 1020px; height: 340px;\" data-original-width=\"1020\" data-original-height=\"340\" > <div class=\"gallery-group\" style=\"width: 340px; height: 340px;\" data-original-width=\"340\" data-original-height=\"340\" > <div class=\"tiled-gallery-item \" itemprop=\"associatedMedia\" itemscope itemtype=\"http:\/\/schema.org\/ImageObject\"> <a href=\"https:\/\/stefan-taege.de\/kasia\/2024\/09\/06\/moldawien-orheiul-vechi\/20240601_114114\/\" border=\"0\" itemprop=\"url\"> <meta itemprop=\"width\" content=\"336\"> <meta itemprop=\"height\" content=\"336\"> <img decoding=\"async\" class=\"\" data-attachment-id=\"46883\" data-orig-file=\"https:\/\/stefan-taege.de\/kasia\/wp-content\/uploads\/2024\/09\/20240601_114114.jpg\" data-orig-size=\"1020,574\" data-comments-opened=\"1\" data-image-meta=\"{&quot;aperture&quot;:&quot;2.4&quot;,&quot;credit&quot;:&quot;&quot;,&quot;camera&quot;:&quot;SM-G965F&quot;,&quot;caption&quot;:&quot;&quot;,&quot;created_timestamp&quot;:&quot;1717242074&quot;,&quot;copyright&quot;:&quot;&quot;,&quot;focal_length&quot;:&quot;4.3&quot;,&quot;iso&quot;:&quot;50&quot;,&quot;shutter_speed&quot;:&quot;0.000606060606061&quot;,&quot;title&quot;:&quot;&quot;,&quot;orientation&quot;:&quot;1&quot;}\" data-image-title=\"Orheiul Vechi\" data-image-description=\"\" data-medium-file=\"https:\/\/i0.wp.com\/stefan-taege.de\/kasia\/wp-content\/uploads\/2024\/09\/20240601_114114.jpg?fit=300%2C169&#038;ssl=1\" data-large-file=\"https:\/\/i0.wp.com\/stefan-taege.de\/kasia\/wp-content\/uploads\/2024\/09\/20240601_114114.jpg?fit=1020%2C574&#038;ssl=1\" src=\"https:\/\/i0.wp.com\/stefan-taege.de\/kasia\/wp-content\/uploads\/2024\/09\/20240601_114114.jpg?w=336&#038;h=336&#038;crop=1&#038;ssl=1\" srcset=\"https:\/\/i0.wp.com\/stefan-taege.de\/kasia\/wp-content\/uploads\/2024\/09\/20240601_114114.jpg?resize=435%2C435&amp;ssl=1 435w, https:\/\/i0.wp.com\/stefan-taege.de\/kasia\/wp-content\/uploads\/2024\/09\/20240601_114114.jpg?zoom=2&amp;resize=336%2C336&amp;ssl=1 672w, https:\/\/i0.wp.com\/stefan-taege.de\/kasia\/wp-content\/uploads\/2024\/09\/20240601_114114.jpg?zoom=3&amp;resize=336%2C336&amp;ssl=1 1008w\" width=\"336\" height=\"336\" loading=\"lazy\" data-original-width=\"336\" data-original-height=\"336\" itemprop=\"http:\/\/schema.org\/image\" title=\"Orheiul Vechi\" alt=\"Vila Etnica\" style=\"width: 336px; height: 336px;\" \/> <\/a> <div class=\"tiled-gallery-caption\" itemprop=\"caption description\"> Vila Etnica <\/div> <\/div> <\/div> <div class=\"gallery-group\" style=\"width: 340px; height: 340px;\" data-original-width=\"340\" data-original-height=\"340\" > <div class=\"tiled-gallery-item \" itemprop=\"associatedMedia\" itemscope itemtype=\"http:\/\/schema.org\/ImageObject\"> <a href=\"https:\/\/stefan-taege.de\/kasia\/2024\/09\/06\/moldawien-orheiul-vechi\/20240601_114119\/\" border=\"0\" itemprop=\"url\"> <meta itemprop=\"width\" content=\"336\"> <meta itemprop=\"height\" content=\"336\"> <img decoding=\"async\" class=\"\" data-attachment-id=\"46884\" data-orig-file=\"https:\/\/stefan-taege.de\/kasia\/wp-content\/uploads\/2024\/09\/20240601_114119.jpg\" data-orig-size=\"1020,574\" data-comments-opened=\"1\" data-image-meta=\"{&quot;aperture&quot;:&quot;2.4&quot;,&quot;credit&quot;:&quot;&quot;,&quot;camera&quot;:&quot;SM-G965F&quot;,&quot;caption&quot;:&quot;&quot;,&quot;created_timestamp&quot;:&quot;1717242079&quot;,&quot;copyright&quot;:&quot;&quot;,&quot;focal_length&quot;:&quot;6&quot;,&quot;iso&quot;:&quot;50&quot;,&quot;shutter_speed&quot;:&quot;0.01&quot;,&quot;title&quot;:&quot;&quot;,&quot;orientation&quot;:&quot;1&quot;}\" data-image-title=\"Moldawien\" data-image-description=\"\" data-medium-file=\"https:\/\/i0.wp.com\/stefan-taege.de\/kasia\/wp-content\/uploads\/2024\/09\/20240601_114119.jpg?fit=300%2C169&#038;ssl=1\" data-large-file=\"https:\/\/i0.wp.com\/stefan-taege.de\/kasia\/wp-content\/uploads\/2024\/09\/20240601_114119.jpg?fit=1020%2C574&#038;ssl=1\" src=\"https:\/\/i0.wp.com\/stefan-taege.de\/kasia\/wp-content\/uploads\/2024\/09\/20240601_114119.jpg?w=336&#038;h=336&#038;crop=1&#038;ssl=1\" srcset=\"https:\/\/i0.wp.com\/stefan-taege.de\/kasia\/wp-content\/uploads\/2024\/09\/20240601_114119.jpg?resize=435%2C435&amp;ssl=1 435w, https:\/\/i0.wp.com\/stefan-taege.de\/kasia\/wp-content\/uploads\/2024\/09\/20240601_114119.jpg?zoom=2&amp;resize=336%2C336&amp;ssl=1 672w, https:\/\/i0.wp.com\/stefan-taege.de\/kasia\/wp-content\/uploads\/2024\/09\/20240601_114119.jpg?zoom=3&amp;resize=336%2C336&amp;ssl=1 1008w\" width=\"336\" height=\"336\" loading=\"lazy\" data-original-width=\"336\" data-original-height=\"336\" itemprop=\"http:\/\/schema.org\/image\" title=\"Moldawien\" alt=\"Ein Trinkwasserbrunnen\" style=\"width: 336px; height: 336px;\" \/> <\/a> <div class=\"tiled-gallery-caption\" itemprop=\"caption description\"> Ein Trinkwasserbrunnen <\/div> <\/div> <\/div> <div class=\"gallery-group\" style=\"width: 340px; height: 340px;\" data-original-width=\"340\" data-original-height=\"340\" > <div class=\"tiled-gallery-item \" itemprop=\"associatedMedia\" itemscope itemtype=\"http:\/\/schema.org\/ImageObject\"> <a href=\"https:\/\/stefan-taege.de\/kasia\/2024\/09\/06\/moldawien-orheiul-vechi\/20240601_114523\/\" border=\"0\" itemprop=\"url\"> <meta itemprop=\"width\" content=\"336\"> <meta itemprop=\"height\" content=\"336\"> <img decoding=\"async\" class=\"\" data-attachment-id=\"46880\" data-orig-file=\"https:\/\/stefan-taege.de\/kasia\/wp-content\/uploads\/2024\/09\/20240601_114523.jpg\" data-orig-size=\"1020,765\" data-comments-opened=\"1\" data-image-meta=\"{&quot;aperture&quot;:&quot;1.7&quot;,&quot;credit&quot;:&quot;&quot;,&quot;camera&quot;:&quot;SM-G965F&quot;,&quot;caption&quot;:&quot;&quot;,&quot;created_timestamp&quot;:&quot;1717242322&quot;,&quot;copyright&quot;:&quot;&quot;,&quot;focal_length&quot;:&quot;2.92&quot;,&quot;iso&quot;:&quot;40&quot;,&quot;shutter_speed&quot;:&quot;0.000972762645914&quot;,&quot;title&quot;:&quot;&quot;,&quot;orientation&quot;:&quot;1&quot;}\" data-image-title=\"Orheiul Vechi\" data-image-description=\"\" data-medium-file=\"https:\/\/i0.wp.com\/stefan-taege.de\/kasia\/wp-content\/uploads\/2024\/09\/20240601_114523.jpg?fit=300%2C225&#038;ssl=1\" data-large-file=\"https:\/\/i0.wp.com\/stefan-taege.de\/kasia\/wp-content\/uploads\/2024\/09\/20240601_114523.jpg?fit=1020%2C765&#038;ssl=1\" src=\"https:\/\/i0.wp.com\/stefan-taege.de\/kasia\/wp-content\/uploads\/2024\/09\/20240601_114523.jpg?w=336&#038;h=336&#038;crop=1&#038;ssl=1\" srcset=\"https:\/\/i0.wp.com\/stefan-taege.de\/kasia\/wp-content\/uploads\/2024\/09\/20240601_114523.jpg?resize=435%2C435&amp;ssl=1 435w, https:\/\/i0.wp.com\/stefan-taege.de\/kasia\/wp-content\/uploads\/2024\/09\/20240601_114523.jpg?zoom=2&amp;resize=336%2C336&amp;ssl=1 672w, https:\/\/i0.wp.com\/stefan-taege.de\/kasia\/wp-content\/uploads\/2024\/09\/20240601_114523.jpg?zoom=3&amp;resize=336%2C336&amp;ssl=1 1008w\" width=\"336\" height=\"336\" loading=\"lazy\" data-original-width=\"336\" data-original-height=\"336\" itemprop=\"http:\/\/schema.org\/image\" title=\"Orheiul Vechi\" alt=\"Alles ist gut *schnauf*\" style=\"width: 336px; height: 336px;\" \/> <\/a> <div class=\"tiled-gallery-caption\" itemprop=\"caption description\"> Alles ist gut *schnauf* <\/div> <\/div> <\/div> <\/div> <\/div>\n<p>Oben sehe ich mich anderen Touristen gegen\u00fcber. Nat\u00fcrlich hat kaum jemand die umst\u00e4ndliche Route durch Berge, Feld und Wiesen, einsame D\u00f6rfer und froschquakende Fl\u00fcsse gew\u00e4hlt. Die Menschen spazieren gem\u00fctlich die hundert, zweihundert Meter vom Parkplatz zum Kloster und wieder zur\u00fcck. Nur ich bin so <del>bekloppt<\/del> heldenhaft tapfer, die wilden und urspr\u00fcnglichen Wanderecken zu erkunden. Wozu einfach, wenn es auch kompliziert geht. Einfach kann jeder. <del>Bekloppt<\/del> Tapfer, ja, das bist du, rede ich mir gut zu. Karstberge mit profillosen Sneakern zu bezwingen, das ist was f\u00fcr Kenner.<\/p>\n<p>So selbstmotiviert erkunde ich erst die Kirche, dann das Kloster. Leider ist in beiden Objekten das Fotografieren verboten, aber das macht nichts. Von hier aus, von dieser Landzunge, ist der Blick auf die Flussschleife der Raut atemberaubend. Es ist das ber\u00fchmteste Fotomotiv von Orheiul Vechi, der Grund, weshalb es die Menschen hierher zieht.<\/p>\n<p>Die Kirche habe ich schnell gesehen. Sie ist innen in Blaut\u00f6nen gestaltet und sch\u00f6n, wie die orthodoxen Kirchen nun mal sch\u00f6n sind. Ikonen, viel Gold und ein Spendenkasten in den eine eifrige Mutter und ihre Tochter jeweils ein paar Scheine hinein pressen. Sie knien nieder, machen das Kreuzzeichen, z\u00fcnden eine Kerze an und gehen wieder ihres Weges. Ich schaue mir all das Gold um mich herum an, denke kurz daran, dass die Kirche eine der reichsten Institutionen der Welt ist, und hege den unorthodoxen Gedanken, dass sie eigentlich mir was spenden k\u00f6nnten.<\/p>\n<div class=\"tiled-gallery type-square tiled-gallery-unresized\" data-original-width=\"1020\" data-carousel-extra='{&quot;blog_id&quot;:1,&quot;permalink&quot;:&quot;https:\\\/\\\/stefan-taege.de\\\/kasia\\\/2024\\\/09\\\/06\\\/moldawien-orheiul-vechi\\\/&quot;,&quot;likes_blog_id&quot;:114512862}' itemscope itemtype=\"http:\/\/schema.org\/ImageGallery\" > <div class=\"gallery-row\" style=\"width: 1020px; height: 340px;\" data-original-width=\"1020\" data-original-height=\"340\" > <div class=\"gallery-group\" style=\"width: 340px; height: 340px;\" data-original-width=\"340\" data-original-height=\"340\" > <div class=\"tiled-gallery-item \" itemprop=\"associatedMedia\" itemscope itemtype=\"http:\/\/schema.org\/ImageObject\"> <a href=\"https:\/\/stefan-taege.de\/kasia\/2024\/09\/06\/moldawien-orheiul-vechi\/20240601_114855\/\" border=\"0\" itemprop=\"url\"> <meta itemprop=\"width\" content=\"336\"> <meta itemprop=\"height\" content=\"336\"> <img decoding=\"async\" class=\"\" data-attachment-id=\"46886\" data-orig-file=\"https:\/\/stefan-taege.de\/kasia\/wp-content\/uploads\/2024\/09\/20240601_114855.jpg\" data-orig-size=\"1020,574\" data-comments-opened=\"1\" data-image-meta=\"{&quot;aperture&quot;:&quot;2.4&quot;,&quot;credit&quot;:&quot;&quot;,&quot;camera&quot;:&quot;SM-G965F&quot;,&quot;caption&quot;:&quot;&quot;,&quot;created_timestamp&quot;:&quot;1717242535&quot;,&quot;copyright&quot;:&quot;&quot;,&quot;focal_length&quot;:&quot;4.3&quot;,&quot;iso&quot;:&quot;50&quot;,&quot;shutter_speed&quot;:&quot;0.000841042893188&quot;,&quot;title&quot;:&quot;&quot;,&quot;orientation&quot;:&quot;1&quot;}\" data-image-title=\"Orheiul Vechi\" data-image-description=\"\" data-medium-file=\"https:\/\/i0.wp.com\/stefan-taege.de\/kasia\/wp-content\/uploads\/2024\/09\/20240601_114855.jpg?fit=300%2C169&#038;ssl=1\" data-large-file=\"https:\/\/i0.wp.com\/stefan-taege.de\/kasia\/wp-content\/uploads\/2024\/09\/20240601_114855.jpg?fit=1020%2C574&#038;ssl=1\" src=\"https:\/\/i0.wp.com\/stefan-taege.de\/kasia\/wp-content\/uploads\/2024\/09\/20240601_114855.jpg?w=336&#038;h=336&#038;crop=1&#038;ssl=1\" srcset=\"https:\/\/i0.wp.com\/stefan-taege.de\/kasia\/wp-content\/uploads\/2024\/09\/20240601_114855.jpg?resize=435%2C435&amp;ssl=1 435w, https:\/\/i0.wp.com\/stefan-taege.de\/kasia\/wp-content\/uploads\/2024\/09\/20240601_114855.jpg?zoom=2&amp;resize=336%2C336&amp;ssl=1 672w, https:\/\/i0.wp.com\/stefan-taege.de\/kasia\/wp-content\/uploads\/2024\/09\/20240601_114855.jpg?zoom=3&amp;resize=336%2C336&amp;ssl=1 1008w\" width=\"336\" height=\"336\" loading=\"lazy\" data-original-width=\"336\" data-original-height=\"336\" itemprop=\"http:\/\/schema.org\/image\" title=\"Orheiul Vechi\" alt=\"Flussschleife\" style=\"width: 336px; height: 336px;\" \/> <\/a> <div class=\"tiled-gallery-caption\" itemprop=\"caption description\"> Flussschleife <\/div> <\/div> <\/div> <div class=\"gallery-group\" style=\"width: 340px; height: 340px;\" data-original-width=\"340\" data-original-height=\"340\" > <div class=\"tiled-gallery-item \" itemprop=\"associatedMedia\" itemscope itemtype=\"http:\/\/schema.org\/ImageObject\"> <a href=\"https:\/\/stefan-taege.de\/kasia\/2024\/09\/06\/moldawien-orheiul-vechi\/20240601_114922\/\" border=\"0\" itemprop=\"url\"> <meta itemprop=\"width\" content=\"336\"> <meta itemprop=\"height\" content=\"336\"> <img decoding=\"async\" class=\"\" data-attachment-id=\"46887\" data-orig-file=\"https:\/\/stefan-taege.de\/kasia\/wp-content\/uploads\/2024\/09\/20240601_114922.jpg\" data-orig-size=\"1020,574\" data-comments-opened=\"1\" data-image-meta=\"{&quot;aperture&quot;:&quot;2.4&quot;,&quot;credit&quot;:&quot;&quot;,&quot;camera&quot;:&quot;SM-G965F&quot;,&quot;caption&quot;:&quot;&quot;,&quot;created_timestamp&quot;:&quot;1717242561&quot;,&quot;copyright&quot;:&quot;&quot;,&quot;focal_length&quot;:&quot;6&quot;,&quot;iso&quot;:&quot;25&quot;,&quot;shutter_speed&quot;:&quot;0.0015479876161&quot;,&quot;title&quot;:&quot;&quot;,&quot;orientation&quot;:&quot;1&quot;}\" data-image-title=\"Orheiul Vechi\" data-image-description=\"\" data-medium-file=\"https:\/\/i0.wp.com\/stefan-taege.de\/kasia\/wp-content\/uploads\/2024\/09\/20240601_114922.jpg?fit=300%2C169&#038;ssl=1\" data-large-file=\"https:\/\/i0.wp.com\/stefan-taege.de\/kasia\/wp-content\/uploads\/2024\/09\/20240601_114922.jpg?fit=1020%2C574&#038;ssl=1\" src=\"https:\/\/i0.wp.com\/stefan-taege.de\/kasia\/wp-content\/uploads\/2024\/09\/20240601_114922.jpg?w=336&#038;h=336&#038;crop=1&#038;ssl=1\" srcset=\"https:\/\/i0.wp.com\/stefan-taege.de\/kasia\/wp-content\/uploads\/2024\/09\/20240601_114922.jpg?resize=435%2C435&amp;ssl=1 435w, https:\/\/i0.wp.com\/stefan-taege.de\/kasia\/wp-content\/uploads\/2024\/09\/20240601_114922.jpg?zoom=2&amp;resize=336%2C336&amp;ssl=1 672w, https:\/\/i0.wp.com\/stefan-taege.de\/kasia\/wp-content\/uploads\/2024\/09\/20240601_114922.jpg?zoom=3&amp;resize=336%2C336&amp;ssl=1 1008w\" width=\"336\" height=\"336\" loading=\"lazy\" data-original-width=\"336\" data-original-height=\"336\" itemprop=\"http:\/\/schema.org\/image\" title=\"Orheiul Vechi\" alt=\"Flache Felder\" style=\"width: 336px; height: 336px;\" \/> <\/a> <div class=\"tiled-gallery-caption\" itemprop=\"caption description\"> Flache Felder <\/div> <\/div> <\/div> <div class=\"gallery-group\" style=\"width: 340px; height: 340px;\" data-original-width=\"340\" data-original-height=\"340\" > <div class=\"tiled-gallery-item \" itemprop=\"associatedMedia\" itemscope itemtype=\"http:\/\/schema.org\/ImageObject\"> <a href=\"https:\/\/stefan-taege.de\/kasia\/2024\/09\/06\/moldawien-orheiul-vechi\/20240601_114917\/\" border=\"0\" itemprop=\"url\"> <meta itemprop=\"width\" content=\"336\"> <meta itemprop=\"height\" content=\"336\"> <img decoding=\"async\" class=\"\" data-attachment-id=\"46888\" data-orig-file=\"https:\/\/stefan-taege.de\/kasia\/wp-content\/uploads\/2024\/09\/20240601_114917.jpg\" data-orig-size=\"1020,574\" data-comments-opened=\"1\" data-image-meta=\"{&quot;aperture&quot;:&quot;2.4&quot;,&quot;credit&quot;:&quot;&quot;,&quot;camera&quot;:&quot;SM-G965F&quot;,&quot;caption&quot;:&quot;&quot;,&quot;created_timestamp&quot;:&quot;1717242557&quot;,&quot;copyright&quot;:&quot;&quot;,&quot;focal_length&quot;:&quot;6&quot;,&quot;iso&quot;:&quot;25&quot;,&quot;shutter_speed&quot;:&quot;0.00117233294256&quot;,&quot;title&quot;:&quot;&quot;,&quot;orientation&quot;:&quot;1&quot;}\" data-image-title=\"Orheiul Vechi\" data-image-description=\"\" data-medium-file=\"https:\/\/i0.wp.com\/stefan-taege.de\/kasia\/wp-content\/uploads\/2024\/09\/20240601_114917.jpg?fit=300%2C169&#038;ssl=1\" data-large-file=\"https:\/\/i0.wp.com\/stefan-taege.de\/kasia\/wp-content\/uploads\/2024\/09\/20240601_114917.jpg?fit=1020%2C574&#038;ssl=1\" src=\"https:\/\/i0.wp.com\/stefan-taege.de\/kasia\/wp-content\/uploads\/2024\/09\/20240601_114917.jpg?w=336&#038;h=336&#038;crop=1&#038;ssl=1\" srcset=\"https:\/\/i0.wp.com\/stefan-taege.de\/kasia\/wp-content\/uploads\/2024\/09\/20240601_114917.jpg?resize=435%2C435&amp;ssl=1 435w, https:\/\/i0.wp.com\/stefan-taege.de\/kasia\/wp-content\/uploads\/2024\/09\/20240601_114917.jpg?zoom=2&amp;resize=336%2C336&amp;ssl=1 672w, https:\/\/i0.wp.com\/stefan-taege.de\/kasia\/wp-content\/uploads\/2024\/09\/20240601_114917.jpg?zoom=3&amp;resize=336%2C336&amp;ssl=1 1008w\" width=\"336\" height=\"336\" loading=\"lazy\" data-original-width=\"336\" data-original-height=\"336\" itemprop=\"http:\/\/schema.org\/image\" title=\"Orheiul Vechi\" alt=\"Die Kirche\" style=\"width: 336px; height: 336px;\" \/> <\/a> <div class=\"tiled-gallery-caption\" itemprop=\"caption description\"> Die Kirche <\/div> <\/div> <\/div> <\/div> <div class=\"gallery-row\" style=\"width: 1020px; height: 340px;\" data-original-width=\"1020\" data-original-height=\"340\" > <div class=\"gallery-group\" style=\"width: 340px; height: 340px;\" data-original-width=\"340\" data-original-height=\"340\" > <div class=\"tiled-gallery-item \" itemprop=\"associatedMedia\" itemscope itemtype=\"http:\/\/schema.org\/ImageObject\"> <a href=\"https:\/\/stefan-taege.de\/kasia\/2024\/09\/06\/moldawien-orheiul-vechi\/20240601_115203\/\" border=\"0\" itemprop=\"url\"> <meta itemprop=\"width\" content=\"336\"> <meta itemprop=\"height\" content=\"336\"> <img decoding=\"async\" class=\"\" data-attachment-id=\"46889\" data-orig-file=\"https:\/\/stefan-taege.de\/kasia\/wp-content\/uploads\/2024\/09\/20240601_115203.jpg\" data-orig-size=\"1020,574\" data-comments-opened=\"1\" data-image-meta=\"{&quot;aperture&quot;:&quot;2.4&quot;,&quot;credit&quot;:&quot;&quot;,&quot;camera&quot;:&quot;SM-G965F&quot;,&quot;caption&quot;:&quot;&quot;,&quot;created_timestamp&quot;:&quot;1717242723&quot;,&quot;copyright&quot;:&quot;&quot;,&quot;focal_length&quot;:&quot;4.3&quot;,&quot;iso&quot;:&quot;50&quot;,&quot;shutter_speed&quot;:&quot;0.000448028673835&quot;,&quot;title&quot;:&quot;&quot;,&quot;orientation&quot;:&quot;1&quot;}\" data-image-title=\"Orheiul Vechi\" data-image-description=\"\" data-medium-file=\"https:\/\/i0.wp.com\/stefan-taege.de\/kasia\/wp-content\/uploads\/2024\/09\/20240601_115203.jpg?fit=300%2C169&#038;ssl=1\" data-large-file=\"https:\/\/i0.wp.com\/stefan-taege.de\/kasia\/wp-content\/uploads\/2024\/09\/20240601_115203.jpg?fit=1020%2C574&#038;ssl=1\" src=\"https:\/\/i0.wp.com\/stefan-taege.de\/kasia\/wp-content\/uploads\/2024\/09\/20240601_115203.jpg?w=336&#038;h=336&#038;crop=1&#038;ssl=1\" srcset=\"https:\/\/i0.wp.com\/stefan-taege.de\/kasia\/wp-content\/uploads\/2024\/09\/20240601_115203.jpg?resize=435%2C435&amp;ssl=1 435w, https:\/\/i0.wp.com\/stefan-taege.de\/kasia\/wp-content\/uploads\/2024\/09\/20240601_115203.jpg?zoom=2&amp;resize=336%2C336&amp;ssl=1 672w, https:\/\/i0.wp.com\/stefan-taege.de\/kasia\/wp-content\/uploads\/2024\/09\/20240601_115203.jpg?zoom=3&amp;resize=336%2C336&amp;ssl=1 1008w\" width=\"336\" height=\"336\" loading=\"lazy\" data-original-width=\"336\" data-original-height=\"336\" itemprop=\"http:\/\/schema.org\/image\" title=\"Orheiul Vechi\" alt=\"Die Bimmelt nicht mehr\" style=\"width: 336px; height: 336px;\" \/> <\/a> <div class=\"tiled-gallery-caption\" itemprop=\"caption description\"> Die Bimmelt nicht mehr <\/div> <\/div> <\/div> <div class=\"gallery-group\" style=\"width: 340px; height: 340px;\" data-original-width=\"340\" data-original-height=\"340\" > <div class=\"tiled-gallery-item \" itemprop=\"associatedMedia\" itemscope itemtype=\"http:\/\/schema.org\/ImageObject\"> <a href=\"https:\/\/stefan-taege.de\/kasia\/2024\/09\/06\/moldawien-orheiul-vechi\/20240601_115832\/\" border=\"0\" itemprop=\"url\"> <meta itemprop=\"width\" content=\"336\"> <meta itemprop=\"height\" content=\"336\"> <img decoding=\"async\" class=\"\" data-attachment-id=\"46890\" data-orig-file=\"https:\/\/stefan-taege.de\/kasia\/wp-content\/uploads\/2024\/09\/20240601_115832.jpg\" data-orig-size=\"1020,574\" data-comments-opened=\"1\" data-image-meta=\"{&quot;aperture&quot;:&quot;2.4&quot;,&quot;credit&quot;:&quot;&quot;,&quot;camera&quot;:&quot;SM-G965F&quot;,&quot;caption&quot;:&quot;&quot;,&quot;created_timestamp&quot;:&quot;1717243112&quot;,&quot;copyright&quot;:&quot;&quot;,&quot;focal_length&quot;:&quot;6&quot;,&quot;iso&quot;:&quot;25&quot;,&quot;shutter_speed&quot;:&quot;0.00274725274725&quot;,&quot;title&quot;:&quot;&quot;,&quot;orientation&quot;:&quot;1&quot;}\" data-image-title=\"Orheiul Vechi\" data-image-description=\"\" data-medium-file=\"https:\/\/i0.wp.com\/stefan-taege.de\/kasia\/wp-content\/uploads\/2024\/09\/20240601_115832.jpg?fit=300%2C169&#038;ssl=1\" data-large-file=\"https:\/\/i0.wp.com\/stefan-taege.de\/kasia\/wp-content\/uploads\/2024\/09\/20240601_115832.jpg?fit=1020%2C574&#038;ssl=1\" src=\"https:\/\/i0.wp.com\/stefan-taege.de\/kasia\/wp-content\/uploads\/2024\/09\/20240601_115832.jpg?w=336&#038;h=336&#038;crop=1&#038;ssl=1\" srcset=\"https:\/\/i0.wp.com\/stefan-taege.de\/kasia\/wp-content\/uploads\/2024\/09\/20240601_115832.jpg?resize=435%2C435&amp;ssl=1 435w, https:\/\/i0.wp.com\/stefan-taege.de\/kasia\/wp-content\/uploads\/2024\/09\/20240601_115832.jpg?zoom=2&amp;resize=336%2C336&amp;ssl=1 672w, https:\/\/i0.wp.com\/stefan-taege.de\/kasia\/wp-content\/uploads\/2024\/09\/20240601_115832.jpg?zoom=3&amp;resize=336%2C336&amp;ssl=1 1008w\" width=\"336\" height=\"336\" loading=\"lazy\" data-original-width=\"336\" data-original-height=\"336\" itemprop=\"http:\/\/schema.org\/image\" title=\"Orheiul Vechi\" alt=\"&quot;Nicht mal im Kloster hat man seine Ruhe&quot;\" style=\"width: 336px; height: 336px;\" \/> <\/a> <div class=\"tiled-gallery-caption\" itemprop=\"caption description\"> &#8222;Nicht mal im Kloster hat man seine Ruhe&#8220; <\/div> <\/div> <\/div> <div class=\"gallery-group\" style=\"width: 340px; height: 340px;\" data-original-width=\"340\" data-original-height=\"340\" > <div class=\"tiled-gallery-item \" itemprop=\"associatedMedia\" itemscope itemtype=\"http:\/\/schema.org\/ImageObject\"> <a href=\"https:\/\/stefan-taege.de\/kasia\/2024\/09\/06\/moldawien-orheiul-vechi\/20240601_120310\/\" border=\"0\" itemprop=\"url\"> <meta itemprop=\"width\" content=\"336\"> <meta itemprop=\"height\" content=\"336\"> <img decoding=\"async\" class=\"\" data-attachment-id=\"46891\" data-orig-file=\"https:\/\/stefan-taege.de\/kasia\/wp-content\/uploads\/2024\/09\/20240601_120310.jpg\" data-orig-size=\"1020,574\" data-comments-opened=\"1\" data-image-meta=\"{&quot;aperture&quot;:&quot;2.4&quot;,&quot;credit&quot;:&quot;&quot;,&quot;camera&quot;:&quot;SM-G965F&quot;,&quot;caption&quot;:&quot;&quot;,&quot;created_timestamp&quot;:&quot;1717243390&quot;,&quot;copyright&quot;:&quot;&quot;,&quot;focal_length&quot;:&quot;4.3&quot;,&quot;iso&quot;:&quot;50&quot;,&quot;shutter_speed&quot;:&quot;0.000654878847413&quot;,&quot;title&quot;:&quot;&quot;,&quot;orientation&quot;:&quot;1&quot;}\" data-image-title=\"Bl\u00fchende Diestel\" data-image-description=\"\" data-medium-file=\"https:\/\/i0.wp.com\/stefan-taege.de\/kasia\/wp-content\/uploads\/2024\/09\/20240601_120310.jpg?fit=300%2C169&#038;ssl=1\" data-large-file=\"https:\/\/i0.wp.com\/stefan-taege.de\/kasia\/wp-content\/uploads\/2024\/09\/20240601_120310.jpg?fit=1020%2C574&#038;ssl=1\" src=\"https:\/\/i0.wp.com\/stefan-taege.de\/kasia\/wp-content\/uploads\/2024\/09\/20240601_120310.jpg?w=336&#038;h=336&#038;crop=1&#038;ssl=1\" srcset=\"https:\/\/i0.wp.com\/stefan-taege.de\/kasia\/wp-content\/uploads\/2024\/09\/20240601_120310.jpg?resize=435%2C435&amp;ssl=1 435w, https:\/\/i0.wp.com\/stefan-taege.de\/kasia\/wp-content\/uploads\/2024\/09\/20240601_120310.jpg?zoom=2&amp;resize=336%2C336&amp;ssl=1 672w, https:\/\/i0.wp.com\/stefan-taege.de\/kasia\/wp-content\/uploads\/2024\/09\/20240601_120310.jpg?zoom=3&amp;resize=336%2C336&amp;ssl=1 1008w\" width=\"336\" height=\"336\" loading=\"lazy\" data-original-width=\"336\" data-original-height=\"336\" itemprop=\"http:\/\/schema.org\/image\" title=\"Bl\u00fchende Diestel\" alt=\"Kratzdiestelig\" style=\"width: 336px; height: 336px;\" \/> <\/a> <div class=\"tiled-gallery-caption\" itemprop=\"caption description\"> Kratzdiestelig <\/div> <\/div> <\/div> <\/div> <\/div>\n<p>&nbsp;<\/p>\n<p>Das Kloster erreicht man \u00fcber eine dunkle, unbeleuchtete Treppe, die nach unten f\u00fchrt. Die Besucher behelfen sich mit Handytaschenlampen &#8211; wie \u00fcberaus praktisch, dass inzwischen jedes Smartphone \u00fcber eine solche Erfindung verf\u00fcgt. Langsam treten wir hinunter und es wird schlagartig k\u00fchler. Ich genie\u00dfe die wohltuende K\u00fchle nach der Hitze des Tages. Mit meiner lange, gebl\u00fcmten Kleidung und dem Kopftuch sehe ich aus wie&#8230; na, vielleicht wie eine strenggl\u00e4ubige Frau beim Beten, aber was wei\u00df denn ich. Jedenfalls sp\u00fcre ich die Blicke der Menschen. Doch allzu verwundert sind sie in diesem Teil der Welt \u00fcber mein Aussehen dann doch nicht; die meisten von ihnen sind Touristen und wissen, dass man in anderen L\u00e4ndern allerlei Seltsames zu sehen bekommt.<\/p>\n<figure id=\"attachment_46893\" aria-describedby=\"caption-attachment-46893\" style=\"width: 430px\" class=\"wp-caption alignleft\"><img loading=\"lazy\" decoding=\"async\" data-attachment-id=\"46893\" data-permalink=\"https:\/\/stefan-taege.de\/kasia\/2024\/09\/06\/moldawien-orheiul-vechi\/20240601_121151\/\" data-orig-file=\"https:\/\/i0.wp.com\/stefan-taege.de\/kasia\/wp-content\/uploads\/2024\/09\/20240601_121151.jpg?fit=430%2C765&amp;ssl=1\" data-orig-size=\"430,765\" data-comments-opened=\"1\" data-image-meta=\"{&quot;aperture&quot;:&quot;2.4&quot;,&quot;credit&quot;:&quot;&quot;,&quot;camera&quot;:&quot;SM-G965F&quot;,&quot;caption&quot;:&quot;&quot;,&quot;created_timestamp&quot;:&quot;1717243911&quot;,&quot;copyright&quot;:&quot;&quot;,&quot;focal_length&quot;:&quot;4.3&quot;,&quot;iso&quot;:&quot;50&quot;,&quot;shutter_speed&quot;:&quot;0.0010298661174&quot;,&quot;title&quot;:&quot;&quot;,&quot;orientation&quot;:&quot;1&quot;}\" data-image-title=\"Orheiul Vechi\" data-image-description=\"\" data-image-caption=\"&lt;p&gt;Eigenwillige Kleidung&lt;\/p&gt;\n\" data-medium-file=\"https:\/\/i0.wp.com\/stefan-taege.de\/kasia\/wp-content\/uploads\/2024\/09\/20240601_121151.jpg?fit=169%2C300&amp;ssl=1\" data-large-file=\"https:\/\/i0.wp.com\/stefan-taege.de\/kasia\/wp-content\/uploads\/2024\/09\/20240601_121151.jpg?fit=430%2C765&amp;ssl=1\" tabindex=\"0\" role=\"button\" class=\"size-full wp-image-46893\" src=\"https:\/\/i0.wp.com\/stefan-taege.de\/kasia\/wp-content\/uploads\/2024\/09\/20240601_121151.jpg?resize=430%2C765&#038;ssl=1\" alt=\"\" width=\"430\" height=\"765\" srcset=\"https:\/\/i0.wp.com\/stefan-taege.de\/kasia\/wp-content\/uploads\/2024\/09\/20240601_121151.jpg?w=430&amp;ssl=1 430w, https:\/\/i0.wp.com\/stefan-taege.de\/kasia\/wp-content\/uploads\/2024\/09\/20240601_121151.jpg?resize=169%2C300&amp;ssl=1 169w, https:\/\/i0.wp.com\/stefan-taege.de\/kasia\/wp-content\/uploads\/2024\/09\/20240601_121151.jpg?resize=84%2C150&amp;ssl=1 84w\" sizes=\"(max-width: 430px) 100vw, 430px\" data-recalc-dims=\"1\" \/><figcaption id=\"caption-attachment-46893\" class=\"wp-caption-text\">Eigenwillige Kleidung<\/figcaption><\/figure>\n<p>Es gibt viele Besucher. Die meisten sind russischsprachig. Es gibt auch englischsprachige Touristen und Reisegruppen. Die Anzahl letzterer h\u00e4lt sich in Grenzen, aber es gibt sie. Eine Gruppe Polen ist unterwegs, und sogar eine Gruppe Chinesen. So unbeliebt bei Reisenden ist dieses Moldawien nicht.<\/p>\n<p>Nach dem Betreten dieser dunklen Treppe, die zwischen k\u00fchlen W\u00e4nden aus nacktem Fels nach unten f\u00fchrt, schalte ich direkt die Handytaschenlampe ein, denn nach dem blendend glei\u00dfendem Licht da drau\u00dfen kann ich mit einem Mal nichts mehr sehen. Unten angekommen finde ich mich in einer Kapelle wieder. Die Kapelle ist erf\u00fcllt von g\u00fcldenem Schein der Kerzen, und von der gegen\u00fcberliegenden Seite, aus einer \u00d6ffnung im Fels, dringt Tageslicht hinein. In einer Felsnische stehen die unvermeidlichen Ikonen, gl\u00e4nzt viel Gold, das den Schein der Kerzen spiegelt. Links davon &#8211; ein kleiner Shop, wo ein b\u00e4rtiger, alter Mann seine Souvenirs verkauft. Ich kaufe Magnete, von denen eins so viel kostet wie der Eintritt zur Anlage. Die Ticketpreise sind hier unschlagbar g\u00fcnstig, so dass sich das Kloster mit dem Verkauf von Souvenirs etwas dazu verdient, und das ist okay. Wir wechseln ein paar Worte, der alte Mann und ich. Ein junger Mann \u00fcbersetzt.<\/p>\n<p>Dann verlasse ich das Kloster, schlendere langsam zur\u00fcck zum Auto, dieses Mal den kurzen, den langsamen Weg. Links und rechts haben die Menschen ihre Souvenirst\u00e4nde aufgebaut. Doch so viele, wie es sich anh\u00f6rt, sind es nicht &#8211; auf einer gesamten Strecke von zwei- bis dreihundert Metern vielleicht f\u00fcnf &#8211; und eine Frau, die bettelt.<\/p>\n<p>Der Innenraum des Autos gleicht einem Backofen. Die Klimaanlage funktioniert sowieso nicht, also habe ich auf der Weiterfahrt meine Fenster heruntergekurbelt. Oldschool funktioniert noch immer.<\/p>\n<p>&nbsp;<\/p>\n<p><em>Was sonst so geschah&#8230;<\/em><\/p>\n<figure id=\"attachment_46895\" aria-describedby=\"caption-attachment-46895\" style=\"width: 1020px\" class=\"wp-caption alignnone\"><img loading=\"lazy\" decoding=\"async\" data-attachment-id=\"46895\" data-permalink=\"https:\/\/stefan-taege.de\/kasia\/2024\/09\/06\/moldawien-orheiul-vechi\/20240601_122754\/\" data-orig-file=\"https:\/\/i0.wp.com\/stefan-taege.de\/kasia\/wp-content\/uploads\/2024\/09\/20240601_122754.jpg?fit=1020%2C574&amp;ssl=1\" data-orig-size=\"1020,574\" data-comments-opened=\"1\" data-image-meta=\"{&quot;aperture&quot;:&quot;2.4&quot;,&quot;credit&quot;:&quot;&quot;,&quot;camera&quot;:&quot;SM-G965F&quot;,&quot;caption&quot;:&quot;&quot;,&quot;created_timestamp&quot;:&quot;1717244874&quot;,&quot;copyright&quot;:&quot;&quot;,&quot;focal_length&quot;:&quot;4.3&quot;,&quot;iso&quot;:&quot;50&quot;,&quot;shutter_speed&quot;:&quot;0.000609013398295&quot;,&quot;title&quot;:&quot;&quot;,&quot;orientation&quot;:&quot;1&quot;}\" data-image-title=\"Alpine Flora\" data-image-description=\"\" data-image-caption=\"&lt;p&gt;Bl\u00fcmchen in Lila&lt;\/p&gt;\n\" data-medium-file=\"https:\/\/i0.wp.com\/stefan-taege.de\/kasia\/wp-content\/uploads\/2024\/09\/20240601_122754.jpg?fit=300%2C169&amp;ssl=1\" data-large-file=\"https:\/\/i0.wp.com\/stefan-taege.de\/kasia\/wp-content\/uploads\/2024\/09\/20240601_122754.jpg?fit=1020%2C574&amp;ssl=1\" tabindex=\"0\" role=\"button\" class=\"size-full wp-image-46895\" src=\"https:\/\/i0.wp.com\/stefan-taege.de\/kasia\/wp-content\/uploads\/2024\/09\/20240601_122754.jpg?resize=1020%2C574&#038;ssl=1\" alt=\"\" width=\"1020\" height=\"574\" srcset=\"https:\/\/i0.wp.com\/stefan-taege.de\/kasia\/wp-content\/uploads\/2024\/09\/20240601_122754.jpg?w=1020&amp;ssl=1 1020w, https:\/\/i0.wp.com\/stefan-taege.de\/kasia\/wp-content\/uploads\/2024\/09\/20240601_122754.jpg?resize=300%2C169&amp;ssl=1 300w, https:\/\/i0.wp.com\/stefan-taege.de\/kasia\/wp-content\/uploads\/2024\/09\/20240601_122754.jpg?resize=150%2C84&amp;ssl=1 150w, https:\/\/i0.wp.com\/stefan-taege.de\/kasia\/wp-content\/uploads\/2024\/09\/20240601_122754.jpg?resize=768%2C432&amp;ssl=1 768w\" sizes=\"(max-width: 1020px) 100vw, 1020px\" data-recalc-dims=\"1\" \/><figcaption id=\"caption-attachment-46895\" class=\"wp-caption-text\">Bl\u00fcmchen in Lila<\/figcaption><\/figure>\n<p>&nbsp;<\/p>\n<figure id=\"attachment_46894\" aria-describedby=\"caption-attachment-46894\" style=\"width: 1020px\" class=\"wp-caption alignnone\"><img loading=\"lazy\" decoding=\"async\" data-attachment-id=\"46894\" data-permalink=\"https:\/\/stefan-taege.de\/kasia\/2024\/09\/06\/moldawien-orheiul-vechi\/20240601_121755\/\" data-orig-file=\"https:\/\/i0.wp.com\/stefan-taege.de\/kasia\/wp-content\/uploads\/2024\/09\/20240601_121755.jpg?fit=1020%2C574&amp;ssl=1\" data-orig-size=\"1020,574\" data-comments-opened=\"1\" data-image-meta=\"{&quot;aperture&quot;:&quot;2.4&quot;,&quot;credit&quot;:&quot;&quot;,&quot;camera&quot;:&quot;SM-G965F&quot;,&quot;caption&quot;:&quot;&quot;,&quot;created_timestamp&quot;:&quot;1717244275&quot;,&quot;copyright&quot;:&quot;&quot;,&quot;focal_length&quot;:&quot;6&quot;,&quot;iso&quot;:&quot;25&quot;,&quot;shutter_speed&quot;:&quot;0.00168067226891&quot;,&quot;title&quot;:&quot;&quot;,&quot;orientation&quot;:&quot;1&quot;}\" data-image-title=\"Moldawien, Friedhof\" data-image-description=\"\" data-image-caption=\"&lt;p&gt;Friedhof in Blau&lt;\/p&gt;\n\" data-medium-file=\"https:\/\/i0.wp.com\/stefan-taege.de\/kasia\/wp-content\/uploads\/2024\/09\/20240601_121755.jpg?fit=300%2C169&amp;ssl=1\" data-large-file=\"https:\/\/i0.wp.com\/stefan-taege.de\/kasia\/wp-content\/uploads\/2024\/09\/20240601_121755.jpg?fit=1020%2C574&amp;ssl=1\" tabindex=\"0\" role=\"button\" class=\"size-full wp-image-46894\" src=\"https:\/\/i0.wp.com\/stefan-taege.de\/kasia\/wp-content\/uploads\/2024\/09\/20240601_121755.jpg?resize=1020%2C574&#038;ssl=1\" alt=\"\" width=\"1020\" height=\"574\" srcset=\"https:\/\/i0.wp.com\/stefan-taege.de\/kasia\/wp-content\/uploads\/2024\/09\/20240601_121755.jpg?w=1020&amp;ssl=1 1020w, https:\/\/i0.wp.com\/stefan-taege.de\/kasia\/wp-content\/uploads\/2024\/09\/20240601_121755.jpg?resize=300%2C169&amp;ssl=1 300w, https:\/\/i0.wp.com\/stefan-taege.de\/kasia\/wp-content\/uploads\/2024\/09\/20240601_121755.jpg?resize=150%2C84&amp;ssl=1 150w, https:\/\/i0.wp.com\/stefan-taege.de\/kasia\/wp-content\/uploads\/2024\/09\/20240601_121755.jpg?resize=768%2C432&amp;ssl=1 768w\" sizes=\"(max-width: 1020px) 100vw, 1020px\" data-recalc-dims=\"1\" \/><figcaption id=\"caption-attachment-46894\" class=\"wp-caption-text\">Friedhof in Blau<\/figcaption><\/figure>\n<p>&nbsp;<\/p>\n<figure id=\"attachment_46896\" aria-describedby=\"caption-attachment-46896\" style=\"width: 1020px\" class=\"wp-caption alignnone\"><img loading=\"lazy\" decoding=\"async\" data-attachment-id=\"46896\" data-permalink=\"https:\/\/stefan-taege.de\/kasia\/2024\/09\/06\/moldawien-orheiul-vechi\/20240601_123702\/\" data-orig-file=\"https:\/\/i0.wp.com\/stefan-taege.de\/kasia\/wp-content\/uploads\/2024\/09\/20240601_123702.jpg?fit=1020%2C574&amp;ssl=1\" data-orig-size=\"1020,574\" data-comments-opened=\"1\" data-image-meta=\"{&quot;aperture&quot;:&quot;2.4&quot;,&quot;credit&quot;:&quot;&quot;,&quot;camera&quot;:&quot;SM-G965F&quot;,&quot;caption&quot;:&quot;&quot;,&quot;created_timestamp&quot;:&quot;1717245422&quot;,&quot;copyright&quot;:&quot;&quot;,&quot;focal_length&quot;:&quot;6&quot;,&quot;iso&quot;:&quot;25&quot;,&quot;shutter_speed&quot;:&quot;0.000892857142857&quot;,&quot;title&quot;:&quot;&quot;,&quot;orientation&quot;:&quot;1&quot;}\" data-image-title=\"Moldawien\" data-image-description=\"\" data-image-caption=\"&lt;p&gt;Star Wars reloaded &lt;\/p&gt;\n\" data-medium-file=\"https:\/\/i0.wp.com\/stefan-taege.de\/kasia\/wp-content\/uploads\/2024\/09\/20240601_123702.jpg?fit=300%2C169&amp;ssl=1\" data-large-file=\"https:\/\/i0.wp.com\/stefan-taege.de\/kasia\/wp-content\/uploads\/2024\/09\/20240601_123702.jpg?fit=1020%2C574&amp;ssl=1\" tabindex=\"0\" role=\"button\" class=\"size-full wp-image-46896\" src=\"https:\/\/i0.wp.com\/stefan-taege.de\/kasia\/wp-content\/uploads\/2024\/09\/20240601_123702.jpg?resize=1020%2C574&#038;ssl=1\" alt=\"\" width=\"1020\" height=\"574\" srcset=\"https:\/\/i0.wp.com\/stefan-taege.de\/kasia\/wp-content\/uploads\/2024\/09\/20240601_123702.jpg?w=1020&amp;ssl=1 1020w, https:\/\/i0.wp.com\/stefan-taege.de\/kasia\/wp-content\/uploads\/2024\/09\/20240601_123702.jpg?resize=300%2C169&amp;ssl=1 300w, https:\/\/i0.wp.com\/stefan-taege.de\/kasia\/wp-content\/uploads\/2024\/09\/20240601_123702.jpg?resize=150%2C84&amp;ssl=1 150w, https:\/\/i0.wp.com\/stefan-taege.de\/kasia\/wp-content\/uploads\/2024\/09\/20240601_123702.jpg?resize=768%2C432&amp;ssl=1 768w\" sizes=\"(max-width: 1020px) 100vw, 1020px\" data-recalc-dims=\"1\" \/><figcaption id=\"caption-attachment-46896\" class=\"wp-caption-text\">Star Wars reloaded<\/figcaption><\/figure>\n<div class=\"shariff shariff-align-left shariff-widget-align-left\" data-services=\"facebook%7Cpinterest%7Ctumblr\" data-url=\"https:\/\/stefan-taege.de\/kasia\/2024\/09\/06\/moldawien-orheiul-vechi\/\" data-timestamp=\"1728842178\" data-backendurl=\"https:\/\/stefan-taege.de\/kasia\/wp-json\/shariff\/v1\/share_counts?\"><ul class=\"shariff-buttons theme-round orientation-horizontal buttonsize-medium\"><li class=\"shariff-button twitter shariff-nocustomcolor\" style=\"background-color:#595959\"><a href=\"https:\/\/twitter.com\/share?url=https%3A%2F%2Fstefan-taege.de%2Fkasia%2F2024%2F09%2F06%2Fmoldawien-orheiul-vechi%2F&text=Moldawien%20%E2%80%93%20Orheiul%20Vechi\" title=\"Bei X teilen\" aria-label=\"Bei X teilen\" role=\"button\" rel=\"noopener nofollow\" class=\"shariff-link\" style=\"; background-color:#000; color:#fff\" target=\"_blank\"><span class=\"shariff-icon\" style=\"\"><svg width=\"32px\" height=\"20px\" xmlns=\"http:\/\/www.w3.org\/2000\/svg\" viewBox=\"0 0 24 24\"><path fill=\"#000\" d=\"M14.258 10.152L23.176 0h-2.113l-7.747 8.813L7.133 0H0l9.352 13.328L0 23.973h2.113l8.176-9.309 6.531 9.309h7.133zm-2.895 3.293l-.949-1.328L2.875 1.56h3.246l6.086 8.523.945 1.328 7.91 11.078h-3.246zm0 0\"\/><\/svg><\/span><\/a><\/li><li class=\"shariff-button facebook shariff-nocustomcolor\" style=\"background-color:#4273c8\"><a href=\"https:\/\/www.facebook.com\/sharer\/sharer.php?u=https%3A%2F%2Fstefan-taege.de%2Fkasia%2F2024%2F09%2F06%2Fmoldawien-orheiul-vechi%2F\" title=\"Bei Facebook teilen\" aria-label=\"Bei Facebook teilen\" role=\"button\" rel=\"nofollow\" class=\"shariff-link\" style=\"; background-color:#3b5998; color:#fff\" target=\"_blank\"><span class=\"shariff-icon\" style=\"\"><svg width=\"32px\" height=\"20px\" xmlns=\"http:\/\/www.w3.org\/2000\/svg\" viewBox=\"0 0 18 32\"><path fill=\"#3b5998\" d=\"M17.1 0.2v4.7h-2.8q-1.5 0-2.1 0.6t-0.5 1.9v3.4h5.2l-0.7 5.3h-4.5v13.6h-5.5v-13.6h-4.5v-5.3h4.5v-3.9q0-3.3 1.9-5.2t5-1.8q2.6 0 4.1 0.2z\"\/><\/svg><\/span><span data-service=\"facebook\" style=\"color:#3b5998\" class=\"shariff-count shariff-hidezero\"><\/span>&nbsp;<\/a><\/li><li class=\"shariff-button pinterest shariff-nocustomcolor\" style=\"background-color:#e70f18\"><a href=\"https:\/\/www.pinterest.com\/pin\/create\/link\/?url=https%3A%2F%2Fstefan-taege.de%2Fkasia%2F2024%2F09%2F06%2Fmoldawien-orheiul-vechi%2F&media=https%3A%2F%2Fstefan-taege.de%2Fkasia%2Fwp-content%2Fuploads%2F2024%2F09%2F20240601_114908kop.jpg&description=Moldawien%20%E2%80%93%20Orheiul%20Vechi\" title=\"Bei Pinterest pinnen\" aria-label=\"Bei Pinterest pinnen\" role=\"button\" rel=\"noopener nofollow\" class=\"shariff-link\" style=\"; background-color:#cb2027; color:#fff\" target=\"_blank\"><span class=\"shariff-icon\" style=\"\"><svg width=\"32px\" height=\"20px\" xmlns=\"http:\/\/www.w3.org\/2000\/svg\" viewBox=\"0 0 27 32\"><path fill=\"#cb2027\" d=\"M27.4 16q0 3.7-1.8 6.9t-5 5-6.9 1.9q-2 0-3.9-0.6 1.1-1.7 1.4-2.9 0.2-0.6 1-3.8 0.4 0.7 1.3 1.2t2 0.5q2.1 0 3.8-1.2t2.7-3.4 0.9-4.8q0-2-1.1-3.8t-3.1-2.9-4.5-1.2q-1.9 0-3.5 0.5t-2.8 1.4-2 2-1.2 2.3-0.4 2.4q0 1.9 0.7 3.3t2.1 2q0.5 0.2 0.7-0.4 0-0.1 0.1-0.5t0.2-0.5q0.1-0.4-0.2-0.8-0.9-1.1-0.9-2.7 0-2.7 1.9-4.6t4.9-2q2.7 0 4.2 1.5t1.5 3.8q0 3-1.2 5.2t-3.1 2.1q-1.1 0-1.7-0.8t-0.4-1.9q0.1-0.6 0.5-1.7t0.5-1.8 0.2-1.4q0-0.9-0.5-1.5t-1.4-0.6q-1.1 0-1.9 1t-0.8 2.6q0 1.3 0.4 2.2l-1.8 7.5q-0.3 1.2-0.2 3.2-3.7-1.6-6-5t-2.3-7.6q0-3.7 1.9-6.9t5-5 6.9-1.9 6.9 1.9 5 5 1.8 6.9z\"\/><\/svg><\/span><span data-service=\"pinterest\" style=\"color:#cb2027\" class=\"shariff-count shariff-hidezero\"><\/span>&nbsp;<\/a><\/li><li class=\"shariff-button tumblr shariff-nocustomcolor\" style=\"background-color:#529ecc\"><a href=\"https:\/\/www.tumblr.com\/widgets\/share\/tool?posttype=link&canonicalUrl=https%3A%2F%2Fstefan-taege.de%2Fkasia%2F2024%2F09%2F06%2Fmoldawien-orheiul-vechi%2F&tags=stefan-taege.de\" title=\"Bei tumblr teilen\" aria-label=\"Bei tumblr teilen\" role=\"button\" rel=\"noopener nofollow\" class=\"shariff-link\" style=\"; background-color:#36465d; color:#fff\" target=\"_blank\"><span class=\"shariff-icon\" style=\"\"><svg width=\"32px\" height=\"20px\" xmlns=\"http:\/\/www.w3.org\/2000\/svg\" viewBox=\"0 0 32 32\"><path fill=\"#36465d\" d=\"M18 14l0 7.3c0 1.9 0 2.9 0.2 3.5 0.2 0.5 0.7 1.1 1.2 1.4 0.7 0.4 1.5 0.6 2.4 0.6 1.6 0 2.6-0.2 4.2-1.3v4.8c-1.4 0.6-2.6 1-3.7 1.3-1.1 0.3-2.3 0.4-3.6 0.4-1.5 0-2.3-0.2-3.4-0.6-1.1-0.4-2.1-0.9-2.9-1.6-0.8-0.7-1.3-1.4-1.7-2.2s-0.5-1.9-0.5-3.4v-11.2h-4.3v-4.5c1.3-0.4 2.7-1 3.6-1.8 0.9-0.8 1.6-1.7 2.2-2.7 0.5-1.1 0.9-2.4 1.1-4.1h5.2l0 8h8v6h-8z\"\/><\/svg><\/span><span data-service=\"tumblr\" style=\"color:#36465d\" class=\"shariff-count shariff-hidezero\"><\/span>&nbsp;<\/a><\/li><li class=\"shariff-button xing shariff-nocustomcolor\" style=\"background-color:#29888a\"><a href=\"https:\/\/www.xing.com\/spi\/shares\/new?url=https%3A%2F%2Fstefan-taege.de%2Fkasia%2F2024%2F09%2F06%2Fmoldawien-orheiul-vechi%2F\" title=\"Bei XING teilen\" aria-label=\"Bei XING teilen\" role=\"button\" rel=\"noopener nofollow\" class=\"shariff-link\" style=\"; background-color:#126567; color:#fff\" target=\"_blank\"><span class=\"shariff-icon\" style=\"\"><svg width=\"32px\" height=\"20px\" xmlns=\"http:\/\/www.w3.org\/2000\/svg\" viewBox=\"0 0 25 32\"><path fill=\"#126567\" d=\"M10.7 11.9q-0.2 0.3-4.6 8.2-0.5 0.8-1.2 0.8h-4.3q-0.4 0-0.5-0.3t0-0.6l4.5-8q0 0 0 0l-2.9-5q-0.2-0.4 0-0.7 0.2-0.3 0.5-0.3h4.3q0.7 0 1.2 0.8zM25.1 0.4q0.2 0.3 0 0.7l-9.4 16.7 6 11q0.2 0.4 0 0.6-0.2 0.3-0.6 0.3h-4.3q-0.7 0-1.2-0.8l-6-11.1q0.3-0.6 9.5-16.8 0.4-0.8 1.2-0.8h4.3q0.4 0 0.5 0.3z\"\/><\/svg><\/span><\/a><\/li><li class=\"shariff-button rss shariff-nocustomcolor\" style=\"background-color:#ff8c00\"><a href=\"https:\/\/stefan-taege.de\/kasia\/feed\/rss\/\" title=\"RSS-feed\" aria-label=\"RSS-feed\" role=\"button\" class=\"shariff-link\" style=\"; background-color:#fe9312; color:#fff\" target=\"_blank\"><span class=\"shariff-icon\" style=\"\"><svg width=\"32px\" height=\"20px\" xmlns=\"http:\/\/www.w3.org\/2000\/svg\" viewBox=\"0 0 32 32\"><path fill=\"#fe9312\" d=\"M4.3 23.5c-2.3 0-4.3 1.9-4.3 4.3 0 2.3 1.9 4.2 4.3 4.2 2.4 0 4.3-1.9 4.3-4.2 0-2.3-1.9-4.3-4.3-4.3zM0 10.9v6.1c4 0 7.7 1.6 10.6 4.4 2.8 2.8 4.4 6.6 4.4 10.6h6.2c0-11.7-9.5-21.1-21.1-21.1zM0 0v6.1c14.2 0 25.8 11.6 25.8 25.9h6.2c0-17.6-14.4-32-32-32z\"\/><\/svg><\/span><\/a><\/li><li class=\"shariff-button linkedin shariff-nocustomcolor\" style=\"background-color:#1488bf\"><a href=\"https:\/\/www.linkedin.com\/sharing\/share-offsite\/?url=https%3A%2F%2Fstefan-taege.de%2Fkasia%2F2024%2F09%2F06%2Fmoldawien-orheiul-vechi%2F\" title=\"Bei LinkedIn teilen\" aria-label=\"Bei LinkedIn teilen\" role=\"button\" rel=\"noopener nofollow\" class=\"shariff-link\" style=\"; background-color:#0077b5; color:#fff\" target=\"_blank\"><span class=\"shariff-icon\" style=\"\"><svg width=\"32px\" height=\"20px\" xmlns=\"http:\/\/www.w3.org\/2000\/svg\" viewBox=\"0 0 27 32\"><path fill=\"#0077b5\" d=\"M6.2 11.2v17.7h-5.9v-17.7h5.9zM6.6 5.7q0 1.3-0.9 2.2t-2.4 0.9h0q-1.5 0-2.4-0.9t-0.9-2.2 0.9-2.2 2.4-0.9 2.4 0.9 0.9 2.2zM27.4 18.7v10.1h-5.9v-9.5q0-1.9-0.7-2.9t-2.3-1.1q-1.1 0-1.9 0.6t-1.2 1.5q-0.2 0.5-0.2 1.4v9.9h-5.9q0-7.1 0-11.6t0-5.3l0-0.9h5.9v2.6h0q0.4-0.6 0.7-1t1-0.9 1.6-0.8 2-0.3q3 0 4.9 2t1.9 6z\"\/><\/svg><\/span><\/a><\/li><\/ul><\/div>","protected":false},"excerpt":{"rendered":"<p>01.06.2024 Ich mache mich auf, denn ich will nach Soroca, in die inoffizielle Hauptstadt der Roma im Nordosten des Landes. &hellip; <\/p>\n","protected":false},"author":1,"featured_media":46858,"comment_status":"open","ping_status":"open","sticky":false,"template":"","format":"standard","meta":{"jetpack_post_was_ever_published":false,"_jetpack_newsletter_access":"","_jetpack_dont_email_post_to_subs":false,"_jetpack_newsletter_tier_id":0,"_jetpack_memberships_contains_paywalled_content":false,"footnotes":"","_jetpack_memberships_contains_paid_content":false},"categories":[1292,3107],"tags":[],"yoast_head":"<!-- This site is optimized with the Yoast SEO plugin v23.5 - https:\/\/yoast.com\/wordpress\/plugins\/seo\/ -->\n<title>Moldawien - Orheiul Vechi - windrose.rocks<\/title>\n<meta name=\"robots\" content=\"index, follow, max-snippet:-1, max-image-preview:large, max-video-preview:-1\" \/>\n<link rel=\"canonical\" href=\"https:\/\/stefan-taege.de\/kasia\/2024\/09\/06\/moldawien-orheiul-vechi\/\" \/>\n<meta name=\"twitter:label1\" content=\"Verfasst von\" \/>\n\t<meta name=\"twitter:data1\" content=\"Kasia\" \/>\n\t<meta name=\"twitter:label2\" content=\"Gesch\u00e4tzte Lesezeit\" \/>\n\t<meta name=\"twitter:data2\" content=\"16\u00a0Minuten\" \/>\n<script type=\"application\/ld+json\" class=\"yoast-schema-graph\">{\"@context\":\"https:\/\/schema.org\",\"@graph\":[{\"@type\":\"WebPage\",\"@id\":\"https:\/\/stefan-taege.de\/kasia\/2024\/09\/06\/moldawien-orheiul-vechi\/\",\"url\":\"https:\/\/stefan-taege.de\/kasia\/2024\/09\/06\/moldawien-orheiul-vechi\/\",\"name\":\"Moldawien - Orheiul Vechi - windrose.rocks\",\"isPartOf\":{\"@id\":\"https:\/\/stefan-taege.de\/kasia\/#website\"},\"primaryImageOfPage\":{\"@id\":\"https:\/\/stefan-taege.de\/kasia\/2024\/09\/06\/moldawien-orheiul-vechi\/#primaryimage\"},\"image\":{\"@id\":\"https:\/\/stefan-taege.de\/kasia\/2024\/09\/06\/moldawien-orheiul-vechi\/#primaryimage\"},\"thumbnailUrl\":\"https:\/\/i0.wp.com\/stefan-taege.de\/kasia\/wp-content\/uploads\/2024\/09\/20240601_114908kop.jpg?fit=1020%2C765&ssl=1\",\"datePublished\":\"2024-09-06T05:39:23+00:00\",\"dateModified\":\"2024-10-13T15:56:18+00:00\",\"author\":{\"@id\":\"https:\/\/stefan-taege.de\/kasia\/#\/schema\/person\/873b01562fbd03e9caa51512b2cb800f\"},\"breadcrumb\":{\"@id\":\"https:\/\/stefan-taege.de\/kasia\/2024\/09\/06\/moldawien-orheiul-vechi\/#breadcrumb\"},\"inLanguage\":\"de\",\"potentialAction\":[{\"@type\":\"ReadAction\",\"target\":[\"https:\/\/stefan-taege.de\/kasia\/2024\/09\/06\/moldawien-orheiul-vechi\/\"]}]},{\"@type\":\"ImageObject\",\"inLanguage\":\"de\",\"@id\":\"https:\/\/stefan-taege.de\/kasia\/2024\/09\/06\/moldawien-orheiul-vechi\/#primaryimage\",\"url\":\"https:\/\/i0.wp.com\/stefan-taege.de\/kasia\/wp-content\/uploads\/2024\/09\/20240601_114908kop.jpg?fit=1020%2C765&ssl=1\",\"contentUrl\":\"https:\/\/i0.wp.com\/stefan-taege.de\/kasia\/wp-content\/uploads\/2024\/09\/20240601_114908kop.jpg?fit=1020%2C765&ssl=1\",\"width\":1020,\"height\":765},{\"@type\":\"BreadcrumbList\",\"@id\":\"https:\/\/stefan-taege.de\/kasia\/2024\/09\/06\/moldawien-orheiul-vechi\/#breadcrumb\",\"itemListElement\":[{\"@type\":\"ListItem\",\"position\":1,\"name\":\"Startseite\",\"item\":\"https:\/\/stefan-taege.de\/kasia\/\"},{\"@type\":\"ListItem\",\"position\":2,\"name\":\"Moldawien &#8211; Orheiul Vechi\"}]},{\"@type\":\"WebSite\",\"@id\":\"https:\/\/stefan-taege.de\/kasia\/#website\",\"url\":\"https:\/\/stefan-taege.de\/kasia\/\",\"name\":\"windrose.rocks\",\"description\":\"Erz\u00e4hlungen einer Reisenden\",\"potentialAction\":[{\"@type\":\"SearchAction\",\"target\":{\"@type\":\"EntryPoint\",\"urlTemplate\":\"https:\/\/stefan-taege.de\/kasia\/?s={search_term_string}\"},\"query-input\":{\"@type\":\"PropertyValueSpecification\",\"valueRequired\":true,\"valueName\":\"search_term_string\"}}],\"inLanguage\":\"de\"},{\"@type\":\"Person\",\"@id\":\"https:\/\/stefan-taege.de\/kasia\/#\/schema\/person\/873b01562fbd03e9caa51512b2cb800f\",\"name\":\"Kasia\",\"image\":{\"@type\":\"ImageObject\",\"inLanguage\":\"de\",\"@id\":\"https:\/\/stefan-taege.de\/kasia\/#\/schema\/person\/image\/\",\"url\":\"https:\/\/secure.gravatar.com\/avatar\/b89791b780bc4ea83cc74789dc368178?s=96&d=mm&r=pg\",\"contentUrl\":\"https:\/\/secure.gravatar.com\/avatar\/b89791b780bc4ea83cc74789dc368178?s=96&d=mm&r=pg\",\"caption\":\"Kasia\"},\"description\":\"Hi, ich bin Kasia, die Stimme von \\\"windrose.rocks\\\" :-) Treibt Dich die Frage um, was sich denn alles jenseits der heimischen Couch verbirgt, bist Du rastlos und neugierig wie ich und sp\u00fcrst den Drang in Dir, in die Welt hinaus zu gehen? Dann tue es! Ich nehme Dich mit auf meine Reisen und lasse Dich hautnah das Unterwegs sein miterleben - in all seinen Facetten. Lass Dich inspirieren, komm mit mir und warte nicht l\u00e4nger, denn... die Welt ist so gro\u00df und wir sind so klein, und es gibt noch so viel zu sehen! Die Welt wartet auf uns.\",\"sameAs\":[\"https:\/\/stefan-taege.de\/kasia\/\"],\"url\":\"https:\/\/stefan-taege.de\/kasia\/author\/kasia\/\"}]}<\/script>\n<!-- \/ Yoast SEO plugin. -->","yoast_head_json":{"title":"Moldawien - Orheiul Vechi - windrose.rocks","robots":{"index":"index","follow":"follow","max-snippet":"max-snippet:-1","max-image-preview":"max-image-preview:large","max-video-preview":"max-video-preview:-1"},"canonical":"https:\/\/stefan-taege.de\/kasia\/2024\/09\/06\/moldawien-orheiul-vechi\/","twitter_misc":{"Verfasst von":"Kasia","Gesch\u00e4tzte Lesezeit":"16\u00a0Minuten"},"schema":{"@context":"https:\/\/schema.org","@graph":[{"@type":"WebPage","@id":"https:\/\/stefan-taege.de\/kasia\/2024\/09\/06\/moldawien-orheiul-vechi\/","url":"https:\/\/stefan-taege.de\/kasia\/2024\/09\/06\/moldawien-orheiul-vechi\/","name":"Moldawien - Orheiul Vechi - windrose.rocks","isPartOf":{"@id":"https:\/\/stefan-taege.de\/kasia\/#website"},"primaryImageOfPage":{"@id":"https:\/\/stefan-taege.de\/kasia\/2024\/09\/06\/moldawien-orheiul-vechi\/#primaryimage"},"image":{"@id":"https:\/\/stefan-taege.de\/kasia\/2024\/09\/06\/moldawien-orheiul-vechi\/#primaryimage"},"thumbnailUrl":"https:\/\/i0.wp.com\/stefan-taege.de\/kasia\/wp-content\/uploads\/2024\/09\/20240601_114908kop.jpg?fit=1020%2C765&ssl=1","datePublished":"2024-09-06T05:39:23+00:00","dateModified":"2024-10-13T15:56:18+00:00","author":{"@id":"https:\/\/stefan-taege.de\/kasia\/#\/schema\/person\/873b01562fbd03e9caa51512b2cb800f"},"breadcrumb":{"@id":"https:\/\/stefan-taege.de\/kasia\/2024\/09\/06\/moldawien-orheiul-vechi\/#breadcrumb"},"inLanguage":"de","potentialAction":[{"@type":"ReadAction","target":["https:\/\/stefan-taege.de\/kasia\/2024\/09\/06\/moldawien-orheiul-vechi\/"]}]},{"@type":"ImageObject","inLanguage":"de","@id":"https:\/\/stefan-taege.de\/kasia\/2024\/09\/06\/moldawien-orheiul-vechi\/#primaryimage","url":"https:\/\/i0.wp.com\/stefan-taege.de\/kasia\/wp-content\/uploads\/2024\/09\/20240601_114908kop.jpg?fit=1020%2C765&ssl=1","contentUrl":"https:\/\/i0.wp.com\/stefan-taege.de\/kasia\/wp-content\/uploads\/2024\/09\/20240601_114908kop.jpg?fit=1020%2C765&ssl=1","width":1020,"height":765},{"@type":"BreadcrumbList","@id":"https:\/\/stefan-taege.de\/kasia\/2024\/09\/06\/moldawien-orheiul-vechi\/#breadcrumb","itemListElement":[{"@type":"ListItem","position":1,"name":"Startseite","item":"https:\/\/stefan-taege.de\/kasia\/"},{"@type":"ListItem","position":2,"name":"Moldawien &#8211; Orheiul Vechi"}]},{"@type":"WebSite","@id":"https:\/\/stefan-taege.de\/kasia\/#website","url":"https:\/\/stefan-taege.de\/kasia\/","name":"windrose.rocks","description":"Erz\u00e4hlungen einer Reisenden","potentialAction":[{"@type":"SearchAction","target":{"@type":"EntryPoint","urlTemplate":"https:\/\/stefan-taege.de\/kasia\/?s={search_term_string}"},"query-input":{"@type":"PropertyValueSpecification","valueRequired":true,"valueName":"search_term_string"}}],"inLanguage":"de"},{"@type":"Person","@id":"https:\/\/stefan-taege.de\/kasia\/#\/schema\/person\/873b01562fbd03e9caa51512b2cb800f","name":"Kasia","image":{"@type":"ImageObject","inLanguage":"de","@id":"https:\/\/stefan-taege.de\/kasia\/#\/schema\/person\/image\/","url":"https:\/\/secure.gravatar.com\/avatar\/b89791b780bc4ea83cc74789dc368178?s=96&d=mm&r=pg","contentUrl":"https:\/\/secure.gravatar.com\/avatar\/b89791b780bc4ea83cc74789dc368178?s=96&d=mm&r=pg","caption":"Kasia"},"description":"Hi, ich bin Kasia, die Stimme von \"windrose.rocks\" :-) Treibt Dich die Frage um, was sich denn alles jenseits der heimischen Couch verbirgt, bist Du rastlos und neugierig wie ich und sp\u00fcrst den Drang in Dir, in die Welt hinaus zu gehen? Dann tue es! Ich nehme Dich mit auf meine Reisen und lasse Dich hautnah das Unterwegs sein miterleben - in all seinen Facetten. Lass Dich inspirieren, komm mit mir und warte nicht l\u00e4nger, denn... die Welt ist so gro\u00df und wir sind so klein, und es gibt noch so viel zu sehen! Die Welt wartet auf uns.","sameAs":["https:\/\/stefan-taege.de\/kasia\/"],"url":"https:\/\/stefan-taege.de\/kasia\/author\/kasia\/"}]}},"jetpack_sharing_enabled":true,"jetpack_featured_media_url":"https:\/\/i0.wp.com\/stefan-taege.de\/kasia\/wp-content\/uploads\/2024\/09\/20240601_114908kop.jpg?fit=1020%2C765&ssl=1","jetpack_shortlink":"https:\/\/wp.me\/p7Ku1E-c8Q","_links":{"self":[{"href":"https:\/\/stefan-taege.de\/kasia\/wp-json\/wp\/v2\/posts\/46676"}],"collection":[{"href":"https:\/\/stefan-taege.de\/kasia\/wp-json\/wp\/v2\/posts"}],"about":[{"href":"https:\/\/stefan-taege.de\/kasia\/wp-json\/wp\/v2\/types\/post"}],"author":[{"embeddable":true,"href":"https:\/\/stefan-taege.de\/kasia\/wp-json\/wp\/v2\/users\/1"}],"replies":[{"embeddable":true,"href":"https:\/\/stefan-taege.de\/kasia\/wp-json\/wp\/v2\/comments?post=46676"}],"version-history":[{"count":10,"href":"https:\/\/stefan-taege.de\/kasia\/wp-json\/wp\/v2\/posts\/46676\/revisions"}],"predecessor-version":[{"id":47076,"href":"https:\/\/stefan-taege.de\/kasia\/wp-json\/wp\/v2\/posts\/46676\/revisions\/47076"}],"wp:featuredmedia":[{"embeddable":true,"href":"https:\/\/stefan-taege.de\/kasia\/wp-json\/wp\/v2\/media\/46858"}],"wp:attachment":[{"href":"https:\/\/stefan-taege.de\/kasia\/wp-json\/wp\/v2\/media?parent=46676"}],"wp:term":[{"taxonomy":"category","embeddable":true,"href":"https:\/\/stefan-taege.de\/kasia\/wp-json\/wp\/v2\/categories?post=46676"},{"taxonomy":"post_tag","embeddable":true,"href":"https:\/\/stefan-taege.de\/kasia\/wp-json\/wp\/v2\/tags?post=46676"}],"curies":[{"name":"wp","href":"https:\/\/api.w.org\/{rel}","templated":true}]}}