{"id":45393,"date":"2024-06-03T07:11:11","date_gmt":"2024-06-03T05:11:11","guid":{"rendered":"https:\/\/stefan-taege.de\/kasia\/?p=45393"},"modified":"2024-06-05T21:08:08","modified_gmt":"2024-06-05T19:08:08","slug":"gent-das-lichterfestival","status":"publish","type":"post","link":"https:\/\/stefan-taege.de\/kasia\/2024\/06\/03\/gent-das-lichterfestival\/","title":{"rendered":"Gent &#8211; Das Lichterfestival"},"content":{"rendered":"<p>Lust haben wir eigentlich keine mehr. So wie man am Wochenende eigentlich keine Lust hat, wegzufahren. Am liebsten w\u00fcrde man zu Hause bleiben, ein nat\u00fcrlicher Impuls eines arbeitenden Menschen. Doch wie so oft entpuppt sich der Gedanke, seine Bequemlichkeit hinter sich zu lassen, als ein durchaus lohnender. Wie jetzt auch. Denn eigentlich haben wir nach einem langen, ausgiebigen Spaziergang am Strand von Blankenberge und \u00fcber die D\u00fcnen, von denen Stefan behauptet, dass es sie nicht gibt, Lust auf ein Nickerchen. <!--more--><\/p>\n<p><img loading=\"lazy\" decoding=\"async\" data-attachment-id=\"45943\" data-permalink=\"https:\/\/stefan-taege.de\/kasia\/2024\/06\/03\/gent-das-lichterfestival\/20240203_171838kopie\/\" data-orig-file=\"https:\/\/i0.wp.com\/stefan-taege.de\/kasia\/wp-content\/uploads\/2024\/05\/20240203_171838kopie.jpg?fit=430%2C765&amp;ssl=1\" data-orig-size=\"430,765\" data-comments-opened=\"1\" data-image-meta=\"{&quot;aperture&quot;:&quot;2.4&quot;,&quot;credit&quot;:&quot;&quot;,&quot;camera&quot;:&quot;SM-G965F&quot;,&quot;caption&quot;:&quot;&quot;,&quot;created_timestamp&quot;:&quot;1706980718&quot;,&quot;copyright&quot;:&quot;&quot;,&quot;focal_length&quot;:&quot;6&quot;,&quot;iso&quot;:&quot;160&quot;,&quot;shutter_speed&quot;:&quot;0.0434782608696&quot;,&quot;title&quot;:&quot;&quot;,&quot;orientation&quot;:&quot;0&quot;}\" data-image-title=\"Streetart, Gent\" data-image-description=\"\" data-image-caption=\"\" data-medium-file=\"https:\/\/i0.wp.com\/stefan-taege.de\/kasia\/wp-content\/uploads\/2024\/05\/20240203_171838kopie.jpg?fit=169%2C300&amp;ssl=1\" data-large-file=\"https:\/\/i0.wp.com\/stefan-taege.de\/kasia\/wp-content\/uploads\/2024\/05\/20240203_171838kopie.jpg?fit=430%2C765&amp;ssl=1\" tabindex=\"0\" role=\"button\" class=\"size-full wp-image-45943 alignleft\" src=\"https:\/\/i0.wp.com\/stefan-taege.de\/kasia\/wp-content\/uploads\/2024\/05\/20240203_171838kopie.jpg?resize=430%2C765&#038;ssl=1\" alt=\"\" width=\"430\" height=\"765\" srcset=\"https:\/\/i0.wp.com\/stefan-taege.de\/kasia\/wp-content\/uploads\/2024\/05\/20240203_171838kopie.jpg?w=430&amp;ssl=1 430w, https:\/\/i0.wp.com\/stefan-taege.de\/kasia\/wp-content\/uploads\/2024\/05\/20240203_171838kopie.jpg?resize=169%2C300&amp;ssl=1 169w, https:\/\/i0.wp.com\/stefan-taege.de\/kasia\/wp-content\/uploads\/2024\/05\/20240203_171838kopie.jpg?resize=84%2C150&amp;ssl=1 84w, https:\/\/i0.wp.com\/stefan-taege.de\/kasia\/wp-content\/uploads\/2024\/05\/20240203_171838kopie.jpg?resize=34%2C60&amp;ssl=1 34w\" sizes=\"(max-width: 430px) 100vw, 430px\" data-recalc-dims=\"1\" \/><\/p>\n<p>Als wir nach einer Stunde losfahren, nieselt der Regen fein an die Fensterscheibe des Wagens. Vor uns t\u00fcrmen sich Wolken. Doch wir k\u00f6nnen Gent nicht Gent sein lassen, denn eigens daf\u00fcr sind wir hier.<\/p>\n<p>Die belgische Stadt mit seiner UNESCO-Altstadt liegt circa eine Fahrtstunde nord\u00f6stlich von Blankenberge. Alle zwei Jahre findet hier, im Zentrum Europas, das Lichterfestival statt. Installationen werden planweise \u00fcber der ganzen Altstadt verteilt. Das will ich mir nicht entgehen lassen und kurzentschlossen nahm ich Stefan mit.<\/p>\n<p>Gent geh\u00f6rt zu den drei belgischen Umweltzonen. Die anderen beiden sind Antwerpen und Br\u00fcssel. F\u00fcr diese Umweltzonen ist f\u00fcr ausl\u00e4ndische Kennzeichen eine Registrierung vorgesehen. Was zumindest in Gent wenig Sinn macht, denn der Nahverkehr f\u00e4hrt p\u00fcnktlich und zuverl\u00e4ssig. F\u00fcr die Zeit des Lichterfestivals haben die Stadtverwalter das Parkproblem geschickt gel\u00f6st: bereits an der Autobahn sind an strategisch wichtigen Ausfahrtsstellen Hinweistafeln auf Gratis-Parkpl\u00e4tze verteilt. Die gro\u00dfen Fl\u00e4chen im Industriegebiet sind auch vonn\u00f6ten, will man die Menge an Besuchern aus aller Welt unterbringen. Regul\u00e4r belaufen sich die Parkkosten auf f\u00fcnfzehn Euro am Tag. Doch heute sind die Schranken oben und die anwesenden Ordner nur dazu da, die ankommenden Fahrzeuge zu verteilen.<\/p>\n<p>Von hier aus f\u00e4hrt in Minutentakt eine Stra\u00dfenbahn in die Innenstadt. Schon w\u00e4hrend der Fahrt, als wir durch das Fenster sp\u00e4hen, fallen uns alte, hohe Villen auf. Sch\u00f6n sehen sie aus, doch die Stadt wird noch viel sch\u00f6ner. W\u00e4hrend einer historischen Bootsfahrt d\u00fcrfen wir das erleben.<\/p>\n<p><img loading=\"lazy\" decoding=\"async\" data-attachment-id=\"45951\" data-permalink=\"https:\/\/stefan-taege.de\/kasia\/2024\/06\/03\/gent-das-lichterfestival\/20240203_173039kopie\/\" data-orig-file=\"https:\/\/i0.wp.com\/stefan-taege.de\/kasia\/wp-content\/uploads\/2024\/05\/20240203_173039kopie.jpg?fit=1020%2C765&amp;ssl=1\" data-orig-size=\"1020,765\" data-comments-opened=\"1\" data-image-meta=\"{&quot;aperture&quot;:&quot;1.7&quot;,&quot;credit&quot;:&quot;&quot;,&quot;camera&quot;:&quot;SM-G965F&quot;,&quot;caption&quot;:&quot;&quot;,&quot;created_timestamp&quot;:&quot;1706981438&quot;,&quot;copyright&quot;:&quot;&quot;,&quot;focal_length&quot;:&quot;2.92&quot;,&quot;iso&quot;:&quot;200&quot;,&quot;shutter_speed&quot;:&quot;0.02&quot;,&quot;title&quot;:&quot;&quot;,&quot;orientation&quot;:&quot;0&quot;}\" data-image-title=\"Gent, Altstadt\" data-image-description=\"\" data-image-caption=\"\" data-medium-file=\"https:\/\/i0.wp.com\/stefan-taege.de\/kasia\/wp-content\/uploads\/2024\/05\/20240203_173039kopie.jpg?fit=300%2C225&amp;ssl=1\" data-large-file=\"https:\/\/i0.wp.com\/stefan-taege.de\/kasia\/wp-content\/uploads\/2024\/05\/20240203_173039kopie.jpg?fit=1020%2C765&amp;ssl=1\" tabindex=\"0\" role=\"button\" class=\"alignnone size-full wp-image-45951\" src=\"https:\/\/i0.wp.com\/stefan-taege.de\/kasia\/wp-content\/uploads\/2024\/05\/20240203_173039kopie.jpg?resize=1020%2C765&#038;ssl=1\" alt=\"\" width=\"1020\" height=\"765\" srcset=\"https:\/\/i0.wp.com\/stefan-taege.de\/kasia\/wp-content\/uploads\/2024\/05\/20240203_173039kopie.jpg?w=1020&amp;ssl=1 1020w, https:\/\/i0.wp.com\/stefan-taege.de\/kasia\/wp-content\/uploads\/2024\/05\/20240203_173039kopie.jpg?resize=300%2C225&amp;ssl=1 300w, https:\/\/i0.wp.com\/stefan-taege.de\/kasia\/wp-content\/uploads\/2024\/05\/20240203_173039kopie.jpg?resize=150%2C113&amp;ssl=1 150w, https:\/\/i0.wp.com\/stefan-taege.de\/kasia\/wp-content\/uploads\/2024\/05\/20240203_173039kopie.jpg?resize=768%2C576&amp;ssl=1 768w, https:\/\/i0.wp.com\/stefan-taege.de\/kasia\/wp-content\/uploads\/2024\/05\/20240203_173039kopie.jpg?resize=80%2C60&amp;ssl=1 80w\" sizes=\"(max-width: 1020px) 100vw, 1020px\" data-recalc-dims=\"1\" \/><\/p>\n<p>Die Bahn h\u00e4lt am Justizpalast. Die Ankunft in der Genter Altstadt erlebe ich wie im Traum. Das ist einer leichten Augentrockenheit und nicht dem leckeren, starken, belgischen Bier geschuldet (zu diesem Zeitpunkt zumindest noch nicht). Wir kommen gegen halb f\u00fcnf am Nachmittag an, es ist noch hell. Nur langsam bricht die Blaue Stunde an, die alles noch fotogener, noch sehenswerter erscheinen l\u00e4sst. Wie hypnotisiert folge ich den Menschen, die alle auf ein bestimmtes Ziel hinzustr\u00f6men scheinen. Wie im Traum springe ich von Eck zu Eck auf der Jagd nach einem noch besseren Fotomotiv. Und davon hat die Stadt so viele.<\/p>\n<p>Die alte Br\u00fccke zum Beispiel, die ber\u00fchmte Sint-Michielsbrug, die in der Altstadt die Leie umspannt. Fr\u00fcher eine Drehbr\u00fccke, wurde sie im 20 Jhd. durch eine Bogenbr\u00fccke ersetzt. Oder die Sint-Niklaaskerk, eine Pfarrkirche der wohlhabenden B\u00fcrger der Stadt, die die Altstadt dominiert und wie eine Kathedrale anmutet. Die Sint-Niklaaskerk ist kein Bischofssitz. Sie wurde im 13 Jhd. errichtet und dem hl. Nikolaus von Myra, dem Schutzheiligen der Handels- und Fuhrleute geweiht. Zu Napoleons Zeiten nutzte man sie als Pferdestall. G\u00f6ttlicher Schutz f\u00fcr Mensch und Tier.<\/p>\n<p>Des weiterem die St. Michaels-Kirche. Die Sankt Michaels-Kirche hat ein interessantes Detail: die fehlende Turmspitze. Der Bau begann im 15 Jahrhundert und wurde von reichen Bauern finanziert. Doch die Bauarbeiten zogen sich in die L\u00e4nge. Als im 17 Jhd. die Einnahmen sanken und das Geld ausging, war es vorbei mit der Finanzierung.<\/p>\n<p>Oder Belfort von Gent, mit 91 Metern Belgiens h\u00f6chster Glockenturm. Die Sankt Bavo Kathedrale aus dem 12 Jahrhundert. Gemeinsam mit dem Belfort (Belfried) und der St. Nicolaus Kirche stellen sie die drei T\u00fcrme der Altstadt.<\/p>\n<p>Oder&#8230; oder&#8230; oder&#8230;<\/p>\n<div class=\"tiled-gallery type-square tiled-gallery-unresized\" data-original-width=\"1020\" data-carousel-extra='{&quot;blog_id&quot;:1,&quot;permalink&quot;:&quot;https:\\\/\\\/stefan-taege.de\\\/kasia\\\/2024\\\/06\\\/03\\\/gent-das-lichterfestival\\\/&quot;,&quot;likes_blog_id&quot;:114512862}' itemscope itemtype=\"http:\/\/schema.org\/ImageGallery\" > <div class=\"gallery-row\" style=\"width: 1020px; height: 340px;\" data-original-width=\"1020\" data-original-height=\"340\" > <div class=\"gallery-group\" style=\"width: 340px; height: 340px;\" data-original-width=\"340\" data-original-height=\"340\" > <div class=\"tiled-gallery-item \" itemprop=\"associatedMedia\" itemscope itemtype=\"http:\/\/schema.org\/ImageObject\"> <a href=\"https:\/\/stefan-taege.de\/kasia\/2024\/06\/03\/gent-das-lichterfestival\/20240203_172154kopie\/\" border=\"0\" itemprop=\"url\"> <meta itemprop=\"width\" content=\"336\"> <meta itemprop=\"height\" content=\"336\"> <img decoding=\"async\" class=\"\" data-attachment-id=\"45945\" data-orig-file=\"https:\/\/stefan-taege.de\/kasia\/wp-content\/uploads\/2024\/05\/20240203_172154kopie.jpg\" data-orig-size=\"1020,574\" data-comments-opened=\"1\" data-image-meta=\"{&quot;aperture&quot;:&quot;2.4&quot;,&quot;credit&quot;:&quot;&quot;,&quot;camera&quot;:&quot;SM-G965F&quot;,&quot;caption&quot;:&quot;&quot;,&quot;created_timestamp&quot;:&quot;1706980913&quot;,&quot;copyright&quot;:&quot;&quot;,&quot;focal_length&quot;:&quot;4.3&quot;,&quot;iso&quot;:&quot;80&quot;,&quot;shutter_speed&quot;:&quot;0.02&quot;,&quot;title&quot;:&quot;&quot;,&quot;orientation&quot;:&quot;0&quot;}\" data-image-title=\"St. Niklaaskerk, Gent\" data-image-description=\"\" data-medium-file=\"https:\/\/i0.wp.com\/stefan-taege.de\/kasia\/wp-content\/uploads\/2024\/05\/20240203_172154kopie.jpg?fit=300%2C169&#038;ssl=1\" data-large-file=\"https:\/\/i0.wp.com\/stefan-taege.de\/kasia\/wp-content\/uploads\/2024\/05\/20240203_172154kopie.jpg?fit=1020%2C574&#038;ssl=1\" src=\"https:\/\/i0.wp.com\/stefan-taege.de\/kasia\/wp-content\/uploads\/2024\/05\/20240203_172154kopie.jpg?w=336&#038;h=336&#038;crop=1&#038;ssl=1\" srcset=\"https:\/\/i0.wp.com\/stefan-taege.de\/kasia\/wp-content\/uploads\/2024\/05\/20240203_172154kopie.jpg?resize=435%2C435&amp;ssl=1 435w, https:\/\/i0.wp.com\/stefan-taege.de\/kasia\/wp-content\/uploads\/2024\/05\/20240203_172154kopie.jpg?zoom=2&amp;resize=336%2C336&amp;ssl=1 672w, https:\/\/i0.wp.com\/stefan-taege.de\/kasia\/wp-content\/uploads\/2024\/05\/20240203_172154kopie.jpg?zoom=3&amp;resize=336%2C336&amp;ssl=1 1008w\" width=\"336\" height=\"336\" loading=\"lazy\" data-original-width=\"336\" data-original-height=\"336\" itemprop=\"http:\/\/schema.org\/image\" title=\"St. Niklaaskerk, Gent\" alt=\"St. Niklaaskerk, Gent\" style=\"width: 336px; height: 336px;\" \/> <\/a> <div class=\"tiled-gallery-caption\" itemprop=\"caption description\"> St. Niklaaskerk, Gent <\/div> <\/div> <\/div> <div class=\"gallery-group\" style=\"width: 340px; height: 340px;\" data-original-width=\"340\" data-original-height=\"340\" > <div class=\"tiled-gallery-item \" itemprop=\"associatedMedia\" itemscope itemtype=\"http:\/\/schema.org\/ImageObject\"> <a href=\"https:\/\/stefan-taege.de\/kasia\/2024\/06\/03\/gent-das-lichterfestival\/20240203_172502kopie\/\" border=\"0\" itemprop=\"url\"> <meta itemprop=\"width\" content=\"336\"> <meta itemprop=\"height\" content=\"336\"> <img decoding=\"async\" class=\"\" data-attachment-id=\"45947\" data-orig-file=\"https:\/\/stefan-taege.de\/kasia\/wp-content\/uploads\/2024\/05\/20240203_172502kopie.jpg\" data-orig-size=\"1020,732\" data-comments-opened=\"1\" data-image-meta=\"{&quot;aperture&quot;:&quot;2.4&quot;,&quot;credit&quot;:&quot;&quot;,&quot;camera&quot;:&quot;SM-G965F&quot;,&quot;caption&quot;:&quot;&quot;,&quot;created_timestamp&quot;:&quot;1706981102&quot;,&quot;copyright&quot;:&quot;&quot;,&quot;focal_length&quot;:&quot;6&quot;,&quot;iso&quot;:&quot;80&quot;,&quot;shutter_speed&quot;:&quot;0.030303030303&quot;,&quot;title&quot;:&quot;&quot;,&quot;orientation&quot;:&quot;0&quot;}\" data-image-title=\"Sint-Michielsbrug\" data-image-description=\"\" data-medium-file=\"https:\/\/i0.wp.com\/stefan-taege.de\/kasia\/wp-content\/uploads\/2024\/05\/20240203_172502kopie.jpg?fit=300%2C215&#038;ssl=1\" data-large-file=\"https:\/\/i0.wp.com\/stefan-taege.de\/kasia\/wp-content\/uploads\/2024\/05\/20240203_172502kopie.jpg?fit=1020%2C732&#038;ssl=1\" src=\"https:\/\/i0.wp.com\/stefan-taege.de\/kasia\/wp-content\/uploads\/2024\/05\/20240203_172502kopie.jpg?w=336&#038;h=336&#038;crop=1&#038;ssl=1\" srcset=\"https:\/\/i0.wp.com\/stefan-taege.de\/kasia\/wp-content\/uploads\/2024\/05\/20240203_172502kopie.jpg?resize=435%2C435&amp;ssl=1 435w, https:\/\/i0.wp.com\/stefan-taege.de\/kasia\/wp-content\/uploads\/2024\/05\/20240203_172502kopie.jpg?zoom=2&amp;resize=336%2C336&amp;ssl=1 672w, https:\/\/i0.wp.com\/stefan-taege.de\/kasia\/wp-content\/uploads\/2024\/05\/20240203_172502kopie.jpg?zoom=3&amp;resize=336%2C336&amp;ssl=1 1008w\" width=\"336\" height=\"336\" loading=\"lazy\" data-original-width=\"336\" data-original-height=\"336\" itemprop=\"http:\/\/schema.org\/image\" title=\"Sint-Michielsbrug\" alt=\"Sint-Michielsbrug\" style=\"width: 336px; height: 336px;\" \/> <\/a> <div class=\"tiled-gallery-caption\" itemprop=\"caption description\"> Sint-Michielsbrug <\/div> <\/div> <\/div> <div class=\"gallery-group\" style=\"width: 340px; height: 340px;\" data-original-width=\"340\" data-original-height=\"340\" > <div class=\"tiled-gallery-item \" itemprop=\"associatedMedia\" itemscope itemtype=\"http:\/\/schema.org\/ImageObject\"> <a href=\"https:\/\/stefan-taege.de\/kasia\/2024\/06\/03\/gent-das-lichterfestival\/20240203_172606kopie\/\" border=\"0\" itemprop=\"url\"> <meta itemprop=\"width\" content=\"336\"> <meta itemprop=\"height\" content=\"336\"> <img decoding=\"async\" class=\"\" data-attachment-id=\"45949\" data-orig-file=\"https:\/\/stefan-taege.de\/kasia\/wp-content\/uploads\/2024\/05\/20240203_172606kopie.jpg\" data-orig-size=\"1020,574\" data-comments-opened=\"1\" data-image-meta=\"{&quot;aperture&quot;:&quot;2.4&quot;,&quot;credit&quot;:&quot;&quot;,&quot;camera&quot;:&quot;SM-G965F&quot;,&quot;caption&quot;:&quot;&quot;,&quot;created_timestamp&quot;:&quot;1706981166&quot;,&quot;copyright&quot;:&quot;&quot;,&quot;focal_length&quot;:&quot;6&quot;,&quot;iso&quot;:&quot;40&quot;,&quot;shutter_speed&quot;:&quot;0.02&quot;,&quot;title&quot;:&quot;&quot;,&quot;orientation&quot;:&quot;0&quot;}\" data-image-title=\"Sint-Michielsbrug\" data-image-description=\"\" data-medium-file=\"https:\/\/i0.wp.com\/stefan-taege.de\/kasia\/wp-content\/uploads\/2024\/05\/20240203_172606kopie.jpg?fit=300%2C169&#038;ssl=1\" data-large-file=\"https:\/\/i0.wp.com\/stefan-taege.de\/kasia\/wp-content\/uploads\/2024\/05\/20240203_172606kopie.jpg?fit=1020%2C574&#038;ssl=1\" src=\"https:\/\/i0.wp.com\/stefan-taege.de\/kasia\/wp-content\/uploads\/2024\/05\/20240203_172606kopie.jpg?w=336&#038;h=336&#038;crop=1&#038;ssl=1\" srcset=\"https:\/\/i0.wp.com\/stefan-taege.de\/kasia\/wp-content\/uploads\/2024\/05\/20240203_172606kopie.jpg?resize=435%2C435&amp;ssl=1 435w, https:\/\/i0.wp.com\/stefan-taege.de\/kasia\/wp-content\/uploads\/2024\/05\/20240203_172606kopie.jpg?zoom=2&amp;resize=336%2C336&amp;ssl=1 672w, https:\/\/i0.wp.com\/stefan-taege.de\/kasia\/wp-content\/uploads\/2024\/05\/20240203_172606kopie.jpg?zoom=3&amp;resize=336%2C336&amp;ssl=1 1008w\" width=\"336\" height=\"336\" loading=\"lazy\" data-original-width=\"336\" data-original-height=\"336\" itemprop=\"http:\/\/schema.org\/image\" title=\"Sint-Michielsbrug\" alt=\"Sint-Michielsbrug\" style=\"width: 336px; height: 336px;\" \/> <\/a> <div class=\"tiled-gallery-caption\" itemprop=\"caption description\"> Sint-Michielsbrug <\/div> <\/div> <\/div> <\/div> <div class=\"gallery-row\" style=\"width: 1020px; height: 340px;\" data-original-width=\"1020\" data-original-height=\"340\" > <div class=\"gallery-group\" style=\"width: 340px; height: 340px;\" data-original-width=\"340\" data-original-height=\"340\" > <div class=\"tiled-gallery-item \" itemprop=\"associatedMedia\" itemscope itemtype=\"http:\/\/schema.org\/ImageObject\"> <a href=\"https:\/\/stefan-taege.de\/kasia\/2024\/06\/03\/gent-das-lichterfestival\/20240203_172521kopie\/\" border=\"0\" itemprop=\"url\"> <meta itemprop=\"width\" content=\"336\"> <meta itemprop=\"height\" content=\"336\"> <img decoding=\"async\" class=\"\" data-attachment-id=\"45948\" data-orig-file=\"https:\/\/stefan-taege.de\/kasia\/wp-content\/uploads\/2024\/05\/20240203_172521kopie.jpg\" data-orig-size=\"1020,574\" data-comments-opened=\"1\" data-image-meta=\"{&quot;aperture&quot;:&quot;2.4&quot;,&quot;credit&quot;:&quot;&quot;,&quot;camera&quot;:&quot;SM-G965F&quot;,&quot;caption&quot;:&quot;&quot;,&quot;created_timestamp&quot;:&quot;1706981121&quot;,&quot;copyright&quot;:&quot;&quot;,&quot;focal_length&quot;:&quot;4.3&quot;,&quot;iso&quot;:&quot;80&quot;,&quot;shutter_speed&quot;:&quot;0.0208333333333&quot;,&quot;title&quot;:&quot;&quot;,&quot;orientation&quot;:&quot;0&quot;}\" data-image-title=\"Gent, Altstadt\" data-image-description=\"\" data-medium-file=\"https:\/\/i0.wp.com\/stefan-taege.de\/kasia\/wp-content\/uploads\/2024\/05\/20240203_172521kopie.jpg?fit=300%2C169&#038;ssl=1\" data-large-file=\"https:\/\/i0.wp.com\/stefan-taege.de\/kasia\/wp-content\/uploads\/2024\/05\/20240203_172521kopie.jpg?fit=1020%2C574&#038;ssl=1\" src=\"https:\/\/i0.wp.com\/stefan-taege.de\/kasia\/wp-content\/uploads\/2024\/05\/20240203_172521kopie.jpg?w=336&#038;h=336&#038;crop=1&#038;ssl=1\" srcset=\"https:\/\/i0.wp.com\/stefan-taege.de\/kasia\/wp-content\/uploads\/2024\/05\/20240203_172521kopie.jpg?resize=435%2C435&amp;ssl=1 435w, https:\/\/i0.wp.com\/stefan-taege.de\/kasia\/wp-content\/uploads\/2024\/05\/20240203_172521kopie.jpg?zoom=2&amp;resize=336%2C336&amp;ssl=1 672w, https:\/\/i0.wp.com\/stefan-taege.de\/kasia\/wp-content\/uploads\/2024\/05\/20240203_172521kopie.jpg?zoom=3&amp;resize=336%2C336&amp;ssl=1 1008w\" width=\"336\" height=\"336\" loading=\"lazy\" data-original-width=\"336\" data-original-height=\"336\" itemprop=\"http:\/\/schema.org\/image\" title=\"Gent, Altstadt\" alt=\"Gent, Altstadt\" style=\"width: 336px; height: 336px;\" \/> <\/a> <\/div> <\/div> <div class=\"gallery-group\" style=\"width: 340px; height: 340px;\" data-original-width=\"340\" data-original-height=\"340\" > <div class=\"tiled-gallery-item \" itemprop=\"associatedMedia\" itemscope itemtype=\"http:\/\/schema.org\/ImageObject\"> <a href=\"https:\/\/stefan-taege.de\/kasia\/2024\/06\/03\/gent-das-lichterfestival\/20240203_172809kopie\/\" border=\"0\" itemprop=\"url\"> <meta itemprop=\"width\" content=\"336\"> <meta itemprop=\"height\" content=\"336\"> <img decoding=\"async\" class=\"\" data-attachment-id=\"45950\" data-orig-file=\"https:\/\/stefan-taege.de\/kasia\/wp-content\/uploads\/2024\/05\/20240203_172809kopie.jpg\" data-orig-size=\"1020,765\" data-comments-opened=\"1\" data-image-meta=\"{&quot;aperture&quot;:&quot;2.4&quot;,&quot;credit&quot;:&quot;&quot;,&quot;camera&quot;:&quot;SM-G965F&quot;,&quot;caption&quot;:&quot;&quot;,&quot;created_timestamp&quot;:&quot;1706981289&quot;,&quot;copyright&quot;:&quot;&quot;,&quot;focal_length&quot;:&quot;4.3&quot;,&quot;iso&quot;:&quot;100&quot;,&quot;shutter_speed&quot;:&quot;0.02&quot;,&quot;title&quot;:&quot;&quot;,&quot;orientation&quot;:&quot;0&quot;}\" data-image-title=\"Gent, Altstadt\" data-image-description=\"\" data-medium-file=\"https:\/\/i0.wp.com\/stefan-taege.de\/kasia\/wp-content\/uploads\/2024\/05\/20240203_172809kopie.jpg?fit=300%2C225&#038;ssl=1\" data-large-file=\"https:\/\/i0.wp.com\/stefan-taege.de\/kasia\/wp-content\/uploads\/2024\/05\/20240203_172809kopie.jpg?fit=1020%2C765&#038;ssl=1\" src=\"https:\/\/i0.wp.com\/stefan-taege.de\/kasia\/wp-content\/uploads\/2024\/05\/20240203_172809kopie.jpg?w=336&#038;h=336&#038;crop=1&#038;ssl=1\" srcset=\"https:\/\/i0.wp.com\/stefan-taege.de\/kasia\/wp-content\/uploads\/2024\/05\/20240203_172809kopie.jpg?resize=435%2C435&amp;ssl=1 435w, https:\/\/i0.wp.com\/stefan-taege.de\/kasia\/wp-content\/uploads\/2024\/05\/20240203_172809kopie.jpg?zoom=2&amp;resize=336%2C336&amp;ssl=1 672w, https:\/\/i0.wp.com\/stefan-taege.de\/kasia\/wp-content\/uploads\/2024\/05\/20240203_172809kopie.jpg?zoom=3&amp;resize=336%2C336&amp;ssl=1 1008w\" width=\"336\" height=\"336\" loading=\"lazy\" data-original-width=\"336\" data-original-height=\"336\" itemprop=\"http:\/\/schema.org\/image\" title=\"Gent, Altstadt\" alt=\"Gent, Altstadt\" style=\"width: 336px; height: 336px;\" \/> <\/a> <\/div> <\/div> <div class=\"gallery-group\" style=\"width: 340px; height: 340px;\" data-original-width=\"340\" data-original-height=\"340\" > <div class=\"tiled-gallery-item \" itemprop=\"associatedMedia\" itemscope itemtype=\"http:\/\/schema.org\/ImageObject\"> <a href=\"https:\/\/stefan-taege.de\/kasia\/2024\/06\/03\/gent-das-lichterfestival\/20240203_172444kopie\/\" border=\"0\" itemprop=\"url\"> <meta itemprop=\"width\" content=\"336\"> <meta itemprop=\"height\" content=\"336\"> <img decoding=\"async\" class=\"\" data-attachment-id=\"45946\" data-orig-file=\"https:\/\/stefan-taege.de\/kasia\/wp-content\/uploads\/2024\/05\/20240203_172444kopie.jpg\" data-orig-size=\"1020,574\" data-comments-opened=\"1\" data-image-meta=\"{&quot;aperture&quot;:&quot;2.4&quot;,&quot;credit&quot;:&quot;&quot;,&quot;camera&quot;:&quot;SM-G965F&quot;,&quot;caption&quot;:&quot;&quot;,&quot;created_timestamp&quot;:&quot;1706981083&quot;,&quot;copyright&quot;:&quot;&quot;,&quot;focal_length&quot;:&quot;4.3&quot;,&quot;iso&quot;:&quot;320&quot;,&quot;shutter_speed&quot;:&quot;0.02&quot;,&quot;title&quot;:&quot;&quot;,&quot;orientation&quot;:&quot;0&quot;}\" data-image-title=\"Gent, Altstadt\" data-image-description=\"\" data-medium-file=\"https:\/\/i0.wp.com\/stefan-taege.de\/kasia\/wp-content\/uploads\/2024\/05\/20240203_172444kopie.jpg?fit=300%2C169&#038;ssl=1\" data-large-file=\"https:\/\/i0.wp.com\/stefan-taege.de\/kasia\/wp-content\/uploads\/2024\/05\/20240203_172444kopie.jpg?fit=1020%2C574&#038;ssl=1\" src=\"https:\/\/i0.wp.com\/stefan-taege.de\/kasia\/wp-content\/uploads\/2024\/05\/20240203_172444kopie.jpg?w=336&#038;h=336&#038;crop=1&#038;ssl=1\" srcset=\"https:\/\/i0.wp.com\/stefan-taege.de\/kasia\/wp-content\/uploads\/2024\/05\/20240203_172444kopie.jpg?resize=435%2C435&amp;ssl=1 435w, https:\/\/i0.wp.com\/stefan-taege.de\/kasia\/wp-content\/uploads\/2024\/05\/20240203_172444kopie.jpg?zoom=2&amp;resize=336%2C336&amp;ssl=1 672w, https:\/\/i0.wp.com\/stefan-taege.de\/kasia\/wp-content\/uploads\/2024\/05\/20240203_172444kopie.jpg?zoom=3&amp;resize=336%2C336&amp;ssl=1 1008w\" width=\"336\" height=\"336\" loading=\"lazy\" data-original-width=\"336\" data-original-height=\"336\" itemprop=\"http:\/\/schema.org\/image\" title=\"Gent, Altstadt\" alt=\"Gent, Altstadt\" style=\"width: 336px; height: 336px;\" \/> <\/a> <\/div> <\/div> <\/div> <div class=\"gallery-row\" style=\"width: 1020px; height: 340px;\" data-original-width=\"1020\" data-original-height=\"340\" > <div class=\"gallery-group\" style=\"width: 340px; height: 340px;\" data-original-width=\"340\" data-original-height=\"340\" > <div class=\"tiled-gallery-item \" itemprop=\"associatedMedia\" itemscope itemtype=\"http:\/\/schema.org\/ImageObject\"> <a href=\"https:\/\/stefan-taege.de\/kasia\/2024\/06\/03\/gent-das-lichterfestival\/20240203_172601kopie\/\" border=\"0\" itemprop=\"url\"> <meta itemprop=\"width\" content=\"336\"> <meta itemprop=\"height\" content=\"336\"> <img decoding=\"async\" class=\"\" data-attachment-id=\"45954\" data-orig-file=\"https:\/\/stefan-taege.de\/kasia\/wp-content\/uploads\/2024\/05\/20240203_172601kopie.jpg\" data-orig-size=\"1020,574\" data-comments-opened=\"1\" data-image-meta=\"{&quot;aperture&quot;:&quot;2.4&quot;,&quot;credit&quot;:&quot;&quot;,&quot;camera&quot;:&quot;SM-G965F&quot;,&quot;caption&quot;:&quot;&quot;,&quot;created_timestamp&quot;:&quot;1706981161&quot;,&quot;copyright&quot;:&quot;&quot;,&quot;focal_length&quot;:&quot;6&quot;,&quot;iso&quot;:&quot;125&quot;,&quot;shutter_speed&quot;:&quot;0.030303030303&quot;,&quot;title&quot;:&quot;&quot;,&quot;orientation&quot;:&quot;0&quot;}\" data-image-title=\"Gent, Altstadt\" data-image-description=\"\" data-medium-file=\"https:\/\/i0.wp.com\/stefan-taege.de\/kasia\/wp-content\/uploads\/2024\/05\/20240203_172601kopie.jpg?fit=300%2C169&#038;ssl=1\" data-large-file=\"https:\/\/i0.wp.com\/stefan-taege.de\/kasia\/wp-content\/uploads\/2024\/05\/20240203_172601kopie.jpg?fit=1020%2C574&#038;ssl=1\" src=\"https:\/\/i0.wp.com\/stefan-taege.de\/kasia\/wp-content\/uploads\/2024\/05\/20240203_172601kopie.jpg?w=336&#038;h=336&#038;crop=1&#038;ssl=1\" srcset=\"https:\/\/i0.wp.com\/stefan-taege.de\/kasia\/wp-content\/uploads\/2024\/05\/20240203_172601kopie.jpg?resize=435%2C435&amp;ssl=1 435w, https:\/\/i0.wp.com\/stefan-taege.de\/kasia\/wp-content\/uploads\/2024\/05\/20240203_172601kopie.jpg?zoom=2&amp;resize=336%2C336&amp;ssl=1 672w, https:\/\/i0.wp.com\/stefan-taege.de\/kasia\/wp-content\/uploads\/2024\/05\/20240203_172601kopie.jpg?zoom=3&amp;resize=336%2C336&amp;ssl=1 1008w\" width=\"336\" height=\"336\" loading=\"lazy\" data-original-width=\"336\" data-original-height=\"336\" itemprop=\"http:\/\/schema.org\/image\" title=\"Gent, Altstadt\" alt=\"Gent, Altstadt\" style=\"width: 336px; height: 336px;\" \/> <\/a> <\/div> <\/div> <div class=\"gallery-group\" style=\"width: 340px; height: 340px;\" data-original-width=\"340\" data-original-height=\"340\" > <div class=\"tiled-gallery-item \" itemprop=\"associatedMedia\" itemscope itemtype=\"http:\/\/schema.org\/ImageObject\"> <a href=\"https:\/\/stefan-taege.de\/kasia\/2024\/06\/03\/gent-das-lichterfestival\/20240203_173321kopie\/\" border=\"0\" itemprop=\"url\"> <meta itemprop=\"width\" content=\"336\"> <meta itemprop=\"height\" content=\"336\"> <img decoding=\"async\" class=\"\" data-attachment-id=\"45955\" data-orig-file=\"https:\/\/stefan-taege.de\/kasia\/wp-content\/uploads\/2024\/05\/20240203_173321kopie.jpg\" data-orig-size=\"1020,561\" data-comments-opened=\"1\" data-image-meta=\"{&quot;aperture&quot;:&quot;1.5&quot;,&quot;credit&quot;:&quot;&quot;,&quot;camera&quot;:&quot;SM-G965F&quot;,&quot;caption&quot;:&quot;&quot;,&quot;created_timestamp&quot;:&quot;1706981601&quot;,&quot;copyright&quot;:&quot;&quot;,&quot;focal_length&quot;:&quot;4.3&quot;,&quot;iso&quot;:&quot;80&quot;,&quot;shutter_speed&quot;:&quot;0.02&quot;,&quot;title&quot;:&quot;&quot;,&quot;orientation&quot;:&quot;0&quot;}\" data-image-title=\"Gent, Altstadt\" data-image-description=\"\" data-medium-file=\"https:\/\/i0.wp.com\/stefan-taege.de\/kasia\/wp-content\/uploads\/2024\/05\/20240203_173321kopie.jpg?fit=300%2C165&#038;ssl=1\" data-large-file=\"https:\/\/i0.wp.com\/stefan-taege.de\/kasia\/wp-content\/uploads\/2024\/05\/20240203_173321kopie.jpg?fit=1020%2C561&#038;ssl=1\" src=\"https:\/\/i0.wp.com\/stefan-taege.de\/kasia\/wp-content\/uploads\/2024\/05\/20240203_173321kopie.jpg?w=336&#038;h=336&#038;crop=1&#038;ssl=1\" srcset=\"https:\/\/i0.wp.com\/stefan-taege.de\/kasia\/wp-content\/uploads\/2024\/05\/20240203_173321kopie.jpg?resize=435%2C435&amp;ssl=1 435w, https:\/\/i0.wp.com\/stefan-taege.de\/kasia\/wp-content\/uploads\/2024\/05\/20240203_173321kopie.jpg?zoom=2&amp;resize=336%2C336&amp;ssl=1 672w, https:\/\/i0.wp.com\/stefan-taege.de\/kasia\/wp-content\/uploads\/2024\/05\/20240203_173321kopie.jpg?zoom=3&amp;resize=336%2C336&amp;ssl=1 1008w\" width=\"336\" height=\"336\" loading=\"lazy\" data-original-width=\"336\" data-original-height=\"336\" itemprop=\"http:\/\/schema.org\/image\" title=\"Gent, Altstadt\" alt=\"Gent, Altstadt\" style=\"width: 336px; height: 336px;\" \/> <\/a> <\/div> <\/div> <div class=\"gallery-group\" style=\"width: 340px; height: 340px;\" data-original-width=\"340\" data-original-height=\"340\" > <div class=\"tiled-gallery-item \" itemprop=\"associatedMedia\" itemscope itemtype=\"http:\/\/schema.org\/ImageObject\"> <a href=\"https:\/\/stefan-taege.de\/kasia\/2024\/06\/03\/gent-das-lichterfestival\/20240203_172906kopie\/\" border=\"0\" itemprop=\"url\"> <meta itemprop=\"width\" content=\"336\"> <meta itemprop=\"height\" content=\"336\"> <img decoding=\"async\" class=\"\" data-attachment-id=\"45956\" data-orig-file=\"https:\/\/stefan-taege.de\/kasia\/wp-content\/uploads\/2024\/05\/20240203_172906kopie.jpg\" data-orig-size=\"1020,599\" data-comments-opened=\"1\" data-image-meta=\"{&quot;aperture&quot;:&quot;2.4&quot;,&quot;credit&quot;:&quot;&quot;,&quot;camera&quot;:&quot;SM-G965F&quot;,&quot;caption&quot;:&quot;&quot;,&quot;created_timestamp&quot;:&quot;1706981346&quot;,&quot;copyright&quot;:&quot;&quot;,&quot;focal_length&quot;:&quot;6&quot;,&quot;iso&quot;:&quot;200&quot;,&quot;shutter_speed&quot;:&quot;0.030303030303&quot;,&quot;title&quot;:&quot;&quot;,&quot;orientation&quot;:&quot;0&quot;}\" data-image-title=\"Gent, Altstadt\" data-image-description=\"\" data-medium-file=\"https:\/\/i0.wp.com\/stefan-taege.de\/kasia\/wp-content\/uploads\/2024\/05\/20240203_172906kopie.jpg?fit=300%2C176&#038;ssl=1\" data-large-file=\"https:\/\/i0.wp.com\/stefan-taege.de\/kasia\/wp-content\/uploads\/2024\/05\/20240203_172906kopie.jpg?fit=1020%2C599&#038;ssl=1\" src=\"https:\/\/i0.wp.com\/stefan-taege.de\/kasia\/wp-content\/uploads\/2024\/05\/20240203_172906kopie.jpg?w=336&#038;h=336&#038;crop=1&#038;ssl=1\" srcset=\"https:\/\/i0.wp.com\/stefan-taege.de\/kasia\/wp-content\/uploads\/2024\/05\/20240203_172906kopie.jpg?resize=435%2C435&amp;ssl=1 435w, https:\/\/i0.wp.com\/stefan-taege.de\/kasia\/wp-content\/uploads\/2024\/05\/20240203_172906kopie.jpg?zoom=2&amp;resize=336%2C336&amp;ssl=1 672w, https:\/\/i0.wp.com\/stefan-taege.de\/kasia\/wp-content\/uploads\/2024\/05\/20240203_172906kopie.jpg?zoom=3&amp;resize=336%2C336&amp;ssl=1 1008w\" width=\"336\" height=\"336\" loading=\"lazy\" data-original-width=\"336\" data-original-height=\"336\" itemprop=\"http:\/\/schema.org\/image\" title=\"Gent, Altstadt\" alt=\"Gent, Altstadt\" style=\"width: 336px; height: 336px;\" \/> <\/a> <\/div> <\/div> <\/div> <\/div>\n<p>&nbsp;<\/p>\n<h3>Belgien vom Wasser aus<\/h3>\n<p>Von der alten Br\u00fccke aus buchen wir eine vierzigmin\u00fctige Bootsfahrt an den reichen H\u00e4usern der Altstadt entlang. Gent war \u00fcber Jahrhunderte hinweg eine reiche Stadt, was an den prunkvollen Fassaden gut zu erkennen ist. Jeder wichtige, betuchte B\u00fcrger wollte sich hier ein Denkmal hinstellen. Da w\u00e4re dann das Kapit\u00e4nshaus, mit einem Segelschiff auf dem Dach und zwei L\u00f6wenk\u00f6pfen an den Seiten. \u00dcber die Tiere weiter oben k\u00f6nnen wir nur spekulieren, bis der Bootsf\u00fchrer das Geheimnis l\u00fcftet. Es sind Delphine, die hier so aussehen wie beschuppte, gefl\u00fcgelte Schlangen. Ja, meine Kinder: so hat man sich im elften Jahrhundert Delphine vorgestellt.<\/p>\n<p>Wir erfahren viel \u00fcber die Stadt. Seinen Reichtum hat die Stadt einem Handelsprivileg zu verdanken. Hier auf der Leie, zwischen zwei Br\u00fccken, befand sich bereits im 11 Jhd. der wichtigste Hafen der Stadt. Es wurde haupts\u00e4chlich Getreide umgeschlagen. Und das lie\u00dfen sich die Genter B\u00fcrger versilbern. So hatte die Stadt das Recht, ein Viertel allen Getreides, das \u00fcber die Leie oder die Schelde verfrachtet wurde, f\u00fcr sich zu beanspruchen. Der Rubel rollte, und die H\u00e4user der Genter Kaufleute wurden zu Prachtbauten. Jeder, der was auf sich hielt, wollte dies auch zeigen. Die H\u00e4user waren wichtige Statussymbole. Gent ist nicht nach dem Baustil eines oder zwei Jahrhunderte erbaut, hier finden sich Bauweisen aus allen Epochen. Das ist der Grund, weshalb die Altstadt den Schutzstatus der UNESCO hat.<\/p>\n<p>Und die Fahrr\u00e4der. Um die dreihunderttausend Fahrr\u00e4der sind hier auf den Stra\u00dfen unterwegs. Geparkt werden k\u00f6nnen die Drahtesel in einem der drei gro\u00dfen Parkh\u00e4usern, die auf einem gro\u00dfen, beleuchteten Verzeichnis markiert sind. Ein viertes Parkhaus wird gerade in der Halle des ehemaligen Fleischmarktes fertiggestellt.<\/p>\n<div class=\"tiled-gallery type-square tiled-gallery-unresized\" data-original-width=\"1020\" data-carousel-extra='{&quot;blog_id&quot;:1,&quot;permalink&quot;:&quot;https:\\\/\\\/stefan-taege.de\\\/kasia\\\/2024\\\/06\\\/03\\\/gent-das-lichterfestival\\\/&quot;,&quot;likes_blog_id&quot;:114512862}' itemscope itemtype=\"http:\/\/schema.org\/ImageGallery\" > <div class=\"gallery-row\" style=\"width: 1020px; height: 340px;\" data-original-width=\"1020\" data-original-height=\"340\" > <div class=\"gallery-group\" style=\"width: 340px; height: 340px;\" data-original-width=\"340\" data-original-height=\"340\" > <div class=\"tiled-gallery-item \" itemprop=\"associatedMedia\" itemscope itemtype=\"http:\/\/schema.org\/ImageObject\"> <a href=\"https:\/\/stefan-taege.de\/kasia\/2024\/06\/03\/gent-das-lichterfestival\/20240203_183948k\/\" border=\"0\" itemprop=\"url\"> <meta itemprop=\"width\" content=\"336\"> <meta itemprop=\"height\" content=\"336\"> <img decoding=\"async\" class=\"\" data-attachment-id=\"45959\" data-orig-file=\"https:\/\/stefan-taege.de\/kasia\/wp-content\/uploads\/2024\/05\/20240203_183948k.jpg\" data-orig-size=\"1020,574\" data-comments-opened=\"1\" data-image-meta=\"{&quot;aperture&quot;:&quot;1.5&quot;,&quot;credit&quot;:&quot;&quot;,&quot;camera&quot;:&quot;SM-G965F&quot;,&quot;caption&quot;:&quot;&quot;,&quot;created_timestamp&quot;:&quot;1706985588&quot;,&quot;copyright&quot;:&quot;&quot;,&quot;focal_length&quot;:&quot;4.3&quot;,&quot;iso&quot;:&quot;320&quot;,&quot;shutter_speed&quot;:&quot;0.0588235294118&quot;,&quot;title&quot;:&quot;&quot;,&quot;orientation&quot;:&quot;0&quot;}\" data-image-title=\"Gent by night\" data-image-description=\"\" data-medium-file=\"https:\/\/i0.wp.com\/stefan-taege.de\/kasia\/wp-content\/uploads\/2024\/05\/20240203_183948k.jpg?fit=300%2C169&#038;ssl=1\" data-large-file=\"https:\/\/i0.wp.com\/stefan-taege.de\/kasia\/wp-content\/uploads\/2024\/05\/20240203_183948k.jpg?fit=1020%2C574&#038;ssl=1\" src=\"https:\/\/i0.wp.com\/stefan-taege.de\/kasia\/wp-content\/uploads\/2024\/05\/20240203_183948k.jpg?w=336&#038;h=336&#038;crop=1&#038;ssl=1\" srcset=\"https:\/\/i0.wp.com\/stefan-taege.de\/kasia\/wp-content\/uploads\/2024\/05\/20240203_183948k.jpg?resize=435%2C435&amp;ssl=1 435w, https:\/\/i0.wp.com\/stefan-taege.de\/kasia\/wp-content\/uploads\/2024\/05\/20240203_183948k.jpg?zoom=2&amp;resize=336%2C336&amp;ssl=1 672w, https:\/\/i0.wp.com\/stefan-taege.de\/kasia\/wp-content\/uploads\/2024\/05\/20240203_183948k.jpg?zoom=3&amp;resize=336%2C336&amp;ssl=1 1008w\" width=\"336\" height=\"336\" loading=\"lazy\" data-original-width=\"336\" data-original-height=\"336\" itemprop=\"http:\/\/schema.org\/image\" title=\"Gent by night\" alt=\"Gent by night\" style=\"width: 336px; height: 336px;\" \/> <\/a> <\/div> <\/div> <div class=\"gallery-group\" style=\"width: 340px; height: 340px;\" data-original-width=\"340\" data-original-height=\"340\" > <div class=\"tiled-gallery-item \" itemprop=\"associatedMedia\" itemscope itemtype=\"http:\/\/schema.org\/ImageObject\"> <a href=\"https:\/\/stefan-taege.de\/kasia\/2024\/06\/03\/gent-das-lichterfestival\/20240203_183643k\/\" border=\"0\" itemprop=\"url\"> <meta itemprop=\"width\" content=\"336\"> <meta itemprop=\"height\" content=\"336\"> <img decoding=\"async\" class=\"\" data-attachment-id=\"45960\" data-orig-file=\"https:\/\/stefan-taege.de\/kasia\/wp-content\/uploads\/2024\/05\/20240203_183643k.jpg\" data-orig-size=\"1020,574\" data-comments-opened=\"1\" data-image-meta=\"{&quot;aperture&quot;:&quot;1.5&quot;,&quot;credit&quot;:&quot;&quot;,&quot;camera&quot;:&quot;SM-G965F&quot;,&quot;caption&quot;:&quot;&quot;,&quot;created_timestamp&quot;:&quot;1706985403&quot;,&quot;copyright&quot;:&quot;&quot;,&quot;focal_length&quot;:&quot;4.3&quot;,&quot;iso&quot;:&quot;320&quot;,&quot;shutter_speed&quot;:&quot;0.1&quot;,&quot;title&quot;:&quot;&quot;,&quot;orientation&quot;:&quot;0&quot;}\" data-image-title=\"Gent by night\" data-image-description=\"\" data-medium-file=\"https:\/\/i0.wp.com\/stefan-taege.de\/kasia\/wp-content\/uploads\/2024\/05\/20240203_183643k.jpg?fit=300%2C169&#038;ssl=1\" data-large-file=\"https:\/\/i0.wp.com\/stefan-taege.de\/kasia\/wp-content\/uploads\/2024\/05\/20240203_183643k.jpg?fit=1020%2C574&#038;ssl=1\" src=\"https:\/\/i0.wp.com\/stefan-taege.de\/kasia\/wp-content\/uploads\/2024\/05\/20240203_183643k.jpg?w=336&#038;h=336&#038;crop=1&#038;ssl=1\" srcset=\"https:\/\/i0.wp.com\/stefan-taege.de\/kasia\/wp-content\/uploads\/2024\/05\/20240203_183643k.jpg?resize=435%2C435&amp;ssl=1 435w, https:\/\/i0.wp.com\/stefan-taege.de\/kasia\/wp-content\/uploads\/2024\/05\/20240203_183643k.jpg?zoom=2&amp;resize=336%2C336&amp;ssl=1 672w, https:\/\/i0.wp.com\/stefan-taege.de\/kasia\/wp-content\/uploads\/2024\/05\/20240203_183643k.jpg?zoom=3&amp;resize=336%2C336&amp;ssl=1 1008w\" width=\"336\" height=\"336\" loading=\"lazy\" data-original-width=\"336\" data-original-height=\"336\" itemprop=\"http:\/\/schema.org\/image\" title=\"Gent by night\" alt=\"Gent by night\" style=\"width: 336px; height: 336px;\" \/> <\/a> <\/div> <\/div> <div class=\"gallery-group\" style=\"width: 340px; height: 340px;\" data-original-width=\"340\" data-original-height=\"340\" > <div class=\"tiled-gallery-item \" itemprop=\"associatedMedia\" itemscope itemtype=\"http:\/\/schema.org\/ImageObject\"> <a href=\"https:\/\/stefan-taege.de\/kasia\/2024\/06\/03\/gent-das-lichterfestival\/20240203_183558k\/\" border=\"0\" itemprop=\"url\"> <meta itemprop=\"width\" content=\"336\"> <meta itemprop=\"height\" content=\"336\"> <img decoding=\"async\" class=\"\" data-attachment-id=\"45961\" data-orig-file=\"https:\/\/stefan-taege.de\/kasia\/wp-content\/uploads\/2024\/05\/20240203_183558k.jpg\" data-orig-size=\"1020,574\" data-comments-opened=\"1\" data-image-meta=\"{&quot;aperture&quot;:&quot;1.5&quot;,&quot;credit&quot;:&quot;&quot;,&quot;camera&quot;:&quot;SM-G965F&quot;,&quot;caption&quot;:&quot;&quot;,&quot;created_timestamp&quot;:&quot;1706985358&quot;,&quot;copyright&quot;:&quot;&quot;,&quot;focal_length&quot;:&quot;4.3&quot;,&quot;iso&quot;:&quot;400&quot;,&quot;shutter_speed&quot;:&quot;0.1&quot;,&quot;title&quot;:&quot;&quot;,&quot;orientation&quot;:&quot;0&quot;}\" data-image-title=\"Gent by night\" data-image-description=\"\" data-medium-file=\"https:\/\/i0.wp.com\/stefan-taege.de\/kasia\/wp-content\/uploads\/2024\/05\/20240203_183558k.jpg?fit=300%2C169&#038;ssl=1\" data-large-file=\"https:\/\/i0.wp.com\/stefan-taege.de\/kasia\/wp-content\/uploads\/2024\/05\/20240203_183558k.jpg?fit=1020%2C574&#038;ssl=1\" src=\"https:\/\/i0.wp.com\/stefan-taege.de\/kasia\/wp-content\/uploads\/2024\/05\/20240203_183558k.jpg?w=336&#038;h=336&#038;crop=1&#038;ssl=1\" srcset=\"https:\/\/i0.wp.com\/stefan-taege.de\/kasia\/wp-content\/uploads\/2024\/05\/20240203_183558k.jpg?resize=435%2C435&amp;ssl=1 435w, https:\/\/i0.wp.com\/stefan-taege.de\/kasia\/wp-content\/uploads\/2024\/05\/20240203_183558k.jpg?zoom=2&amp;resize=336%2C336&amp;ssl=1 672w, https:\/\/i0.wp.com\/stefan-taege.de\/kasia\/wp-content\/uploads\/2024\/05\/20240203_183558k.jpg?zoom=3&amp;resize=336%2C336&amp;ssl=1 1008w\" width=\"336\" height=\"336\" loading=\"lazy\" data-original-width=\"336\" data-original-height=\"336\" itemprop=\"http:\/\/schema.org\/image\" title=\"Gent by night\" alt=\"Gent by night\" style=\"width: 336px; height: 336px;\" \/> <\/a> <\/div> <\/div> <\/div> <div class=\"gallery-row\" style=\"width: 1020px; height: 340px;\" data-original-width=\"1020\" data-original-height=\"340\" > <div class=\"gallery-group\" style=\"width: 340px; height: 340px;\" data-original-width=\"340\" data-original-height=\"340\" > <div class=\"tiled-gallery-item \" itemprop=\"associatedMedia\" itemscope itemtype=\"http:\/\/schema.org\/ImageObject\"> <a href=\"https:\/\/stefan-taege.de\/kasia\/2024\/06\/03\/gent-das-lichterfestival\/20240203_182714k\/\" border=\"0\" itemprop=\"url\"> <meta itemprop=\"width\" content=\"336\"> <meta itemprop=\"height\" content=\"336\"> <img decoding=\"async\" class=\"\" data-attachment-id=\"45962\" data-orig-file=\"https:\/\/stefan-taege.de\/kasia\/wp-content\/uploads\/2024\/05\/20240203_182714k.jpg\" data-orig-size=\"1020,574\" data-comments-opened=\"1\" data-image-meta=\"{&quot;aperture&quot;:&quot;1.5&quot;,&quot;credit&quot;:&quot;&quot;,&quot;camera&quot;:&quot;SM-G965F&quot;,&quot;caption&quot;:&quot;&quot;,&quot;created_timestamp&quot;:&quot;1706984834&quot;,&quot;copyright&quot;:&quot;&quot;,&quot;focal_length&quot;:&quot;4.3&quot;,&quot;iso&quot;:&quot;400&quot;,&quot;shutter_speed&quot;:&quot;0.1&quot;,&quot;title&quot;:&quot;&quot;,&quot;orientation&quot;:&quot;0&quot;}\" data-image-title=\"Gent by night\" data-image-description=\"\" data-medium-file=\"https:\/\/i0.wp.com\/stefan-taege.de\/kasia\/wp-content\/uploads\/2024\/05\/20240203_182714k.jpg?fit=300%2C169&#038;ssl=1\" data-large-file=\"https:\/\/i0.wp.com\/stefan-taege.de\/kasia\/wp-content\/uploads\/2024\/05\/20240203_182714k.jpg?fit=1020%2C574&#038;ssl=1\" src=\"https:\/\/i0.wp.com\/stefan-taege.de\/kasia\/wp-content\/uploads\/2024\/05\/20240203_182714k.jpg?w=336&#038;h=336&#038;crop=1&#038;ssl=1\" srcset=\"https:\/\/i0.wp.com\/stefan-taege.de\/kasia\/wp-content\/uploads\/2024\/05\/20240203_182714k.jpg?resize=435%2C435&amp;ssl=1 435w, https:\/\/i0.wp.com\/stefan-taege.de\/kasia\/wp-content\/uploads\/2024\/05\/20240203_182714k.jpg?zoom=2&amp;resize=336%2C336&amp;ssl=1 672w, https:\/\/i0.wp.com\/stefan-taege.de\/kasia\/wp-content\/uploads\/2024\/05\/20240203_182714k.jpg?zoom=3&amp;resize=336%2C336&amp;ssl=1 1008w\" width=\"336\" height=\"336\" loading=\"lazy\" data-original-width=\"336\" data-original-height=\"336\" itemprop=\"http:\/\/schema.org\/image\" title=\"Gent by night\" alt=\"Gent by night\" style=\"width: 336px; height: 336px;\" \/> <\/a> <\/div> <\/div> <div class=\"gallery-group\" style=\"width: 340px; height: 340px;\" data-original-width=\"340\" data-original-height=\"340\" > <div class=\"tiled-gallery-item \" itemprop=\"associatedMedia\" itemscope itemtype=\"http:\/\/schema.org\/ImageObject\"> <a href=\"https:\/\/stefan-taege.de\/kasia\/2024\/06\/03\/gent-das-lichterfestival\/20240203_181446\/\" border=\"0\" itemprop=\"url\"> <meta itemprop=\"width\" content=\"336\"> <meta itemprop=\"height\" content=\"336\"> <img decoding=\"async\" class=\"\" data-attachment-id=\"45963\" data-orig-file=\"https:\/\/stefan-taege.de\/kasia\/wp-content\/uploads\/2024\/05\/20240203_181446.jpg\" data-orig-size=\"1020,574\" data-comments-opened=\"1\" data-image-meta=\"{&quot;aperture&quot;:&quot;1.5&quot;,&quot;credit&quot;:&quot;&quot;,&quot;camera&quot;:&quot;SM-G965F&quot;,&quot;caption&quot;:&quot;&quot;,&quot;created_timestamp&quot;:&quot;1706984086&quot;,&quot;copyright&quot;:&quot;&quot;,&quot;focal_length&quot;:&quot;4.3&quot;,&quot;iso&quot;:&quot;800&quot;,&quot;shutter_speed&quot;:&quot;0.02&quot;,&quot;title&quot;:&quot;&quot;,&quot;orientation&quot;:&quot;1&quot;}\" data-image-title=\"Gent by night\" data-image-description=\"\" data-medium-file=\"https:\/\/i0.wp.com\/stefan-taege.de\/kasia\/wp-content\/uploads\/2024\/05\/20240203_181446.jpg?fit=300%2C169&#038;ssl=1\" data-large-file=\"https:\/\/i0.wp.com\/stefan-taege.de\/kasia\/wp-content\/uploads\/2024\/05\/20240203_181446.jpg?fit=1020%2C574&#038;ssl=1\" src=\"https:\/\/i0.wp.com\/stefan-taege.de\/kasia\/wp-content\/uploads\/2024\/05\/20240203_181446.jpg?w=336&#038;h=336&#038;crop=1&#038;ssl=1\" srcset=\"https:\/\/i0.wp.com\/stefan-taege.de\/kasia\/wp-content\/uploads\/2024\/05\/20240203_181446.jpg?resize=435%2C435&amp;ssl=1 435w, https:\/\/i0.wp.com\/stefan-taege.de\/kasia\/wp-content\/uploads\/2024\/05\/20240203_181446.jpg?zoom=2&amp;resize=336%2C336&amp;ssl=1 672w, https:\/\/i0.wp.com\/stefan-taege.de\/kasia\/wp-content\/uploads\/2024\/05\/20240203_181446.jpg?zoom=3&amp;resize=336%2C336&amp;ssl=1 1008w\" width=\"336\" height=\"336\" loading=\"lazy\" data-original-width=\"336\" data-original-height=\"336\" itemprop=\"http:\/\/schema.org\/image\" title=\"Gent by night\" alt=\"Gent by night\" style=\"width: 336px; height: 336px;\" \/> <\/a> <\/div> <\/div> <div class=\"gallery-group\" style=\"width: 340px; height: 340px;\" data-original-width=\"340\" data-original-height=\"340\" > <div class=\"tiled-gallery-item \" itemprop=\"associatedMedia\" itemscope itemtype=\"http:\/\/schema.org\/ImageObject\"> <a href=\"https:\/\/stefan-taege.de\/kasia\/2024\/06\/03\/gent-das-lichterfestival\/20240203_180406kopie\/\" border=\"0\" itemprop=\"url\"> <meta itemprop=\"width\" content=\"336\"> <meta itemprop=\"height\" content=\"336\"> <img decoding=\"async\" class=\"\" data-attachment-id=\"45958\" data-orig-file=\"https:\/\/stefan-taege.de\/kasia\/wp-content\/uploads\/2024\/05\/20240203_180406kopie.jpg\" data-orig-size=\"1020,574\" data-comments-opened=\"1\" data-image-meta=\"{&quot;aperture&quot;:&quot;1.5&quot;,&quot;credit&quot;:&quot;&quot;,&quot;camera&quot;:&quot;SM-G965F&quot;,&quot;caption&quot;:&quot;&quot;,&quot;created_timestamp&quot;:&quot;1706983446&quot;,&quot;copyright&quot;:&quot;&quot;,&quot;focal_length&quot;:&quot;4.3&quot;,&quot;iso&quot;:&quot;320&quot;,&quot;shutter_speed&quot;:&quot;0.0588235294118&quot;,&quot;title&quot;:&quot;&quot;,&quot;orientation&quot;:&quot;0&quot;}\" data-image-title=\"Gent by night\" data-image-description=\"\" data-medium-file=\"https:\/\/i0.wp.com\/stefan-taege.de\/kasia\/wp-content\/uploads\/2024\/05\/20240203_180406kopie.jpg?fit=300%2C169&#038;ssl=1\" data-large-file=\"https:\/\/i0.wp.com\/stefan-taege.de\/kasia\/wp-content\/uploads\/2024\/05\/20240203_180406kopie.jpg?fit=1020%2C574&#038;ssl=1\" src=\"https:\/\/i0.wp.com\/stefan-taege.de\/kasia\/wp-content\/uploads\/2024\/05\/20240203_180406kopie.jpg?w=336&#038;h=336&#038;crop=1&#038;ssl=1\" srcset=\"https:\/\/i0.wp.com\/stefan-taege.de\/kasia\/wp-content\/uploads\/2024\/05\/20240203_180406kopie.jpg?resize=435%2C435&amp;ssl=1 435w, https:\/\/i0.wp.com\/stefan-taege.de\/kasia\/wp-content\/uploads\/2024\/05\/20240203_180406kopie.jpg?zoom=2&amp;resize=336%2C336&amp;ssl=1 672w, https:\/\/i0.wp.com\/stefan-taege.de\/kasia\/wp-content\/uploads\/2024\/05\/20240203_180406kopie.jpg?zoom=3&amp;resize=336%2C336&amp;ssl=1 1008w\" width=\"336\" height=\"336\" loading=\"lazy\" data-original-width=\"336\" data-original-height=\"336\" itemprop=\"http:\/\/schema.org\/image\" title=\"Gent by night\" alt=\"Gent by night\" style=\"width: 336px; height: 336px;\" \/> <\/a> <\/div> <\/div> <\/div> <\/div>\n<p>Als die Tour nach fast einer Dreiviertelstunde endet, ist auch die Blaue Stunde vorbei. Es ist dunkel, doch nicht minder sch\u00f6n. Fast ist es so, als entfalte die Stadt gerade in der Dunkelheit ihre eigentliche Wirkung. Ich will Bier haben. Die Tische am Wasser sind belegt, doch in einem der Lokals direkt an der Bootsanlegestelle werden wir f\u00fcndig. Das in einem Keller liegende Lokal bekommt durch das historische Deckengew\u00f6lbe seinen ganz eigenen Charme. Es wird von einem asiatischem P\u00e4rchen betrieben und f\u00fchrt unter anderem eine lokale, k\u00f6stliche Sorte Bier, das in der Region Gent gebraut wird, das Gruut. Nach dem Zauber der Bootsfahrt bedarf es einer St\u00e4rkung. Das zweite Bier, das der St\u00e4rkung dienen sollte, entpuppt sich als ein bierhaltiges Mischgetr\u00e4nk mit k\u00fcnstlichem Kirscharoma. Da habe ich wohl nicht aufgepasst. Stefan lacht sich schief, w\u00e4hrend ich den Mund verziehend an dem s\u00fc\u00dfen Missgeschick der belgischen Braukunst nippe. Danach widmen wir uns dem Zauber der Nacht. Am Ufer am\u00fcsieren wir uns \u00fcber die Herzchenbeleuchtung, die in den Fenstern anscheinend anl\u00e4sslich des Valentinstages angebracht wurden. Die Scheibe der Turmuhr leuchtet blutrot.<\/p>\n<p><img loading=\"lazy\" decoding=\"async\" data-attachment-id=\"45965\" data-permalink=\"https:\/\/stefan-taege.de\/kasia\/2024\/06\/03\/gent-das-lichterfestival\/20240203_193821-k\/\" data-orig-file=\"https:\/\/i0.wp.com\/stefan-taege.de\/kasia\/wp-content\/uploads\/2024\/05\/20240203_193821.k.jpg?fit=1020%2C574&amp;ssl=1\" data-orig-size=\"1020,574\" data-comments-opened=\"1\" data-image-meta=\"{&quot;aperture&quot;:&quot;1.5&quot;,&quot;credit&quot;:&quot;&quot;,&quot;camera&quot;:&quot;SM-G965F&quot;,&quot;caption&quot;:&quot;&quot;,&quot;created_timestamp&quot;:&quot;1706989101&quot;,&quot;copyright&quot;:&quot;&quot;,&quot;focal_length&quot;:&quot;4.3&quot;,&quot;iso&quot;:&quot;250&quot;,&quot;shutter_speed&quot;:&quot;0.0769230769231&quot;,&quot;title&quot;:&quot;&quot;,&quot;orientation&quot;:&quot;0&quot;}\" data-image-title=\"Gent by night\" data-image-description=\"\" data-image-caption=\"\" data-medium-file=\"https:\/\/i0.wp.com\/stefan-taege.de\/kasia\/wp-content\/uploads\/2024\/05\/20240203_193821.k.jpg?fit=300%2C169&amp;ssl=1\" data-large-file=\"https:\/\/i0.wp.com\/stefan-taege.de\/kasia\/wp-content\/uploads\/2024\/05\/20240203_193821.k.jpg?fit=1020%2C574&amp;ssl=1\" tabindex=\"0\" role=\"button\" class=\"alignnone size-full wp-image-45965\" src=\"https:\/\/i0.wp.com\/stefan-taege.de\/kasia\/wp-content\/uploads\/2024\/05\/20240203_193821.k.jpg?resize=1020%2C574&#038;ssl=1\" alt=\"\" width=\"1020\" height=\"574\" srcset=\"https:\/\/i0.wp.com\/stefan-taege.de\/kasia\/wp-content\/uploads\/2024\/05\/20240203_193821.k.jpg?w=1020&amp;ssl=1 1020w, https:\/\/i0.wp.com\/stefan-taege.de\/kasia\/wp-content\/uploads\/2024\/05\/20240203_193821.k.jpg?resize=300%2C169&amp;ssl=1 300w, https:\/\/i0.wp.com\/stefan-taege.de\/kasia\/wp-content\/uploads\/2024\/05\/20240203_193821.k.jpg?resize=150%2C84&amp;ssl=1 150w, https:\/\/i0.wp.com\/stefan-taege.de\/kasia\/wp-content\/uploads\/2024\/05\/20240203_193821.k.jpg?resize=768%2C432&amp;ssl=1 768w, https:\/\/i0.wp.com\/stefan-taege.de\/kasia\/wp-content\/uploads\/2024\/05\/20240203_193821.k.jpg?resize=107%2C60&amp;ssl=1 107w\" sizes=\"(max-width: 1020px) 100vw, 1020px\" data-recalc-dims=\"1\" \/><\/p>\n<p>Langsam schieben wir uns mit dem Strom der anderen Besucher mit, derer unz\u00e4hlige zum Lichtfestival gekommen sind. Und noch immer str\u00f6men Menschen in die Altstadt. Die lose in der Stadt verteilten, illuminierten Anlagen werden belagert. An manchen der Anlagen bin ich mir wirklich nicht mehr sicher, ob Hunderte Menschen einen wie von Zauberhand schwebenden Lichtfisch in einem K\u00e4fig sehen wollen oder ob irgendwo an der Ecke Bitcoins verteilt werden. Wenn ich die Massen so anschaue, dann wohl eher Letzteres.<\/p>\n<div class=\"tiled-gallery type-square tiled-gallery-unresized\" data-original-width=\"1020\" data-carousel-extra='{&quot;blog_id&quot;:1,&quot;permalink&quot;:&quot;https:\\\/\\\/stefan-taege.de\\\/kasia\\\/2024\\\/06\\\/03\\\/gent-das-lichterfestival\\\/&quot;,&quot;likes_blog_id&quot;:114512862}' itemscope itemtype=\"http:\/\/schema.org\/ImageGallery\" > <div class=\"gallery-row\" style=\"width: 1020px; height: 340px;\" data-original-width=\"1020\" data-original-height=\"340\" > <div class=\"gallery-group\" style=\"width: 340px; height: 340px;\" data-original-width=\"340\" data-original-height=\"340\" > <div class=\"tiled-gallery-item \" itemprop=\"associatedMedia\" itemscope itemtype=\"http:\/\/schema.org\/ImageObject\"> <a href=\"https:\/\/stefan-taege.de\/kasia\/2024\/06\/03\/gent-das-lichterfestival\/20240203_195925kopie\/\" border=\"0\" itemprop=\"url\"> <meta itemprop=\"width\" content=\"336\"> <meta itemprop=\"height\" content=\"336\"> <img decoding=\"async\" class=\"\" data-attachment-id=\"45966\" data-orig-file=\"https:\/\/stefan-taege.de\/kasia\/wp-content\/uploads\/2024\/05\/20240203_195925kopie.jpg\" data-orig-size=\"574,765\" data-comments-opened=\"1\" data-image-meta=\"{&quot;aperture&quot;:&quot;1.5&quot;,&quot;credit&quot;:&quot;&quot;,&quot;camera&quot;:&quot;SM-G965F&quot;,&quot;caption&quot;:&quot;&quot;,&quot;created_timestamp&quot;:&quot;1706990365&quot;,&quot;copyright&quot;:&quot;&quot;,&quot;focal_length&quot;:&quot;4.3&quot;,&quot;iso&quot;:&quot;250&quot;,&quot;shutter_speed&quot;:&quot;0.0833333333333&quot;,&quot;title&quot;:&quot;&quot;,&quot;orientation&quot;:&quot;0&quot;}\" data-image-title=\"Lichterfestival Gent\" data-image-description=\"\" data-medium-file=\"https:\/\/i0.wp.com\/stefan-taege.de\/kasia\/wp-content\/uploads\/2024\/05\/20240203_195925kopie.jpg?fit=225%2C300&#038;ssl=1\" data-large-file=\"https:\/\/i0.wp.com\/stefan-taege.de\/kasia\/wp-content\/uploads\/2024\/05\/20240203_195925kopie.jpg?fit=574%2C765&#038;ssl=1\" src=\"https:\/\/i0.wp.com\/stefan-taege.de\/kasia\/wp-content\/uploads\/2024\/05\/20240203_195925kopie.jpg?w=336&#038;h=336&#038;crop=1&#038;ssl=1\" width=\"336\" height=\"336\" loading=\"lazy\" data-original-width=\"336\" data-original-height=\"336\" itemprop=\"http:\/\/schema.org\/image\" title=\"Lichterfestival Gent\" alt=\"Lichterfestival Gent\" style=\"width: 336px; height: 336px;\" \/> <\/a> <\/div> <\/div> <div class=\"gallery-group\" style=\"width: 340px; height: 340px;\" data-original-width=\"340\" data-original-height=\"340\" > <div class=\"tiled-gallery-item \" itemprop=\"associatedMedia\" itemscope itemtype=\"http:\/\/schema.org\/ImageObject\"> <a href=\"https:\/\/stefan-taege.de\/kasia\/2024\/06\/03\/gent-das-lichterfestival\/20240203_200840-k\/\" border=\"0\" itemprop=\"url\"> <meta itemprop=\"width\" content=\"336\"> <meta itemprop=\"height\" content=\"336\"> <img decoding=\"async\" class=\"\" data-attachment-id=\"45967\" data-orig-file=\"https:\/\/stefan-taege.de\/kasia\/wp-content\/uploads\/2024\/05\/20240203_200840.k.jpg\" data-orig-size=\"1020,765\" data-comments-opened=\"1\" data-image-meta=\"{&quot;aperture&quot;:&quot;1.5&quot;,&quot;credit&quot;:&quot;&quot;,&quot;camera&quot;:&quot;SM-G965F&quot;,&quot;caption&quot;:&quot;&quot;,&quot;created_timestamp&quot;:&quot;1706990920&quot;,&quot;copyright&quot;:&quot;&quot;,&quot;focal_length&quot;:&quot;4.3&quot;,&quot;iso&quot;:&quot;250&quot;,&quot;shutter_speed&quot;:&quot;0.0714285714286&quot;,&quot;title&quot;:&quot;&quot;,&quot;orientation&quot;:&quot;0&quot;}\" data-image-title=\"Lichterfestival Gent&#8230;k\" data-image-description=\"\" data-medium-file=\"https:\/\/i0.wp.com\/stefan-taege.de\/kasia\/wp-content\/uploads\/2024\/05\/20240203_200840.k.jpg?fit=300%2C225&#038;ssl=1\" data-large-file=\"https:\/\/i0.wp.com\/stefan-taege.de\/kasia\/wp-content\/uploads\/2024\/05\/20240203_200840.k.jpg?fit=1020%2C765&#038;ssl=1\" src=\"https:\/\/i0.wp.com\/stefan-taege.de\/kasia\/wp-content\/uploads\/2024\/05\/20240203_200840.k.jpg?w=336&#038;h=336&#038;crop=1&#038;ssl=1\" srcset=\"https:\/\/i0.wp.com\/stefan-taege.de\/kasia\/wp-content\/uploads\/2024\/05\/20240203_200840.k.jpg?resize=435%2C435&amp;ssl=1 435w, https:\/\/i0.wp.com\/stefan-taege.de\/kasia\/wp-content\/uploads\/2024\/05\/20240203_200840.k.jpg?zoom=2&amp;resize=336%2C336&amp;ssl=1 672w, https:\/\/i0.wp.com\/stefan-taege.de\/kasia\/wp-content\/uploads\/2024\/05\/20240203_200840.k.jpg?zoom=3&amp;resize=336%2C336&amp;ssl=1 1008w\" width=\"336\" height=\"336\" loading=\"lazy\" data-original-width=\"336\" data-original-height=\"336\" itemprop=\"http:\/\/schema.org\/image\" title=\"Lichterfestival Gent...k\" alt=\"Lichterfestival Gent...k\" style=\"width: 336px; height: 336px;\" \/> <\/a> <\/div> <\/div> <div class=\"gallery-group\" style=\"width: 340px; height: 340px;\" data-original-width=\"340\" data-original-height=\"340\" > <div class=\"tiled-gallery-item \" itemprop=\"associatedMedia\" itemscope itemtype=\"http:\/\/schema.org\/ImageObject\"> <a href=\"https:\/\/stefan-taege.de\/kasia\/2024\/06\/03\/gent-das-lichterfestival\/20240203_200313-k\/\" border=\"0\" itemprop=\"url\"> <meta itemprop=\"width\" content=\"336\"> <meta itemprop=\"height\" content=\"336\"> <img decoding=\"async\" class=\"\" data-attachment-id=\"45968\" data-orig-file=\"https:\/\/stefan-taege.de\/kasia\/wp-content\/uploads\/2024\/05\/20240203_200313.k.jpg\" data-orig-size=\"1020,741\" data-comments-opened=\"1\" data-image-meta=\"{&quot;aperture&quot;:&quot;1.5&quot;,&quot;credit&quot;:&quot;&quot;,&quot;camera&quot;:&quot;SM-G965F&quot;,&quot;caption&quot;:&quot;&quot;,&quot;created_timestamp&quot;:&quot;1706990592&quot;,&quot;copyright&quot;:&quot;&quot;,&quot;focal_length&quot;:&quot;4.3&quot;,&quot;iso&quot;:&quot;250&quot;,&quot;shutter_speed&quot;:&quot;0.0588235294118&quot;,&quot;title&quot;:&quot;&quot;,&quot;orientation&quot;:&quot;0&quot;}\" data-image-title=\"Lichterfestival Gent&#8230;k\" data-image-description=\"\" data-medium-file=\"https:\/\/i0.wp.com\/stefan-taege.de\/kasia\/wp-content\/uploads\/2024\/05\/20240203_200313.k.jpg?fit=300%2C218&#038;ssl=1\" data-large-file=\"https:\/\/i0.wp.com\/stefan-taege.de\/kasia\/wp-content\/uploads\/2024\/05\/20240203_200313.k.jpg?fit=1020%2C741&#038;ssl=1\" src=\"https:\/\/i0.wp.com\/stefan-taege.de\/kasia\/wp-content\/uploads\/2024\/05\/20240203_200313.k.jpg?w=336&#038;h=336&#038;crop=1&#038;ssl=1\" srcset=\"https:\/\/i0.wp.com\/stefan-taege.de\/kasia\/wp-content\/uploads\/2024\/05\/20240203_200313.k.jpg?resize=435%2C435&amp;ssl=1 435w, https:\/\/i0.wp.com\/stefan-taege.de\/kasia\/wp-content\/uploads\/2024\/05\/20240203_200313.k.jpg?zoom=2&amp;resize=336%2C336&amp;ssl=1 672w, https:\/\/i0.wp.com\/stefan-taege.de\/kasia\/wp-content\/uploads\/2024\/05\/20240203_200313.k.jpg?zoom=3&amp;resize=336%2C336&amp;ssl=1 1008w\" width=\"336\" height=\"336\" loading=\"lazy\" data-original-width=\"336\" data-original-height=\"336\" itemprop=\"http:\/\/schema.org\/image\" title=\"Lichterfestival Gent...k\" alt=\"Lichterfestival Gent...k\" style=\"width: 336px; height: 336px;\" \/> <\/a> <\/div> <\/div> <\/div> <div class=\"gallery-row\" style=\"width: 1020px; height: 340px;\" data-original-width=\"1020\" data-original-height=\"340\" > <div class=\"gallery-group\" style=\"width: 340px; height: 340px;\" data-original-width=\"340\" data-original-height=\"340\" > <div class=\"tiled-gallery-item \" itemprop=\"associatedMedia\" itemscope itemtype=\"http:\/\/schema.org\/ImageObject\"> <a href=\"https:\/\/stefan-taege.de\/kasia\/2024\/06\/03\/gent-das-lichterfestival\/20240203_201610-k\/\" border=\"0\" itemprop=\"url\"> <meta itemprop=\"width\" content=\"336\"> <meta itemprop=\"height\" content=\"336\"> <img decoding=\"async\" class=\"\" data-attachment-id=\"45969\" data-orig-file=\"https:\/\/stefan-taege.de\/kasia\/wp-content\/uploads\/2024\/05\/20240203_201610.k.jpg\" data-orig-size=\"1020,765\" data-comments-opened=\"1\" data-image-meta=\"{&quot;aperture&quot;:&quot;1.5&quot;,&quot;credit&quot;:&quot;&quot;,&quot;camera&quot;:&quot;SM-G965F&quot;,&quot;caption&quot;:&quot;&quot;,&quot;created_timestamp&quot;:&quot;1706991370&quot;,&quot;copyright&quot;:&quot;&quot;,&quot;focal_length&quot;:&quot;4.3&quot;,&quot;iso&quot;:&quot;320&quot;,&quot;shutter_speed&quot;:&quot;0.0588235294118&quot;,&quot;title&quot;:&quot;&quot;,&quot;orientation&quot;:&quot;0&quot;}\" data-image-title=\"Lichterfestival Gent&#8230;k\" data-image-description=\"\" data-medium-file=\"https:\/\/i0.wp.com\/stefan-taege.de\/kasia\/wp-content\/uploads\/2024\/05\/20240203_201610.k.jpg?fit=300%2C225&#038;ssl=1\" data-large-file=\"https:\/\/i0.wp.com\/stefan-taege.de\/kasia\/wp-content\/uploads\/2024\/05\/20240203_201610.k.jpg?fit=1020%2C765&#038;ssl=1\" src=\"https:\/\/i0.wp.com\/stefan-taege.de\/kasia\/wp-content\/uploads\/2024\/05\/20240203_201610.k.jpg?w=336&#038;h=336&#038;crop=1&#038;ssl=1\" srcset=\"https:\/\/i0.wp.com\/stefan-taege.de\/kasia\/wp-content\/uploads\/2024\/05\/20240203_201610.k.jpg?resize=435%2C435&amp;ssl=1 435w, https:\/\/i0.wp.com\/stefan-taege.de\/kasia\/wp-content\/uploads\/2024\/05\/20240203_201610.k.jpg?zoom=2&amp;resize=336%2C336&amp;ssl=1 672w, https:\/\/i0.wp.com\/stefan-taege.de\/kasia\/wp-content\/uploads\/2024\/05\/20240203_201610.k.jpg?zoom=3&amp;resize=336%2C336&amp;ssl=1 1008w\" width=\"336\" height=\"336\" loading=\"lazy\" data-original-width=\"336\" data-original-height=\"336\" itemprop=\"http:\/\/schema.org\/image\" title=\"Lichterfestival Gent...k\" alt=\"Lichterfestival Gent...k\" style=\"width: 336px; height: 336px;\" \/> <\/a> <\/div> <\/div> <div class=\"gallery-group\" style=\"width: 340px; height: 340px;\" data-original-width=\"340\" data-original-height=\"340\" > <div class=\"tiled-gallery-item \" itemprop=\"associatedMedia\" itemscope itemtype=\"http:\/\/schema.org\/ImageObject\"> <a href=\"https:\/\/stefan-taege.de\/kasia\/2024\/06\/03\/gent-das-lichterfestival\/20240203_203509-k\/\" border=\"0\" itemprop=\"url\"> <meta itemprop=\"width\" content=\"336\"> <meta itemprop=\"height\" content=\"336\"> <img decoding=\"async\" class=\"\" data-attachment-id=\"45970\" data-orig-file=\"https:\/\/stefan-taege.de\/kasia\/wp-content\/uploads\/2024\/05\/20240203_203509.k.jpg\" data-orig-size=\"430,765\" data-comments-opened=\"1\" data-image-meta=\"{&quot;aperture&quot;:&quot;1.5&quot;,&quot;credit&quot;:&quot;&quot;,&quot;camera&quot;:&quot;SM-G965F&quot;,&quot;caption&quot;:&quot;&quot;,&quot;created_timestamp&quot;:&quot;1706992509&quot;,&quot;copyright&quot;:&quot;&quot;,&quot;focal_length&quot;:&quot;4.3&quot;,&quot;iso&quot;:&quot;400&quot;,&quot;shutter_speed&quot;:&quot;0.1&quot;,&quot;title&quot;:&quot;&quot;,&quot;orientation&quot;:&quot;0&quot;}\" data-image-title=\"Lichterfestival Gent\" data-image-description=\"\" data-medium-file=\"https:\/\/i0.wp.com\/stefan-taege.de\/kasia\/wp-content\/uploads\/2024\/05\/20240203_203509.k.jpg?fit=169%2C300&#038;ssl=1\" data-large-file=\"https:\/\/i0.wp.com\/stefan-taege.de\/kasia\/wp-content\/uploads\/2024\/05\/20240203_203509.k.jpg?fit=430%2C765&#038;ssl=1\" src=\"https:\/\/i0.wp.com\/stefan-taege.de\/kasia\/wp-content\/uploads\/2024\/05\/20240203_203509.k.jpg?w=336&#038;h=336&#038;crop=1&#038;ssl=1\" width=\"336\" height=\"336\" loading=\"lazy\" data-original-width=\"336\" data-original-height=\"336\" itemprop=\"http:\/\/schema.org\/image\" title=\"Lichterfestival Gent\" alt=\"Lichterfestival Gent\" style=\"width: 336px; height: 336px;\" \/> <\/a> <\/div> <\/div> <div class=\"gallery-group\" style=\"width: 340px; height: 340px;\" data-original-width=\"340\" data-original-height=\"340\" > <div class=\"tiled-gallery-item \" itemprop=\"associatedMedia\" itemscope itemtype=\"http:\/\/schema.org\/ImageObject\"> <a href=\"https:\/\/stefan-taege.de\/kasia\/2024\/06\/03\/gent-das-lichterfestival\/20240203_201530-k\/\" border=\"0\" itemprop=\"url\"> <meta itemprop=\"width\" content=\"336\"> <meta itemprop=\"height\" content=\"336\"> <img decoding=\"async\" class=\"\" data-attachment-id=\"45973\" data-orig-file=\"https:\/\/stefan-taege.de\/kasia\/wp-content\/uploads\/2024\/05\/20240203_201530.k.jpg\" data-orig-size=\"719,765\" data-comments-opened=\"1\" data-image-meta=\"{&quot;aperture&quot;:&quot;1.5&quot;,&quot;credit&quot;:&quot;&quot;,&quot;camera&quot;:&quot;SM-G965F&quot;,&quot;caption&quot;:&quot;&quot;,&quot;created_timestamp&quot;:&quot;1706991330&quot;,&quot;copyright&quot;:&quot;&quot;,&quot;focal_length&quot;:&quot;4.3&quot;,&quot;iso&quot;:&quot;400&quot;,&quot;shutter_speed&quot;:&quot;0.1&quot;,&quot;title&quot;:&quot;&quot;,&quot;orientation&quot;:&quot;0&quot;}\" data-image-title=\"Lichterfestival Gent\" data-image-description=\"\" data-medium-file=\"https:\/\/i0.wp.com\/stefan-taege.de\/kasia\/wp-content\/uploads\/2024\/05\/20240203_201530.k.jpg?fit=282%2C300&#038;ssl=1\" data-large-file=\"https:\/\/i0.wp.com\/stefan-taege.de\/kasia\/wp-content\/uploads\/2024\/05\/20240203_201530.k.jpg?fit=719%2C765&#038;ssl=1\" src=\"https:\/\/i0.wp.com\/stefan-taege.de\/kasia\/wp-content\/uploads\/2024\/05\/20240203_201530.k.jpg?w=336&#038;h=336&#038;crop=1&#038;ssl=1\" srcset=\"https:\/\/i0.wp.com\/stefan-taege.de\/kasia\/wp-content\/uploads\/2024\/05\/20240203_201530.k.jpg?resize=435%2C435&amp;ssl=1 435w, https:\/\/i0.wp.com\/stefan-taege.de\/kasia\/wp-content\/uploads\/2024\/05\/20240203_201530.k.jpg?zoom=2&amp;resize=336%2C336&amp;ssl=1 672w\" width=\"336\" height=\"336\" loading=\"lazy\" data-original-width=\"336\" data-original-height=\"336\" itemprop=\"http:\/\/schema.org\/image\" title=\"Lichterfestival Gent\" alt=\"Lichterfestival Gent\" style=\"width: 336px; height: 336px;\" \/> <\/a> <\/div> <\/div> <\/div> <\/div>\n<p>Lieber zuk\u00fcnftiger Besucher der sch\u00f6nen Stadt Gent: ein kleiner Tipp von mir an dich. Wenn du hinreisen und die sehenswerte Altstadt besuchen willst, dann mach es. Gent ist ein Ort, f\u00fcr den man auch mal einen weiteren Abstecher oder eine l\u00e4ngere Anfahrt durchaus in Kauf nehmen k\u00f6nnte, es lohnt sich. Doch f\u00fcr das alle zwei Jahre stattfindende Lichterfest w\u00fcrde ich nicht nochmal hin. Es ist eine tolle Idee, Gent bekannter zu machen und Besucher in die Stadt zu locken. Und das klappt gut. \u00dcberaus gut. Doch die beleuchteten Installationen sind nichts, was ich nicht schon mal so oder \u00e4hnlich gesehen h\u00e4tte und daf\u00fcr war es mir zu voll. Ich bin sicher, man kann den zauberhaften Ort auch ohne gr\u00f6\u00dfere Menschenmengen genie\u00dfen.<\/p>\n<p>Aber sie sind gut organisiert, die Genter. Bereits nach einem kurzen Rundgang um die Kathedrale haben wir genug gesehen und steuern langsam wieder die Haltestelle an. Die Bahnlinie T1 f\u00e4hrt wieder vom Justizpalast ab. F\u00fcr heute lassen wir den Abend auf der fabelhaften Terrasse unseres Hotels in Blankenberge ausklingen. Mit einem weiteren, leckeren Bier.<\/p>\n<p>Noch ein Tipp von mir an euch, und der kommt vom Herzen. Wenn ihr auf einer Veranstaltung in Belgien seid und den Fahrer geben m\u00fcsst, trinkt nichts. Wirklich nichts. Auch nicht ein Gl\u00e4schen Bier. Sie kontrollieren. Auf unserer Fahrt zur\u00fcck zum Hotel war strategisch g\u00fcnstig an einem Kreisel, an dem man vorbei musste, ein Kontrollposten eingerichtet und mein Stefan musste ins R\u00f6hrchen pusten. Nat\u00fcrlich hatte er nichts getrunken (er hatte da so ein Gef\u00fchl&#8230;). somit war er &#8222;sauber&#8220;. Also denkt dran. Nicht mal ein Bisschen.<\/p>\n<p>&nbsp;<\/p>\n<h3>Ein letzter Spaziergang<\/h3>\n<p><img loading=\"lazy\" decoding=\"async\" data-attachment-id=\"45975\" data-permalink=\"https:\/\/stefan-taege.de\/kasia\/2024\/06\/03\/gent-das-lichterfestival\/20240204_113729-k\/\" data-orig-file=\"https:\/\/i0.wp.com\/stefan-taege.de\/kasia\/wp-content\/uploads\/2024\/05\/20240204_113729.k.jpg?fit=1020%2C496&amp;ssl=1\" data-orig-size=\"1020,496\" data-comments-opened=\"1\" data-image-meta=\"{&quot;aperture&quot;:&quot;2.4&quot;,&quot;credit&quot;:&quot;&quot;,&quot;camera&quot;:&quot;SM-G965F&quot;,&quot;caption&quot;:&quot;&quot;,&quot;created_timestamp&quot;:&quot;1707046649&quot;,&quot;copyright&quot;:&quot;&quot;,&quot;focal_length&quot;:&quot;6&quot;,&quot;iso&quot;:&quot;25&quot;,&quot;shutter_speed&quot;:&quot;0.00175131348511&quot;,&quot;title&quot;:&quot;&quot;,&quot;orientation&quot;:&quot;0&quot;}\" data-image-title=\"Blankenberge, Strand\" data-image-description=\"\" data-image-caption=\"\" data-medium-file=\"https:\/\/i0.wp.com\/stefan-taege.de\/kasia\/wp-content\/uploads\/2024\/05\/20240204_113729.k.jpg?fit=300%2C146&amp;ssl=1\" data-large-file=\"https:\/\/i0.wp.com\/stefan-taege.de\/kasia\/wp-content\/uploads\/2024\/05\/20240204_113729.k.jpg?fit=1020%2C496&amp;ssl=1\" tabindex=\"0\" role=\"button\" class=\"alignnone size-full wp-image-45975\" src=\"https:\/\/i0.wp.com\/stefan-taege.de\/kasia\/wp-content\/uploads\/2024\/05\/20240204_113729.k.jpg?resize=1020%2C496&#038;ssl=1\" alt=\"\" width=\"1020\" height=\"496\" srcset=\"https:\/\/i0.wp.com\/stefan-taege.de\/kasia\/wp-content\/uploads\/2024\/05\/20240204_113729.k.jpg?w=1020&amp;ssl=1 1020w, https:\/\/i0.wp.com\/stefan-taege.de\/kasia\/wp-content\/uploads\/2024\/05\/20240204_113729.k.jpg?resize=300%2C146&amp;ssl=1 300w, https:\/\/i0.wp.com\/stefan-taege.de\/kasia\/wp-content\/uploads\/2024\/05\/20240204_113729.k.jpg?resize=150%2C73&amp;ssl=1 150w, https:\/\/i0.wp.com\/stefan-taege.de\/kasia\/wp-content\/uploads\/2024\/05\/20240204_113729.k.jpg?resize=768%2C373&amp;ssl=1 768w, https:\/\/i0.wp.com\/stefan-taege.de\/kasia\/wp-content\/uploads\/2024\/05\/20240204_113729.k.jpg?resize=123%2C60&amp;ssl=1 123w\" sizes=\"(max-width: 1020px) 100vw, 1020px\" data-recalc-dims=\"1\" \/><\/p>\n<p>Ein gem\u00fctlich-gechillter Morgen am n\u00e4chsten Morgen. Anstatt den Sonntag der Heimfahrt noch mit Pl\u00e4nen und Sehensw\u00fcrdigkeiten vollzupacken, beschlie\u00dfen wir, es entspannt angehen zu lassen. Ein langer, langer Spaziergang nach dem Fr\u00fchst\u00fcck muss sein. Es ist windig, doch w\u00e4rmer als am Vortag. Baustellenfahrzeuge d\u00fcsen \u00fcber den Strand und bef\u00f6rdern Sand von einer Stelle zur n\u00e4chsten. Der Strand muss wohl immer mal wieder k\u00fcnstlich aufgesch\u00fcttet werden, durch die h\u00e4ufiger vorkommenden Wetterereignisse aufgrund der Erderw\u00e4rmung wird mehr Material den je von den Str\u00e4nden abgetragen.<\/p>\n<figure id=\"attachment_45983\" aria-describedby=\"caption-attachment-45983\" style=\"width: 1020px\" class=\"wp-caption alignnone\"><img loading=\"lazy\" decoding=\"async\" data-attachment-id=\"45983\" data-permalink=\"https:\/\/stefan-taege.de\/kasia\/2024\/06\/03\/gent-das-lichterfestival\/20240204_113645-k\/\" data-orig-file=\"https:\/\/i0.wp.com\/stefan-taege.de\/kasia\/wp-content\/uploads\/2024\/05\/20240204_113645.k.jpg?fit=1020%2C429&amp;ssl=1\" data-orig-size=\"1020,429\" data-comments-opened=\"1\" data-image-meta=\"{&quot;aperture&quot;:&quot;2.4&quot;,&quot;credit&quot;:&quot;&quot;,&quot;camera&quot;:&quot;SM-G965F&quot;,&quot;caption&quot;:&quot;&quot;,&quot;created_timestamp&quot;:&quot;1707046605&quot;,&quot;copyright&quot;:&quot;&quot;,&quot;focal_length&quot;:&quot;4.3&quot;,&quot;iso&quot;:&quot;50&quot;,&quot;shutter_speed&quot;:&quot;0.00162866449511&quot;,&quot;title&quot;:&quot;&quot;,&quot;orientation&quot;:&quot;0&quot;}\" data-image-title=\"Strand, Blankenberge\" data-image-description=\"\" data-image-caption=\"&lt;p&gt;Unendliche Weiten&lt;\/p&gt;\n\" data-medium-file=\"https:\/\/i0.wp.com\/stefan-taege.de\/kasia\/wp-content\/uploads\/2024\/05\/20240204_113645.k.jpg?fit=300%2C126&amp;ssl=1\" data-large-file=\"https:\/\/i0.wp.com\/stefan-taege.de\/kasia\/wp-content\/uploads\/2024\/05\/20240204_113645.k.jpg?fit=1020%2C429&amp;ssl=1\" tabindex=\"0\" role=\"button\" class=\"size-full wp-image-45983\" src=\"https:\/\/i0.wp.com\/stefan-taege.de\/kasia\/wp-content\/uploads\/2024\/05\/20240204_113645.k.jpg?resize=1020%2C429&#038;ssl=1\" alt=\"\" width=\"1020\" height=\"429\" srcset=\"https:\/\/i0.wp.com\/stefan-taege.de\/kasia\/wp-content\/uploads\/2024\/05\/20240204_113645.k.jpg?w=1020&amp;ssl=1 1020w, https:\/\/i0.wp.com\/stefan-taege.de\/kasia\/wp-content\/uploads\/2024\/05\/20240204_113645.k.jpg?resize=300%2C126&amp;ssl=1 300w, https:\/\/i0.wp.com\/stefan-taege.de\/kasia\/wp-content\/uploads\/2024\/05\/20240204_113645.k.jpg?resize=150%2C63&amp;ssl=1 150w, https:\/\/i0.wp.com\/stefan-taege.de\/kasia\/wp-content\/uploads\/2024\/05\/20240204_113645.k.jpg?resize=768%2C323&amp;ssl=1 768w, https:\/\/i0.wp.com\/stefan-taege.de\/kasia\/wp-content\/uploads\/2024\/05\/20240204_113645.k.jpg?resize=143%2C60&amp;ssl=1 143w\" sizes=\"(max-width: 1020px) 100vw, 1020px\" data-recalc-dims=\"1\" \/><figcaption id=\"caption-attachment-45983\" class=\"wp-caption-text\">Unendliche Weiten<\/figcaption><\/figure>\n<p>Wir laufen diesmal nach links, die Promenade entlang. Am Casino entdecke ich Installationen, die so manchen Kunstliebhaber unter uns wohl in Entz\u00fcckung versetzt h\u00e4tten. Es sind die Babys des tschechischen Artisten <em>David \u010cern\u00fd<\/em>, die hier angebracht wurden. Ich stupse Stefan an. &#8222;Wie findest du die?&#8220; Stefan schaut hoch und fragt mich ratlos: &#8222;Gollum?&#8220; &#8222;Ja, genau! Danke!&#8220; Rufe ich aus. Ungl\u00e4ubig schaue ich auf die Skulpturen. Die Dinger sind schwarz und \u00fcbernat\u00fcrlich riesig. Statt einem Gesicht haben die Babys ein Loch mit einem L\u00fcftungsgitter (einem Strichcode, wie ich sp\u00e4ter erfahren soll). Sie krabbeln die Fassade entlang, als seien sie empor gekrochen, um die Menschheit zu fressen. Wie ein nuklearer Vorfall sieht das aus. Bevor ihr anf\u00e4ngt zu schimpfen, m\u00f6chte ich erw\u00e4hnen, dass ich von solcher Kunst nichts verstehe. Und mich auch nicht darum bem\u00fcht habe. So, jetzt d\u00fcrft ihr schimpfen. Ich stehe zu meiner unqualifizierten Meinung.<\/p>\n<figure id=\"attachment_45976\" aria-describedby=\"caption-attachment-45976\" style=\"width: 1020px\" class=\"wp-caption alignnone\"><img loading=\"lazy\" decoding=\"async\" data-attachment-id=\"45976\" data-permalink=\"https:\/\/stefan-taege.de\/kasia\/2024\/06\/03\/gent-das-lichterfestival\/20240204_111042-k\/\" data-orig-file=\"https:\/\/i0.wp.com\/stefan-taege.de\/kasia\/wp-content\/uploads\/2024\/05\/20240204_111042-k.jpg?fit=1020%2C765&amp;ssl=1\" data-orig-size=\"1020,765\" data-comments-opened=\"1\" data-image-meta=\"{&quot;aperture&quot;:&quot;2.4&quot;,&quot;credit&quot;:&quot;&quot;,&quot;camera&quot;:&quot;SM-G965F&quot;,&quot;caption&quot;:&quot;&quot;,&quot;created_timestamp&quot;:&quot;1707045042&quot;,&quot;copyright&quot;:&quot;&quot;,&quot;focal_length&quot;:&quot;6&quot;,&quot;iso&quot;:&quot;32&quot;,&quot;shutter_speed&quot;:&quot;0.01&quot;,&quot;title&quot;:&quot;&quot;,&quot;orientation&quot;:&quot;0&quot;}\" data-image-title=\"David \u010cern\u00fd\" data-image-description=\"\" data-image-caption=\"&lt;p&gt;Alienangriff Kunst&lt;\/p&gt;\n\" data-medium-file=\"https:\/\/i0.wp.com\/stefan-taege.de\/kasia\/wp-content\/uploads\/2024\/05\/20240204_111042-k.jpg?fit=300%2C225&amp;ssl=1\" data-large-file=\"https:\/\/i0.wp.com\/stefan-taege.de\/kasia\/wp-content\/uploads\/2024\/05\/20240204_111042-k.jpg?fit=1020%2C765&amp;ssl=1\" tabindex=\"0\" role=\"button\" class=\"size-full wp-image-45976\" src=\"https:\/\/i0.wp.com\/stefan-taege.de\/kasia\/wp-content\/uploads\/2024\/05\/20240204_111042-k.jpg?resize=1020%2C765&#038;ssl=1\" alt=\"\" width=\"1020\" height=\"765\" srcset=\"https:\/\/i0.wp.com\/stefan-taege.de\/kasia\/wp-content\/uploads\/2024\/05\/20240204_111042-k.jpg?w=1020&amp;ssl=1 1020w, https:\/\/i0.wp.com\/stefan-taege.de\/kasia\/wp-content\/uploads\/2024\/05\/20240204_111042-k.jpg?resize=300%2C225&amp;ssl=1 300w, https:\/\/i0.wp.com\/stefan-taege.de\/kasia\/wp-content\/uploads\/2024\/05\/20240204_111042-k.jpg?resize=150%2C113&amp;ssl=1 150w, https:\/\/i0.wp.com\/stefan-taege.de\/kasia\/wp-content\/uploads\/2024\/05\/20240204_111042-k.jpg?resize=768%2C576&amp;ssl=1 768w, https:\/\/i0.wp.com\/stefan-taege.de\/kasia\/wp-content\/uploads\/2024\/05\/20240204_111042-k.jpg?resize=80%2C60&amp;ssl=1 80w\" sizes=\"(max-width: 1020px) 100vw, 1020px\" data-recalc-dims=\"1\" \/><figcaption id=\"caption-attachment-45976\" class=\"wp-caption-text\"><del>Alienangriff<\/del> Kunst<\/figcaption><\/figure>\n<p>Noch ein Wort zu den Tankstellen. Gleich drei Mal hintereinander bin ich auf folgendes System gesto\u00dfen: an den Zapfs\u00e4ulen befinden sich an der Seite Terminals f\u00fcr Kartenzahlungen. Man gibt den zu tankenden Betrag ein, bezahlt, dann wird besagter Betrag an der Zapfs\u00e4ule freigegeben. Oft sind solche kleineren Dorftankstellen deshalb unbemannt.<\/p>\n<p>Alles in allem ein sch\u00f6nes Wochenende, sage ich mir, als ich nach rund sechs Stunden am Sonntagabend wieder zu Hause bin. &#8222;War das nicht ein sch\u00f6nes Wochenende?&#8220; Frage ich Stefan. Wir sind getrennt angereist, da uns die Arbeit am Freitag an verschiedene Orte gef\u00fchrt hat: ich kam aus Wittlich, mein Stefan aus Luxemburg. Jetzt kommt er etwa eine Stunde nach mir an. Ja, sagt Stefan. Ein sch\u00f6nes Wochenende. Wir schmieden Pl\u00e4ne f\u00fcr Belgien. Das kleine, untersch\u00e4tzte Land in Europa, das in erster Linie durch &#8222;was machen die da schon wieder in Br\u00fcssel&#8220; bekannt ist. Wir schmieden Pl\u00e4ne f\u00fcr Br\u00fcgge.<\/p>\n<div class=\"tiled-gallery type-square tiled-gallery-unresized\" data-original-width=\"1020\" data-carousel-extra='{&quot;blog_id&quot;:1,&quot;permalink&quot;:&quot;https:\\\/\\\/stefan-taege.de\\\/kasia\\\/2024\\\/06\\\/03\\\/gent-das-lichterfestival\\\/&quot;,&quot;likes_blog_id&quot;:114512862}' itemscope itemtype=\"http:\/\/schema.org\/ImageGallery\" > <div class=\"gallery-row\" style=\"width: 1020px; height: 340px;\" data-original-width=\"1020\" data-original-height=\"340\" > <div class=\"gallery-group\" style=\"width: 340px; height: 340px;\" data-original-width=\"340\" data-original-height=\"340\" > <div class=\"tiled-gallery-item \" itemprop=\"associatedMedia\" itemscope itemtype=\"http:\/\/schema.org\/ImageObject\"> <a href=\"https:\/\/stefan-taege.de\/kasia\/2024\/06\/03\/gent-das-lichterfestival\/20240204_111301-k\/\" border=\"0\" itemprop=\"url\"> <meta itemprop=\"width\" content=\"336\"> <meta itemprop=\"height\" content=\"336\"> <img decoding=\"async\" class=\"\" data-attachment-id=\"45977\" data-orig-file=\"https:\/\/stefan-taege.de\/kasia\/wp-content\/uploads\/2024\/05\/20240204_111301.k.jpg\" data-orig-size=\"1020,574\" data-comments-opened=\"1\" data-image-meta=\"{&quot;aperture&quot;:&quot;2.4&quot;,&quot;credit&quot;:&quot;&quot;,&quot;camera&quot;:&quot;SM-G965F&quot;,&quot;caption&quot;:&quot;&quot;,&quot;created_timestamp&quot;:&quot;1707045181&quot;,&quot;copyright&quot;:&quot;&quot;,&quot;focal_length&quot;:&quot;6&quot;,&quot;iso&quot;:&quot;25&quot;,&quot;shutter_speed&quot;:&quot;0.00507614213198&quot;,&quot;title&quot;:&quot;&quot;,&quot;orientation&quot;:&quot;0&quot;}\" data-image-title=\"Promenade von Blankenberge\" data-image-description=\"\" data-medium-file=\"https:\/\/i0.wp.com\/stefan-taege.de\/kasia\/wp-content\/uploads\/2024\/05\/20240204_111301.k.jpg?fit=300%2C169&#038;ssl=1\" data-large-file=\"https:\/\/i0.wp.com\/stefan-taege.de\/kasia\/wp-content\/uploads\/2024\/05\/20240204_111301.k.jpg?fit=1020%2C574&#038;ssl=1\" src=\"https:\/\/i0.wp.com\/stefan-taege.de\/kasia\/wp-content\/uploads\/2024\/05\/20240204_111301.k.jpg?w=336&#038;h=336&#038;crop=1&#038;ssl=1\" srcset=\"https:\/\/i0.wp.com\/stefan-taege.de\/kasia\/wp-content\/uploads\/2024\/05\/20240204_111301.k.jpg?resize=435%2C435&amp;ssl=1 435w, https:\/\/i0.wp.com\/stefan-taege.de\/kasia\/wp-content\/uploads\/2024\/05\/20240204_111301.k.jpg?zoom=2&amp;resize=336%2C336&amp;ssl=1 672w, https:\/\/i0.wp.com\/stefan-taege.de\/kasia\/wp-content\/uploads\/2024\/05\/20240204_111301.k.jpg?zoom=3&amp;resize=336%2C336&amp;ssl=1 1008w\" width=\"336\" height=\"336\" loading=\"lazy\" data-original-width=\"336\" data-original-height=\"336\" itemprop=\"http:\/\/schema.org\/image\" title=\"Promenade von Blankenberge\" alt=\"Promenade von Blankenberge\" style=\"width: 336px; height: 336px;\" \/> <\/a> <div class=\"tiled-gallery-caption\" itemprop=\"caption description\"> Promenade von Blankenberge <\/div> <\/div> <\/div> <div class=\"gallery-group\" style=\"width: 340px; height: 340px;\" data-original-width=\"340\" data-original-height=\"340\" > <div class=\"tiled-gallery-item \" itemprop=\"associatedMedia\" itemscope itemtype=\"http:\/\/schema.org\/ImageObject\"> <a href=\"https:\/\/stefan-taege.de\/kasia\/2024\/06\/03\/gent-das-lichterfestival\/20240204_111339-k\/\" border=\"0\" itemprop=\"url\"> <meta itemprop=\"width\" content=\"336\"> <meta itemprop=\"height\" content=\"336\"> <img decoding=\"async\" class=\"\" data-attachment-id=\"45978\" data-orig-file=\"https:\/\/stefan-taege.de\/kasia\/wp-content\/uploads\/2024\/05\/20240204_111339.k.jpg\" data-orig-size=\"430,765\" data-comments-opened=\"1\" data-image-meta=\"{&quot;aperture&quot;:&quot;2.4&quot;,&quot;credit&quot;:&quot;&quot;,&quot;camera&quot;:&quot;SM-G965F&quot;,&quot;caption&quot;:&quot;&quot;,&quot;created_timestamp&quot;:&quot;1707045219&quot;,&quot;copyright&quot;:&quot;&quot;,&quot;focal_length&quot;:&quot;6&quot;,&quot;iso&quot;:&quot;25&quot;,&quot;shutter_speed&quot;:&quot;0.00621118012422&quot;,&quot;title&quot;:&quot;&quot;,&quot;orientation&quot;:&quot;0&quot;}\" data-image-title=\"Promenade von Blankenberge\" data-image-description=\"\" data-medium-file=\"https:\/\/i0.wp.com\/stefan-taege.de\/kasia\/wp-content\/uploads\/2024\/05\/20240204_111339.k.jpg?fit=169%2C300&#038;ssl=1\" data-large-file=\"https:\/\/i0.wp.com\/stefan-taege.de\/kasia\/wp-content\/uploads\/2024\/05\/20240204_111339.k.jpg?fit=430%2C765&#038;ssl=1\" src=\"https:\/\/i0.wp.com\/stefan-taege.de\/kasia\/wp-content\/uploads\/2024\/05\/20240204_111339.k.jpg?w=336&#038;h=336&#038;crop=1&#038;ssl=1\" width=\"336\" height=\"336\" loading=\"lazy\" data-original-width=\"336\" data-original-height=\"336\" itemprop=\"http:\/\/schema.org\/image\" title=\"Promenade von Blankenberge\" alt=\"Einfach mal wirken lassen\" style=\"width: 336px; height: 336px;\" \/> <\/a> <div class=\"tiled-gallery-caption\" itemprop=\"caption description\"> Einfach mal wirken lassen <\/div> <\/div> <\/div> <div class=\"gallery-group\" style=\"width: 340px; height: 340px;\" data-original-width=\"340\" data-original-height=\"340\" > <div class=\"tiled-gallery-item \" itemprop=\"associatedMedia\" itemscope itemtype=\"http:\/\/schema.org\/ImageObject\"> <a href=\"https:\/\/stefan-taege.de\/kasia\/2024\/06\/03\/gent-das-lichterfestival\/20240204_113444-k\/\" border=\"0\" itemprop=\"url\"> <meta itemprop=\"width\" content=\"336\"> <meta itemprop=\"height\" content=\"336\"> <img decoding=\"async\" class=\"\" data-attachment-id=\"45979\" data-orig-file=\"https:\/\/stefan-taege.de\/kasia\/wp-content\/uploads\/2024\/05\/20240204_113444.k.jpg\" data-orig-size=\"1020,496\" data-comments-opened=\"1\" data-image-meta=\"{&quot;aperture&quot;:&quot;2.4&quot;,&quot;credit&quot;:&quot;&quot;,&quot;camera&quot;:&quot;SM-G965F&quot;,&quot;caption&quot;:&quot;&quot;,&quot;created_timestamp&quot;:&quot;1707046484&quot;,&quot;copyright&quot;:&quot;&quot;,&quot;focal_length&quot;:&quot;6&quot;,&quot;iso&quot;:&quot;25&quot;,&quot;shutter_speed&quot;:&quot;0.00244498777506&quot;,&quot;title&quot;:&quot;&quot;,&quot;orientation&quot;:&quot;0&quot;}\" data-image-title=\"Blankenberge, Strand\" data-image-description=\"\" data-medium-file=\"https:\/\/i0.wp.com\/stefan-taege.de\/kasia\/wp-content\/uploads\/2024\/05\/20240204_113444.k.jpg?fit=300%2C146&#038;ssl=1\" data-large-file=\"https:\/\/i0.wp.com\/stefan-taege.de\/kasia\/wp-content\/uploads\/2024\/05\/20240204_113444.k.jpg?fit=1020%2C496&#038;ssl=1\" src=\"https:\/\/i0.wp.com\/stefan-taege.de\/kasia\/wp-content\/uploads\/2024\/05\/20240204_113444.k.jpg?w=336&#038;h=336&#038;crop=1&#038;ssl=1\" srcset=\"https:\/\/i0.wp.com\/stefan-taege.de\/kasia\/wp-content\/uploads\/2024\/05\/20240204_113444.k.jpg?resize=435%2C435&amp;ssl=1 435w, https:\/\/i0.wp.com\/stefan-taege.de\/kasia\/wp-content\/uploads\/2024\/05\/20240204_113444.k.jpg?zoom=2&amp;resize=336%2C336&amp;ssl=1 672w, https:\/\/i0.wp.com\/stefan-taege.de\/kasia\/wp-content\/uploads\/2024\/05\/20240204_113444.k.jpg?zoom=3&amp;resize=336%2C336&amp;ssl=1 1008w\" width=\"336\" height=\"336\" loading=\"lazy\" data-original-width=\"336\" data-original-height=\"336\" itemprop=\"http:\/\/schema.org\/image\" title=\"Blankenberge, Strand\" alt=\"Blankenberge, Strand\" style=\"width: 336px; height: 336px;\" \/> <\/a> <div class=\"tiled-gallery-caption\" itemprop=\"caption description\"> Blankenberge, Strand <\/div> <\/div> <\/div> <\/div> <div class=\"gallery-row\" style=\"width: 1020px; height: 340px;\" data-original-width=\"1020\" data-original-height=\"340\" > <div class=\"gallery-group\" style=\"width: 340px; height: 340px;\" data-original-width=\"340\" data-original-height=\"340\" > <div class=\"tiled-gallery-item \" itemprop=\"associatedMedia\" itemscope itemtype=\"http:\/\/schema.org\/ImageObject\"> <a href=\"https:\/\/stefan-taege.de\/kasia\/2024\/06\/03\/gent-das-lichterfestival\/20240204_115235-k\/\" border=\"0\" itemprop=\"url\"> <meta itemprop=\"width\" content=\"336\"> <meta itemprop=\"height\" content=\"336\"> <img decoding=\"async\" class=\"\" data-attachment-id=\"45980\" data-orig-file=\"https:\/\/stefan-taege.de\/kasia\/wp-content\/uploads\/2024\/05\/20240204_115235.k.jpg\" data-orig-size=\"1020,574\" data-comments-opened=\"1\" data-image-meta=\"{&quot;aperture&quot;:&quot;2.4&quot;,&quot;credit&quot;:&quot;&quot;,&quot;camera&quot;:&quot;SM-G965F&quot;,&quot;caption&quot;:&quot;&quot;,&quot;created_timestamp&quot;:&quot;1707047555&quot;,&quot;copyright&quot;:&quot;&quot;,&quot;focal_length&quot;:&quot;4.3&quot;,&quot;iso&quot;:&quot;50&quot;,&quot;shutter_speed&quot;:&quot;0.00133333333333&quot;,&quot;title&quot;:&quot;&quot;,&quot;orientation&quot;:&quot;0&quot;}\" data-image-title=\"Strand, Blankenberge\" data-image-description=\"\" data-medium-file=\"https:\/\/i0.wp.com\/stefan-taege.de\/kasia\/wp-content\/uploads\/2024\/05\/20240204_115235.k.jpg?fit=300%2C169&#038;ssl=1\" data-large-file=\"https:\/\/i0.wp.com\/stefan-taege.de\/kasia\/wp-content\/uploads\/2024\/05\/20240204_115235.k.jpg?fit=1020%2C574&#038;ssl=1\" src=\"https:\/\/i0.wp.com\/stefan-taege.de\/kasia\/wp-content\/uploads\/2024\/05\/20240204_115235.k.jpg?w=336&#038;h=336&#038;crop=1&#038;ssl=1\" srcset=\"https:\/\/i0.wp.com\/stefan-taege.de\/kasia\/wp-content\/uploads\/2024\/05\/20240204_115235.k.jpg?resize=435%2C435&amp;ssl=1 435w, https:\/\/i0.wp.com\/stefan-taege.de\/kasia\/wp-content\/uploads\/2024\/05\/20240204_115235.k.jpg?zoom=2&amp;resize=336%2C336&amp;ssl=1 672w, https:\/\/i0.wp.com\/stefan-taege.de\/kasia\/wp-content\/uploads\/2024\/05\/20240204_115235.k.jpg?zoom=3&amp;resize=336%2C336&amp;ssl=1 1008w\" width=\"336\" height=\"336\" loading=\"lazy\" data-original-width=\"336\" data-original-height=\"336\" itemprop=\"http:\/\/schema.org\/image\" title=\"Strand, Blankenberge\" alt=\"Windig ist es\" style=\"width: 336px; height: 336px;\" \/> <\/a> <div class=\"tiled-gallery-caption\" itemprop=\"caption description\"> Windig ist es <\/div> <\/div> <\/div> <div class=\"gallery-group\" style=\"width: 340px; height: 340px;\" data-original-width=\"340\" data-original-height=\"340\" > <div class=\"tiled-gallery-item \" itemprop=\"associatedMedia\" itemscope itemtype=\"http:\/\/schema.org\/ImageObject\"> <a href=\"https:\/\/stefan-taege.de\/kasia\/2024\/06\/03\/gent-das-lichterfestival\/20240204_114329-k\/\" border=\"0\" itemprop=\"url\"> <meta itemprop=\"width\" content=\"336\"> <meta itemprop=\"height\" content=\"336\"> <img decoding=\"async\" class=\"\" data-attachment-id=\"45981\" data-orig-file=\"https:\/\/stefan-taege.de\/kasia\/wp-content\/uploads\/2024\/05\/20240204_114329.k.jpg\" data-orig-size=\"1020,574\" data-comments-opened=\"1\" data-image-meta=\"{&quot;aperture&quot;:&quot;2.4&quot;,&quot;credit&quot;:&quot;&quot;,&quot;camera&quot;:&quot;SM-G965F&quot;,&quot;caption&quot;:&quot;&quot;,&quot;created_timestamp&quot;:&quot;1707047009&quot;,&quot;copyright&quot;:&quot;&quot;,&quot;focal_length&quot;:&quot;4.3&quot;,&quot;iso&quot;:&quot;50&quot;,&quot;shutter_speed&quot;:&quot;0.00121212121212&quot;,&quot;title&quot;:&quot;&quot;,&quot;orientation&quot;:&quot;0&quot;}\" data-image-title=\"Strand, Blankenberge\" data-image-description=\"\" data-medium-file=\"https:\/\/i0.wp.com\/stefan-taege.de\/kasia\/wp-content\/uploads\/2024\/05\/20240204_114329.k.jpg?fit=300%2C169&#038;ssl=1\" data-large-file=\"https:\/\/i0.wp.com\/stefan-taege.de\/kasia\/wp-content\/uploads\/2024\/05\/20240204_114329.k.jpg?fit=1020%2C574&#038;ssl=1\" src=\"https:\/\/i0.wp.com\/stefan-taege.de\/kasia\/wp-content\/uploads\/2024\/05\/20240204_114329.k.jpg?w=336&#038;h=336&#038;crop=1&#038;ssl=1\" srcset=\"https:\/\/i0.wp.com\/stefan-taege.de\/kasia\/wp-content\/uploads\/2024\/05\/20240204_114329.k.jpg?resize=435%2C435&amp;ssl=1 435w, https:\/\/i0.wp.com\/stefan-taege.de\/kasia\/wp-content\/uploads\/2024\/05\/20240204_114329.k.jpg?zoom=2&amp;resize=336%2C336&amp;ssl=1 672w, https:\/\/i0.wp.com\/stefan-taege.de\/kasia\/wp-content\/uploads\/2024\/05\/20240204_114329.k.jpg?zoom=3&amp;resize=336%2C336&amp;ssl=1 1008w\" width=\"336\" height=\"336\" loading=\"lazy\" data-original-width=\"336\" data-original-height=\"336\" itemprop=\"http:\/\/schema.org\/image\" title=\"Strand, Blankenberge\" alt=\"Der einsame Mann (und das Meer)\" style=\"width: 336px; height: 336px;\" \/> <\/a> <div class=\"tiled-gallery-caption\" itemprop=\"caption description\"> Der einsame Mann (und das Meer) <\/div> <\/div> <\/div> <div class=\"gallery-group\" style=\"width: 340px; height: 340px;\" data-original-width=\"340\" data-original-height=\"340\" > <div class=\"tiled-gallery-item \" itemprop=\"associatedMedia\" itemscope itemtype=\"http:\/\/schema.org\/ImageObject\"> <a href=\"https:\/\/stefan-taege.de\/kasia\/2024\/06\/03\/gent-das-lichterfestival\/20240204_114918\/\" border=\"0\" itemprop=\"url\"> <meta itemprop=\"width\" content=\"336\"> <meta itemprop=\"height\" content=\"336\"> <img decoding=\"async\" class=\"\" data-attachment-id=\"45982\" data-orig-file=\"https:\/\/stefan-taege.de\/kasia\/wp-content\/uploads\/2024\/05\/20240204_114918.jpg\" data-orig-size=\"1020,574\" data-comments-opened=\"1\" data-image-meta=\"{&quot;aperture&quot;:&quot;2.4&quot;,&quot;credit&quot;:&quot;&quot;,&quot;camera&quot;:&quot;SM-G965F&quot;,&quot;caption&quot;:&quot;&quot;,&quot;created_timestamp&quot;:&quot;1707047358&quot;,&quot;copyright&quot;:&quot;&quot;,&quot;focal_length&quot;:&quot;6&quot;,&quot;iso&quot;:&quot;25&quot;,&quot;shutter_speed&quot;:&quot;0.00291545189504&quot;,&quot;title&quot;:&quot;&quot;,&quot;orientation&quot;:&quot;1&quot;}\" data-image-title=\"Strand, Blankenberge\" data-image-description=\"\" data-medium-file=\"https:\/\/i0.wp.com\/stefan-taege.de\/kasia\/wp-content\/uploads\/2024\/05\/20240204_114918.jpg?fit=300%2C169&#038;ssl=1\" data-large-file=\"https:\/\/i0.wp.com\/stefan-taege.de\/kasia\/wp-content\/uploads\/2024\/05\/20240204_114918.jpg?fit=1020%2C574&#038;ssl=1\" src=\"https:\/\/i0.wp.com\/stefan-taege.de\/kasia\/wp-content\/uploads\/2024\/05\/20240204_114918.jpg?w=336&#038;h=336&#038;crop=1&#038;ssl=1\" srcset=\"https:\/\/i0.wp.com\/stefan-taege.de\/kasia\/wp-content\/uploads\/2024\/05\/20240204_114918.jpg?resize=435%2C435&amp;ssl=1 435w, https:\/\/i0.wp.com\/stefan-taege.de\/kasia\/wp-content\/uploads\/2024\/05\/20240204_114918.jpg?zoom=2&amp;resize=336%2C336&amp;ssl=1 672w, https:\/\/i0.wp.com\/stefan-taege.de\/kasia\/wp-content\/uploads\/2024\/05\/20240204_114918.jpg?zoom=3&amp;resize=336%2C336&amp;ssl=1 1008w\" width=\"336\" height=\"336\" loading=\"lazy\" data-original-width=\"336\" data-original-height=\"336\" itemprop=\"http:\/\/schema.org\/image\" title=\"Strand, Blankenberge\" alt=\"Zu windig zum Fliegen\" style=\"width: 336px; height: 336px;\" \/> <\/a> <div class=\"tiled-gallery-caption\" itemprop=\"caption description\"> Zu windig zum Fliegen <\/div> <\/div> <\/div> <\/div> <\/div>\n<div class=\"shariff shariff-align-left shariff-widget-align-left\" data-services=\"facebook%7Cpinterest%7Ctumblr\" data-url=\"https:\/\/stefan-taege.de\/kasia\/2024\/06\/03\/gent-das-lichterfestival\/\" data-timestamp=\"1717621688\" data-backendurl=\"https:\/\/stefan-taege.de\/kasia\/wp-json\/shariff\/v1\/share_counts?\"><ul class=\"shariff-buttons theme-round orientation-horizontal buttonsize-medium\"><li class=\"shariff-button twitter shariff-nocustomcolor\" style=\"background-color:#595959\"><a href=\"https:\/\/twitter.com\/share?url=https%3A%2F%2Fstefan-taege.de%2Fkasia%2F2024%2F06%2F03%2Fgent-das-lichterfestival%2F&text=Gent%20%E2%80%93%20Das%20Lichterfestival\" title=\"Bei X teilen\" aria-label=\"Bei X teilen\" role=\"button\" rel=\"noopener nofollow\" class=\"shariff-link\" style=\"; background-color:#000; color:#fff\" target=\"_blank\"><span class=\"shariff-icon\" style=\"\"><svg width=\"32px\" height=\"20px\" xmlns=\"http:\/\/www.w3.org\/2000\/svg\" viewBox=\"0 0 24 24\"><path fill=\"#000\" d=\"M14.258 10.152L23.176 0h-2.113l-7.747 8.813L7.133 0H0l9.352 13.328L0 23.973h2.113l8.176-9.309 6.531 9.309h7.133zm-2.895 3.293l-.949-1.328L2.875 1.56h3.246l6.086 8.523.945 1.328 7.91 11.078h-3.246zm0 0\"\/><\/svg><\/span><\/a><\/li><li class=\"shariff-button facebook shariff-nocustomcolor\" style=\"background-color:#4273c8\"><a href=\"https:\/\/www.facebook.com\/sharer\/sharer.php?u=https%3A%2F%2Fstefan-taege.de%2Fkasia%2F2024%2F06%2F03%2Fgent-das-lichterfestival%2F\" title=\"Bei Facebook teilen\" aria-label=\"Bei Facebook teilen\" role=\"button\" rel=\"nofollow\" class=\"shariff-link\" style=\"; background-color:#3b5998; color:#fff\" target=\"_blank\"><span class=\"shariff-icon\" style=\"\"><svg width=\"32px\" height=\"20px\" xmlns=\"http:\/\/www.w3.org\/2000\/svg\" viewBox=\"0 0 18 32\"><path fill=\"#3b5998\" d=\"M17.1 0.2v4.7h-2.8q-1.5 0-2.1 0.6t-0.5 1.9v3.4h5.2l-0.7 5.3h-4.5v13.6h-5.5v-13.6h-4.5v-5.3h4.5v-3.9q0-3.3 1.9-5.2t5-1.8q2.6 0 4.1 0.2z\"\/><\/svg><\/span><span data-service=\"facebook\" style=\"color:#3b5998\" class=\"shariff-count shariff-hidezero\"><\/span>&nbsp;<\/a><\/li><li class=\"shariff-button pinterest shariff-nocustomcolor\" style=\"background-color:#e70f18\"><a href=\"https:\/\/www.pinterest.com\/pin\/create\/link\/?url=https%3A%2F%2Fstefan-taege.de%2Fkasia%2F2024%2F06%2F03%2Fgent-das-lichterfestival%2F&media=https%3A%2F%2Fstefan-taege.de%2Fkasia%2Fwp-content%2Fuploads%2F2024%2F05%2F20240203_173405kopie.jpg&description=Gent%20%E2%80%93%20Das%20Lichterfestival\" title=\"Bei Pinterest pinnen\" aria-label=\"Bei Pinterest pinnen\" role=\"button\" rel=\"noopener nofollow\" class=\"shariff-link\" style=\"; background-color:#cb2027; color:#fff\" target=\"_blank\"><span class=\"shariff-icon\" style=\"\"><svg width=\"32px\" height=\"20px\" xmlns=\"http:\/\/www.w3.org\/2000\/svg\" viewBox=\"0 0 27 32\"><path fill=\"#cb2027\" d=\"M27.4 16q0 3.7-1.8 6.9t-5 5-6.9 1.9q-2 0-3.9-0.6 1.1-1.7 1.4-2.9 0.2-0.6 1-3.8 0.4 0.7 1.3 1.2t2 0.5q2.1 0 3.8-1.2t2.7-3.4 0.9-4.8q0-2-1.1-3.8t-3.1-2.9-4.5-1.2q-1.9 0-3.5 0.5t-2.8 1.4-2 2-1.2 2.3-0.4 2.4q0 1.9 0.7 3.3t2.1 2q0.5 0.2 0.7-0.4 0-0.1 0.1-0.5t0.2-0.5q0.1-0.4-0.2-0.8-0.9-1.1-0.9-2.7 0-2.7 1.9-4.6t4.9-2q2.7 0 4.2 1.5t1.5 3.8q0 3-1.2 5.2t-3.1 2.1q-1.1 0-1.7-0.8t-0.4-1.9q0.1-0.6 0.5-1.7t0.5-1.8 0.2-1.4q0-0.9-0.5-1.5t-1.4-0.6q-1.1 0-1.9 1t-0.8 2.6q0 1.3 0.4 2.2l-1.8 7.5q-0.3 1.2-0.2 3.2-3.7-1.6-6-5t-2.3-7.6q0-3.7 1.9-6.9t5-5 6.9-1.9 6.9 1.9 5 5 1.8 6.9z\"\/><\/svg><\/span><span data-service=\"pinterest\" style=\"color:#cb2027\" class=\"shariff-count\"> 0<\/span>&nbsp;<\/a><\/li><li class=\"shariff-button tumblr shariff-nocustomcolor\" style=\"background-color:#529ecc\"><a href=\"https:\/\/www.tumblr.com\/widgets\/share\/tool?posttype=link&canonicalUrl=https%3A%2F%2Fstefan-taege.de%2Fkasia%2F2024%2F06%2F03%2Fgent-das-lichterfestival%2F&tags=stefan-taege.de\" title=\"Bei tumblr teilen\" aria-label=\"Bei tumblr teilen\" role=\"button\" rel=\"noopener nofollow\" class=\"shariff-link\" style=\"; background-color:#36465d; color:#fff\" target=\"_blank\"><span class=\"shariff-icon\" style=\"\"><svg width=\"32px\" height=\"20px\" xmlns=\"http:\/\/www.w3.org\/2000\/svg\" viewBox=\"0 0 32 32\"><path fill=\"#36465d\" d=\"M18 14l0 7.3c0 1.9 0 2.9 0.2 3.5 0.2 0.5 0.7 1.1 1.2 1.4 0.7 0.4 1.5 0.6 2.4 0.6 1.6 0 2.6-0.2 4.2-1.3v4.8c-1.4 0.6-2.6 1-3.7 1.3-1.1 0.3-2.3 0.4-3.6 0.4-1.5 0-2.3-0.2-3.4-0.6-1.1-0.4-2.1-0.9-2.9-1.6-0.8-0.7-1.3-1.4-1.7-2.2s-0.5-1.9-0.5-3.4v-11.2h-4.3v-4.5c1.3-0.4 2.7-1 3.6-1.8 0.9-0.8 1.6-1.7 2.2-2.7 0.5-1.1 0.9-2.4 1.1-4.1h5.2l0 8h8v6h-8z\"\/><\/svg><\/span><span data-service=\"tumblr\" style=\"color:#36465d\" class=\"shariff-count\"> 0<\/span>&nbsp;<\/a><\/li><li class=\"shariff-button xing shariff-nocustomcolor\" style=\"background-color:#29888a\"><a href=\"https:\/\/www.xing.com\/spi\/shares\/new?url=https%3A%2F%2Fstefan-taege.de%2Fkasia%2F2024%2F06%2F03%2Fgent-das-lichterfestival%2F\" title=\"Bei XING teilen\" aria-label=\"Bei XING teilen\" role=\"button\" rel=\"noopener nofollow\" class=\"shariff-link\" style=\"; background-color:#126567; color:#fff\" target=\"_blank\"><span class=\"shariff-icon\" style=\"\"><svg width=\"32px\" height=\"20px\" xmlns=\"http:\/\/www.w3.org\/2000\/svg\" viewBox=\"0 0 25 32\"><path fill=\"#126567\" d=\"M10.7 11.9q-0.2 0.3-4.6 8.2-0.5 0.8-1.2 0.8h-4.3q-0.4 0-0.5-0.3t0-0.6l4.5-8q0 0 0 0l-2.9-5q-0.2-0.4 0-0.7 0.2-0.3 0.5-0.3h4.3q0.7 0 1.2 0.8zM25.1 0.4q0.2 0.3 0 0.7l-9.4 16.7 6 11q0.2 0.4 0 0.6-0.2 0.3-0.6 0.3h-4.3q-0.7 0-1.2-0.8l-6-11.1q0.3-0.6 9.5-16.8 0.4-0.8 1.2-0.8h4.3q0.4 0 0.5 0.3z\"\/><\/svg><\/span><\/a><\/li><li class=\"shariff-button rss shariff-nocustomcolor\" style=\"background-color:#ff8c00\"><a href=\"https:\/\/stefan-taege.de\/kasia\/feed\/rss\/\" title=\"RSS-feed\" aria-label=\"RSS-feed\" role=\"button\" class=\"shariff-link\" style=\"; background-color:#fe9312; color:#fff\" target=\"_blank\"><span class=\"shariff-icon\" style=\"\"><svg width=\"32px\" height=\"20px\" xmlns=\"http:\/\/www.w3.org\/2000\/svg\" viewBox=\"0 0 32 32\"><path fill=\"#fe9312\" d=\"M4.3 23.5c-2.3 0-4.3 1.9-4.3 4.3 0 2.3 1.9 4.2 4.3 4.2 2.4 0 4.3-1.9 4.3-4.2 0-2.3-1.9-4.3-4.3-4.3zM0 10.9v6.1c4 0 7.7 1.6 10.6 4.4 2.8 2.8 4.4 6.6 4.4 10.6h6.2c0-11.7-9.5-21.1-21.1-21.1zM0 0v6.1c14.2 0 25.8 11.6 25.8 25.9h6.2c0-17.6-14.4-32-32-32z\"\/><\/svg><\/span><\/a><\/li><li class=\"shariff-button linkedin shariff-nocustomcolor\" style=\"background-color:#1488bf\"><a href=\"https:\/\/www.linkedin.com\/sharing\/share-offsite\/?url=https%3A%2F%2Fstefan-taege.de%2Fkasia%2F2024%2F06%2F03%2Fgent-das-lichterfestival%2F\" title=\"Bei LinkedIn teilen\" aria-label=\"Bei LinkedIn teilen\" role=\"button\" rel=\"noopener nofollow\" class=\"shariff-link\" style=\"; background-color:#0077b5; color:#fff\" target=\"_blank\"><span class=\"shariff-icon\" style=\"\"><svg width=\"32px\" height=\"20px\" xmlns=\"http:\/\/www.w3.org\/2000\/svg\" viewBox=\"0 0 27 32\"><path fill=\"#0077b5\" d=\"M6.2 11.2v17.7h-5.9v-17.7h5.9zM6.6 5.7q0 1.3-0.9 2.2t-2.4 0.9h0q-1.5 0-2.4-0.9t-0.9-2.2 0.9-2.2 2.4-0.9 2.4 0.9 0.9 2.2zM27.4 18.7v10.1h-5.9v-9.5q0-1.9-0.7-2.9t-2.3-1.1q-1.1 0-1.9 0.6t-1.2 1.5q-0.2 0.5-0.2 1.4v9.9h-5.9q0-7.1 0-11.6t0-5.3l0-0.9h5.9v2.6h0q0.4-0.6 0.7-1t1-0.9 1.6-0.8 2-0.3q3 0 4.9 2t1.9 6z\"\/><\/svg><\/span><\/a><\/li><\/ul><\/div>","protected":false},"excerpt":{"rendered":"<p>Lust haben wir eigentlich keine mehr. So wie man am Wochenende eigentlich keine Lust hat, wegzufahren. Am liebsten w\u00fcrde man &hellip; <\/p>\n","protected":false},"author":1,"featured_media":45942,"comment_status":"open","ping_status":"open","sticky":false,"template":"","format":"standard","meta":{"jetpack_post_was_ever_published":false,"_jetpack_newsletter_access":"","_jetpack_dont_email_post_to_subs":false,"_jetpack_newsletter_tier_id":0,"_jetpack_memberships_contains_paywalled_content":false,"footnotes":"","_jetpack_memberships_contains_paid_content":false},"categories":[1942,1292],"tags":[1944,3095,3094,2178],"yoast_head":"<!-- This site is optimized with the Yoast SEO plugin v23.5 - https:\/\/yoast.com\/wordpress\/plugins\/seo\/ -->\n<title>Gent - Das Lichterfestival - windrose.rocks<\/title>\n<meta name=\"robots\" content=\"index, follow, max-snippet:-1, max-image-preview:large, max-video-preview:-1\" \/>\n<link rel=\"canonical\" href=\"https:\/\/stefan-taege.de\/kasia\/2024\/06\/03\/gent-das-lichterfestival\/\" \/>\n<meta name=\"twitter:label1\" content=\"Verfasst von\" \/>\n\t<meta name=\"twitter:data1\" content=\"Kasia\" \/>\n\t<meta name=\"twitter:label2\" content=\"Gesch\u00e4tzte Lesezeit\" \/>\n\t<meta name=\"twitter:data2\" content=\"12\u00a0Minuten\" \/>\n<script type=\"application\/ld+json\" class=\"yoast-schema-graph\">{\"@context\":\"https:\/\/schema.org\",\"@graph\":[{\"@type\":\"WebPage\",\"@id\":\"https:\/\/stefan-taege.de\/kasia\/2024\/06\/03\/gent-das-lichterfestival\/\",\"url\":\"https:\/\/stefan-taege.de\/kasia\/2024\/06\/03\/gent-das-lichterfestival\/\",\"name\":\"Gent - Das Lichterfestival - windrose.rocks\",\"isPartOf\":{\"@id\":\"https:\/\/stefan-taege.de\/kasia\/#website\"},\"primaryImageOfPage\":{\"@id\":\"https:\/\/stefan-taege.de\/kasia\/2024\/06\/03\/gent-das-lichterfestival\/#primaryimage\"},\"image\":{\"@id\":\"https:\/\/stefan-taege.de\/kasia\/2024\/06\/03\/gent-das-lichterfestival\/#primaryimage\"},\"thumbnailUrl\":\"https:\/\/i0.wp.com\/stefan-taege.de\/kasia\/wp-content\/uploads\/2024\/05\/20240203_173405kopie.jpg?fit=1020%2C574&ssl=1\",\"datePublished\":\"2024-06-03T05:11:11+00:00\",\"dateModified\":\"2024-06-05T19:08:08+00:00\",\"author\":{\"@id\":\"https:\/\/stefan-taege.de\/kasia\/#\/schema\/person\/873b01562fbd03e9caa51512b2cb800f\"},\"breadcrumb\":{\"@id\":\"https:\/\/stefan-taege.de\/kasia\/2024\/06\/03\/gent-das-lichterfestival\/#breadcrumb\"},\"inLanguage\":\"de\",\"potentialAction\":[{\"@type\":\"ReadAction\",\"target\":[\"https:\/\/stefan-taege.de\/kasia\/2024\/06\/03\/gent-das-lichterfestival\/\"]}]},{\"@type\":\"ImageObject\",\"inLanguage\":\"de\",\"@id\":\"https:\/\/stefan-taege.de\/kasia\/2024\/06\/03\/gent-das-lichterfestival\/#primaryimage\",\"url\":\"https:\/\/i0.wp.com\/stefan-taege.de\/kasia\/wp-content\/uploads\/2024\/05\/20240203_173405kopie.jpg?fit=1020%2C574&ssl=1\",\"contentUrl\":\"https:\/\/i0.wp.com\/stefan-taege.de\/kasia\/wp-content\/uploads\/2024\/05\/20240203_173405kopie.jpg?fit=1020%2C574&ssl=1\",\"width\":1020,\"height\":574},{\"@type\":\"BreadcrumbList\",\"@id\":\"https:\/\/stefan-taege.de\/kasia\/2024\/06\/03\/gent-das-lichterfestival\/#breadcrumb\",\"itemListElement\":[{\"@type\":\"ListItem\",\"position\":1,\"name\":\"Startseite\",\"item\":\"https:\/\/stefan-taege.de\/kasia\/\"},{\"@type\":\"ListItem\",\"position\":2,\"name\":\"Gent &#8211; Das Lichterfestival\"}]},{\"@type\":\"WebSite\",\"@id\":\"https:\/\/stefan-taege.de\/kasia\/#website\",\"url\":\"https:\/\/stefan-taege.de\/kasia\/\",\"name\":\"windrose.rocks\",\"description\":\"Erz\u00e4hlungen einer Reisenden\",\"potentialAction\":[{\"@type\":\"SearchAction\",\"target\":{\"@type\":\"EntryPoint\",\"urlTemplate\":\"https:\/\/stefan-taege.de\/kasia\/?s={search_term_string}\"},\"query-input\":{\"@type\":\"PropertyValueSpecification\",\"valueRequired\":true,\"valueName\":\"search_term_string\"}}],\"inLanguage\":\"de\"},{\"@type\":\"Person\",\"@id\":\"https:\/\/stefan-taege.de\/kasia\/#\/schema\/person\/873b01562fbd03e9caa51512b2cb800f\",\"name\":\"Kasia\",\"image\":{\"@type\":\"ImageObject\",\"inLanguage\":\"de\",\"@id\":\"https:\/\/stefan-taege.de\/kasia\/#\/schema\/person\/image\/\",\"url\":\"https:\/\/secure.gravatar.com\/avatar\/b89791b780bc4ea83cc74789dc368178?s=96&d=mm&r=pg\",\"contentUrl\":\"https:\/\/secure.gravatar.com\/avatar\/b89791b780bc4ea83cc74789dc368178?s=96&d=mm&r=pg\",\"caption\":\"Kasia\"},\"description\":\"Hi, ich bin Kasia, die Stimme von \\\"windrose.rocks\\\" :-) Treibt Dich die Frage um, was sich denn alles jenseits der heimischen Couch verbirgt, bist Du rastlos und neugierig wie ich und sp\u00fcrst den Drang in Dir, in die Welt hinaus zu gehen? Dann tue es! Ich nehme Dich mit auf meine Reisen und lasse Dich hautnah das Unterwegs sein miterleben - in all seinen Facetten. Lass Dich inspirieren, komm mit mir und warte nicht l\u00e4nger, denn... die Welt ist so gro\u00df und wir sind so klein, und es gibt noch so viel zu sehen! Die Welt wartet auf uns.\",\"sameAs\":[\"https:\/\/stefan-taege.de\/kasia\/\"],\"url\":\"https:\/\/stefan-taege.de\/kasia\/author\/kasia\/\"}]}<\/script>\n<!-- \/ Yoast SEO plugin. -->","yoast_head_json":{"title":"Gent - Das Lichterfestival - windrose.rocks","robots":{"index":"index","follow":"follow","max-snippet":"max-snippet:-1","max-image-preview":"max-image-preview:large","max-video-preview":"max-video-preview:-1"},"canonical":"https:\/\/stefan-taege.de\/kasia\/2024\/06\/03\/gent-das-lichterfestival\/","twitter_misc":{"Verfasst von":"Kasia","Gesch\u00e4tzte Lesezeit":"12\u00a0Minuten"},"schema":{"@context":"https:\/\/schema.org","@graph":[{"@type":"WebPage","@id":"https:\/\/stefan-taege.de\/kasia\/2024\/06\/03\/gent-das-lichterfestival\/","url":"https:\/\/stefan-taege.de\/kasia\/2024\/06\/03\/gent-das-lichterfestival\/","name":"Gent - Das Lichterfestival - windrose.rocks","isPartOf":{"@id":"https:\/\/stefan-taege.de\/kasia\/#website"},"primaryImageOfPage":{"@id":"https:\/\/stefan-taege.de\/kasia\/2024\/06\/03\/gent-das-lichterfestival\/#primaryimage"},"image":{"@id":"https:\/\/stefan-taege.de\/kasia\/2024\/06\/03\/gent-das-lichterfestival\/#primaryimage"},"thumbnailUrl":"https:\/\/i0.wp.com\/stefan-taege.de\/kasia\/wp-content\/uploads\/2024\/05\/20240203_173405kopie.jpg?fit=1020%2C574&ssl=1","datePublished":"2024-06-03T05:11:11+00:00","dateModified":"2024-06-05T19:08:08+00:00","author":{"@id":"https:\/\/stefan-taege.de\/kasia\/#\/schema\/person\/873b01562fbd03e9caa51512b2cb800f"},"breadcrumb":{"@id":"https:\/\/stefan-taege.de\/kasia\/2024\/06\/03\/gent-das-lichterfestival\/#breadcrumb"},"inLanguage":"de","potentialAction":[{"@type":"ReadAction","target":["https:\/\/stefan-taege.de\/kasia\/2024\/06\/03\/gent-das-lichterfestival\/"]}]},{"@type":"ImageObject","inLanguage":"de","@id":"https:\/\/stefan-taege.de\/kasia\/2024\/06\/03\/gent-das-lichterfestival\/#primaryimage","url":"https:\/\/i0.wp.com\/stefan-taege.de\/kasia\/wp-content\/uploads\/2024\/05\/20240203_173405kopie.jpg?fit=1020%2C574&ssl=1","contentUrl":"https:\/\/i0.wp.com\/stefan-taege.de\/kasia\/wp-content\/uploads\/2024\/05\/20240203_173405kopie.jpg?fit=1020%2C574&ssl=1","width":1020,"height":574},{"@type":"BreadcrumbList","@id":"https:\/\/stefan-taege.de\/kasia\/2024\/06\/03\/gent-das-lichterfestival\/#breadcrumb","itemListElement":[{"@type":"ListItem","position":1,"name":"Startseite","item":"https:\/\/stefan-taege.de\/kasia\/"},{"@type":"ListItem","position":2,"name":"Gent &#8211; Das Lichterfestival"}]},{"@type":"WebSite","@id":"https:\/\/stefan-taege.de\/kasia\/#website","url":"https:\/\/stefan-taege.de\/kasia\/","name":"windrose.rocks","description":"Erz\u00e4hlungen einer Reisenden","potentialAction":[{"@type":"SearchAction","target":{"@type":"EntryPoint","urlTemplate":"https:\/\/stefan-taege.de\/kasia\/?s={search_term_string}"},"query-input":{"@type":"PropertyValueSpecification","valueRequired":true,"valueName":"search_term_string"}}],"inLanguage":"de"},{"@type":"Person","@id":"https:\/\/stefan-taege.de\/kasia\/#\/schema\/person\/873b01562fbd03e9caa51512b2cb800f","name":"Kasia","image":{"@type":"ImageObject","inLanguage":"de","@id":"https:\/\/stefan-taege.de\/kasia\/#\/schema\/person\/image\/","url":"https:\/\/secure.gravatar.com\/avatar\/b89791b780bc4ea83cc74789dc368178?s=96&d=mm&r=pg","contentUrl":"https:\/\/secure.gravatar.com\/avatar\/b89791b780bc4ea83cc74789dc368178?s=96&d=mm&r=pg","caption":"Kasia"},"description":"Hi, ich bin Kasia, die Stimme von \"windrose.rocks\" :-) Treibt Dich die Frage um, was sich denn alles jenseits der heimischen Couch verbirgt, bist Du rastlos und neugierig wie ich und sp\u00fcrst den Drang in Dir, in die Welt hinaus zu gehen? Dann tue es! Ich nehme Dich mit auf meine Reisen und lasse Dich hautnah das Unterwegs sein miterleben - in all seinen Facetten. Lass Dich inspirieren, komm mit mir und warte nicht l\u00e4nger, denn... die Welt ist so gro\u00df und wir sind so klein, und es gibt noch so viel zu sehen! Die Welt wartet auf uns.","sameAs":["https:\/\/stefan-taege.de\/kasia\/"],"url":"https:\/\/stefan-taege.de\/kasia\/author\/kasia\/"}]}},"jetpack_sharing_enabled":true,"jetpack_featured_media_url":"https:\/\/i0.wp.com\/stefan-taege.de\/kasia\/wp-content\/uploads\/2024\/05\/20240203_173405kopie.jpg?fit=1020%2C574&ssl=1","jetpack_shortlink":"https:\/\/wp.me\/p7Ku1E-bO9","_links":{"self":[{"href":"https:\/\/stefan-taege.de\/kasia\/wp-json\/wp\/v2\/posts\/45393"}],"collection":[{"href":"https:\/\/stefan-taege.de\/kasia\/wp-json\/wp\/v2\/posts"}],"about":[{"href":"https:\/\/stefan-taege.de\/kasia\/wp-json\/wp\/v2\/types\/post"}],"author":[{"embeddable":true,"href":"https:\/\/stefan-taege.de\/kasia\/wp-json\/wp\/v2\/users\/1"}],"replies":[{"embeddable":true,"href":"https:\/\/stefan-taege.de\/kasia\/wp-json\/wp\/v2\/comments?post=45393"}],"version-history":[{"count":10,"href":"https:\/\/stefan-taege.de\/kasia\/wp-json\/wp\/v2\/posts\/45393\/revisions"}],"predecessor-version":[{"id":46391,"href":"https:\/\/stefan-taege.de\/kasia\/wp-json\/wp\/v2\/posts\/45393\/revisions\/46391"}],"wp:featuredmedia":[{"embeddable":true,"href":"https:\/\/stefan-taege.de\/kasia\/wp-json\/wp\/v2\/media\/45942"}],"wp:attachment":[{"href":"https:\/\/stefan-taege.de\/kasia\/wp-json\/wp\/v2\/media?parent=45393"}],"wp:term":[{"taxonomy":"category","embeddable":true,"href":"https:\/\/stefan-taege.de\/kasia\/wp-json\/wp\/v2\/categories?post=45393"},{"taxonomy":"post_tag","embeddable":true,"href":"https:\/\/stefan-taege.de\/kasia\/wp-json\/wp\/v2\/tags?post=45393"}],"curies":[{"name":"wp","href":"https:\/\/api.w.org\/{rel}","templated":true}]}}