{"id":34889,"date":"2021-04-26T08:53:42","date_gmt":"2021-04-26T06:53:42","guid":{"rendered":"https:\/\/stefan-taege.de\/kasia\/?p=34889"},"modified":"2021-06-18T23:26:54","modified_gmt":"2021-06-18T21:26:54","slug":"warum-stehe-ich-morgens-auf","status":"publish","type":"post","link":"https:\/\/stefan-taege.de\/kasia\/2021\/04\/26\/warum-stehe-ich-morgens-auf\/","title":{"rendered":"Warum stehe ich morgens auf?"},"content":{"rendered":"<p>Gleich beginnt ein neuer Homeoffice-Tag, genauer gesagt in den n\u00e4chsten zwanzig Minuten. Vielleicht ist diese knappe Zeit genau das richtige Druckmittel, um mir die Wahrheit zu entlocken. Nicht zu viel nachdenken, einfach tippen. Vor allem nicht nachdenken \u00fcber Fragen, die einem gleich im ersten Moment ein &#8222;\u00f6hm&#8220; entlocken. Mehr nicht. Einfach nur &#8222;\u00f6hm&#8220;.<!--more--><\/p>\n<p>Warum ich morgens aufstehe? Weil langes liegen nicht gut f\u00fcr die Form ist, h\u00e4tte ich schreiben k\u00f6nnen. Weil langes liegen Druckstellen und Thrombosen beg\u00fcnstigt. Und weil man irgendwann am Morgen endlich mal die Z\u00e4hne putzen muss.<\/p>\n<p>Doch meine Morgenroutine ist es nicht, was Aequitas in ihren <a href=\"https:\/\/aequitasetveritas.wordpress.com\/2021\/04\/25\/momentaufnahmen-9\/\" target=\"_blank\" rel=\"noopener\">Momentaufnahmen #9<\/a> (&#8222;Wof\u00fcr stehst du morgens auf?&#8220;) dieses Mal wirklich interessiert. Viel spannender scheint die Antwort auf die Frage zu sein, was f\u00fcr mich morgens DER Antrieb ist, um fr\u00f6hlich zwitschernd aus dem Bett zu springen. Das Problem ist nur: ich springe nie fr\u00f6hlich zwitschernd aus dem Bett. Oder nur \u00e4u\u00dferst selten. Denn ich schlafe gerne. Sehr gerne. Vielleicht tat ich es mir deshalb so schwer mit der Frage. Puh, Selbstanalyse am fr\u00fchen Morgen, ob das mal gut geht? Gut ist schon mal der Kaffeebecher neben meinem Ohrensessel, der daf\u00fcr sorgt, dass ich in die G\u00e4nge komme.<\/p>\n<p>Fakt ist, ohne meinen ersten Kaffee spreche ich mit keinem. Punkt. Oder wenn, dann nur im \u00e4u\u00dfersten Notfall. Du willst zum Everest und willst dir meine Sauerstoffflasche borgen? Mach mir einen Kaffee, dann reden wir dar\u00fcber.<\/p>\n<p><img decoding=\"async\" class=\"aligncenter\" src=\"https:\/\/aequitasetveritas.files.wordpress.com\/2020\/12\/aktion-momentaufnahmen.jpg?w=1020&#038;h=533\" data-recalc-dims=\"1\" \/><\/p>\n<p>Gut, wenn es also nicht sein muss, dann gibt es wohl nicht viel, was mich in aller Herrgottsfr\u00fche (wer hat denn so eine Uhrzeit erschaffen?) aus dem Bett lockt. Normalerweise schlafe ich so lange, bis die Speicher auf &#8222;voll&#8220; stehen, und das kann dauern. Das ist meine Natur. Und wenn es etwas schaffen sollte, mich zu einem widernat\u00fcrlichem Verhalten des Fr\u00fchaufstehers zu bringen, was k\u00f6nnte es dann sein?<\/p>\n<ol>\n<li>Arbeit<\/li>\n<li>Gutes Wetter<\/li>\n<li>Reisen, neue Orte<\/li>\n<li>Wandern<\/li>\n<li>Treffen mit Freunden<\/li>\n<li>die sch\u00f6nen Dinge des Lebens<\/li>\n<li>ich w\u00fcrde trotzdem aufstehen&#8230;<\/li>\n<\/ol>\n<h3><\/h3>\n<h3>Arbeit<\/h3>\n<p>Arbeit. Geschenkt. Man steht auf, weil man eben aufsteht. Dazu gibt es nicht wirklich viel zu sagen. Doch trotzdem ist der vermeintliche &#8222;Zwang&#8220; manchmal gar nicht so schlecht, denn der fr\u00fche Morgen ist eine zauberhafte Stunde &#8211; selbst f\u00fcr mich. Es ist die Zeit, in der die ersten Sonnenstrahlen z\u00f6gernd durch das Zimmer wandern, in der die Amsel mit ihrem Lied anf\u00e4ngt, aus dem ich bereits alle Sequenzen auswendig kenne. Es ist die Zeit, in der oft Tau auf den Blumen und Gr\u00e4sern im Garten und ein leichter Nebel \u00fcber der Landschaft h\u00e4ngt. Es ist die Zeit der K\u00fchle, bevor die Sonne die Luft erw\u00e4rmt. In der man Tiere sieht, die einem am Mittag verborgen bleiben, in der man Dinge sieht, die so nicht mehr wiederholbar sind. Es ist eine sch\u00f6ne Zeit.<\/p>\n<p>&nbsp;<\/p>\n<h3>Wetter<\/h3>\n<p>Gutes Wetter. Wetterf\u00fcllige Menschen kennen das, andere tun es als Humbug ab. Bei schlechtem Wetter da drau\u00dfen k\u00f6nnte ich dir sogar den ganzen Tag durchschlafen. Mache ich nat\u00fcrlich nicht &#8211; das w\u00e4re fast schon unanst\u00e4ndig &#8211; aber sechszehn Stunden sind da schon mal drin. Doch sobald drau\u00dfen die Sommerzeit anbricht, sobald das Wetter strahlend sch\u00f6n und die Sonne ein Dauergast im Lande ist, springe ich bereits fr\u00fch aus den Federn. Ich kann dir genau sagen, was f\u00fcr ein Wetter heute ist oder f\u00fcr den Rest des Tages ansteht; das auch dann, wenn du mich in einen versiegelten Raum sperrst. Denn bei gutem Wetter schlafe ich schlechter. Mein K\u00f6rper ist auf Habacht, die Bereitschaft zur Aktivit\u00e4t ist da.<\/p>\n<p>&nbsp;<\/p>\n<h3>Reisen<\/h3>\n<p>Reisen. Auf Reisen bin ich fr\u00fch wach, der Reiz des Neuen treibt mich aus dem Bett. Ich will nichts verpassen, streune durch die Stra\u00dfen einer neuen Stadt. Weil ich wei\u00df, dass meine Zeit vor Ort begrenzt ist, nutze ich jede Minute. Neue Orte, Erlebnisse, das alles ist mein bester Antrieb. Irgendwo zu sein, wo ich noch nie war. Eine Reiz\u00fcberflutung erleben, die so nur m\u00f6glich ist, wenn man aus dem Flieger steigt. Die hei\u00dfe Luft, die einem pl\u00f6tzlich um die Nase weht, die schw\u00fcle Brise, der Wind, so hei\u00df wie aus einem F\u00f6n. Andere Sprachen, andere Ger\u00fcche. Ein anderes Treiben um mich herum als das, was ich zu Hause kenne, was ich gewohnt bin. Es gibt keinen besseren Muntermacher. Genau deshalb funktioniert das vielbeschworene &#8222;warum in die Ferne schweifen, wenn das Gute liegt so nah&#8220; bei mir nicht wirklich. Weil ich nicht &#8222;das Gute&#8220;, auch nicht &#8222;das Sch\u00f6ne&#8220;, sondern das Neue suche. Eine neue Erfahrung. Und das ist mehr als eine sch\u00f6ne Landschaft irgendwo in Deutschland.<\/p>\n<p>&nbsp;<\/p>\n<h3>All die sch\u00f6nen Dinge<\/h3>\n<p>Wenn das noch nicht gen\u00fcgend Gr\u00fcnde waren, so sind es noch die sch\u00f6nen Dinge im Leben, f\u00fcr die es sich aufzustehen lohnt. Ich formuliere jetzt gezielt etwas ungenauer. Denn &#8222;f\u00fcr die es sich aufzustehen lohnt&#8220; hei\u00dft nicht, dass ich f\u00fcr sie aufstehe. Ein gutes Buch, ein Nachmittag im Garten, ein Spaziergang. Eine Lieblingsserie. Doch zugegeben, da beginnt nun mein Dilemma, denn Schlaf rangiert f\u00fcr mich ganz oben bei den sch\u00f6nen Dingen im Leben. Wie zu Anfang erw\u00e4hnt schlafe ich sehr gerne. Ich konnte nie die Meinung derer verstehen, die den Schlaf als &#8222;notwendiges \u00dcbel&#8220;, als Mittel zum Zweck betrachten. Als eine Hygienema\u00dfnahme, um zu funktionieren. So gehen wir an die Nahrungsaufnahme doch auch nicht heran. Es haben sich regelrechte Rituale um die gemeinsam eingenommene Mahlzeit entwickelt, das Essen wird von V\u00f6lkern und Kulturen gepr\u00e4gt. Wieso soll dann der Schlaf etwas sein, was schnell hinter sich gebracht werden sollte? Man liegt doch, w\u00e4hrend die inneren Speicher laden, auch nicht tot da. Man ist in einer anderen Welt. Man tr\u00e4umt. Man erlebt Geschichten, die von Nacht zu Nacht weiter gef\u00fchrt werden k\u00f6nnen, Schicksale, die sich weiter spinnen lassen. Spricht Sprachen, die n\u00fcchtern betrachtet keinen Sinn ergeben. Die Traumsprache. Auch ist der Traum der einzige Ort, an dem ich fliegen kann. Ganz nat\u00fcrlich und m\u00fchelos. An dem ich Verfolgern entkomme, doch hat das ganze mehr von einer Schnitzeljagd denn von einer richtigen Bedrohung. Und der Schlaf ist das perfekte Indiz daf\u00fcr, ob alles in der &#8222;Au\u00dfenwelt&#8220; in Ordnung ist. Ist es das nicht, zeichnet sich das in Alptr\u00e4umen ab, die solange andauern, bis das Problem gel\u00f6st ist.<\/p>\n<p>Also, wie gesagt, ich schlafe gern. Es ist f\u00fcr mich in etwa das, was Menschen erleben, die sich in einen Fantasyroman vertiefen. Man ist in einer anderen Welt, wei\u00df nicht, was man als n\u00e4chstes erlebt. Was an der n\u00e4chsten Ecke kommt. Man m\u00f6chte doch auch sein Lieblingsbuch nicht einfach so aus der Hand legen, oder?<\/p>\n<p>&nbsp;<\/p>\n<h3>Ich w\u00fcrde trotzdem aufstehen&#8230;<\/h3>\n<p>Doch ungeachtet all der Dinge, die ich eben gez\u00e4hlt habe &#8211; nicht sie sind der Grund, weshalb meine F\u00fc\u00dfe jeden Morgen aufs Neue den Boden ber\u00fchren. Ja, sie sind (aktuell) mein Antrieb. Doch wenn dem nicht so w\u00e4re? Dann w\u00fcrde ich trotzdem aufstehen. Denn dieser Antrieb ist austauschbar. G\u00e4be es keine Reisen mehr (was es ja aktuell kaum gibt) oder br\u00e4chen ein oder mehrere Gr\u00fcnde weg, dann w\u00fcrde ich mir eben einen neuen Antrieb, neue Ziele suchen. Warum das so ist? Ich wei\u00df es nicht. Das eben ist der Grund, warum mir das Beantworten dieser Frage so schwer fiel. Ich w\u00fcrde aufstehen, jeden Tag, immer wieder, und das, ohne zu fragen, ohne mir Gedanken dar\u00fcber zu machen. Weil ich einfach so bin. Weil ich das Leben als Geschenk, nicht als Strafe betrachte. Und weil ich dankbar bin, dass ich leben darf, dass ich Mitspieler sein darf statt am Gartenzaun zu stehen und zuzugucken. Dass ich Akteur bin und nicht nur blo\u00dfer Betrachter. Habt ihr euch nie gew\u00fcnscht, mal in die Handlung eures Romans einzutauchen? Dann macht das, hier ist die Chance dazu. Eurer Roman hei\u00dft die Wirklichkeit. Und ihr k\u00f6nnt ihn gestalten.<\/p>\n<p><em>Warum Kaffee am fr\u00fchen Morgen \u00fcberlebenswichtig ist, erz\u00e4hlt euch <a href=\"https:\/\/coffeenewstomblog.wordpress.com\/2021\/06\/18\/toms-kaffee-moment-die-neue-alte-freitagstasse\/\" target=\"_blank\" rel=\"noopener\">Tom in seinen Kaffeemomenten<\/a>. Ob fr\u00fcher Vogel oder nicht, manch ein Job verlangt es, schon um viertel vor f\u00fcnf auf den Beinen zu sein. Da braucht es eine gro\u00dfe Tasse fl\u00fcssiges Koffein, alleine schon zum Trost \ud83d\ude09<\/em><\/p>\n<div class=\"shariff shariff-align-left shariff-widget-align-left\" data-services=\"facebook%7Cpinterest%7Ctumblr\" data-url=\"https:\/\/stefan-taege.de\/kasia\/2021\/04\/26\/warum-stehe-ich-morgens-auf\/\" data-timestamp=\"1624058814\" data-backendurl=\"https:\/\/stefan-taege.de\/kasia\/wp-json\/shariff\/v1\/share_counts?\"><ul class=\"shariff-buttons theme-round orientation-horizontal buttonsize-medium\"><li class=\"shariff-button twitter shariff-nocustomcolor\" style=\"background-color:#595959\"><a href=\"https:\/\/twitter.com\/share?url=https%3A%2F%2Fstefan-taege.de%2Fkasia%2F2021%2F04%2F26%2Fwarum-stehe-ich-morgens-auf%2F&text=Warum%20stehe%20ich%20morgens%20auf%3F\" title=\"Bei X teilen\" aria-label=\"Bei X teilen\" role=\"button\" rel=\"noopener nofollow\" class=\"shariff-link\" style=\"; background-color:#000; color:#fff\" target=\"_blank\"><span class=\"shariff-icon\" style=\"\"><svg width=\"32px\" height=\"20px\" xmlns=\"http:\/\/www.w3.org\/2000\/svg\" viewBox=\"0 0 24 24\"><path fill=\"#000\" d=\"M14.258 10.152L23.176 0h-2.113l-7.747 8.813L7.133 0H0l9.352 13.328L0 23.973h2.113l8.176-9.309 6.531 9.309h7.133zm-2.895 3.293l-.949-1.328L2.875 1.56h3.246l6.086 8.523.945 1.328 7.91 11.078h-3.246zm0 0\"\/><\/svg><\/span><\/a><\/li><li class=\"shariff-button facebook shariff-nocustomcolor\" style=\"background-color:#4273c8\"><a href=\"https:\/\/www.facebook.com\/sharer\/sharer.php?u=https%3A%2F%2Fstefan-taege.de%2Fkasia%2F2021%2F04%2F26%2Fwarum-stehe-ich-morgens-auf%2F\" title=\"Bei Facebook teilen\" aria-label=\"Bei Facebook teilen\" role=\"button\" rel=\"nofollow\" class=\"shariff-link\" style=\"; background-color:#3b5998; color:#fff\" target=\"_blank\"><span class=\"shariff-icon\" style=\"\"><svg width=\"32px\" height=\"20px\" xmlns=\"http:\/\/www.w3.org\/2000\/svg\" viewBox=\"0 0 18 32\"><path fill=\"#3b5998\" d=\"M17.1 0.2v4.7h-2.8q-1.5 0-2.1 0.6t-0.5 1.9v3.4h5.2l-0.7 5.3h-4.5v13.6h-5.5v-13.6h-4.5v-5.3h4.5v-3.9q0-3.3 1.9-5.2t5-1.8q2.6 0 4.1 0.2z\"\/><\/svg><\/span><span data-service=\"facebook\" style=\"color:#3b5998\" class=\"shariff-count shariff-hidezero\"><\/span>&nbsp;<\/a><\/li><li class=\"shariff-button pinterest shariff-nocustomcolor\" style=\"background-color:#e70f18\"><a href=\"https:\/\/www.pinterest.com\/pin\/create\/link\/?url=https%3A%2F%2Fstefan-taege.de%2Fkasia%2F2021%2F04%2F26%2Fwarum-stehe-ich-morgens-auf%2F&media=https%3A%2F%2Fstefan-taege.de%2Fkasia%2Fwp-content%2Fuploads%2F2021%2F04%2FIMG_20210319_182457_823-e1619419897324.jpg&description=Warum%20stehe%20ich%20morgens%20auf%3F\" title=\"Bei Pinterest pinnen\" aria-label=\"Bei Pinterest pinnen\" role=\"button\" rel=\"noopener nofollow\" class=\"shariff-link\" style=\"; background-color:#cb2027; color:#fff\" target=\"_blank\"><span class=\"shariff-icon\" style=\"\"><svg width=\"32px\" height=\"20px\" xmlns=\"http:\/\/www.w3.org\/2000\/svg\" viewBox=\"0 0 27 32\"><path fill=\"#cb2027\" d=\"M27.4 16q0 3.7-1.8 6.9t-5 5-6.9 1.9q-2 0-3.9-0.6 1.1-1.7 1.4-2.9 0.2-0.6 1-3.8 0.4 0.7 1.3 1.2t2 0.5q2.1 0 3.8-1.2t2.7-3.4 0.9-4.8q0-2-1.1-3.8t-3.1-2.9-4.5-1.2q-1.9 0-3.5 0.5t-2.8 1.4-2 2-1.2 2.3-0.4 2.4q0 1.9 0.7 3.3t2.1 2q0.5 0.2 0.7-0.4 0-0.1 0.1-0.5t0.2-0.5q0.1-0.4-0.2-0.8-0.9-1.1-0.9-2.7 0-2.7 1.9-4.6t4.9-2q2.7 0 4.2 1.5t1.5 3.8q0 3-1.2 5.2t-3.1 2.1q-1.1 0-1.7-0.8t-0.4-1.9q0.1-0.6 0.5-1.7t0.5-1.8 0.2-1.4q0-0.9-0.5-1.5t-1.4-0.6q-1.1 0-1.9 1t-0.8 2.6q0 1.3 0.4 2.2l-1.8 7.5q-0.3 1.2-0.2 3.2-3.7-1.6-6-5t-2.3-7.6q0-3.7 1.9-6.9t5-5 6.9-1.9 6.9 1.9 5 5 1.8 6.9z\"\/><\/svg><\/span><span data-service=\"pinterest\" style=\"color:#cb2027\" class=\"shariff-count shariff-hidezero\"><\/span>&nbsp;<\/a><\/li><li class=\"shariff-button tumblr shariff-nocustomcolor\" style=\"background-color:#529ecc\"><a href=\"https:\/\/www.tumblr.com\/widgets\/share\/tool?posttype=link&canonicalUrl=https%3A%2F%2Fstefan-taege.de%2Fkasia%2F2021%2F04%2F26%2Fwarum-stehe-ich-morgens-auf%2F&tags=stefan-taege.de\" title=\"Bei tumblr teilen\" aria-label=\"Bei tumblr teilen\" role=\"button\" rel=\"noopener nofollow\" class=\"shariff-link\" style=\"; background-color:#36465d; color:#fff\" target=\"_blank\"><span class=\"shariff-icon\" style=\"\"><svg width=\"32px\" height=\"20px\" xmlns=\"http:\/\/www.w3.org\/2000\/svg\" viewBox=\"0 0 32 32\"><path fill=\"#36465d\" d=\"M18 14l0 7.3c0 1.9 0 2.9 0.2 3.5 0.2 0.5 0.7 1.1 1.2 1.4 0.7 0.4 1.5 0.6 2.4 0.6 1.6 0 2.6-0.2 4.2-1.3v4.8c-1.4 0.6-2.6 1-3.7 1.3-1.1 0.3-2.3 0.4-3.6 0.4-1.5 0-2.3-0.2-3.4-0.6-1.1-0.4-2.1-0.9-2.9-1.6-0.8-0.7-1.3-1.4-1.7-2.2s-0.5-1.9-0.5-3.4v-11.2h-4.3v-4.5c1.3-0.4 2.7-1 3.6-1.8 0.9-0.8 1.6-1.7 2.2-2.7 0.5-1.1 0.9-2.4 1.1-4.1h5.2l0 8h8v6h-8z\"\/><\/svg><\/span><span data-service=\"tumblr\" style=\"color:#36465d\" class=\"shariff-count shariff-hidezero\"><\/span>&nbsp;<\/a><\/li><li class=\"shariff-button xing shariff-nocustomcolor\" style=\"background-color:#29888a\"><a href=\"https:\/\/www.xing.com\/spi\/shares\/new?url=https%3A%2F%2Fstefan-taege.de%2Fkasia%2F2021%2F04%2F26%2Fwarum-stehe-ich-morgens-auf%2F\" title=\"Bei XING teilen\" aria-label=\"Bei XING teilen\" role=\"button\" rel=\"noopener nofollow\" class=\"shariff-link\" style=\"; background-color:#126567; color:#fff\" target=\"_blank\"><span class=\"shariff-icon\" style=\"\"><svg width=\"32px\" height=\"20px\" xmlns=\"http:\/\/www.w3.org\/2000\/svg\" viewBox=\"0 0 25 32\"><path fill=\"#126567\" d=\"M10.7 11.9q-0.2 0.3-4.6 8.2-0.5 0.8-1.2 0.8h-4.3q-0.4 0-0.5-0.3t0-0.6l4.5-8q0 0 0 0l-2.9-5q-0.2-0.4 0-0.7 0.2-0.3 0.5-0.3h4.3q0.7 0 1.2 0.8zM25.1 0.4q0.2 0.3 0 0.7l-9.4 16.7 6 11q0.2 0.4 0 0.6-0.2 0.3-0.6 0.3h-4.3q-0.7 0-1.2-0.8l-6-11.1q0.3-0.6 9.5-16.8 0.4-0.8 1.2-0.8h4.3q0.4 0 0.5 0.3z\"\/><\/svg><\/span><\/a><\/li><li class=\"shariff-button rss shariff-nocustomcolor\" style=\"background-color:#ff8c00\"><a href=\"https:\/\/stefan-taege.de\/kasia\/feed\/rss\/\" title=\"RSS-feed\" aria-label=\"RSS-feed\" role=\"button\" class=\"shariff-link\" style=\"; background-color:#fe9312; color:#fff\" target=\"_blank\"><span class=\"shariff-icon\" style=\"\"><svg width=\"32px\" height=\"20px\" xmlns=\"http:\/\/www.w3.org\/2000\/svg\" viewBox=\"0 0 32 32\"><path fill=\"#fe9312\" d=\"M4.3 23.5c-2.3 0-4.3 1.9-4.3 4.3 0 2.3 1.9 4.2 4.3 4.2 2.4 0 4.3-1.9 4.3-4.2 0-2.3-1.9-4.3-4.3-4.3zM0 10.9v6.1c4 0 7.7 1.6 10.6 4.4 2.8 2.8 4.4 6.6 4.4 10.6h6.2c0-11.7-9.5-21.1-21.1-21.1zM0 0v6.1c14.2 0 25.8 11.6 25.8 25.9h6.2c0-17.6-14.4-32-32-32z\"\/><\/svg><\/span><\/a><\/li><li class=\"shariff-button linkedin shariff-nocustomcolor\" style=\"background-color:#1488bf\"><a href=\"https:\/\/www.linkedin.com\/sharing\/share-offsite\/?url=https%3A%2F%2Fstefan-taege.de%2Fkasia%2F2021%2F04%2F26%2Fwarum-stehe-ich-morgens-auf%2F\" title=\"Bei LinkedIn teilen\" aria-label=\"Bei LinkedIn teilen\" role=\"button\" rel=\"noopener nofollow\" class=\"shariff-link\" style=\"; background-color:#0077b5; color:#fff\" target=\"_blank\"><span class=\"shariff-icon\" style=\"\"><svg width=\"32px\" height=\"20px\" xmlns=\"http:\/\/www.w3.org\/2000\/svg\" viewBox=\"0 0 27 32\"><path fill=\"#0077b5\" d=\"M6.2 11.2v17.7h-5.9v-17.7h5.9zM6.6 5.7q0 1.3-0.9 2.2t-2.4 0.9h0q-1.5 0-2.4-0.9t-0.9-2.2 0.9-2.2 2.4-0.9 2.4 0.9 0.9 2.2zM27.4 18.7v10.1h-5.9v-9.5q0-1.9-0.7-2.9t-2.3-1.1q-1.1 0-1.9 0.6t-1.2 1.5q-0.2 0.5-0.2 1.4v9.9h-5.9q0-7.1 0-11.6t0-5.3l0-0.9h5.9v2.6h0q0.4-0.6 0.7-1t1-0.9 1.6-0.8 2-0.3q3 0 4.9 2t1.9 6z\"\/><\/svg><\/span><\/a><\/li><\/ul><\/div>","protected":false},"excerpt":{"rendered":"<p>Gleich beginnt ein neuer Homeoffice-Tag, genauer gesagt in den n\u00e4chsten zwanzig Minuten. Vielleicht ist diese knappe Zeit genau das richtige &hellip; <\/p>\n","protected":false},"author":1,"featured_media":34893,"comment_status":"open","ping_status":"open","sticky":false,"template":"","format":"standard","meta":{"jetpack_post_was_ever_published":false,"_jetpack_newsletter_access":"","_jetpack_dont_email_post_to_subs":false,"_jetpack_newsletter_tier_id":0,"_jetpack_memberships_contains_paywalled_content":false,"footnotes":"","_jetpack_memberships_contains_paid_content":false},"categories":[1],"tags":[],"yoast_head":"<!-- This site is optimized with the Yoast SEO plugin v23.5 - https:\/\/yoast.com\/wordpress\/plugins\/seo\/ -->\n<title>Warum stehe ich morgens auf? - windrose.rocks<\/title>\n<meta name=\"robots\" content=\"index, follow, max-snippet:-1, max-image-preview:large, max-video-preview:-1\" \/>\n<link rel=\"canonical\" href=\"https:\/\/stefan-taege.de\/kasia\/2021\/04\/26\/warum-stehe-ich-morgens-auf\/\" \/>\n<meta name=\"twitter:label1\" content=\"Verfasst von\" \/>\n\t<meta name=\"twitter:data1\" content=\"Kasia\" \/>\n\t<meta name=\"twitter:label2\" content=\"Gesch\u00e4tzte Lesezeit\" \/>\n\t<meta name=\"twitter:data2\" content=\"6\u00a0Minuten\" \/>\n<script type=\"application\/ld+json\" class=\"yoast-schema-graph\">{\"@context\":\"https:\/\/schema.org\",\"@graph\":[{\"@type\":\"WebPage\",\"@id\":\"https:\/\/stefan-taege.de\/kasia\/2021\/04\/26\/warum-stehe-ich-morgens-auf\/\",\"url\":\"https:\/\/stefan-taege.de\/kasia\/2021\/04\/26\/warum-stehe-ich-morgens-auf\/\",\"name\":\"Warum stehe ich morgens auf? - windrose.rocks\",\"isPartOf\":{\"@id\":\"https:\/\/stefan-taege.de\/kasia\/#website\"},\"primaryImageOfPage\":{\"@id\":\"https:\/\/stefan-taege.de\/kasia\/2021\/04\/26\/warum-stehe-ich-morgens-auf\/#primaryimage\"},\"image\":{\"@id\":\"https:\/\/stefan-taege.de\/kasia\/2021\/04\/26\/warum-stehe-ich-morgens-auf\/#primaryimage\"},\"thumbnailUrl\":\"https:\/\/i0.wp.com\/stefan-taege.de\/kasia\/wp-content\/uploads\/2021\/04\/IMG_20210319_182457_823-e1619419897324.jpg?fit=765%2C765&ssl=1\",\"datePublished\":\"2021-04-26T06:53:42+00:00\",\"dateModified\":\"2021-06-18T21:26:54+00:00\",\"author\":{\"@id\":\"https:\/\/stefan-taege.de\/kasia\/#\/schema\/person\/873b01562fbd03e9caa51512b2cb800f\"},\"breadcrumb\":{\"@id\":\"https:\/\/stefan-taege.de\/kasia\/2021\/04\/26\/warum-stehe-ich-morgens-auf\/#breadcrumb\"},\"inLanguage\":\"de\",\"potentialAction\":[{\"@type\":\"ReadAction\",\"target\":[\"https:\/\/stefan-taege.de\/kasia\/2021\/04\/26\/warum-stehe-ich-morgens-auf\/\"]}]},{\"@type\":\"ImageObject\",\"inLanguage\":\"de\",\"@id\":\"https:\/\/stefan-taege.de\/kasia\/2021\/04\/26\/warum-stehe-ich-morgens-auf\/#primaryimage\",\"url\":\"https:\/\/i0.wp.com\/stefan-taege.de\/kasia\/wp-content\/uploads\/2021\/04\/IMG_20210319_182457_823-e1619419897324.jpg?fit=765%2C765&ssl=1\",\"contentUrl\":\"https:\/\/i0.wp.com\/stefan-taege.de\/kasia\/wp-content\/uploads\/2021\/04\/IMG_20210319_182457_823-e1619419897324.jpg?fit=765%2C765&ssl=1\",\"width\":765,\"height\":765},{\"@type\":\"BreadcrumbList\",\"@id\":\"https:\/\/stefan-taege.de\/kasia\/2021\/04\/26\/warum-stehe-ich-morgens-auf\/#breadcrumb\",\"itemListElement\":[{\"@type\":\"ListItem\",\"position\":1,\"name\":\"Startseite\",\"item\":\"https:\/\/stefan-taege.de\/kasia\/\"},{\"@type\":\"ListItem\",\"position\":2,\"name\":\"Warum stehe ich morgens auf?\"}]},{\"@type\":\"WebSite\",\"@id\":\"https:\/\/stefan-taege.de\/kasia\/#website\",\"url\":\"https:\/\/stefan-taege.de\/kasia\/\",\"name\":\"windrose.rocks\",\"description\":\"Erz\u00e4hlungen einer Reisenden\",\"potentialAction\":[{\"@type\":\"SearchAction\",\"target\":{\"@type\":\"EntryPoint\",\"urlTemplate\":\"https:\/\/stefan-taege.de\/kasia\/?s={search_term_string}\"},\"query-input\":{\"@type\":\"PropertyValueSpecification\",\"valueRequired\":true,\"valueName\":\"search_term_string\"}}],\"inLanguage\":\"de\"},{\"@type\":\"Person\",\"@id\":\"https:\/\/stefan-taege.de\/kasia\/#\/schema\/person\/873b01562fbd03e9caa51512b2cb800f\",\"name\":\"Kasia\",\"image\":{\"@type\":\"ImageObject\",\"inLanguage\":\"de\",\"@id\":\"https:\/\/stefan-taege.de\/kasia\/#\/schema\/person\/image\/\",\"url\":\"https:\/\/secure.gravatar.com\/avatar\/b89791b780bc4ea83cc74789dc368178?s=96&d=mm&r=pg\",\"contentUrl\":\"https:\/\/secure.gravatar.com\/avatar\/b89791b780bc4ea83cc74789dc368178?s=96&d=mm&r=pg\",\"caption\":\"Kasia\"},\"description\":\"Hi, ich bin Kasia, die Stimme von \\\"windrose.rocks\\\" :-) Treibt Dich die Frage um, was sich denn alles jenseits der heimischen Couch verbirgt, bist Du rastlos und neugierig wie ich und sp\u00fcrst den Drang in Dir, in die Welt hinaus zu gehen? Dann tue es! Ich nehme Dich mit auf meine Reisen und lasse Dich hautnah das Unterwegs sein miterleben - in all seinen Facetten. Lass Dich inspirieren, komm mit mir und warte nicht l\u00e4nger, denn... die Welt ist so gro\u00df und wir sind so klein, und es gibt noch so viel zu sehen! Die Welt wartet auf uns.\",\"sameAs\":[\"https:\/\/stefan-taege.de\/kasia\/\"],\"url\":\"https:\/\/stefan-taege.de\/kasia\/author\/kasia\/\"}]}<\/script>\n<!-- \/ Yoast SEO plugin. -->","yoast_head_json":{"title":"Warum stehe ich morgens auf? - windrose.rocks","robots":{"index":"index","follow":"follow","max-snippet":"max-snippet:-1","max-image-preview":"max-image-preview:large","max-video-preview":"max-video-preview:-1"},"canonical":"https:\/\/stefan-taege.de\/kasia\/2021\/04\/26\/warum-stehe-ich-morgens-auf\/","twitter_misc":{"Verfasst von":"Kasia","Gesch\u00e4tzte Lesezeit":"6\u00a0Minuten"},"schema":{"@context":"https:\/\/schema.org","@graph":[{"@type":"WebPage","@id":"https:\/\/stefan-taege.de\/kasia\/2021\/04\/26\/warum-stehe-ich-morgens-auf\/","url":"https:\/\/stefan-taege.de\/kasia\/2021\/04\/26\/warum-stehe-ich-morgens-auf\/","name":"Warum stehe ich morgens auf? - windrose.rocks","isPartOf":{"@id":"https:\/\/stefan-taege.de\/kasia\/#website"},"primaryImageOfPage":{"@id":"https:\/\/stefan-taege.de\/kasia\/2021\/04\/26\/warum-stehe-ich-morgens-auf\/#primaryimage"},"image":{"@id":"https:\/\/stefan-taege.de\/kasia\/2021\/04\/26\/warum-stehe-ich-morgens-auf\/#primaryimage"},"thumbnailUrl":"https:\/\/i0.wp.com\/stefan-taege.de\/kasia\/wp-content\/uploads\/2021\/04\/IMG_20210319_182457_823-e1619419897324.jpg?fit=765%2C765&ssl=1","datePublished":"2021-04-26T06:53:42+00:00","dateModified":"2021-06-18T21:26:54+00:00","author":{"@id":"https:\/\/stefan-taege.de\/kasia\/#\/schema\/person\/873b01562fbd03e9caa51512b2cb800f"},"breadcrumb":{"@id":"https:\/\/stefan-taege.de\/kasia\/2021\/04\/26\/warum-stehe-ich-morgens-auf\/#breadcrumb"},"inLanguage":"de","potentialAction":[{"@type":"ReadAction","target":["https:\/\/stefan-taege.de\/kasia\/2021\/04\/26\/warum-stehe-ich-morgens-auf\/"]}]},{"@type":"ImageObject","inLanguage":"de","@id":"https:\/\/stefan-taege.de\/kasia\/2021\/04\/26\/warum-stehe-ich-morgens-auf\/#primaryimage","url":"https:\/\/i0.wp.com\/stefan-taege.de\/kasia\/wp-content\/uploads\/2021\/04\/IMG_20210319_182457_823-e1619419897324.jpg?fit=765%2C765&ssl=1","contentUrl":"https:\/\/i0.wp.com\/stefan-taege.de\/kasia\/wp-content\/uploads\/2021\/04\/IMG_20210319_182457_823-e1619419897324.jpg?fit=765%2C765&ssl=1","width":765,"height":765},{"@type":"BreadcrumbList","@id":"https:\/\/stefan-taege.de\/kasia\/2021\/04\/26\/warum-stehe-ich-morgens-auf\/#breadcrumb","itemListElement":[{"@type":"ListItem","position":1,"name":"Startseite","item":"https:\/\/stefan-taege.de\/kasia\/"},{"@type":"ListItem","position":2,"name":"Warum stehe ich morgens auf?"}]},{"@type":"WebSite","@id":"https:\/\/stefan-taege.de\/kasia\/#website","url":"https:\/\/stefan-taege.de\/kasia\/","name":"windrose.rocks","description":"Erz\u00e4hlungen einer Reisenden","potentialAction":[{"@type":"SearchAction","target":{"@type":"EntryPoint","urlTemplate":"https:\/\/stefan-taege.de\/kasia\/?s={search_term_string}"},"query-input":{"@type":"PropertyValueSpecification","valueRequired":true,"valueName":"search_term_string"}}],"inLanguage":"de"},{"@type":"Person","@id":"https:\/\/stefan-taege.de\/kasia\/#\/schema\/person\/873b01562fbd03e9caa51512b2cb800f","name":"Kasia","image":{"@type":"ImageObject","inLanguage":"de","@id":"https:\/\/stefan-taege.de\/kasia\/#\/schema\/person\/image\/","url":"https:\/\/secure.gravatar.com\/avatar\/b89791b780bc4ea83cc74789dc368178?s=96&d=mm&r=pg","contentUrl":"https:\/\/secure.gravatar.com\/avatar\/b89791b780bc4ea83cc74789dc368178?s=96&d=mm&r=pg","caption":"Kasia"},"description":"Hi, ich bin Kasia, die Stimme von \"windrose.rocks\" :-) Treibt Dich die Frage um, was sich denn alles jenseits der heimischen Couch verbirgt, bist Du rastlos und neugierig wie ich und sp\u00fcrst den Drang in Dir, in die Welt hinaus zu gehen? Dann tue es! Ich nehme Dich mit auf meine Reisen und lasse Dich hautnah das Unterwegs sein miterleben - in all seinen Facetten. Lass Dich inspirieren, komm mit mir und warte nicht l\u00e4nger, denn... die Welt ist so gro\u00df und wir sind so klein, und es gibt noch so viel zu sehen! Die Welt wartet auf uns.","sameAs":["https:\/\/stefan-taege.de\/kasia\/"],"url":"https:\/\/stefan-taege.de\/kasia\/author\/kasia\/"}]}},"jetpack_sharing_enabled":true,"jetpack_featured_media_url":"https:\/\/i0.wp.com\/stefan-taege.de\/kasia\/wp-content\/uploads\/2021\/04\/IMG_20210319_182457_823-e1619419897324.jpg?fit=765%2C765&ssl=1","jetpack_shortlink":"https:\/\/wp.me\/p7Ku1E-94J","_links":{"self":[{"href":"https:\/\/stefan-taege.de\/kasia\/wp-json\/wp\/v2\/posts\/34889"}],"collection":[{"href":"https:\/\/stefan-taege.de\/kasia\/wp-json\/wp\/v2\/posts"}],"about":[{"href":"https:\/\/stefan-taege.de\/kasia\/wp-json\/wp\/v2\/types\/post"}],"author":[{"embeddable":true,"href":"https:\/\/stefan-taege.de\/kasia\/wp-json\/wp\/v2\/users\/1"}],"replies":[{"embeddable":true,"href":"https:\/\/stefan-taege.de\/kasia\/wp-json\/wp\/v2\/comments?post=34889"}],"version-history":[{"count":6,"href":"https:\/\/stefan-taege.de\/kasia\/wp-json\/wp\/v2\/posts\/34889\/revisions"}],"predecessor-version":[{"id":35923,"href":"https:\/\/stefan-taege.de\/kasia\/wp-json\/wp\/v2\/posts\/34889\/revisions\/35923"}],"wp:featuredmedia":[{"embeddable":true,"href":"https:\/\/stefan-taege.de\/kasia\/wp-json\/wp\/v2\/media\/34893"}],"wp:attachment":[{"href":"https:\/\/stefan-taege.de\/kasia\/wp-json\/wp\/v2\/media?parent=34889"}],"wp:term":[{"taxonomy":"category","embeddable":true,"href":"https:\/\/stefan-taege.de\/kasia\/wp-json\/wp\/v2\/categories?post=34889"},{"taxonomy":"post_tag","embeddable":true,"href":"https:\/\/stefan-taege.de\/kasia\/wp-json\/wp\/v2\/tags?post=34889"}],"curies":[{"name":"wp","href":"https:\/\/api.w.org\/{rel}","templated":true}]}}