{"id":34228,"date":"2021-03-29T08:11:15","date_gmt":"2021-03-29T06:11:15","guid":{"rendered":"https:\/\/stefan-taege.de\/kasia\/?p=34228"},"modified":"2021-03-29T09:02:00","modified_gmt":"2021-03-29T07:02:00","slug":"ein-leben-das-in-eine-schublade-passt","status":"publish","type":"post","link":"https:\/\/stefan-taege.de\/kasia\/2021\/03\/29\/ein-leben-das-in-eine-schublade-passt\/","title":{"rendered":"Ein Leben, das in eine Schublade passt"},"content":{"rendered":"<p><em>Ein ganzes Leben, eine Handvoll Bilder. Erinnerungen, Andenken, Orden. Schwarzwei\u00dffotografien aus vergangenen Tagen. Ein menschliches Dasein, in eine Kiste gepackt. In eine Schublade, in einen Umschlag. Mehr ist am Ende nicht geblieben.<\/em><!--more--><\/p>\n<p>Oft, ja oft besuchte ich das Pflegeheim, als ich noch in der Apotheke arbeitete. Und hatte dabei viel Gelegenheit, nachzudenken. Mich zu fragen, was aus diesen Menschen geworden ist, die mir nun, klar oder verwirrt, entgegen sahen. Manche laufen ruhelos durch die Flure. Manche be\u00e4ugen mich neugierig. Manche sitzen stumpf da und starren vor sich hin, in sich hinein. Manch einer ruft nach jemandem, der nicht da ist.<\/p>\n<p>Welche Geschichten stecken hinter ihren Gesichtern? Was haben sie erlebt? Woran erinnern sich noch ihre K\u00f6pfe? Denn ihre Zeit scheint l\u00e4ngst vergangen zu sein. Was war sie denn, ihre Zeit?<\/p>\n<p>Es gibt Dinge, die uns wie nichts in unserem Leben am meisten pr\u00e4gen werden. Das ist zum Teil dem Lauf der Geschichte geschuldet. Bei meinem Opa war das der zweite Weltkrieg. Und seine Kindheit. Er erz\u00e4hlte mir davon, damals, 2008, als wir vor einem vergilbten Umschlag mit alten Aufnahmen sa\u00dfen. Nahm eine davon nach der anderen in seine H\u00e4nde, betrachtete sie. Erkannte die Gesichter, die Menschen. Seine Mutter, seine Schwestern, seine eigenen Vorfahren. Menschen, dessen Lebensspanne bis ins fr\u00fche 19 Jahrhundert reichte. F\u00fcr mich waren es Geister, gebannt auf Papier. Echos aus der Vergangenheit. Bilder, so alt und blass, dass die Gesichter kaum zu erkennen sind. Frauen in altmodischen Kleidern, wie aus einem Teesalon. Elegante Herren, wie aus den Zwanzigern. Ein Mann in einem Krempenhut, dessen Erscheinung an die fr\u00fchen Siedler Australiens oder Nordamerikas denken l\u00e4sst.<\/p>\n<p>Hier ein Foto seiner Mutter, meiner Urgro\u00dfmutter. Streng gek\u00e4mmte Haare, ein ernster Blick. Hier ein \u00e4lterer Mann mit Schnauzer. &#8222;Das war Hoch.&#8220; Sagt mein Opa und nennt damit den Namen des Vorfahrens. Ein deutsch klingender Name. Doch wie kommt das? &#8222;Das war ein Gro\u00dfvater. V\u00e4terlicherseits.&#8220;<\/p>\n<p>Mein Opa h\u00f6rt zwar schlecht, doch seine Augen sind gut und sein Blick scharf. Er erkennt die Details, die mit Bleistift gekritzelten Notizen. Eine davon, mit Tinte auf Papier und in Frakturschrift geschrieben, h\u00e4lt er nun in der Hand. &#8222;Das war meine Schwester. Sie ist in Deutschland an Lungenentz\u00fcndung gestorben. Das ist die Benachrichtigung.&#8220; Tats\u00e4chlich haben sich die Deutschen die M\u00fche gemacht, eine solche zu verfassen. Ich kann die ungewohnten Schriftzeichen kaum lesen. Dann folgen Bilder weiterer Vorfahren. &#8222;Dieser hier ist nach Australien ausgewandert.&#8220; Sagt mein Opa. &#8222;Australien?&#8220; Frage ich. &#8222;Nicht \u00d6sterreich?&#8220; Australia und Austria h\u00f6rt sich in polnischem \u00e4hnlich an. Damit verunsichere ich ihn. &#8222;Ah&#8230; vielleicht \u00d6sterreich.&#8220; Er schaut ratlos.<\/p>\n<p>Es gibt so viel zu entdecken. So viele Lebenslinien, die ich wohl niemals entschl\u00fcsseln werde; Linien, die mich pr\u00e4gen, mich ausmachen. Und das ist nur die eine Seite meines Daseins. Es ist nur die Seite meiner Mutter. Es ist spannend, nach seinen Wurzeln zu suchen, doch am Ende wird dies alles hier keine Bedeutung haben. Es wird verstauben, vergessen werden. Nichts davon wird wichtig f\u00fcr die folgenden Generationen, die nach mir kommen.<\/p>\n<p>Der Mensch lebt in der Erinnerung derer weiter, die an ihm denken und von ihm sprechen. So lautet der tr\u00f6stende Gedanke seiner Hinterbliebenen, die sich an ihn klammern und den geliebten Menschen in ihren Herzen weiter tragen. Doch sterben einmal sie, bleibt nicht mehr viel. Ganze Generationen menschlichen Lebens, nun nicht mehr als Schatten. Ganze menschliche Leben &#8211; vergessen. Freuden, Leiden, Schicksale. Geburten, Hochzeiten, Begr\u00e4bnisse. Von alldem zeugen die Bilder. Und irgendwo dazwischen &#8211; der Krieg. Doch die Welt dreht sich weiter.<\/p>\n<p>Nicht nur das Leben selbst ist verg\u00e4nglich: auch die Erinnerung daran.<\/p>\n<p>Mein Opa ist nun sehr alt. Von der Gegenwart wei\u00df er nicht mehr viel, und das muss er auch nicht. Er ist 98 Jahre alt. Manchmal spricht er, mehr mit sich selbst als mit anderen. Meistens schweigt er die ganze Zeit, nach innen gekehrt, betrachtet etwas, das nur er selbst sehen kann. Manchmal ruft er meine Mutter, sagt etwas, erz\u00e4hlt. Lebt die Vergangenheit noch einmal. Mein Opa hat fortgeschrittene Demenz.<\/p>\n<p>Die Aufnahme, welche er 2008 in seiner Hand h\u00e4lt, zeigt ihn jung, sehr jung. Vielleicht um die zwanzig. Als er einberufen wurde, war er erst siebzehn. Ein attraktives, gut geschnittenes Gesicht mit diesem leicht ukrainischem Schlag. Die polnische Minderheit muss sich mit der \u00f6rtlichen Bev\u00f6lkerung vermischt haben \u00fcber die Jahre, damals in der heutigen Westukraine. Es muss so gewesen sein, es geht gar nicht anders. Auch wenn mein Opa weiterhin behauptet, es sei nie der Fall gewesen. &#8222;Wir blieben unter uns.&#8220; Sagte er, als ich ihn einmal fragte. Doch die Anzeichen sind un\u00fcbersehbar, die Z\u00fcge im Gesicht. Und was macht dieser Mann namens <em>Hoch<\/em> in meinem Stammbaum?<\/p>\n<p>Mein Opa war gutaussehend. Fr\u00fcher liefen mir die M\u00e4dchen in Scharen nach, sagte er immer. Und f\u00fcgte hinzu: &#8222;Ich h\u00e4tte sie k\u00f6rbeweise mitnehmen k\u00f6nnen.&#8220; Was er nat\u00fcrlich nie tat. Denn: &#8222;Das macht man einfach nicht.&#8220; Meine Oma hatte sich einst unsterblich in dieses h\u00fcbsche Gesicht verliebt.<\/p>\n<p>Hohe Wangenknochen, leicht schr\u00e4ge Augen. Soldatenm\u00fctze auf dem Kopf, ein entschlossener, ernster Blick. Zu ernst f\u00fcr einen Siebzehnj\u00e4hrigen. Doch so war damals die Zeit. Junge Menschen mussten sehr fr\u00fch erwachsen werden. So fr\u00fch, wie wir es uns heute kaum vorstellen k\u00f6nnen. Wir beh\u00fcten unsere Teenager. Damals hat man sie in den Krieg geschickt.<\/p>\n<p><img loading=\"lazy\" decoding=\"async\" data-attachment-id=\"34232\" data-permalink=\"https:\/\/stefan-taege.de\/kasia\/2021\/03\/29\/ein-leben-das-in-eine-schublade-passt\/winter-2008-225\/\" data-orig-file=\"https:\/\/i0.wp.com\/stefan-taege.de\/kasia\/wp-content\/uploads\/2021\/03\/Winter-2008-225-scaled-e1616997003404.jpg?fit=780%2C765&amp;ssl=1\" data-orig-size=\"780,765\" data-comments-opened=\"1\" data-image-meta=\"{&quot;aperture&quot;:&quot;2.7&quot;,&quot;credit&quot;:&quot;&quot;,&quot;camera&quot;:&quot;KODAK EASYSHARE C613 ZOOM DIGITAL CAMERA&quot;,&quot;caption&quot;:&quot;&quot;,&quot;created_timestamp&quot;:&quot;1230223287&quot;,&quot;copyright&quot;:&quot;&quot;,&quot;focal_length&quot;:&quot;6&quot;,&quot;iso&quot;:&quot;200&quot;,&quot;shutter_speed&quot;:&quot;0.125&quot;,&quot;title&quot;:&quot;&quot;,&quot;orientation&quot;:&quot;1&quot;}\" data-image-title=\"Winter 2008 225\" data-image-description=\"\" data-image-caption=\"\" data-medium-file=\"https:\/\/i0.wp.com\/stefan-taege.de\/kasia\/wp-content\/uploads\/2021\/03\/Winter-2008-225-scaled-e1616997003404.jpg?fit=300%2C294&amp;ssl=1\" data-large-file=\"https:\/\/i0.wp.com\/stefan-taege.de\/kasia\/wp-content\/uploads\/2021\/03\/Winter-2008-225-scaled-e1616997003404.jpg?fit=1020%2C1000&amp;ssl=1\" tabindex=\"0\" role=\"button\" class=\"alignnone size-full wp-image-34232\" src=\"https:\/\/i0.wp.com\/stefan-taege.de\/kasia\/wp-content\/uploads\/2021\/03\/Winter-2008-225-scaled-e1616997003404.jpg?resize=1020%2C1000&#038;ssl=1\" alt=\"\" width=\"1020\" height=\"1000\" srcset=\"https:\/\/i0.wp.com\/stefan-taege.de\/kasia\/wp-content\/uploads\/2021\/03\/Winter-2008-225-scaled-e1616997003404.jpg?w=780&amp;ssl=1 780w, https:\/\/i0.wp.com\/stefan-taege.de\/kasia\/wp-content\/uploads\/2021\/03\/Winter-2008-225-scaled-e1616997003404.jpg?resize=300%2C294&amp;ssl=1 300w, https:\/\/i0.wp.com\/stefan-taege.de\/kasia\/wp-content\/uploads\/2021\/03\/Winter-2008-225-scaled-e1616997003404.jpg?resize=1024%2C1004&amp;ssl=1 1024w, https:\/\/i0.wp.com\/stefan-taege.de\/kasia\/wp-content\/uploads\/2021\/03\/Winter-2008-225-scaled-e1616997003404.jpg?resize=768%2C753&amp;ssl=1 768w, https:\/\/i0.wp.com\/stefan-taege.de\/kasia\/wp-content\/uploads\/2021\/03\/Winter-2008-225-scaled-e1616997003404.jpg?resize=1536%2C1506&amp;ssl=1 1536w, https:\/\/i0.wp.com\/stefan-taege.de\/kasia\/wp-content\/uploads\/2021\/03\/Winter-2008-225-scaled-e1616997003404.jpg?resize=61%2C60&amp;ssl=1 61w\" sizes=\"(max-width: 1020px) 100vw, 1020px\" data-recalc-dims=\"1\" \/><\/p>\n<p>Irgendwo ist sie noch, diese Schublade, deren Inhalt immer geh\u00fctet wurde wie ein Schatz. Sie enth\u00e4lt Fotografien, Bescheinigungen, Orden. Alles, was je wichtig f\u00fcr ihn war. Der Inhalt seines Lebens, grob zusammengefasst, passt in diese kleine Schublade. Mehr wird am Ende nicht bleiben aus unseren Schicksalen, unseren Pl\u00e4nen. Unserem Leben. Eine Schublade, vielleicht ein Schuhkarton. Eine Handvoll Mensch.<\/p>\n<p><em>Mit diesem Beitrag trage ich bei zur <a href=\"https:\/\/royusch-unterwegs.com\/2021\/03\/28\/projekt-wochentliche-fotochallenge-10\/\" target=\"_blank\" rel=\"noopener\">Rolands w\u00f6chentlicher Fotochallenge #10<\/a> mit dem Begriff VERG\u00c4NGLICH. Schaut euch auch die Beitr\u00e4ge anderer Teilnehmer an bei Royusch Unterwegs.\u00a0<\/em><\/p>\n<p><em>Einen spannenden Beitrag zum Thema der Verg\u00e4nglichkeit kann ich euch schon mal empfehlen. Ihr findet ihn auf <a href=\"https:\/\/coffeenewstomblog.wordpress.com\/2021\/03\/29\/royusch-projekt-wochentliche-fotochallenge-verganglich\/\" target=\"_blank\" rel=\"noopener\">CoffeeNewsTom Blog<\/a>. Hier geht es um die wechselhafte Geschichte zwischen Bosnien und Kroatien und um Orte, die, einst bedeutsam, in der Vergessenheit versinken.<\/em><\/p>\n<div class=\"shariff shariff-align-left shariff-widget-align-left\" data-services=\"facebook%7Cpinterest%7Ctumblr\" data-url=\"https:\/\/stefan-taege.de\/kasia\/2021\/03\/29\/ein-leben-das-in-eine-schublade-passt\/\" data-timestamp=\"1617008520\" data-backendurl=\"https:\/\/stefan-taege.de\/kasia\/wp-json\/shariff\/v1\/share_counts?\"><ul class=\"shariff-buttons theme-round orientation-horizontal buttonsize-medium\"><li class=\"shariff-button twitter shariff-nocustomcolor\" style=\"background-color:#595959\"><a href=\"https:\/\/twitter.com\/share?url=https%3A%2F%2Fstefan-taege.de%2Fkasia%2F2021%2F03%2F29%2Fein-leben-das-in-eine-schublade-passt%2F&text=Ein%20Leben%2C%20das%20in%20eine%20Schublade%20passt\" title=\"Bei X teilen\" aria-label=\"Bei X teilen\" role=\"button\" rel=\"noopener nofollow\" class=\"shariff-link\" style=\"; background-color:#000; color:#fff\" target=\"_blank\"><span class=\"shariff-icon\" style=\"\"><svg width=\"32px\" height=\"20px\" xmlns=\"http:\/\/www.w3.org\/2000\/svg\" viewBox=\"0 0 24 24\"><path fill=\"#000\" d=\"M14.258 10.152L23.176 0h-2.113l-7.747 8.813L7.133 0H0l9.352 13.328L0 23.973h2.113l8.176-9.309 6.531 9.309h7.133zm-2.895 3.293l-.949-1.328L2.875 1.56h3.246l6.086 8.523.945 1.328 7.91 11.078h-3.246zm0 0\"\/><\/svg><\/span><\/a><\/li><li class=\"shariff-button facebook shariff-nocustomcolor\" style=\"background-color:#4273c8\"><a href=\"https:\/\/www.facebook.com\/sharer\/sharer.php?u=https%3A%2F%2Fstefan-taege.de%2Fkasia%2F2021%2F03%2F29%2Fein-leben-das-in-eine-schublade-passt%2F\" title=\"Bei Facebook teilen\" aria-label=\"Bei Facebook teilen\" role=\"button\" rel=\"nofollow\" class=\"shariff-link\" style=\"; background-color:#3b5998; color:#fff\" target=\"_blank\"><span class=\"shariff-icon\" style=\"\"><svg width=\"32px\" height=\"20px\" xmlns=\"http:\/\/www.w3.org\/2000\/svg\" viewBox=\"0 0 18 32\"><path fill=\"#3b5998\" d=\"M17.1 0.2v4.7h-2.8q-1.5 0-2.1 0.6t-0.5 1.9v3.4h5.2l-0.7 5.3h-4.5v13.6h-5.5v-13.6h-4.5v-5.3h4.5v-3.9q0-3.3 1.9-5.2t5-1.8q2.6 0 4.1 0.2z\"\/><\/svg><\/span><span data-service=\"facebook\" style=\"color:#3b5998\" class=\"shariff-count shariff-hidezero\"><\/span>&nbsp;<\/a><\/li><li class=\"shariff-button pinterest shariff-nocustomcolor\" style=\"background-color:#e70f18\"><a href=\"https:\/\/www.pinterest.com\/pin\/create\/link\/?url=https%3A%2F%2Fstefan-taege.de%2Fkasia%2F2021%2F03%2F29%2Fein-leben-das-in-eine-schublade-passt%2F&media=https%3A%2F%2Fstefan-taege.de%2Fkasia%2Fwp-content%2Fuploads%2F2021%2F03%2FWinter-2008-225-scaled-e1616997003404.jpg&description=Ein%20Leben%2C%20das%20in%20eine%20Schublade%20passt\" title=\"Bei Pinterest pinnen\" aria-label=\"Bei Pinterest pinnen\" role=\"button\" rel=\"noopener nofollow\" class=\"shariff-link\" style=\"; background-color:#cb2027; color:#fff\" target=\"_blank\"><span class=\"shariff-icon\" style=\"\"><svg width=\"32px\" height=\"20px\" xmlns=\"http:\/\/www.w3.org\/2000\/svg\" viewBox=\"0 0 27 32\"><path fill=\"#cb2027\" d=\"M27.4 16q0 3.7-1.8 6.9t-5 5-6.9 1.9q-2 0-3.9-0.6 1.1-1.7 1.4-2.9 0.2-0.6 1-3.8 0.4 0.7 1.3 1.2t2 0.5q2.1 0 3.8-1.2t2.7-3.4 0.9-4.8q0-2-1.1-3.8t-3.1-2.9-4.5-1.2q-1.9 0-3.5 0.5t-2.8 1.4-2 2-1.2 2.3-0.4 2.4q0 1.9 0.7 3.3t2.1 2q0.5 0.2 0.7-0.4 0-0.1 0.1-0.5t0.2-0.5q0.1-0.4-0.2-0.8-0.9-1.1-0.9-2.7 0-2.7 1.9-4.6t4.9-2q2.7 0 4.2 1.5t1.5 3.8q0 3-1.2 5.2t-3.1 2.1q-1.1 0-1.7-0.8t-0.4-1.9q0.1-0.6 0.5-1.7t0.5-1.8 0.2-1.4q0-0.9-0.5-1.5t-1.4-0.6q-1.1 0-1.9 1t-0.8 2.6q0 1.3 0.4 2.2l-1.8 7.5q-0.3 1.2-0.2 3.2-3.7-1.6-6-5t-2.3-7.6q0-3.7 1.9-6.9t5-5 6.9-1.9 6.9 1.9 5 5 1.8 6.9z\"\/><\/svg><\/span><span data-service=\"pinterest\" style=\"color:#cb2027\" class=\"shariff-count\"> 0<\/span>&nbsp;<\/a><\/li><li class=\"shariff-button tumblr shariff-nocustomcolor\" style=\"background-color:#529ecc\"><a href=\"https:\/\/www.tumblr.com\/widgets\/share\/tool?posttype=link&canonicalUrl=https%3A%2F%2Fstefan-taege.de%2Fkasia%2F2021%2F03%2F29%2Fein-leben-das-in-eine-schublade-passt%2F&tags=stefan-taege.de\" title=\"Bei tumblr teilen\" aria-label=\"Bei tumblr teilen\" role=\"button\" rel=\"noopener nofollow\" class=\"shariff-link\" style=\"; background-color:#36465d; color:#fff\" target=\"_blank\"><span class=\"shariff-icon\" style=\"\"><svg width=\"32px\" height=\"20px\" xmlns=\"http:\/\/www.w3.org\/2000\/svg\" viewBox=\"0 0 32 32\"><path fill=\"#36465d\" d=\"M18 14l0 7.3c0 1.9 0 2.9 0.2 3.5 0.2 0.5 0.7 1.1 1.2 1.4 0.7 0.4 1.5 0.6 2.4 0.6 1.6 0 2.6-0.2 4.2-1.3v4.8c-1.4 0.6-2.6 1-3.7 1.3-1.1 0.3-2.3 0.4-3.6 0.4-1.5 0-2.3-0.2-3.4-0.6-1.1-0.4-2.1-0.9-2.9-1.6-0.8-0.7-1.3-1.4-1.7-2.2s-0.5-1.9-0.5-3.4v-11.2h-4.3v-4.5c1.3-0.4 2.7-1 3.6-1.8 0.9-0.8 1.6-1.7 2.2-2.7 0.5-1.1 0.9-2.4 1.1-4.1h5.2l0 8h8v6h-8z\"\/><\/svg><\/span><span data-service=\"tumblr\" style=\"color:#36465d\" class=\"shariff-count\"> 0<\/span>&nbsp;<\/a><\/li><li class=\"shariff-button xing shariff-nocustomcolor\" style=\"background-color:#29888a\"><a href=\"https:\/\/www.xing.com\/spi\/shares\/new?url=https%3A%2F%2Fstefan-taege.de%2Fkasia%2F2021%2F03%2F29%2Fein-leben-das-in-eine-schublade-passt%2F\" title=\"Bei XING teilen\" aria-label=\"Bei XING teilen\" role=\"button\" rel=\"noopener nofollow\" class=\"shariff-link\" style=\"; background-color:#126567; color:#fff\" target=\"_blank\"><span class=\"shariff-icon\" style=\"\"><svg width=\"32px\" height=\"20px\" xmlns=\"http:\/\/www.w3.org\/2000\/svg\" viewBox=\"0 0 25 32\"><path fill=\"#126567\" d=\"M10.7 11.9q-0.2 0.3-4.6 8.2-0.5 0.8-1.2 0.8h-4.3q-0.4 0-0.5-0.3t0-0.6l4.5-8q0 0 0 0l-2.9-5q-0.2-0.4 0-0.7 0.2-0.3 0.5-0.3h4.3q0.7 0 1.2 0.8zM25.1 0.4q0.2 0.3 0 0.7l-9.4 16.7 6 11q0.2 0.4 0 0.6-0.2 0.3-0.6 0.3h-4.3q-0.7 0-1.2-0.8l-6-11.1q0.3-0.6 9.5-16.8 0.4-0.8 1.2-0.8h4.3q0.4 0 0.5 0.3z\"\/><\/svg><\/span><\/a><\/li><li class=\"shariff-button rss shariff-nocustomcolor\" style=\"background-color:#ff8c00\"><a href=\"https:\/\/stefan-taege.de\/kasia\/feed\/rss\/\" title=\"RSS-feed\" aria-label=\"RSS-feed\" role=\"button\" class=\"shariff-link\" style=\"; background-color:#fe9312; color:#fff\" target=\"_blank\"><span class=\"shariff-icon\" style=\"\"><svg width=\"32px\" height=\"20px\" xmlns=\"http:\/\/www.w3.org\/2000\/svg\" viewBox=\"0 0 32 32\"><path fill=\"#fe9312\" d=\"M4.3 23.5c-2.3 0-4.3 1.9-4.3 4.3 0 2.3 1.9 4.2 4.3 4.2 2.4 0 4.3-1.9 4.3-4.2 0-2.3-1.9-4.3-4.3-4.3zM0 10.9v6.1c4 0 7.7 1.6 10.6 4.4 2.8 2.8 4.4 6.6 4.4 10.6h6.2c0-11.7-9.5-21.1-21.1-21.1zM0 0v6.1c14.2 0 25.8 11.6 25.8 25.9h6.2c0-17.6-14.4-32-32-32z\"\/><\/svg><\/span><\/a><\/li><li class=\"shariff-button linkedin shariff-nocustomcolor\" style=\"background-color:#1488bf\"><a href=\"https:\/\/www.linkedin.com\/sharing\/share-offsite\/?url=https%3A%2F%2Fstefan-taege.de%2Fkasia%2F2021%2F03%2F29%2Fein-leben-das-in-eine-schublade-passt%2F\" title=\"Bei LinkedIn teilen\" aria-label=\"Bei LinkedIn teilen\" role=\"button\" rel=\"noopener nofollow\" class=\"shariff-link\" style=\"; background-color:#0077b5; color:#fff\" target=\"_blank\"><span class=\"shariff-icon\" style=\"\"><svg width=\"32px\" height=\"20px\" xmlns=\"http:\/\/www.w3.org\/2000\/svg\" viewBox=\"0 0 27 32\"><path fill=\"#0077b5\" d=\"M6.2 11.2v17.7h-5.9v-17.7h5.9zM6.6 5.7q0 1.3-0.9 2.2t-2.4 0.9h0q-1.5 0-2.4-0.9t-0.9-2.2 0.9-2.2 2.4-0.9 2.4 0.9 0.9 2.2zM27.4 18.7v10.1h-5.9v-9.5q0-1.9-0.7-2.9t-2.3-1.1q-1.1 0-1.9 0.6t-1.2 1.5q-0.2 0.5-0.2 1.4v9.9h-5.9q0-7.1 0-11.6t0-5.3l0-0.9h5.9v2.6h0q0.4-0.6 0.7-1t1-0.9 1.6-0.8 2-0.3q3 0 4.9 2t1.9 6z\"\/><\/svg><\/span><\/a><\/li><\/ul><\/div>","protected":false},"excerpt":{"rendered":"<p>Ein ganzes Leben, eine Handvoll Bilder. Erinnerungen, Andenken, Orden. Schwarzwei\u00dffotografien aus vergangenen Tagen. Ein menschliches Dasein, in eine Kiste gepackt. &hellip; <\/p>\n","protected":false},"author":1,"featured_media":34232,"comment_status":"open","ping_status":"open","sticky":false,"template":"","format":"standard","meta":{"jetpack_post_was_ever_published":false,"_jetpack_newsletter_access":"","_jetpack_dont_email_post_to_subs":false,"_jetpack_newsletter_tier_id":0,"_jetpack_memberships_contains_paywalled_content":false,"footnotes":"","_jetpack_memberships_contains_paid_content":false},"categories":[1],"tags":[2950,1157,316,2948],"yoast_head":"<!-- This site is optimized with the Yoast SEO plugin v23.5 - https:\/\/yoast.com\/wordpress\/plugins\/seo\/ -->\n<title>Ein Leben, das in eine Schublade passt - windrose.rocks<\/title>\n<meta name=\"robots\" content=\"index, follow, max-snippet:-1, max-image-preview:large, max-video-preview:-1\" \/>\n<link rel=\"canonical\" href=\"https:\/\/stefan-taege.de\/kasia\/2021\/03\/29\/ein-leben-das-in-eine-schublade-passt\/\" \/>\n<meta name=\"twitter:label1\" content=\"Verfasst von\" \/>\n\t<meta name=\"twitter:data1\" content=\"Kasia\" \/>\n\t<meta name=\"twitter:label2\" content=\"Gesch\u00e4tzte Lesezeit\" \/>\n\t<meta name=\"twitter:data2\" content=\"5\u00a0Minuten\" \/>\n<script type=\"application\/ld+json\" class=\"yoast-schema-graph\">{\"@context\":\"https:\/\/schema.org\",\"@graph\":[{\"@type\":\"WebPage\",\"@id\":\"https:\/\/stefan-taege.de\/kasia\/2021\/03\/29\/ein-leben-das-in-eine-schublade-passt\/\",\"url\":\"https:\/\/stefan-taege.de\/kasia\/2021\/03\/29\/ein-leben-das-in-eine-schublade-passt\/\",\"name\":\"Ein Leben, das in eine Schublade passt - windrose.rocks\",\"isPartOf\":{\"@id\":\"https:\/\/stefan-taege.de\/kasia\/#website\"},\"primaryImageOfPage\":{\"@id\":\"https:\/\/stefan-taege.de\/kasia\/2021\/03\/29\/ein-leben-das-in-eine-schublade-passt\/#primaryimage\"},\"image\":{\"@id\":\"https:\/\/stefan-taege.de\/kasia\/2021\/03\/29\/ein-leben-das-in-eine-schublade-passt\/#primaryimage\"},\"thumbnailUrl\":\"https:\/\/i0.wp.com\/stefan-taege.de\/kasia\/wp-content\/uploads\/2021\/03\/Winter-2008-225-scaled-e1616997003404.jpg?fit=780%2C765&ssl=1\",\"datePublished\":\"2021-03-29T06:11:15+00:00\",\"dateModified\":\"2021-03-29T07:02:00+00:00\",\"author\":{\"@id\":\"https:\/\/stefan-taege.de\/kasia\/#\/schema\/person\/873b01562fbd03e9caa51512b2cb800f\"},\"breadcrumb\":{\"@id\":\"https:\/\/stefan-taege.de\/kasia\/2021\/03\/29\/ein-leben-das-in-eine-schublade-passt\/#breadcrumb\"},\"inLanguage\":\"de\",\"potentialAction\":[{\"@type\":\"ReadAction\",\"target\":[\"https:\/\/stefan-taege.de\/kasia\/2021\/03\/29\/ein-leben-das-in-eine-schublade-passt\/\"]}]},{\"@type\":\"ImageObject\",\"inLanguage\":\"de\",\"@id\":\"https:\/\/stefan-taege.de\/kasia\/2021\/03\/29\/ein-leben-das-in-eine-schublade-passt\/#primaryimage\",\"url\":\"https:\/\/i0.wp.com\/stefan-taege.de\/kasia\/wp-content\/uploads\/2021\/03\/Winter-2008-225-scaled-e1616997003404.jpg?fit=780%2C765&ssl=1\",\"contentUrl\":\"https:\/\/i0.wp.com\/stefan-taege.de\/kasia\/wp-content\/uploads\/2021\/03\/Winter-2008-225-scaled-e1616997003404.jpg?fit=780%2C765&ssl=1\",\"width\":780,\"height\":765},{\"@type\":\"BreadcrumbList\",\"@id\":\"https:\/\/stefan-taege.de\/kasia\/2021\/03\/29\/ein-leben-das-in-eine-schublade-passt\/#breadcrumb\",\"itemListElement\":[{\"@type\":\"ListItem\",\"position\":1,\"name\":\"Startseite\",\"item\":\"https:\/\/stefan-taege.de\/kasia\/\"},{\"@type\":\"ListItem\",\"position\":2,\"name\":\"Ein Leben, das in eine Schublade passt\"}]},{\"@type\":\"WebSite\",\"@id\":\"https:\/\/stefan-taege.de\/kasia\/#website\",\"url\":\"https:\/\/stefan-taege.de\/kasia\/\",\"name\":\"windrose.rocks\",\"description\":\"Erz\u00e4hlungen einer Reisenden\",\"potentialAction\":[{\"@type\":\"SearchAction\",\"target\":{\"@type\":\"EntryPoint\",\"urlTemplate\":\"https:\/\/stefan-taege.de\/kasia\/?s={search_term_string}\"},\"query-input\":{\"@type\":\"PropertyValueSpecification\",\"valueRequired\":true,\"valueName\":\"search_term_string\"}}],\"inLanguage\":\"de\"},{\"@type\":\"Person\",\"@id\":\"https:\/\/stefan-taege.de\/kasia\/#\/schema\/person\/873b01562fbd03e9caa51512b2cb800f\",\"name\":\"Kasia\",\"image\":{\"@type\":\"ImageObject\",\"inLanguage\":\"de\",\"@id\":\"https:\/\/stefan-taege.de\/kasia\/#\/schema\/person\/image\/\",\"url\":\"https:\/\/secure.gravatar.com\/avatar\/b89791b780bc4ea83cc74789dc368178?s=96&d=mm&r=pg\",\"contentUrl\":\"https:\/\/secure.gravatar.com\/avatar\/b89791b780bc4ea83cc74789dc368178?s=96&d=mm&r=pg\",\"caption\":\"Kasia\"},\"description\":\"Hi, ich bin Kasia, die Stimme von \\\"windrose.rocks\\\" :-) Treibt Dich die Frage um, was sich denn alles jenseits der heimischen Couch verbirgt, bist Du rastlos und neugierig wie ich und sp\u00fcrst den Drang in Dir, in die Welt hinaus zu gehen? Dann tue es! Ich nehme Dich mit auf meine Reisen und lasse Dich hautnah das Unterwegs sein miterleben - in all seinen Facetten. Lass Dich inspirieren, komm mit mir und warte nicht l\u00e4nger, denn... die Welt ist so gro\u00df und wir sind so klein, und es gibt noch so viel zu sehen! Die Welt wartet auf uns.\",\"sameAs\":[\"https:\/\/stefan-taege.de\/kasia\/\"],\"url\":\"https:\/\/stefan-taege.de\/kasia\/author\/kasia\/\"}]}<\/script>\n<!-- \/ Yoast SEO plugin. -->","yoast_head_json":{"title":"Ein Leben, das in eine Schublade passt - windrose.rocks","robots":{"index":"index","follow":"follow","max-snippet":"max-snippet:-1","max-image-preview":"max-image-preview:large","max-video-preview":"max-video-preview:-1"},"canonical":"https:\/\/stefan-taege.de\/kasia\/2021\/03\/29\/ein-leben-das-in-eine-schublade-passt\/","twitter_misc":{"Verfasst von":"Kasia","Gesch\u00e4tzte Lesezeit":"5\u00a0Minuten"},"schema":{"@context":"https:\/\/schema.org","@graph":[{"@type":"WebPage","@id":"https:\/\/stefan-taege.de\/kasia\/2021\/03\/29\/ein-leben-das-in-eine-schublade-passt\/","url":"https:\/\/stefan-taege.de\/kasia\/2021\/03\/29\/ein-leben-das-in-eine-schublade-passt\/","name":"Ein Leben, das in eine Schublade passt - windrose.rocks","isPartOf":{"@id":"https:\/\/stefan-taege.de\/kasia\/#website"},"primaryImageOfPage":{"@id":"https:\/\/stefan-taege.de\/kasia\/2021\/03\/29\/ein-leben-das-in-eine-schublade-passt\/#primaryimage"},"image":{"@id":"https:\/\/stefan-taege.de\/kasia\/2021\/03\/29\/ein-leben-das-in-eine-schublade-passt\/#primaryimage"},"thumbnailUrl":"https:\/\/i0.wp.com\/stefan-taege.de\/kasia\/wp-content\/uploads\/2021\/03\/Winter-2008-225-scaled-e1616997003404.jpg?fit=780%2C765&ssl=1","datePublished":"2021-03-29T06:11:15+00:00","dateModified":"2021-03-29T07:02:00+00:00","author":{"@id":"https:\/\/stefan-taege.de\/kasia\/#\/schema\/person\/873b01562fbd03e9caa51512b2cb800f"},"breadcrumb":{"@id":"https:\/\/stefan-taege.de\/kasia\/2021\/03\/29\/ein-leben-das-in-eine-schublade-passt\/#breadcrumb"},"inLanguage":"de","potentialAction":[{"@type":"ReadAction","target":["https:\/\/stefan-taege.de\/kasia\/2021\/03\/29\/ein-leben-das-in-eine-schublade-passt\/"]}]},{"@type":"ImageObject","inLanguage":"de","@id":"https:\/\/stefan-taege.de\/kasia\/2021\/03\/29\/ein-leben-das-in-eine-schublade-passt\/#primaryimage","url":"https:\/\/i0.wp.com\/stefan-taege.de\/kasia\/wp-content\/uploads\/2021\/03\/Winter-2008-225-scaled-e1616997003404.jpg?fit=780%2C765&ssl=1","contentUrl":"https:\/\/i0.wp.com\/stefan-taege.de\/kasia\/wp-content\/uploads\/2021\/03\/Winter-2008-225-scaled-e1616997003404.jpg?fit=780%2C765&ssl=1","width":780,"height":765},{"@type":"BreadcrumbList","@id":"https:\/\/stefan-taege.de\/kasia\/2021\/03\/29\/ein-leben-das-in-eine-schublade-passt\/#breadcrumb","itemListElement":[{"@type":"ListItem","position":1,"name":"Startseite","item":"https:\/\/stefan-taege.de\/kasia\/"},{"@type":"ListItem","position":2,"name":"Ein Leben, das in eine Schublade passt"}]},{"@type":"WebSite","@id":"https:\/\/stefan-taege.de\/kasia\/#website","url":"https:\/\/stefan-taege.de\/kasia\/","name":"windrose.rocks","description":"Erz\u00e4hlungen einer Reisenden","potentialAction":[{"@type":"SearchAction","target":{"@type":"EntryPoint","urlTemplate":"https:\/\/stefan-taege.de\/kasia\/?s={search_term_string}"},"query-input":{"@type":"PropertyValueSpecification","valueRequired":true,"valueName":"search_term_string"}}],"inLanguage":"de"},{"@type":"Person","@id":"https:\/\/stefan-taege.de\/kasia\/#\/schema\/person\/873b01562fbd03e9caa51512b2cb800f","name":"Kasia","image":{"@type":"ImageObject","inLanguage":"de","@id":"https:\/\/stefan-taege.de\/kasia\/#\/schema\/person\/image\/","url":"https:\/\/secure.gravatar.com\/avatar\/b89791b780bc4ea83cc74789dc368178?s=96&d=mm&r=pg","contentUrl":"https:\/\/secure.gravatar.com\/avatar\/b89791b780bc4ea83cc74789dc368178?s=96&d=mm&r=pg","caption":"Kasia"},"description":"Hi, ich bin Kasia, die Stimme von \"windrose.rocks\" :-) Treibt Dich die Frage um, was sich denn alles jenseits der heimischen Couch verbirgt, bist Du rastlos und neugierig wie ich und sp\u00fcrst den Drang in Dir, in die Welt hinaus zu gehen? Dann tue es! Ich nehme Dich mit auf meine Reisen und lasse Dich hautnah das Unterwegs sein miterleben - in all seinen Facetten. Lass Dich inspirieren, komm mit mir und warte nicht l\u00e4nger, denn... die Welt ist so gro\u00df und wir sind so klein, und es gibt noch so viel zu sehen! Die Welt wartet auf uns.","sameAs":["https:\/\/stefan-taege.de\/kasia\/"],"url":"https:\/\/stefan-taege.de\/kasia\/author\/kasia\/"}]}},"jetpack_sharing_enabled":true,"jetpack_featured_media_url":"https:\/\/i0.wp.com\/stefan-taege.de\/kasia\/wp-content\/uploads\/2021\/03\/Winter-2008-225-scaled-e1616997003404.jpg?fit=780%2C765&ssl=1","jetpack_shortlink":"https:\/\/wp.me\/p7Ku1E-8U4","_links":{"self":[{"href":"https:\/\/stefan-taege.de\/kasia\/wp-json\/wp\/v2\/posts\/34228"}],"collection":[{"href":"https:\/\/stefan-taege.de\/kasia\/wp-json\/wp\/v2\/posts"}],"about":[{"href":"https:\/\/stefan-taege.de\/kasia\/wp-json\/wp\/v2\/types\/post"}],"author":[{"embeddable":true,"href":"https:\/\/stefan-taege.de\/kasia\/wp-json\/wp\/v2\/users\/1"}],"replies":[{"embeddable":true,"href":"https:\/\/stefan-taege.de\/kasia\/wp-json\/wp\/v2\/comments?post=34228"}],"version-history":[{"count":10,"href":"https:\/\/stefan-taege.de\/kasia\/wp-json\/wp\/v2\/posts\/34228\/revisions"}],"predecessor-version":[{"id":34245,"href":"https:\/\/stefan-taege.de\/kasia\/wp-json\/wp\/v2\/posts\/34228\/revisions\/34245"}],"wp:featuredmedia":[{"embeddable":true,"href":"https:\/\/stefan-taege.de\/kasia\/wp-json\/wp\/v2\/media\/34232"}],"wp:attachment":[{"href":"https:\/\/stefan-taege.de\/kasia\/wp-json\/wp\/v2\/media?parent=34228"}],"wp:term":[{"taxonomy":"category","embeddable":true,"href":"https:\/\/stefan-taege.de\/kasia\/wp-json\/wp\/v2\/categories?post=34228"},{"taxonomy":"post_tag","embeddable":true,"href":"https:\/\/stefan-taege.de\/kasia\/wp-json\/wp\/v2\/tags?post=34228"}],"curies":[{"name":"wp","href":"https:\/\/api.w.org\/{rel}","templated":true}]}}