{"id":33299,"date":"2021-11-01T08:00:19","date_gmt":"2021-11-01T07:00:19","guid":{"rendered":"http:\/\/stefan-taege.de\/kasia\/?p=33299"},"modified":"2023-07-28T14:32:52","modified_gmt":"2023-07-28T12:32:52","slug":"hauptfriedhof-mannheim-gedanken-ueber-das-sterben","status":"publish","type":"post","link":"https:\/\/stefan-taege.de\/kasia\/2021\/11\/01\/hauptfriedhof-mannheim-gedanken-ueber-das-sterben\/","title":{"rendered":"Hauptfriedhof Mannheim &#8211; Gedanken \u00fcber das Sterben"},"content":{"rendered":"<p>Was mich fasziniert, sind die Zahlen. Zahlen auf den Grabsteinen, die die Lebensspanne eines Menschen umfassen. Ich n\u00e4here mich und bleibe stehen, starre auf das, was einmal ein Menschenleben war. Achtzehnhundertsechsundvierzig geboren. Neunzehnhundertzwanzig gestorben. Danach &#8211; lange Zeit nichts. Schlie\u00dflich, neunzehnhundertdreiundachtzig, kam ich (auf die Welt). <em>Als ob sich die Zeitrechnung am Datum meiner Geburt orientieren w\u00fcrde.<\/em><!--more--><\/p>\n<p><img loading=\"lazy\" decoding=\"async\" data-attachment-id=\"33715\" data-permalink=\"https:\/\/stefan-taege.de\/kasia\/2021\/11\/01\/hauptfriedhof-mannheim-gedanken-ueber-das-sterben\/20210312_104000\/\" data-orig-file=\"https:\/\/i0.wp.com\/stefan-taege.de\/kasia\/wp-content\/uploads\/2021\/03\/20210312_104000-scaled.jpg?fit=1020%2C680&amp;ssl=1\" data-orig-size=\"1020,680\" data-comments-opened=\"1\" data-image-meta=\"{&quot;aperture&quot;:&quot;4.5&quot;,&quot;credit&quot;:&quot;&quot;,&quot;camera&quot;:&quot;ILCE-7M3&quot;,&quot;caption&quot;:&quot;&quot;,&quot;created_timestamp&quot;:&quot;1614449167&quot;,&quot;copyright&quot;:&quot;&quot;,&quot;focal_length&quot;:&quot;46&quot;,&quot;iso&quot;:&quot;320&quot;,&quot;shutter_speed&quot;:&quot;0.00625&quot;,&quot;title&quot;:&quot;&quot;,&quot;orientation&quot;:&quot;0&quot;}\" data-image-title=\"20210312_104000\" data-image-description=\"\" data-image-caption=\"\" data-medium-file=\"https:\/\/i0.wp.com\/stefan-taege.de\/kasia\/wp-content\/uploads\/2021\/03\/20210312_104000-scaled.jpg?fit=300%2C200&amp;ssl=1\" data-large-file=\"https:\/\/i0.wp.com\/stefan-taege.de\/kasia\/wp-content\/uploads\/2021\/03\/20210312_104000-scaled.jpg?fit=1020%2C680&amp;ssl=1\" tabindex=\"0\" role=\"button\" class=\"alignnone size-full wp-image-33715\" src=\"https:\/\/i0.wp.com\/stefan-taege.de\/kasia\/wp-content\/uploads\/2021\/03\/20210312_104000-scaled.jpg?resize=1020%2C680&#038;ssl=1\" alt=\"\" width=\"1020\" height=\"680\" srcset=\"https:\/\/i0.wp.com\/stefan-taege.de\/kasia\/wp-content\/uploads\/2021\/03\/20210312_104000-scaled.jpg?w=1020&amp;ssl=1 1020w, https:\/\/i0.wp.com\/stefan-taege.de\/kasia\/wp-content\/uploads\/2021\/03\/20210312_104000-scaled.jpg?resize=300%2C200&amp;ssl=1 300w, https:\/\/i0.wp.com\/stefan-taege.de\/kasia\/wp-content\/uploads\/2021\/03\/20210312_104000-scaled.jpg?resize=1024%2C683&amp;ssl=1 1024w, https:\/\/i0.wp.com\/stefan-taege.de\/kasia\/wp-content\/uploads\/2021\/03\/20210312_104000-scaled.jpg?resize=768%2C512&amp;ssl=1 768w, https:\/\/i0.wp.com\/stefan-taege.de\/kasia\/wp-content\/uploads\/2021\/03\/20210312_104000-scaled.jpg?resize=1536%2C1024&amp;ssl=1 1536w, https:\/\/i0.wp.com\/stefan-taege.de\/kasia\/wp-content\/uploads\/2021\/03\/20210312_104000-scaled.jpg?resize=2048%2C1365&amp;ssl=1 2048w, https:\/\/i0.wp.com\/stefan-taege.de\/kasia\/wp-content\/uploads\/2021\/03\/20210312_104000-scaled.jpg?resize=450%2C300&amp;ssl=1 450w, https:\/\/i0.wp.com\/stefan-taege.de\/kasia\/wp-content\/uploads\/2021\/03\/20210312_104000-scaled.jpg?resize=90%2C60&amp;ssl=1 90w\" sizes=\"(max-width: 1020px) 100vw, 1020px\" data-recalc-dims=\"1\" \/><\/p>\n<p>Was sind f\u00fcr mich Friedh\u00f6fe? Eine Pause im Leben, ein Innehalten, wenn ich im beinahe meditativem Zustand zwischen den alten Steinen umherstreife. Rein nach Gef\u00fchl, wohin ich als n\u00e4chstes gehe. Normalerweise begegne ich dabei Menschen, Menschen, die genauso umherstreifen wie ich; die mir erkl\u00e4ren, was ich da sehe und mir Anekdoten erz\u00e4hlen, die ich noch nicht kenne. Doch diesmal ist es mir verg\u00f6nnt, alleine hier zu sein.<\/p>\n<p>Ich bin bei diesen Begegnungen immer zwiegespalten. Ich lausche, nehme das Wissen und die Erfahrung des anderen entgegen &#8211; und doch bin ich irgendwie auf dem Sprung, denn in Wahrheit bin ich hier lieber allein.<\/p>\n<p>Der erste Weltkrieg, der Helm eines Soldaten. Wie bist du gestorben? Was hast du erlebt? &#8222;In Erinnerung an&#8230;&#8220; Was ist eine Seele? Es gibt ein <em>Hier<\/em> und ein <em>Nicht hier<\/em>. Und du bist nicht hier. Ihr alle &#8211; seid nicht hier. Nur eure Geschichten. Und Geschichten werden von Lebenden geschrieben&#8230;<\/p>\n<p>Statuen, mitten in der Bewegung erstarrt. Die sanften Schwingen des Greifvogels, den ich erst dann bemerke, als er mit einem Rauschen in den hohen, tiefgr\u00fcnen Baumkronen verschwindet. Kleine Fliegen schwirren in hellen, lebendigen B\u00fcndeln ein St\u00fcckweit \u00fcber dem Boden. Gr\u00e4ber aus dem ersten Weltkrieg. Gefallen, lange vor meiner Zeit. Menschen, die zu Geschichte werden. Geschichten, die ein Gesicht bekommen. Ich beginne, nicht zum ersten Mal \u00fcbrigens, mir Gedanken zu machen, Gedanken dar\u00fcber, wie ich begraben werden m\u00f6chte. Was soll auf meinem Grabstein stehen? Welche Form, welche Inschrift soll er haben? Will ich \u00fcberhaupt einen?<\/p>\n<p>Ich bin jung. Diese Gedanken, so weit im voraus. Ist das irgendwie schr\u00e4g?<\/p>\n<p>Die europ\u00e4ische Kultur hat keinen Platz f\u00fcrs Sterben. Man stirbt still, f\u00fcr sich alleine. Man spricht nicht (gern) dar\u00fcber. Das Sterben, das tot sein wird tabuisiert. Doch die Rechnung geht nicht auf, denn wenn es soweit ist, kommt es f\u00fcr viele zu pl\u00f6tzlich. Wie sollen wir damit umgehen, wenn wir es nie gelernt haben? Warum empfinden wir das Sterben, auch nach einer langen Lebensspanne, noch immer als eine Ungerechtigkeit, eine Art Verrat am Leben selbst?<\/p>\n<p>Nicht alle empfinden wie ich. Dass der Tod ein Teil von allem ist. Manch einer ertr\u00e4gt den Anblick von frisch gemei\u00dfelten Grabsteinen nicht. &#8222;Es ist ein Zeichen daf\u00fcr, dass etwas endet.&#8220; Sagte mir einst ein lieber Mensch. &#8222;Und warum muss es enden?&#8220;<\/p>\n<p>Klar k\u00f6nnen wir dar\u00fcber philosophieren, dass der Tod das Leben wertvoll macht. Doch das ist nicht die Richtung, in die ich gehen m\u00f6chte. Hey, vielleicht ist es zu privat. Vielleicht zu pers\u00f6nlich. Wie akzeptieren wir den Tod? Wie schaffen wir es, Frieden damit zu schlie\u00dfen? All der Fortschritt um uns herum, all die medizinischen M\u00f6glichkeiten, unsere Gesundheit zu erhalten, unser Leben zu verl\u00e4ngern, hat eines zufolge. Es f\u00e4llt uns zunehmend schwerer, den Abschied vom Leben als solcher zu akzeptieren. Das Leben ist etwas, das aufrecht erhalten werden soll, um jeden Preis. Doch ab wann ist der Preis zu hoch? Ist es ein Mensch, f\u00fcr den eine Maschine atmet? Wann gehen wir zu weit, ab wann ziehen wir die Grenze?<\/p>\n<p><em>Wann l\u00e4sst man jemanden gehen?<\/em><\/p>\n<p><em>Wann l\u00e4sst man sich selbst gehen?<\/em><\/p>\n<p><em>Und inwieweit (d\u00fcrfen wir) entscheiden wir das selbst (entscheiden)?<\/em><\/p>\n<div class=\"tiled-gallery type-square tiled-gallery-unresized\" data-original-width=\"1020\" data-carousel-extra='{&quot;blog_id&quot;:1,&quot;permalink&quot;:&quot;https:\\\/\\\/stefan-taege.de\\\/kasia\\\/2021\\\/11\\\/01\\\/hauptfriedhof-mannheim-gedanken-ueber-das-sterben\\\/&quot;,&quot;likes_blog_id&quot;:114512862}' itemscope itemtype=\"http:\/\/schema.org\/ImageGallery\" > <div class=\"gallery-row\" style=\"width: 1020px; height: 340px;\" data-original-width=\"1020\" data-original-height=\"340\" > <div class=\"gallery-group\" style=\"width: 340px; height: 340px;\" data-original-width=\"340\" data-original-height=\"340\" > <div class=\"tiled-gallery-item \" itemprop=\"associatedMedia\" itemscope itemtype=\"http:\/\/schema.org\/ImageObject\"> <a href=\"https:\/\/stefan-taege.de\/kasia\/2021\/11\/01\/hauptfriedhof-mannheim-gedanken-ueber-das-sterben\/20210312_103355\/\" border=\"0\" itemprop=\"url\"> <meta itemprop=\"width\" content=\"336\"> <meta itemprop=\"height\" content=\"336\"> <img decoding=\"async\" class=\"\" data-attachment-id=\"33717\" data-orig-file=\"https:\/\/stefan-taege.de\/kasia\/wp-content\/uploads\/2021\/03\/20210312_103355-scaled.jpg\" data-orig-size=\"510,765\" data-comments-opened=\"1\" data-image-meta=\"{&quot;aperture&quot;:&quot;5.6&quot;,&quot;credit&quot;:&quot;&quot;,&quot;camera&quot;:&quot;ILCE-7M3&quot;,&quot;caption&quot;:&quot;&quot;,&quot;created_timestamp&quot;:&quot;1614448538&quot;,&quot;copyright&quot;:&quot;&quot;,&quot;focal_length&quot;:&quot;70&quot;,&quot;iso&quot;:&quot;2500&quot;,&quot;shutter_speed&quot;:&quot;0.00625&quot;,&quot;title&quot;:&quot;&quot;,&quot;orientation&quot;:&quot;0&quot;}\" data-image-title=\"Hauptfriedhof Mannheim\" data-image-description=\"\" data-medium-file=\"https:\/\/i0.wp.com\/stefan-taege.de\/kasia\/wp-content\/uploads\/2021\/03\/20210312_103355-scaled.jpg?fit=200%2C300&#038;ssl=1\" data-large-file=\"https:\/\/i0.wp.com\/stefan-taege.de\/kasia\/wp-content\/uploads\/2021\/03\/20210312_103355-scaled.jpg?fit=683%2C1024&#038;ssl=1\" src=\"https:\/\/i0.wp.com\/stefan-taege.de\/kasia\/wp-content\/uploads\/2021\/03\/20210312_103355-scaled.jpg?w=336&#038;h=336&#038;crop=1&#038;ssl=1\" srcset=\"https:\/\/i0.wp.com\/stefan-taege.de\/kasia\/wp-content\/uploads\/2021\/03\/20210312_103355-scaled.jpg?resize=150%2C150&amp;ssl=1 150w, https:\/\/i0.wp.com\/stefan-taege.de\/kasia\/wp-content\/uploads\/2021\/03\/20210312_103355-scaled.jpg?resize=435%2C435&amp;ssl=1 435w\" width=\"336\" height=\"336\" loading=\"lazy\" data-original-width=\"336\" data-original-height=\"336\" itemprop=\"http:\/\/schema.org\/image\" title=\"Hauptfriedhof Mannheim\" alt=\"Hauptfriedhof Mannheim\" style=\"width: 336px; height: 336px;\" \/> <\/a> <\/div> <\/div> <div class=\"gallery-group\" style=\"width: 340px; height: 340px;\" data-original-width=\"340\" data-original-height=\"340\" > <div class=\"tiled-gallery-item \" itemprop=\"associatedMedia\" itemscope itemtype=\"http:\/\/schema.org\/ImageObject\"> <a href=\"https:\/\/stefan-taege.de\/kasia\/2021\/11\/01\/hauptfriedhof-mannheim-gedanken-ueber-das-sterben\/20210312_103548\/\" border=\"0\" itemprop=\"url\"> <meta itemprop=\"width\" content=\"336\"> <meta itemprop=\"height\" content=\"336\"> <img decoding=\"async\" class=\"\" data-attachment-id=\"33719\" data-orig-file=\"https:\/\/stefan-taege.de\/kasia\/wp-content\/uploads\/2021\/03\/20210312_103548-scaled.jpg\" data-orig-size=\"510,765\" data-comments-opened=\"1\" data-image-meta=\"{&quot;aperture&quot;:&quot;4.5&quot;,&quot;credit&quot;:&quot;&quot;,&quot;camera&quot;:&quot;ILCE-7M3&quot;,&quot;caption&quot;:&quot;&quot;,&quot;created_timestamp&quot;:&quot;1614448281&quot;,&quot;copyright&quot;:&quot;&quot;,&quot;focal_length&quot;:&quot;51&quot;,&quot;iso&quot;:&quot;800&quot;,&quot;shutter_speed&quot;:&quot;0.00625&quot;,&quot;title&quot;:&quot;&quot;,&quot;orientation&quot;:&quot;0&quot;}\" data-image-title=\"Hauptfriedhof Mannheim\" data-image-description=\"\" data-medium-file=\"https:\/\/i0.wp.com\/stefan-taege.de\/kasia\/wp-content\/uploads\/2021\/03\/20210312_103548-scaled.jpg?fit=200%2C300&#038;ssl=1\" data-large-file=\"https:\/\/i0.wp.com\/stefan-taege.de\/kasia\/wp-content\/uploads\/2021\/03\/20210312_103548-scaled.jpg?fit=683%2C1024&#038;ssl=1\" src=\"https:\/\/i0.wp.com\/stefan-taege.de\/kasia\/wp-content\/uploads\/2021\/03\/20210312_103548-scaled.jpg?w=336&#038;h=336&#038;crop=1&#038;ssl=1\" srcset=\"https:\/\/i0.wp.com\/stefan-taege.de\/kasia\/wp-content\/uploads\/2021\/03\/20210312_103548-scaled.jpg?resize=150%2C150&amp;ssl=1 150w, https:\/\/i0.wp.com\/stefan-taege.de\/kasia\/wp-content\/uploads\/2021\/03\/20210312_103548-scaled.jpg?resize=435%2C435&amp;ssl=1 435w\" width=\"336\" height=\"336\" loading=\"lazy\" data-original-width=\"336\" data-original-height=\"336\" itemprop=\"http:\/\/schema.org\/image\" title=\"Hauptfriedhof Mannheim\" alt=\"Hauptfriedhof Mannheim\" style=\"width: 336px; height: 336px;\" \/> <\/a> <\/div> <\/div> <div class=\"gallery-group\" style=\"width: 340px; height: 340px;\" data-original-width=\"340\" data-original-height=\"340\" > <div class=\"tiled-gallery-item \" itemprop=\"associatedMedia\" itemscope itemtype=\"http:\/\/schema.org\/ImageObject\"> <a href=\"https:\/\/stefan-taege.de\/kasia\/2021\/11\/01\/hauptfriedhof-mannheim-gedanken-ueber-das-sterben\/20210312_103612\/\" border=\"0\" itemprop=\"url\"> <meta itemprop=\"width\" content=\"336\"> <meta itemprop=\"height\" content=\"336\"> <img decoding=\"async\" class=\"\" data-attachment-id=\"33720\" data-orig-file=\"https:\/\/stefan-taege.de\/kasia\/wp-content\/uploads\/2021\/03\/20210312_103612-scaled.jpg\" data-orig-size=\"510,765\" data-comments-opened=\"1\" data-image-meta=\"{&quot;aperture&quot;:&quot;5.6&quot;,&quot;credit&quot;:&quot;&quot;,&quot;camera&quot;:&quot;ILCE-7M3&quot;,&quot;caption&quot;:&quot;&quot;,&quot;created_timestamp&quot;:&quot;1614448471&quot;,&quot;copyright&quot;:&quot;&quot;,&quot;focal_length&quot;:&quot;70&quot;,&quot;iso&quot;:&quot;800&quot;,&quot;shutter_speed&quot;:&quot;0.00625&quot;,&quot;title&quot;:&quot;&quot;,&quot;orientation&quot;:&quot;0&quot;}\" data-image-title=\"Hauptfriedhof Mannheim\" data-image-description=\"\" data-medium-file=\"https:\/\/i0.wp.com\/stefan-taege.de\/kasia\/wp-content\/uploads\/2021\/03\/20210312_103612-scaled.jpg?fit=200%2C300&#038;ssl=1\" data-large-file=\"https:\/\/i0.wp.com\/stefan-taege.de\/kasia\/wp-content\/uploads\/2021\/03\/20210312_103612-scaled.jpg?fit=683%2C1024&#038;ssl=1\" src=\"https:\/\/i0.wp.com\/stefan-taege.de\/kasia\/wp-content\/uploads\/2021\/03\/20210312_103612-scaled.jpg?w=336&#038;h=336&#038;crop=1&#038;ssl=1\" srcset=\"https:\/\/i0.wp.com\/stefan-taege.de\/kasia\/wp-content\/uploads\/2021\/03\/20210312_103612-scaled.jpg?resize=150%2C150&amp;ssl=1 150w, https:\/\/i0.wp.com\/stefan-taege.de\/kasia\/wp-content\/uploads\/2021\/03\/20210312_103612-scaled.jpg?resize=435%2C435&amp;ssl=1 435w\" width=\"336\" height=\"336\" loading=\"lazy\" data-original-width=\"336\" data-original-height=\"336\" itemprop=\"http:\/\/schema.org\/image\" title=\"Hauptfriedhof Mannheim\" alt=\"Hauptfriedhof Mannheim\" style=\"width: 336px; height: 336px;\" \/> <\/a> <\/div> <\/div> <\/div> <div class=\"gallery-row\" style=\"width: 1020px; height: 340px;\" data-original-width=\"1020\" data-original-height=\"340\" > <div class=\"gallery-group\" style=\"width: 340px; height: 340px;\" data-original-width=\"340\" data-original-height=\"340\" > <div class=\"tiled-gallery-item \" itemprop=\"associatedMedia\" itemscope itemtype=\"http:\/\/schema.org\/ImageObject\"> <a href=\"https:\/\/stefan-taege.de\/kasia\/2021\/11\/01\/hauptfriedhof-mannheim-gedanken-ueber-das-sterben\/20210312_103721\/\" border=\"0\" itemprop=\"url\"> <meta itemprop=\"width\" content=\"336\"> <meta itemprop=\"height\" content=\"336\"> <img decoding=\"async\" class=\"\" data-attachment-id=\"33721\" data-orig-file=\"https:\/\/stefan-taege.de\/kasia\/wp-content\/uploads\/2021\/03\/20210312_103721-scaled.jpg\" data-orig-size=\"1020,680\" data-comments-opened=\"1\" data-image-meta=\"{&quot;aperture&quot;:&quot;5.6&quot;,&quot;credit&quot;:&quot;&quot;,&quot;camera&quot;:&quot;ILCE-7M3&quot;,&quot;caption&quot;:&quot;&quot;,&quot;created_timestamp&quot;:&quot;1614448681&quot;,&quot;copyright&quot;:&quot;&quot;,&quot;focal_length&quot;:&quot;62&quot;,&quot;iso&quot;:&quot;1600&quot;,&quot;shutter_speed&quot;:&quot;0.00625&quot;,&quot;title&quot;:&quot;&quot;,&quot;orientation&quot;:&quot;0&quot;}\" data-image-title=\"Hauptfriedhof Mannheim\" data-image-description=\"\" data-medium-file=\"https:\/\/i0.wp.com\/stefan-taege.de\/kasia\/wp-content\/uploads\/2021\/03\/20210312_103721-scaled.jpg?fit=300%2C200&#038;ssl=1\" data-large-file=\"https:\/\/i0.wp.com\/stefan-taege.de\/kasia\/wp-content\/uploads\/2021\/03\/20210312_103721-scaled.jpg?fit=1020%2C680&#038;ssl=1\" src=\"https:\/\/i0.wp.com\/stefan-taege.de\/kasia\/wp-content\/uploads\/2021\/03\/20210312_103721-scaled.jpg?w=336&#038;h=336&#038;crop=1&#038;ssl=1\" srcset=\"https:\/\/i0.wp.com\/stefan-taege.de\/kasia\/wp-content\/uploads\/2021\/03\/20210312_103721-scaled.jpg?resize=150%2C150&amp;ssl=1 150w, https:\/\/i0.wp.com\/stefan-taege.de\/kasia\/wp-content\/uploads\/2021\/03\/20210312_103721-scaled.jpg?resize=435%2C435&amp;ssl=1 435w, https:\/\/i0.wp.com\/stefan-taege.de\/kasia\/wp-content\/uploads\/2021\/03\/20210312_103721-scaled.jpg?zoom=2&amp;resize=336%2C336&amp;ssl=1 672w, https:\/\/i0.wp.com\/stefan-taege.de\/kasia\/wp-content\/uploads\/2021\/03\/20210312_103721-scaled.jpg?zoom=3&amp;resize=336%2C336&amp;ssl=1 1008w\" width=\"336\" height=\"336\" loading=\"lazy\" data-original-width=\"336\" data-original-height=\"336\" itemprop=\"http:\/\/schema.org\/image\" title=\"Hauptfriedhof Mannheim\" alt=\"Hauptfriedhof Mannheim\" style=\"width: 336px; height: 336px;\" \/> <\/a> <\/div> <\/div> <div class=\"gallery-group\" style=\"width: 340px; height: 340px;\" data-original-width=\"340\" data-original-height=\"340\" > <div class=\"tiled-gallery-item \" itemprop=\"associatedMedia\" itemscope itemtype=\"http:\/\/schema.org\/ImageObject\"> <a href=\"https:\/\/stefan-taege.de\/kasia\/2021\/11\/01\/hauptfriedhof-mannheim-gedanken-ueber-das-sterben\/20210312_103826\/\" border=\"0\" itemprop=\"url\"> <meta itemprop=\"width\" content=\"336\"> <meta itemprop=\"height\" content=\"336\"> <img decoding=\"async\" class=\"\" data-attachment-id=\"33722\" data-orig-file=\"https:\/\/stefan-taege.de\/kasia\/wp-content\/uploads\/2021\/03\/20210312_103826-scaled.jpg\" data-orig-size=\"510,765\" data-comments-opened=\"1\" data-image-meta=\"{&quot;aperture&quot;:&quot;5.6&quot;,&quot;credit&quot;:&quot;&quot;,&quot;camera&quot;:&quot;ILCE-7M3&quot;,&quot;caption&quot;:&quot;&quot;,&quot;created_timestamp&quot;:&quot;1614448991&quot;,&quot;copyright&quot;:&quot;&quot;,&quot;focal_length&quot;:&quot;70&quot;,&quot;iso&quot;:&quot;1600&quot;,&quot;shutter_speed&quot;:&quot;0.00625&quot;,&quot;title&quot;:&quot;&quot;,&quot;orientation&quot;:&quot;0&quot;}\" data-image-title=\"Hauptfriedhof Mannheim\" data-image-description=\"\" data-medium-file=\"https:\/\/i0.wp.com\/stefan-taege.de\/kasia\/wp-content\/uploads\/2021\/03\/20210312_103826-scaled.jpg?fit=200%2C300&#038;ssl=1\" data-large-file=\"https:\/\/i0.wp.com\/stefan-taege.de\/kasia\/wp-content\/uploads\/2021\/03\/20210312_103826-scaled.jpg?fit=683%2C1024&#038;ssl=1\" src=\"https:\/\/i0.wp.com\/stefan-taege.de\/kasia\/wp-content\/uploads\/2021\/03\/20210312_103826-scaled.jpg?w=336&#038;h=336&#038;crop=1&#038;ssl=1\" srcset=\"https:\/\/i0.wp.com\/stefan-taege.de\/kasia\/wp-content\/uploads\/2021\/03\/20210312_103826-scaled.jpg?resize=150%2C150&amp;ssl=1 150w, https:\/\/i0.wp.com\/stefan-taege.de\/kasia\/wp-content\/uploads\/2021\/03\/20210312_103826-scaled.jpg?resize=435%2C435&amp;ssl=1 435w\" width=\"336\" height=\"336\" loading=\"lazy\" data-original-width=\"336\" data-original-height=\"336\" itemprop=\"http:\/\/schema.org\/image\" title=\"Hauptfriedhof Mannheim\" alt=\"Hauptfriedhof Mannheim\" style=\"width: 336px; height: 336px;\" \/> <\/a> <\/div> <\/div> <div class=\"gallery-group\" style=\"width: 340px; height: 340px;\" data-original-width=\"340\" data-original-height=\"340\" > <div class=\"tiled-gallery-item \" itemprop=\"associatedMedia\" itemscope itemtype=\"http:\/\/schema.org\/ImageObject\"> <a href=\"https:\/\/stefan-taege.de\/kasia\/2021\/11\/01\/hauptfriedhof-mannheim-gedanken-ueber-das-sterben\/20210312_103910\/\" border=\"0\" itemprop=\"url\"> <meta itemprop=\"width\" content=\"336\"> <meta itemprop=\"height\" content=\"336\"> <img decoding=\"async\" class=\"\" data-attachment-id=\"33723\" data-orig-file=\"https:\/\/stefan-taege.de\/kasia\/wp-content\/uploads\/2021\/03\/20210312_103910-scaled.jpg\" data-orig-size=\"1020,680\" data-comments-opened=\"1\" data-image-meta=\"{&quot;aperture&quot;:&quot;5&quot;,&quot;credit&quot;:&quot;&quot;,&quot;camera&quot;:&quot;ILCE-7M3&quot;,&quot;caption&quot;:&quot;&quot;,&quot;created_timestamp&quot;:&quot;1614449042&quot;,&quot;copyright&quot;:&quot;&quot;,&quot;focal_length&quot;:&quot;54&quot;,&quot;iso&quot;:&quot;1600&quot;,&quot;shutter_speed&quot;:&quot;0.00625&quot;,&quot;title&quot;:&quot;&quot;,&quot;orientation&quot;:&quot;0&quot;}\" data-image-title=\"Hauptfriedhof Mannheim\" data-image-description=\"\" data-medium-file=\"https:\/\/i0.wp.com\/stefan-taege.de\/kasia\/wp-content\/uploads\/2021\/03\/20210312_103910-scaled.jpg?fit=300%2C200&#038;ssl=1\" data-large-file=\"https:\/\/i0.wp.com\/stefan-taege.de\/kasia\/wp-content\/uploads\/2021\/03\/20210312_103910-scaled.jpg?fit=1020%2C680&#038;ssl=1\" src=\"https:\/\/i0.wp.com\/stefan-taege.de\/kasia\/wp-content\/uploads\/2021\/03\/20210312_103910-scaled.jpg?w=336&#038;h=336&#038;crop=1&#038;ssl=1\" srcset=\"https:\/\/i0.wp.com\/stefan-taege.de\/kasia\/wp-content\/uploads\/2021\/03\/20210312_103910-scaled.jpg?resize=150%2C150&amp;ssl=1 150w, https:\/\/i0.wp.com\/stefan-taege.de\/kasia\/wp-content\/uploads\/2021\/03\/20210312_103910-scaled.jpg?resize=435%2C435&amp;ssl=1 435w, https:\/\/i0.wp.com\/stefan-taege.de\/kasia\/wp-content\/uploads\/2021\/03\/20210312_103910-scaled.jpg?zoom=2&amp;resize=336%2C336&amp;ssl=1 672w, https:\/\/i0.wp.com\/stefan-taege.de\/kasia\/wp-content\/uploads\/2021\/03\/20210312_103910-scaled.jpg?zoom=3&amp;resize=336%2C336&amp;ssl=1 1008w\" width=\"336\" height=\"336\" loading=\"lazy\" data-original-width=\"336\" data-original-height=\"336\" itemprop=\"http:\/\/schema.org\/image\" title=\"Hauptfriedhof Mannheim\" alt=\"Hauptfriedhof Mannheim\" style=\"width: 336px; height: 336px;\" \/> <\/a> <\/div> <\/div> <\/div> <div class=\"gallery-row\" style=\"width: 1020px; height: 340px;\" data-original-width=\"1020\" data-original-height=\"340\" > <div class=\"gallery-group\" style=\"width: 340px; height: 340px;\" data-original-width=\"340\" data-original-height=\"340\" > <div class=\"tiled-gallery-item \" itemprop=\"associatedMedia\" itemscope itemtype=\"http:\/\/schema.org\/ImageObject\"> <a href=\"https:\/\/stefan-taege.de\/kasia\/2021\/11\/01\/hauptfriedhof-mannheim-gedanken-ueber-das-sterben\/20210312_104033\/\" border=\"0\" itemprop=\"url\"> <meta itemprop=\"width\" content=\"336\"> <meta itemprop=\"height\" content=\"336\"> <img decoding=\"async\" class=\"\" data-attachment-id=\"33724\" data-orig-file=\"https:\/\/stefan-taege.de\/kasia\/wp-content\/uploads\/2021\/03\/20210312_104033-scaled.jpg\" data-orig-size=\"510,765\" data-comments-opened=\"1\" data-image-meta=\"{&quot;aperture&quot;:&quot;4&quot;,&quot;credit&quot;:&quot;&quot;,&quot;camera&quot;:&quot;ILCE-7M3&quot;,&quot;caption&quot;:&quot;&quot;,&quot;created_timestamp&quot;:&quot;1614449187&quot;,&quot;copyright&quot;:&quot;&quot;,&quot;focal_length&quot;:&quot;36&quot;,&quot;iso&quot;:&quot;320&quot;,&quot;shutter_speed&quot;:&quot;0.00625&quot;,&quot;title&quot;:&quot;&quot;,&quot;orientation&quot;:&quot;0&quot;}\" data-image-title=\"Hauptfriedhof Mannheim\" data-image-description=\"\" data-medium-file=\"https:\/\/i0.wp.com\/stefan-taege.de\/kasia\/wp-content\/uploads\/2021\/03\/20210312_104033-scaled.jpg?fit=200%2C300&#038;ssl=1\" data-large-file=\"https:\/\/i0.wp.com\/stefan-taege.de\/kasia\/wp-content\/uploads\/2021\/03\/20210312_104033-scaled.jpg?fit=683%2C1024&#038;ssl=1\" src=\"https:\/\/i0.wp.com\/stefan-taege.de\/kasia\/wp-content\/uploads\/2021\/03\/20210312_104033-scaled.jpg?w=336&#038;h=336&#038;crop=1&#038;ssl=1\" srcset=\"https:\/\/i0.wp.com\/stefan-taege.de\/kasia\/wp-content\/uploads\/2021\/03\/20210312_104033-scaled.jpg?resize=150%2C150&amp;ssl=1 150w, https:\/\/i0.wp.com\/stefan-taege.de\/kasia\/wp-content\/uploads\/2021\/03\/20210312_104033-scaled.jpg?resize=435%2C435&amp;ssl=1 435w\" width=\"336\" height=\"336\" loading=\"lazy\" data-original-width=\"336\" data-original-height=\"336\" itemprop=\"http:\/\/schema.org\/image\" title=\"Hauptfriedhof Mannheim\" alt=\"Hauptfriedhof Mannheim\" style=\"width: 336px; height: 336px;\" \/> <\/a> <\/div> <\/div> <div class=\"gallery-group\" style=\"width: 340px; height: 340px;\" data-original-width=\"340\" data-original-height=\"340\" > <div class=\"tiled-gallery-item \" itemprop=\"associatedMedia\" itemscope itemtype=\"http:\/\/schema.org\/ImageObject\"> <a href=\"https:\/\/stefan-taege.de\/kasia\/2021\/11\/01\/hauptfriedhof-mannheim-gedanken-ueber-das-sterben\/20210312_104100\/\" border=\"0\" itemprop=\"url\"> <meta itemprop=\"width\" content=\"336\"> <meta itemprop=\"height\" content=\"336\"> <img decoding=\"async\" class=\"\" data-attachment-id=\"33725\" data-orig-file=\"https:\/\/stefan-taege.de\/kasia\/wp-content\/uploads\/2021\/03\/20210312_104100-scaled.jpg\" data-orig-size=\"1020,680\" data-comments-opened=\"1\" data-image-meta=\"{&quot;aperture&quot;:&quot;4.5&quot;,&quot;credit&quot;:&quot;&quot;,&quot;camera&quot;:&quot;ILCE-7M3&quot;,&quot;caption&quot;:&quot;&quot;,&quot;created_timestamp&quot;:&quot;1614449378&quot;,&quot;copyright&quot;:&quot;&quot;,&quot;focal_length&quot;:&quot;41&quot;,&quot;iso&quot;:&quot;320&quot;,&quot;shutter_speed&quot;:&quot;0.00625&quot;,&quot;title&quot;:&quot;&quot;,&quot;orientation&quot;:&quot;0&quot;}\" data-image-title=\"Hauptfriedhof Mannheim\" data-image-description=\"\" data-medium-file=\"https:\/\/i0.wp.com\/stefan-taege.de\/kasia\/wp-content\/uploads\/2021\/03\/20210312_104100-scaled.jpg?fit=300%2C200&#038;ssl=1\" data-large-file=\"https:\/\/i0.wp.com\/stefan-taege.de\/kasia\/wp-content\/uploads\/2021\/03\/20210312_104100-scaled.jpg?fit=1020%2C680&#038;ssl=1\" src=\"https:\/\/i0.wp.com\/stefan-taege.de\/kasia\/wp-content\/uploads\/2021\/03\/20210312_104100-scaled.jpg?w=336&#038;h=336&#038;crop=1&#038;ssl=1\" srcset=\"https:\/\/i0.wp.com\/stefan-taege.de\/kasia\/wp-content\/uploads\/2021\/03\/20210312_104100-scaled.jpg?resize=150%2C150&amp;ssl=1 150w, https:\/\/i0.wp.com\/stefan-taege.de\/kasia\/wp-content\/uploads\/2021\/03\/20210312_104100-scaled.jpg?resize=435%2C435&amp;ssl=1 435w, https:\/\/i0.wp.com\/stefan-taege.de\/kasia\/wp-content\/uploads\/2021\/03\/20210312_104100-scaled.jpg?zoom=2&amp;resize=336%2C336&amp;ssl=1 672w, https:\/\/i0.wp.com\/stefan-taege.de\/kasia\/wp-content\/uploads\/2021\/03\/20210312_104100-scaled.jpg?zoom=3&amp;resize=336%2C336&amp;ssl=1 1008w\" width=\"336\" height=\"336\" loading=\"lazy\" data-original-width=\"336\" data-original-height=\"336\" itemprop=\"http:\/\/schema.org\/image\" title=\"Hauptfriedhof Mannheim\" alt=\"Hauptfriedhof Mannheim\" style=\"width: 336px; height: 336px;\" \/> <\/a> <\/div> <\/div> <div class=\"gallery-group\" style=\"width: 340px; height: 340px;\" data-original-width=\"340\" data-original-height=\"340\" > <div class=\"tiled-gallery-item \" itemprop=\"associatedMedia\" itemscope itemtype=\"http:\/\/schema.org\/ImageObject\"> <a href=\"https:\/\/stefan-taege.de\/kasia\/2021\/11\/01\/hauptfriedhof-mannheim-gedanken-ueber-das-sterben\/dsc02817\/\" border=\"0\" itemprop=\"url\"> <meta itemprop=\"width\" content=\"336\"> <meta itemprop=\"height\" content=\"336\"> <img decoding=\"async\" class=\"\" data-attachment-id=\"33726\" data-orig-file=\"https:\/\/stefan-taege.de\/kasia\/wp-content\/uploads\/2021\/03\/DSC02817-scaled.jpg\" data-orig-size=\"1020,680\" data-comments-opened=\"1\" data-image-meta=\"{&quot;aperture&quot;:&quot;5.6&quot;,&quot;credit&quot;:&quot;&quot;,&quot;camera&quot;:&quot;ILCE-7M3&quot;,&quot;caption&quot;:&quot;&quot;,&quot;created_timestamp&quot;:&quot;1614449452&quot;,&quot;copyright&quot;:&quot;&quot;,&quot;focal_length&quot;:&quot;70&quot;,&quot;iso&quot;:&quot;200&quot;,&quot;shutter_speed&quot;:&quot;0.00625&quot;,&quot;title&quot;:&quot;&quot;,&quot;orientation&quot;:&quot;1&quot;}\" data-image-title=\"Hauptfriedhof Mannheim\" data-image-description=\"\" data-medium-file=\"https:\/\/i0.wp.com\/stefan-taege.de\/kasia\/wp-content\/uploads\/2021\/03\/DSC02817-scaled.jpg?fit=300%2C200&#038;ssl=1\" data-large-file=\"https:\/\/i0.wp.com\/stefan-taege.de\/kasia\/wp-content\/uploads\/2021\/03\/DSC02817-scaled.jpg?fit=1020%2C680&#038;ssl=1\" src=\"https:\/\/i0.wp.com\/stefan-taege.de\/kasia\/wp-content\/uploads\/2021\/03\/DSC02817-scaled.jpg?w=336&#038;h=336&#038;crop=1&#038;ssl=1\" srcset=\"https:\/\/i0.wp.com\/stefan-taege.de\/kasia\/wp-content\/uploads\/2021\/03\/DSC02817-scaled.jpg?resize=150%2C150&amp;ssl=1 150w, https:\/\/i0.wp.com\/stefan-taege.de\/kasia\/wp-content\/uploads\/2021\/03\/DSC02817-scaled.jpg?resize=435%2C435&amp;ssl=1 435w, https:\/\/i0.wp.com\/stefan-taege.de\/kasia\/wp-content\/uploads\/2021\/03\/DSC02817-scaled.jpg?zoom=2&amp;resize=336%2C336&amp;ssl=1 672w, https:\/\/i0.wp.com\/stefan-taege.de\/kasia\/wp-content\/uploads\/2021\/03\/DSC02817-scaled.jpg?zoom=3&amp;resize=336%2C336&amp;ssl=1 1008w\" width=\"336\" height=\"336\" loading=\"lazy\" data-original-width=\"336\" data-original-height=\"336\" itemprop=\"http:\/\/schema.org\/image\" title=\"Hauptfriedhof Mannheim\" alt=\"Hauptfriedhof Mannheim\" style=\"width: 336px; height: 336px;\" \/> <\/a> <\/div> <\/div> <\/div> <div class=\"gallery-row\" style=\"width: 1020px; height: 340px;\" data-original-width=\"1020\" data-original-height=\"340\" > <div class=\"gallery-group\" style=\"width: 340px; height: 340px;\" data-original-width=\"340\" data-original-height=\"340\" > <div class=\"tiled-gallery-item \" itemprop=\"associatedMedia\" itemscope itemtype=\"http:\/\/schema.org\/ImageObject\"> <a href=\"https:\/\/stefan-taege.de\/kasia\/2021\/11\/01\/hauptfriedhof-mannheim-gedanken-ueber-das-sterben\/dsc02821\/\" border=\"0\" itemprop=\"url\"> <meta itemprop=\"width\" content=\"336\"> <meta itemprop=\"height\" content=\"336\"> <img decoding=\"async\" class=\"\" data-attachment-id=\"33727\" data-orig-file=\"https:\/\/stefan-taege.de\/kasia\/wp-content\/uploads\/2021\/03\/DSC02821-scaled.jpg\" data-orig-size=\"1020,680\" data-comments-opened=\"1\" data-image-meta=\"{&quot;aperture&quot;:&quot;5&quot;,&quot;credit&quot;:&quot;&quot;,&quot;camera&quot;:&quot;ILCE-7M3&quot;,&quot;caption&quot;:&quot;&quot;,&quot;created_timestamp&quot;:&quot;1614449586&quot;,&quot;copyright&quot;:&quot;&quot;,&quot;focal_length&quot;:&quot;58&quot;,&quot;iso&quot;:&quot;1000&quot;,&quot;shutter_speed&quot;:&quot;0.00625&quot;,&quot;title&quot;:&quot;&quot;,&quot;orientation&quot;:&quot;1&quot;}\" data-image-title=\"Hauptfriedhof Mannheim\" data-image-description=\"\" data-medium-file=\"https:\/\/i0.wp.com\/stefan-taege.de\/kasia\/wp-content\/uploads\/2021\/03\/DSC02821-scaled.jpg?fit=300%2C200&#038;ssl=1\" data-large-file=\"https:\/\/i0.wp.com\/stefan-taege.de\/kasia\/wp-content\/uploads\/2021\/03\/DSC02821-scaled.jpg?fit=1020%2C680&#038;ssl=1\" src=\"https:\/\/i0.wp.com\/stefan-taege.de\/kasia\/wp-content\/uploads\/2021\/03\/DSC02821-scaled.jpg?w=336&#038;h=336&#038;crop=1&#038;ssl=1\" srcset=\"https:\/\/i0.wp.com\/stefan-taege.de\/kasia\/wp-content\/uploads\/2021\/03\/DSC02821-scaled.jpg?resize=150%2C150&amp;ssl=1 150w, https:\/\/i0.wp.com\/stefan-taege.de\/kasia\/wp-content\/uploads\/2021\/03\/DSC02821-scaled.jpg?resize=435%2C435&amp;ssl=1 435w, https:\/\/i0.wp.com\/stefan-taege.de\/kasia\/wp-content\/uploads\/2021\/03\/DSC02821-scaled.jpg?zoom=2&amp;resize=336%2C336&amp;ssl=1 672w, https:\/\/i0.wp.com\/stefan-taege.de\/kasia\/wp-content\/uploads\/2021\/03\/DSC02821-scaled.jpg?zoom=3&amp;resize=336%2C336&amp;ssl=1 1008w\" width=\"336\" height=\"336\" loading=\"lazy\" data-original-width=\"336\" data-original-height=\"336\" itemprop=\"http:\/\/schema.org\/image\" title=\"Hauptfriedhof Mannheim\" alt=\"Hauptfriedhof Mannheim\" style=\"width: 336px; height: 336px;\" \/> <\/a> <\/div> <\/div> <div class=\"gallery-group\" style=\"width: 340px; height: 340px;\" data-original-width=\"340\" data-original-height=\"340\" > <div class=\"tiled-gallery-item \" itemprop=\"associatedMedia\" itemscope itemtype=\"http:\/\/schema.org\/ImageObject\"> <a href=\"https:\/\/stefan-taege.de\/kasia\/2021\/11\/01\/hauptfriedhof-mannheim-gedanken-ueber-das-sterben\/20210312_111533\/\" border=\"0\" itemprop=\"url\"> <meta itemprop=\"width\" content=\"336\"> <meta itemprop=\"height\" content=\"336\"> <img decoding=\"async\" class=\"\" data-attachment-id=\"33728\" data-orig-file=\"https:\/\/stefan-taege.de\/kasia\/wp-content\/uploads\/2021\/03\/20210312_111533-scaled.jpg\" data-orig-size=\"510,765\" data-comments-opened=\"1\" data-image-meta=\"{&quot;aperture&quot;:&quot;7.1&quot;,&quot;credit&quot;:&quot;&quot;,&quot;camera&quot;:&quot;ILCE-7M3&quot;,&quot;caption&quot;:&quot;&quot;,&quot;created_timestamp&quot;:&quot;1614449729&quot;,&quot;copyright&quot;:&quot;&quot;,&quot;focal_length&quot;:&quot;53&quot;,&quot;iso&quot;:&quot;100&quot;,&quot;shutter_speed&quot;:&quot;0.008&quot;,&quot;title&quot;:&quot;&quot;,&quot;orientation&quot;:&quot;0&quot;}\" data-image-title=\"Hauptfriedhof Mannheim\" data-image-description=\"\" data-medium-file=\"https:\/\/i0.wp.com\/stefan-taege.de\/kasia\/wp-content\/uploads\/2021\/03\/20210312_111533-scaled.jpg?fit=200%2C300&#038;ssl=1\" data-large-file=\"https:\/\/i0.wp.com\/stefan-taege.de\/kasia\/wp-content\/uploads\/2021\/03\/20210312_111533-scaled.jpg?fit=683%2C1024&#038;ssl=1\" src=\"https:\/\/i0.wp.com\/stefan-taege.de\/kasia\/wp-content\/uploads\/2021\/03\/20210312_111533-scaled.jpg?w=336&#038;h=336&#038;crop=1&#038;ssl=1\" srcset=\"https:\/\/i0.wp.com\/stefan-taege.de\/kasia\/wp-content\/uploads\/2021\/03\/20210312_111533-scaled.jpg?resize=150%2C150&amp;ssl=1 150w, https:\/\/i0.wp.com\/stefan-taege.de\/kasia\/wp-content\/uploads\/2021\/03\/20210312_111533-scaled.jpg?resize=435%2C435&amp;ssl=1 435w\" width=\"336\" height=\"336\" loading=\"lazy\" data-original-width=\"336\" data-original-height=\"336\" itemprop=\"http:\/\/schema.org\/image\" title=\"Hauptfriedhof Mannheim\" alt=\"Hauptfriedhof Mannheim\" style=\"width: 336px; height: 336px;\" \/> <\/a> <\/div> <\/div> <div class=\"gallery-group\" style=\"width: 340px; height: 340px;\" data-original-width=\"340\" data-original-height=\"340\" > <div class=\"tiled-gallery-item \" itemprop=\"associatedMedia\" itemscope itemtype=\"http:\/\/schema.org\/ImageObject\"> <a href=\"https:\/\/stefan-taege.de\/kasia\/2021\/11\/01\/hauptfriedhof-mannheim-gedanken-ueber-das-sterben\/20210312_111614\/\" border=\"0\" itemprop=\"url\"> <meta itemprop=\"width\" content=\"336\"> <meta itemprop=\"height\" content=\"336\"> <img decoding=\"async\" class=\"\" data-attachment-id=\"33729\" data-orig-file=\"https:\/\/stefan-taege.de\/kasia\/wp-content\/uploads\/2021\/03\/20210312_111614-scaled.jpg\" data-orig-size=\"1020,680\" data-comments-opened=\"1\" data-image-meta=\"{&quot;aperture&quot;:&quot;5.6&quot;,&quot;credit&quot;:&quot;&quot;,&quot;camera&quot;:&quot;ILCE-7M3&quot;,&quot;caption&quot;:&quot;&quot;,&quot;created_timestamp&quot;:&quot;1614449974&quot;,&quot;copyright&quot;:&quot;&quot;,&quot;focal_length&quot;:&quot;70&quot;,&quot;iso&quot;:&quot;800&quot;,&quot;shutter_speed&quot;:&quot;0.00625&quot;,&quot;title&quot;:&quot;&quot;,&quot;orientation&quot;:&quot;0&quot;}\" data-image-title=\"Hauptfriedhof Mannheim\" data-image-description=\"\" data-medium-file=\"https:\/\/i0.wp.com\/stefan-taege.de\/kasia\/wp-content\/uploads\/2021\/03\/20210312_111614-scaled.jpg?fit=300%2C200&#038;ssl=1\" data-large-file=\"https:\/\/i0.wp.com\/stefan-taege.de\/kasia\/wp-content\/uploads\/2021\/03\/20210312_111614-scaled.jpg?fit=1020%2C680&#038;ssl=1\" src=\"https:\/\/i0.wp.com\/stefan-taege.de\/kasia\/wp-content\/uploads\/2021\/03\/20210312_111614-scaled.jpg?w=336&#038;h=336&#038;crop=1&#038;ssl=1\" srcset=\"https:\/\/i0.wp.com\/stefan-taege.de\/kasia\/wp-content\/uploads\/2021\/03\/20210312_111614-scaled.jpg?resize=150%2C150&amp;ssl=1 150w, https:\/\/i0.wp.com\/stefan-taege.de\/kasia\/wp-content\/uploads\/2021\/03\/20210312_111614-scaled.jpg?resize=435%2C435&amp;ssl=1 435w, https:\/\/i0.wp.com\/stefan-taege.de\/kasia\/wp-content\/uploads\/2021\/03\/20210312_111614-scaled.jpg?zoom=2&amp;resize=336%2C336&amp;ssl=1 672w, https:\/\/i0.wp.com\/stefan-taege.de\/kasia\/wp-content\/uploads\/2021\/03\/20210312_111614-scaled.jpg?zoom=3&amp;resize=336%2C336&amp;ssl=1 1008w\" width=\"336\" height=\"336\" loading=\"lazy\" data-original-width=\"336\" data-original-height=\"336\" itemprop=\"http:\/\/schema.org\/image\" title=\"Hauptfriedhof Mannheim\" alt=\"Hauptfriedhof Mannheim\" style=\"width: 336px; height: 336px;\" \/> <\/a> <\/div> <\/div> <\/div> <div class=\"gallery-row\" style=\"width: 1020px; height: 340px;\" data-original-width=\"1020\" data-original-height=\"340\" > <div class=\"gallery-group\" style=\"width: 340px; height: 340px;\" data-original-width=\"340\" data-original-height=\"340\" > <div class=\"tiled-gallery-item \" itemprop=\"associatedMedia\" itemscope itemtype=\"http:\/\/schema.org\/ImageObject\"> <a href=\"https:\/\/stefan-taege.de\/kasia\/2021\/11\/01\/hauptfriedhof-mannheim-gedanken-ueber-das-sterben\/20210312_112034\/\" border=\"0\" itemprop=\"url\"> <meta itemprop=\"width\" content=\"336\"> <meta itemprop=\"height\" content=\"336\"> <img decoding=\"async\" class=\"\" data-attachment-id=\"33730\" data-orig-file=\"https:\/\/stefan-taege.de\/kasia\/wp-content\/uploads\/2021\/03\/20210312_112034-scaled.jpg\" data-orig-size=\"1020,680\" data-comments-opened=\"1\" data-image-meta=\"{&quot;aperture&quot;:&quot;4.5&quot;,&quot;credit&quot;:&quot;&quot;,&quot;camera&quot;:&quot;ILCE-7M3&quot;,&quot;caption&quot;:&quot;&quot;,&quot;created_timestamp&quot;:&quot;1614450792&quot;,&quot;copyright&quot;:&quot;&quot;,&quot;focal_length&quot;:&quot;43&quot;,&quot;iso&quot;:&quot;320&quot;,&quot;shutter_speed&quot;:&quot;0.0166666666667&quot;,&quot;title&quot;:&quot;&quot;,&quot;orientation&quot;:&quot;0&quot;}\" data-image-title=\"Hauptfriedhof Mannheim\" data-image-description=\"\" data-medium-file=\"https:\/\/i0.wp.com\/stefan-taege.de\/kasia\/wp-content\/uploads\/2021\/03\/20210312_112034-scaled.jpg?fit=300%2C200&#038;ssl=1\" data-large-file=\"https:\/\/i0.wp.com\/stefan-taege.de\/kasia\/wp-content\/uploads\/2021\/03\/20210312_112034-scaled.jpg?fit=1020%2C680&#038;ssl=1\" src=\"https:\/\/i0.wp.com\/stefan-taege.de\/kasia\/wp-content\/uploads\/2021\/03\/20210312_112034-scaled.jpg?w=336&#038;h=336&#038;crop=1&#038;ssl=1\" srcset=\"https:\/\/i0.wp.com\/stefan-taege.de\/kasia\/wp-content\/uploads\/2021\/03\/20210312_112034-scaled.jpg?resize=150%2C150&amp;ssl=1 150w, https:\/\/i0.wp.com\/stefan-taege.de\/kasia\/wp-content\/uploads\/2021\/03\/20210312_112034-scaled.jpg?resize=435%2C435&amp;ssl=1 435w, https:\/\/i0.wp.com\/stefan-taege.de\/kasia\/wp-content\/uploads\/2021\/03\/20210312_112034-scaled.jpg?zoom=2&amp;resize=336%2C336&amp;ssl=1 672w, https:\/\/i0.wp.com\/stefan-taege.de\/kasia\/wp-content\/uploads\/2021\/03\/20210312_112034-scaled.jpg?zoom=3&amp;resize=336%2C336&amp;ssl=1 1008w\" width=\"336\" height=\"336\" loading=\"lazy\" data-original-width=\"336\" data-original-height=\"336\" itemprop=\"http:\/\/schema.org\/image\" title=\"Hauptfriedhof Mannheim\" alt=\"Hauptfriedhof Mannheim\" style=\"width: 336px; height: 336px;\" \/> <\/a> <\/div> <\/div> <div class=\"gallery-group\" style=\"width: 340px; height: 340px;\" data-original-width=\"340\" data-original-height=\"340\" > <div class=\"tiled-gallery-item \" itemprop=\"associatedMedia\" itemscope itemtype=\"http:\/\/schema.org\/ImageObject\"> <a href=\"https:\/\/stefan-taege.de\/kasia\/2021\/11\/01\/hauptfriedhof-mannheim-gedanken-ueber-das-sterben\/20210312_112119\/\" border=\"0\" itemprop=\"url\"> <meta itemprop=\"width\" content=\"336\"> <meta itemprop=\"height\" content=\"336\"> <img decoding=\"async\" class=\"\" data-attachment-id=\"33731\" data-orig-file=\"https:\/\/stefan-taege.de\/kasia\/wp-content\/uploads\/2021\/03\/20210312_112119-scaled.jpg\" data-orig-size=\"1020,680\" data-comments-opened=\"1\" data-image-meta=\"{&quot;aperture&quot;:&quot;5.6&quot;,&quot;credit&quot;:&quot;&quot;,&quot;camera&quot;:&quot;ILCE-7M3&quot;,&quot;caption&quot;:&quot;&quot;,&quot;created_timestamp&quot;:&quot;1614450901&quot;,&quot;copyright&quot;:&quot;&quot;,&quot;focal_length&quot;:&quot;70&quot;,&quot;iso&quot;:&quot;800&quot;,&quot;shutter_speed&quot;:&quot;0.00625&quot;,&quot;title&quot;:&quot;&quot;,&quot;orientation&quot;:&quot;0&quot;}\" data-image-title=\"Hauptfriedhof Mannheim\" data-image-description=\"\" data-medium-file=\"https:\/\/i0.wp.com\/stefan-taege.de\/kasia\/wp-content\/uploads\/2021\/03\/20210312_112119-scaled.jpg?fit=300%2C200&#038;ssl=1\" data-large-file=\"https:\/\/i0.wp.com\/stefan-taege.de\/kasia\/wp-content\/uploads\/2021\/03\/20210312_112119-scaled.jpg?fit=1020%2C680&#038;ssl=1\" src=\"https:\/\/i0.wp.com\/stefan-taege.de\/kasia\/wp-content\/uploads\/2021\/03\/20210312_112119-scaled.jpg?w=336&#038;h=336&#038;crop=1&#038;ssl=1\" srcset=\"https:\/\/i0.wp.com\/stefan-taege.de\/kasia\/wp-content\/uploads\/2021\/03\/20210312_112119-scaled.jpg?resize=150%2C150&amp;ssl=1 150w, https:\/\/i0.wp.com\/stefan-taege.de\/kasia\/wp-content\/uploads\/2021\/03\/20210312_112119-scaled.jpg?resize=435%2C435&amp;ssl=1 435w, https:\/\/i0.wp.com\/stefan-taege.de\/kasia\/wp-content\/uploads\/2021\/03\/20210312_112119-scaled.jpg?zoom=2&amp;resize=336%2C336&amp;ssl=1 672w, https:\/\/i0.wp.com\/stefan-taege.de\/kasia\/wp-content\/uploads\/2021\/03\/20210312_112119-scaled.jpg?zoom=3&amp;resize=336%2C336&amp;ssl=1 1008w\" width=\"336\" height=\"336\" loading=\"lazy\" data-original-width=\"336\" data-original-height=\"336\" itemprop=\"http:\/\/schema.org\/image\" title=\"Hauptfriedhof Mannheim\" alt=\"Hauptfriedhof Mannheim\" style=\"width: 336px; height: 336px;\" \/> <\/a> <\/div> <\/div> <div class=\"gallery-group\" style=\"width: 340px; height: 340px;\" data-original-width=\"340\" data-original-height=\"340\" > <div class=\"tiled-gallery-item \" itemprop=\"associatedMedia\" itemscope itemtype=\"http:\/\/schema.org\/ImageObject\"> <a href=\"https:\/\/stefan-taege.de\/kasia\/2021\/11\/01\/hauptfriedhof-mannheim-gedanken-ueber-das-sterben\/20210312_112400\/\" border=\"0\" itemprop=\"url\"> <meta itemprop=\"width\" content=\"336\"> <meta itemprop=\"height\" content=\"336\"> <img decoding=\"async\" class=\"\" data-attachment-id=\"33732\" data-orig-file=\"https:\/\/stefan-taege.de\/kasia\/wp-content\/uploads\/2021\/03\/20210312_112400-scaled.jpg\" data-orig-size=\"1020,680\" data-comments-opened=\"1\" data-image-meta=\"{&quot;aperture&quot;:&quot;5.6&quot;,&quot;credit&quot;:&quot;&quot;,&quot;camera&quot;:&quot;ILCE-7M3&quot;,&quot;caption&quot;:&quot;&quot;,&quot;created_timestamp&quot;:&quot;1614451073&quot;,&quot;copyright&quot;:&quot;&quot;,&quot;focal_length&quot;:&quot;70&quot;,&quot;iso&quot;:&quot;400&quot;,&quot;shutter_speed&quot;:&quot;0.0125&quot;,&quot;title&quot;:&quot;&quot;,&quot;orientation&quot;:&quot;0&quot;}\" data-image-title=\"Hauptfriedhof Mannheim\" data-image-description=\"\" data-medium-file=\"https:\/\/i0.wp.com\/stefan-taege.de\/kasia\/wp-content\/uploads\/2021\/03\/20210312_112400-scaled.jpg?fit=300%2C200&#038;ssl=1\" data-large-file=\"https:\/\/i0.wp.com\/stefan-taege.de\/kasia\/wp-content\/uploads\/2021\/03\/20210312_112400-scaled.jpg?fit=1020%2C680&#038;ssl=1\" src=\"https:\/\/i0.wp.com\/stefan-taege.de\/kasia\/wp-content\/uploads\/2021\/03\/20210312_112400-scaled.jpg?w=336&#038;h=336&#038;crop=1&#038;ssl=1\" srcset=\"https:\/\/i0.wp.com\/stefan-taege.de\/kasia\/wp-content\/uploads\/2021\/03\/20210312_112400-scaled.jpg?resize=150%2C150&amp;ssl=1 150w, https:\/\/i0.wp.com\/stefan-taege.de\/kasia\/wp-content\/uploads\/2021\/03\/20210312_112400-scaled.jpg?resize=435%2C435&amp;ssl=1 435w, https:\/\/i0.wp.com\/stefan-taege.de\/kasia\/wp-content\/uploads\/2021\/03\/20210312_112400-scaled.jpg?zoom=2&amp;resize=336%2C336&amp;ssl=1 672w, https:\/\/i0.wp.com\/stefan-taege.de\/kasia\/wp-content\/uploads\/2021\/03\/20210312_112400-scaled.jpg?zoom=3&amp;resize=336%2C336&amp;ssl=1 1008w\" width=\"336\" height=\"336\" loading=\"lazy\" data-original-width=\"336\" data-original-height=\"336\" itemprop=\"http:\/\/schema.org\/image\" title=\"Hauptfriedhof Mannheim\" alt=\"Hauptfriedhof Mannheim\" style=\"width: 336px; height: 336px;\" \/> <\/a> <\/div> <\/div> <\/div> <div class=\"gallery-row\" style=\"width: 1020px; height: 340px;\" data-original-width=\"1020\" data-original-height=\"340\" > <div class=\"gallery-group\" style=\"width: 340px; height: 340px;\" data-original-width=\"340\" data-original-height=\"340\" > <div class=\"tiled-gallery-item \" itemprop=\"associatedMedia\" itemscope itemtype=\"http:\/\/schema.org\/ImageObject\"> <a href=\"https:\/\/stefan-taege.de\/kasia\/2021\/11\/01\/hauptfriedhof-mannheim-gedanken-ueber-das-sterben\/20210312_112629\/\" border=\"0\" itemprop=\"url\"> <meta itemprop=\"width\" content=\"336\"> <meta itemprop=\"height\" content=\"336\"> <img decoding=\"async\" class=\"\" data-attachment-id=\"33733\" data-orig-file=\"https:\/\/stefan-taege.de\/kasia\/wp-content\/uploads\/2021\/03\/20210312_112629-scaled.jpg\" data-orig-size=\"1020,680\" data-comments-opened=\"1\" data-image-meta=\"{&quot;aperture&quot;:&quot;5.6&quot;,&quot;credit&quot;:&quot;&quot;,&quot;camera&quot;:&quot;ILCE-7M3&quot;,&quot;caption&quot;:&quot;&quot;,&quot;created_timestamp&quot;:&quot;1614451140&quot;,&quot;copyright&quot;:&quot;&quot;,&quot;focal_length&quot;:&quot;70&quot;,&quot;iso&quot;:&quot;500&quot;,&quot;shutter_speed&quot;:&quot;0.00625&quot;,&quot;title&quot;:&quot;&quot;,&quot;orientation&quot;:&quot;0&quot;}\" data-image-title=\"Hauptfriedhof Mannheim\" data-image-description=\"\" data-medium-file=\"https:\/\/i0.wp.com\/stefan-taege.de\/kasia\/wp-content\/uploads\/2021\/03\/20210312_112629-scaled.jpg?fit=300%2C200&#038;ssl=1\" data-large-file=\"https:\/\/i0.wp.com\/stefan-taege.de\/kasia\/wp-content\/uploads\/2021\/03\/20210312_112629-scaled.jpg?fit=1020%2C680&#038;ssl=1\" src=\"https:\/\/i0.wp.com\/stefan-taege.de\/kasia\/wp-content\/uploads\/2021\/03\/20210312_112629-scaled.jpg?w=336&#038;h=336&#038;crop=1&#038;ssl=1\" srcset=\"https:\/\/i0.wp.com\/stefan-taege.de\/kasia\/wp-content\/uploads\/2021\/03\/20210312_112629-scaled.jpg?resize=150%2C150&amp;ssl=1 150w, https:\/\/i0.wp.com\/stefan-taege.de\/kasia\/wp-content\/uploads\/2021\/03\/20210312_112629-scaled.jpg?resize=435%2C435&amp;ssl=1 435w, https:\/\/i0.wp.com\/stefan-taege.de\/kasia\/wp-content\/uploads\/2021\/03\/20210312_112629-scaled.jpg?zoom=2&amp;resize=336%2C336&amp;ssl=1 672w, https:\/\/i0.wp.com\/stefan-taege.de\/kasia\/wp-content\/uploads\/2021\/03\/20210312_112629-scaled.jpg?zoom=3&amp;resize=336%2C336&amp;ssl=1 1008w\" width=\"336\" height=\"336\" loading=\"lazy\" data-original-width=\"336\" data-original-height=\"336\" itemprop=\"http:\/\/schema.org\/image\" title=\"Hauptfriedhof Mannheim\" alt=\"Hauptfriedhof Mannheim\" style=\"width: 336px; height: 336px;\" \/> <\/a> <\/div> <\/div> <div class=\"gallery-group\" style=\"width: 340px; height: 340px;\" data-original-width=\"340\" data-original-height=\"340\" > <div class=\"tiled-gallery-item \" itemprop=\"associatedMedia\" itemscope itemtype=\"http:\/\/schema.org\/ImageObject\"> <a href=\"https:\/\/stefan-taege.de\/kasia\/2021\/11\/01\/hauptfriedhof-mannheim-gedanken-ueber-das-sterben\/20210312_112707\/\" border=\"0\" itemprop=\"url\"> <meta itemprop=\"width\" content=\"336\"> <meta itemprop=\"height\" content=\"336\"> <img decoding=\"async\" class=\"\" data-attachment-id=\"33734\" data-orig-file=\"https:\/\/stefan-taege.de\/kasia\/wp-content\/uploads\/2021\/03\/20210312_112707-scaled.jpg\" data-orig-size=\"510,765\" data-comments-opened=\"1\" data-image-meta=\"{&quot;aperture&quot;:&quot;5.6&quot;,&quot;credit&quot;:&quot;&quot;,&quot;camera&quot;:&quot;ILCE-7M3&quot;,&quot;caption&quot;:&quot;&quot;,&quot;created_timestamp&quot;:&quot;1614451178&quot;,&quot;copyright&quot;:&quot;&quot;,&quot;focal_length&quot;:&quot;70&quot;,&quot;iso&quot;:&quot;320&quot;,&quot;shutter_speed&quot;:&quot;0.0125&quot;,&quot;title&quot;:&quot;&quot;,&quot;orientation&quot;:&quot;0&quot;}\" data-image-title=\"Hauptfriedhof Mannheim\" data-image-description=\"\" data-medium-file=\"https:\/\/i0.wp.com\/stefan-taege.de\/kasia\/wp-content\/uploads\/2021\/03\/20210312_112707-scaled.jpg?fit=200%2C300&#038;ssl=1\" data-large-file=\"https:\/\/i0.wp.com\/stefan-taege.de\/kasia\/wp-content\/uploads\/2021\/03\/20210312_112707-scaled.jpg?fit=683%2C1024&#038;ssl=1\" src=\"https:\/\/i0.wp.com\/stefan-taege.de\/kasia\/wp-content\/uploads\/2021\/03\/20210312_112707-scaled.jpg?w=336&#038;h=336&#038;crop=1&#038;ssl=1\" srcset=\"https:\/\/i0.wp.com\/stefan-taege.de\/kasia\/wp-content\/uploads\/2021\/03\/20210312_112707-scaled.jpg?resize=150%2C150&amp;ssl=1 150w, https:\/\/i0.wp.com\/stefan-taege.de\/kasia\/wp-content\/uploads\/2021\/03\/20210312_112707-scaled.jpg?resize=435%2C435&amp;ssl=1 435w\" width=\"336\" height=\"336\" loading=\"lazy\" data-original-width=\"336\" data-original-height=\"336\" itemprop=\"http:\/\/schema.org\/image\" title=\"Hauptfriedhof Mannheim\" alt=\"Hauptfriedhof Mannheim\" style=\"width: 336px; height: 336px;\" \/> <\/a> <\/div> <\/div> <div class=\"gallery-group\" style=\"width: 340px; height: 340px;\" data-original-width=\"340\" data-original-height=\"340\" > <div class=\"tiled-gallery-item \" itemprop=\"associatedMedia\" itemscope itemtype=\"http:\/\/schema.org\/ImageObject\"> <a href=\"https:\/\/stefan-taege.de\/kasia\/2021\/11\/01\/hauptfriedhof-mannheim-gedanken-ueber-das-sterben\/20210312_112934\/\" border=\"0\" itemprop=\"url\"> <meta itemprop=\"width\" content=\"336\"> <meta itemprop=\"height\" content=\"336\"> <img decoding=\"async\" class=\"\" data-attachment-id=\"33735\" data-orig-file=\"https:\/\/stefan-taege.de\/kasia\/wp-content\/uploads\/2021\/03\/20210312_112934-scaled.jpg\" data-orig-size=\"1020,680\" data-comments-opened=\"1\" data-image-meta=\"{&quot;aperture&quot;:&quot;4.5&quot;,&quot;credit&quot;:&quot;&quot;,&quot;camera&quot;:&quot;ILCE-7M3&quot;,&quot;caption&quot;:&quot;&quot;,&quot;created_timestamp&quot;:&quot;1614451280&quot;,&quot;copyright&quot;:&quot;&quot;,&quot;focal_length&quot;:&quot;49&quot;,&quot;iso&quot;:&quot;320&quot;,&quot;shutter_speed&quot;:&quot;0.00625&quot;,&quot;title&quot;:&quot;&quot;,&quot;orientation&quot;:&quot;0&quot;}\" data-image-title=\"Hauptfriedhof Mannheim\" data-image-description=\"\" data-medium-file=\"https:\/\/i0.wp.com\/stefan-taege.de\/kasia\/wp-content\/uploads\/2021\/03\/20210312_112934-scaled.jpg?fit=300%2C200&#038;ssl=1\" data-large-file=\"https:\/\/i0.wp.com\/stefan-taege.de\/kasia\/wp-content\/uploads\/2021\/03\/20210312_112934-scaled.jpg?fit=1020%2C680&#038;ssl=1\" src=\"https:\/\/i0.wp.com\/stefan-taege.de\/kasia\/wp-content\/uploads\/2021\/03\/20210312_112934-scaled.jpg?w=336&#038;h=336&#038;crop=1&#038;ssl=1\" srcset=\"https:\/\/i0.wp.com\/stefan-taege.de\/kasia\/wp-content\/uploads\/2021\/03\/20210312_112934-scaled.jpg?resize=150%2C150&amp;ssl=1 150w, https:\/\/i0.wp.com\/stefan-taege.de\/kasia\/wp-content\/uploads\/2021\/03\/20210312_112934-scaled.jpg?resize=435%2C435&amp;ssl=1 435w, https:\/\/i0.wp.com\/stefan-taege.de\/kasia\/wp-content\/uploads\/2021\/03\/20210312_112934-scaled.jpg?zoom=2&amp;resize=336%2C336&amp;ssl=1 672w, https:\/\/i0.wp.com\/stefan-taege.de\/kasia\/wp-content\/uploads\/2021\/03\/20210312_112934-scaled.jpg?zoom=3&amp;resize=336%2C336&amp;ssl=1 1008w\" width=\"336\" height=\"336\" loading=\"lazy\" data-original-width=\"336\" data-original-height=\"336\" itemprop=\"http:\/\/schema.org\/image\" title=\"Hauptfriedhof Mannheim\" alt=\"Hauptfriedhof Mannheim\" style=\"width: 336px; height: 336px;\" \/> <\/a> <\/div> <\/div> <\/div> <div class=\"gallery-row\" style=\"width: 1020px; height: 340px;\" data-original-width=\"1020\" data-original-height=\"340\" > <div class=\"gallery-group\" style=\"width: 340px; height: 340px;\" data-original-width=\"340\" data-original-height=\"340\" > <div class=\"tiled-gallery-item \" itemprop=\"associatedMedia\" itemscope itemtype=\"http:\/\/schema.org\/ImageObject\"> <a href=\"https:\/\/stefan-taege.de\/kasia\/2021\/11\/01\/hauptfriedhof-mannheim-gedanken-ueber-das-sterben\/20210312_113117\/\" border=\"0\" itemprop=\"url\"> <meta itemprop=\"width\" content=\"336\"> <meta itemprop=\"height\" content=\"336\"> <img decoding=\"async\" class=\"\" data-attachment-id=\"33736\" data-orig-file=\"https:\/\/stefan-taege.de\/kasia\/wp-content\/uploads\/2021\/03\/20210312_113117-scaled.jpg\" data-orig-size=\"510,765\" data-comments-opened=\"1\" data-image-meta=\"{&quot;aperture&quot;:&quot;5.6&quot;,&quot;credit&quot;:&quot;&quot;,&quot;camera&quot;:&quot;ILCE-7M3&quot;,&quot;caption&quot;:&quot;&quot;,&quot;created_timestamp&quot;:&quot;1614451433&quot;,&quot;copyright&quot;:&quot;&quot;,&quot;focal_length&quot;:&quot;40&quot;,&quot;iso&quot;:&quot;100&quot;,&quot;shutter_speed&quot;:&quot;0.008&quot;,&quot;title&quot;:&quot;&quot;,&quot;orientation&quot;:&quot;0&quot;}\" data-image-title=\"Hauptfriedhof Mannheim\" data-image-description=\"\" data-medium-file=\"https:\/\/i0.wp.com\/stefan-taege.de\/kasia\/wp-content\/uploads\/2021\/03\/20210312_113117-scaled.jpg?fit=200%2C300&#038;ssl=1\" data-large-file=\"https:\/\/i0.wp.com\/stefan-taege.de\/kasia\/wp-content\/uploads\/2021\/03\/20210312_113117-scaled.jpg?fit=683%2C1024&#038;ssl=1\" src=\"https:\/\/i0.wp.com\/stefan-taege.de\/kasia\/wp-content\/uploads\/2021\/03\/20210312_113117-scaled.jpg?w=336&#038;h=336&#038;crop=1&#038;ssl=1\" srcset=\"https:\/\/i0.wp.com\/stefan-taege.de\/kasia\/wp-content\/uploads\/2021\/03\/20210312_113117-scaled.jpg?resize=150%2C150&amp;ssl=1 150w, https:\/\/i0.wp.com\/stefan-taege.de\/kasia\/wp-content\/uploads\/2021\/03\/20210312_113117-scaled.jpg?resize=435%2C435&amp;ssl=1 435w\" width=\"336\" height=\"336\" loading=\"lazy\" data-original-width=\"336\" data-original-height=\"336\" itemprop=\"http:\/\/schema.org\/image\" title=\"Hauptfriedhof Mannheim\" alt=\"Hauptfriedhof Mannheim\" style=\"width: 336px; height: 336px;\" \/> <\/a> <\/div> <\/div> <div class=\"gallery-group\" style=\"width: 340px; height: 340px;\" data-original-width=\"340\" data-original-height=\"340\" > <div class=\"tiled-gallery-item \" itemprop=\"associatedMedia\" itemscope itemtype=\"http:\/\/schema.org\/ImageObject\"> <a href=\"https:\/\/stefan-taege.de\/kasia\/2021\/11\/01\/hauptfriedhof-mannheim-gedanken-ueber-das-sterben\/20210312_113139\/\" border=\"0\" itemprop=\"url\"> <meta itemprop=\"width\" content=\"336\"> <meta itemprop=\"height\" content=\"336\"> <img decoding=\"async\" class=\"\" data-attachment-id=\"33737\" data-orig-file=\"https:\/\/stefan-taege.de\/kasia\/wp-content\/uploads\/2021\/03\/20210312_113139-scaled.jpg\" data-orig-size=\"1020,680\" data-comments-opened=\"1\" data-image-meta=\"{&quot;aperture&quot;:&quot;5&quot;,&quot;credit&quot;:&quot;&quot;,&quot;camera&quot;:&quot;ILCE-7M3&quot;,&quot;caption&quot;:&quot;&quot;,&quot;created_timestamp&quot;:&quot;1614451513&quot;,&quot;copyright&quot;:&quot;&quot;,&quot;focal_length&quot;:&quot;56&quot;,&quot;iso&quot;:&quot;160&quot;,&quot;shutter_speed&quot;:&quot;0.00625&quot;,&quot;title&quot;:&quot;&quot;,&quot;orientation&quot;:&quot;0&quot;}\" data-image-title=\"Hauptfriedhof Mannheim\" data-image-description=\"\" data-medium-file=\"https:\/\/i0.wp.com\/stefan-taege.de\/kasia\/wp-content\/uploads\/2021\/03\/20210312_113139-scaled.jpg?fit=300%2C200&#038;ssl=1\" data-large-file=\"https:\/\/i0.wp.com\/stefan-taege.de\/kasia\/wp-content\/uploads\/2021\/03\/20210312_113139-scaled.jpg?fit=1020%2C680&#038;ssl=1\" src=\"https:\/\/i0.wp.com\/stefan-taege.de\/kasia\/wp-content\/uploads\/2021\/03\/20210312_113139-scaled.jpg?w=336&#038;h=336&#038;crop=1&#038;ssl=1\" srcset=\"https:\/\/i0.wp.com\/stefan-taege.de\/kasia\/wp-content\/uploads\/2021\/03\/20210312_113139-scaled.jpg?resize=150%2C150&amp;ssl=1 150w, https:\/\/i0.wp.com\/stefan-taege.de\/kasia\/wp-content\/uploads\/2021\/03\/20210312_113139-scaled.jpg?resize=435%2C435&amp;ssl=1 435w, https:\/\/i0.wp.com\/stefan-taege.de\/kasia\/wp-content\/uploads\/2021\/03\/20210312_113139-scaled.jpg?zoom=2&amp;resize=336%2C336&amp;ssl=1 672w, https:\/\/i0.wp.com\/stefan-taege.de\/kasia\/wp-content\/uploads\/2021\/03\/20210312_113139-scaled.jpg?zoom=3&amp;resize=336%2C336&amp;ssl=1 1008w\" width=\"336\" height=\"336\" loading=\"lazy\" data-original-width=\"336\" data-original-height=\"336\" itemprop=\"http:\/\/schema.org\/image\" title=\"Hauptfriedhof Mannheim\" alt=\"Hauptfriedhof Mannheim\" style=\"width: 336px; height: 336px;\" \/> <\/a> <\/div> <\/div> <div class=\"gallery-group\" style=\"width: 340px; height: 340px;\" data-original-width=\"340\" data-original-height=\"340\" > <div class=\"tiled-gallery-item \" itemprop=\"associatedMedia\" itemscope itemtype=\"http:\/\/schema.org\/ImageObject\"> <a href=\"https:\/\/stefan-taege.de\/kasia\/2021\/11\/01\/hauptfriedhof-mannheim-gedanken-ueber-das-sterben\/20210312_113323\/\" border=\"0\" itemprop=\"url\"> <meta itemprop=\"width\" content=\"336\"> <meta itemprop=\"height\" content=\"336\"> <img decoding=\"async\" class=\"\" data-attachment-id=\"33738\" data-orig-file=\"https:\/\/stefan-taege.de\/kasia\/wp-content\/uploads\/2021\/03\/20210312_113323-scaled.jpg\" data-orig-size=\"1020,680\" data-comments-opened=\"1\" data-image-meta=\"{&quot;aperture&quot;:&quot;8&quot;,&quot;credit&quot;:&quot;&quot;,&quot;camera&quot;:&quot;ILCE-7M3&quot;,&quot;caption&quot;:&quot;&quot;,&quot;created_timestamp&quot;:&quot;1614451611&quot;,&quot;copyright&quot;:&quot;&quot;,&quot;focal_length&quot;:&quot;37&quot;,&quot;iso&quot;:&quot;100&quot;,&quot;shutter_speed&quot;:&quot;0.008&quot;,&quot;title&quot;:&quot;&quot;,&quot;orientation&quot;:&quot;0&quot;}\" data-image-title=\"Hauptfriedhof Mannheim\" data-image-description=\"\" data-medium-file=\"https:\/\/i0.wp.com\/stefan-taege.de\/kasia\/wp-content\/uploads\/2021\/03\/20210312_113323-scaled.jpg?fit=300%2C200&#038;ssl=1\" data-large-file=\"https:\/\/i0.wp.com\/stefan-taege.de\/kasia\/wp-content\/uploads\/2021\/03\/20210312_113323-scaled.jpg?fit=1020%2C680&#038;ssl=1\" src=\"https:\/\/i0.wp.com\/stefan-taege.de\/kasia\/wp-content\/uploads\/2021\/03\/20210312_113323-scaled.jpg?w=336&#038;h=336&#038;crop=1&#038;ssl=1\" srcset=\"https:\/\/i0.wp.com\/stefan-taege.de\/kasia\/wp-content\/uploads\/2021\/03\/20210312_113323-scaled.jpg?resize=150%2C150&amp;ssl=1 150w, https:\/\/i0.wp.com\/stefan-taege.de\/kasia\/wp-content\/uploads\/2021\/03\/20210312_113323-scaled.jpg?resize=435%2C435&amp;ssl=1 435w, https:\/\/i0.wp.com\/stefan-taege.de\/kasia\/wp-content\/uploads\/2021\/03\/20210312_113323-scaled.jpg?zoom=2&amp;resize=336%2C336&amp;ssl=1 672w, https:\/\/i0.wp.com\/stefan-taege.de\/kasia\/wp-content\/uploads\/2021\/03\/20210312_113323-scaled.jpg?zoom=3&amp;resize=336%2C336&amp;ssl=1 1008w\" width=\"336\" height=\"336\" loading=\"lazy\" data-original-width=\"336\" data-original-height=\"336\" itemprop=\"http:\/\/schema.org\/image\" title=\"Hauptfriedhof Mannheim\" alt=\"Hauptfriedhof Mannheim\" style=\"width: 336px; height: 336px;\" \/> <\/a> <\/div> <\/div> <\/div> <\/div>\n<p><em>Leseempfehlung:<\/em><\/p>\n<p><em>Viele Gedanken \u00fcber Friedh\u00f6fe und unsere tabuisierte Einstellung zu ihnen macht sich Ulrike in ihrem Beitrag: <a href=\"https:\/\/www.bambooblog.de\/oejendorfer-friedhof-hamburg-ort-des-lebens\/\" target=\"_blank\" rel=\"noopener\">Friedhof Hamburg &#8211; Ort des Lebens<\/a>. Sie nimmt dich mit auf einen Rundgang \u00fcber den Hamburger Friedhof und erz\u00e4hlt dir, warum sie so gerne auf Friedh\u00f6fen spazieren geht&#8230;<\/em><\/p>\n<p><em>Stefan von <a href=\"https:\/\/stefan-taege.de\/2021\/05\/05\/von-geheimraethen-wuchtigen-felsen-und-rassenforschern\/\" target=\"_blank\" rel=\"noopener\">digitalPainting<\/a> erz\u00e4hlt euch vom Heidelberger Bergfriedhof und Menschen, die dort begraben sind: Mathematiker, Professoren, Astronomen, Kriegsgefallene und ein gewisser &#8222;Rassenforscher&#8220;&#8230;\u00a0<\/em><\/p>\n<div class=\"shariff shariff-align-left shariff-widget-align-left\" data-services=\"facebook%7Cpinterest%7Ctumblr\" data-url=\"https:\/\/stefan-taege.de\/kasia\/2021\/11\/01\/hauptfriedhof-mannheim-gedanken-ueber-das-sterben\/\" data-timestamp=\"1690554772\" data-backendurl=\"https:\/\/stefan-taege.de\/kasia\/wp-json\/shariff\/v1\/share_counts?\"><ul class=\"shariff-buttons theme-round orientation-horizontal buttonsize-medium\"><li class=\"shariff-button twitter shariff-nocustomcolor\" style=\"background-color:#595959\"><a href=\"https:\/\/twitter.com\/share?url=https%3A%2F%2Fstefan-taege.de%2Fkasia%2F2021%2F11%2F01%2Fhauptfriedhof-mannheim-gedanken-ueber-das-sterben%2F&text=Hauptfriedhof%20Mannheim%20%E2%80%93%20Gedanken%20%C3%BCber%20das%20Sterben\" title=\"Bei X teilen\" aria-label=\"Bei X teilen\" role=\"button\" rel=\"noopener nofollow\" class=\"shariff-link\" style=\"; background-color:#000; color:#fff\" target=\"_blank\"><span class=\"shariff-icon\" style=\"\"><svg width=\"32px\" height=\"20px\" xmlns=\"http:\/\/www.w3.org\/2000\/svg\" viewBox=\"0 0 24 24\"><path fill=\"#000\" d=\"M14.258 10.152L23.176 0h-2.113l-7.747 8.813L7.133 0H0l9.352 13.328L0 23.973h2.113l8.176-9.309 6.531 9.309h7.133zm-2.895 3.293l-.949-1.328L2.875 1.56h3.246l6.086 8.523.945 1.328 7.91 11.078h-3.246zm0 0\"\/><\/svg><\/span><\/a><\/li><li class=\"shariff-button facebook shariff-nocustomcolor\" style=\"background-color:#4273c8\"><a href=\"https:\/\/www.facebook.com\/sharer\/sharer.php?u=https%3A%2F%2Fstefan-taege.de%2Fkasia%2F2021%2F11%2F01%2Fhauptfriedhof-mannheim-gedanken-ueber-das-sterben%2F\" title=\"Bei Facebook teilen\" aria-label=\"Bei Facebook teilen\" role=\"button\" rel=\"nofollow\" class=\"shariff-link\" style=\"; background-color:#3b5998; color:#fff\" target=\"_blank\"><span class=\"shariff-icon\" style=\"\"><svg width=\"32px\" height=\"20px\" xmlns=\"http:\/\/www.w3.org\/2000\/svg\" viewBox=\"0 0 18 32\"><path fill=\"#3b5998\" d=\"M17.1 0.2v4.7h-2.8q-1.5 0-2.1 0.6t-0.5 1.9v3.4h5.2l-0.7 5.3h-4.5v13.6h-5.5v-13.6h-4.5v-5.3h4.5v-3.9q0-3.3 1.9-5.2t5-1.8q2.6 0 4.1 0.2z\"\/><\/svg><\/span><span data-service=\"facebook\" style=\"color:#3b5998\" class=\"shariff-count shariff-hidezero\"><\/span>&nbsp;<\/a><\/li><li class=\"shariff-button pinterest shariff-nocustomcolor\" style=\"background-color:#e70f18\"><a href=\"https:\/\/www.pinterest.com\/pin\/create\/link\/?url=https%3A%2F%2Fstefan-taege.de%2Fkasia%2F2021%2F11%2F01%2Fhauptfriedhof-mannheim-gedanken-ueber-das-sterben%2F&media=https%3A%2F%2Fstefan-taege.de%2Fkasia%2Fwp-content%2Fuploads%2F2021%2F03%2FDSC02837-scaled-e1615551305153.jpg&description=Hauptfriedhof%20Mannheim%20%E2%80%93%20Gedanken%20%C3%BCber%20das%20Sterben\" title=\"Bei Pinterest pinnen\" aria-label=\"Bei Pinterest pinnen\" role=\"button\" rel=\"noopener nofollow\" class=\"shariff-link\" style=\"; background-color:#cb2027; color:#fff\" target=\"_blank\"><span class=\"shariff-icon\" style=\"\"><svg width=\"32px\" height=\"20px\" xmlns=\"http:\/\/www.w3.org\/2000\/svg\" viewBox=\"0 0 27 32\"><path fill=\"#cb2027\" d=\"M27.4 16q0 3.7-1.8 6.9t-5 5-6.9 1.9q-2 0-3.9-0.6 1.1-1.7 1.4-2.9 0.2-0.6 1-3.8 0.4 0.7 1.3 1.2t2 0.5q2.1 0 3.8-1.2t2.7-3.4 0.9-4.8q0-2-1.1-3.8t-3.1-2.9-4.5-1.2q-1.9 0-3.5 0.5t-2.8 1.4-2 2-1.2 2.3-0.4 2.4q0 1.9 0.7 3.3t2.1 2q0.5 0.2 0.7-0.4 0-0.1 0.1-0.5t0.2-0.5q0.1-0.4-0.2-0.8-0.9-1.1-0.9-2.7 0-2.7 1.9-4.6t4.9-2q2.7 0 4.2 1.5t1.5 3.8q0 3-1.2 5.2t-3.1 2.1q-1.1 0-1.7-0.8t-0.4-1.9q0.1-0.6 0.5-1.7t0.5-1.8 0.2-1.4q0-0.9-0.5-1.5t-1.4-0.6q-1.1 0-1.9 1t-0.8 2.6q0 1.3 0.4 2.2l-1.8 7.5q-0.3 1.2-0.2 3.2-3.7-1.6-6-5t-2.3-7.6q0-3.7 1.9-6.9t5-5 6.9-1.9 6.9 1.9 5 5 1.8 6.9z\"\/><\/svg><\/span><span data-service=\"pinterest\" style=\"color:#cb2027\" class=\"shariff-count\"> 0<\/span>&nbsp;<\/a><\/li><li class=\"shariff-button tumblr shariff-nocustomcolor\" style=\"background-color:#529ecc\"><a href=\"https:\/\/www.tumblr.com\/widgets\/share\/tool?posttype=link&canonicalUrl=https%3A%2F%2Fstefan-taege.de%2Fkasia%2F2021%2F11%2F01%2Fhauptfriedhof-mannheim-gedanken-ueber-das-sterben%2F&tags=stefan-taege.de\" title=\"Bei tumblr teilen\" aria-label=\"Bei tumblr teilen\" role=\"button\" rel=\"noopener nofollow\" class=\"shariff-link\" style=\"; background-color:#36465d; color:#fff\" target=\"_blank\"><span class=\"shariff-icon\" style=\"\"><svg width=\"32px\" height=\"20px\" xmlns=\"http:\/\/www.w3.org\/2000\/svg\" viewBox=\"0 0 32 32\"><path fill=\"#36465d\" d=\"M18 14l0 7.3c0 1.9 0 2.9 0.2 3.5 0.2 0.5 0.7 1.1 1.2 1.4 0.7 0.4 1.5 0.6 2.4 0.6 1.6 0 2.6-0.2 4.2-1.3v4.8c-1.4 0.6-2.6 1-3.7 1.3-1.1 0.3-2.3 0.4-3.6 0.4-1.5 0-2.3-0.2-3.4-0.6-1.1-0.4-2.1-0.9-2.9-1.6-0.8-0.7-1.3-1.4-1.7-2.2s-0.5-1.9-0.5-3.4v-11.2h-4.3v-4.5c1.3-0.4 2.7-1 3.6-1.8 0.9-0.8 1.6-1.7 2.2-2.7 0.5-1.1 0.9-2.4 1.1-4.1h5.2l0 8h8v6h-8z\"\/><\/svg><\/span><span data-service=\"tumblr\" style=\"color:#36465d\" class=\"shariff-count\"> 0<\/span>&nbsp;<\/a><\/li><li class=\"shariff-button xing shariff-nocustomcolor\" style=\"background-color:#29888a\"><a href=\"https:\/\/www.xing.com\/spi\/shares\/new?url=https%3A%2F%2Fstefan-taege.de%2Fkasia%2F2021%2F11%2F01%2Fhauptfriedhof-mannheim-gedanken-ueber-das-sterben%2F\" title=\"Bei XING teilen\" aria-label=\"Bei XING teilen\" role=\"button\" rel=\"noopener nofollow\" class=\"shariff-link\" style=\"; background-color:#126567; color:#fff\" target=\"_blank\"><span class=\"shariff-icon\" style=\"\"><svg width=\"32px\" height=\"20px\" xmlns=\"http:\/\/www.w3.org\/2000\/svg\" viewBox=\"0 0 25 32\"><path fill=\"#126567\" d=\"M10.7 11.9q-0.2 0.3-4.6 8.2-0.5 0.8-1.2 0.8h-4.3q-0.4 0-0.5-0.3t0-0.6l4.5-8q0 0 0 0l-2.9-5q-0.2-0.4 0-0.7 0.2-0.3 0.5-0.3h4.3q0.7 0 1.2 0.8zM25.1 0.4q0.2 0.3 0 0.7l-9.4 16.7 6 11q0.2 0.4 0 0.6-0.2 0.3-0.6 0.3h-4.3q-0.7 0-1.2-0.8l-6-11.1q0.3-0.6 9.5-16.8 0.4-0.8 1.2-0.8h4.3q0.4 0 0.5 0.3z\"\/><\/svg><\/span><\/a><\/li><li class=\"shariff-button rss shariff-nocustomcolor\" style=\"background-color:#ff8c00\"><a href=\"https:\/\/stefan-taege.de\/kasia\/feed\/rss\/\" title=\"RSS-feed\" aria-label=\"RSS-feed\" role=\"button\" class=\"shariff-link\" style=\"; background-color:#fe9312; color:#fff\" target=\"_blank\"><span class=\"shariff-icon\" style=\"\"><svg width=\"32px\" height=\"20px\" xmlns=\"http:\/\/www.w3.org\/2000\/svg\" viewBox=\"0 0 32 32\"><path fill=\"#fe9312\" d=\"M4.3 23.5c-2.3 0-4.3 1.9-4.3 4.3 0 2.3 1.9 4.2 4.3 4.2 2.4 0 4.3-1.9 4.3-4.2 0-2.3-1.9-4.3-4.3-4.3zM0 10.9v6.1c4 0 7.7 1.6 10.6 4.4 2.8 2.8 4.4 6.6 4.4 10.6h6.2c0-11.7-9.5-21.1-21.1-21.1zM0 0v6.1c14.2 0 25.8 11.6 25.8 25.9h6.2c0-17.6-14.4-32-32-32z\"\/><\/svg><\/span><\/a><\/li><li class=\"shariff-button linkedin shariff-nocustomcolor\" style=\"background-color:#1488bf\"><a href=\"https:\/\/www.linkedin.com\/sharing\/share-offsite\/?url=https%3A%2F%2Fstefan-taege.de%2Fkasia%2F2021%2F11%2F01%2Fhauptfriedhof-mannheim-gedanken-ueber-das-sterben%2F\" title=\"Bei LinkedIn teilen\" aria-label=\"Bei LinkedIn teilen\" role=\"button\" rel=\"noopener nofollow\" class=\"shariff-link\" style=\"; background-color:#0077b5; color:#fff\" target=\"_blank\"><span class=\"shariff-icon\" style=\"\"><svg width=\"32px\" height=\"20px\" xmlns=\"http:\/\/www.w3.org\/2000\/svg\" viewBox=\"0 0 27 32\"><path fill=\"#0077b5\" d=\"M6.2 11.2v17.7h-5.9v-17.7h5.9zM6.6 5.7q0 1.3-0.9 2.2t-2.4 0.9h0q-1.5 0-2.4-0.9t-0.9-2.2 0.9-2.2 2.4-0.9 2.4 0.9 0.9 2.2zM27.4 18.7v10.1h-5.9v-9.5q0-1.9-0.7-2.9t-2.3-1.1q-1.1 0-1.9 0.6t-1.2 1.5q-0.2 0.5-0.2 1.4v9.9h-5.9q0-7.1 0-11.6t0-5.3l0-0.9h5.9v2.6h0q0.4-0.6 0.7-1t1-0.9 1.6-0.8 2-0.3q3 0 4.9 2t1.9 6z\"\/><\/svg><\/span><\/a><\/li><\/ul><\/div>","protected":false},"excerpt":{"rendered":"<p>Was mich fasziniert, sind die Zahlen. Zahlen auf den Grabsteinen, die die Lebensspanne eines Menschen umfassen. Ich n\u00e4here mich und &hellip; <\/p>\n","protected":false},"author":1,"featured_media":33739,"comment_status":"open","ping_status":"open","sticky":false,"template":"","format":"standard","meta":{"jetpack_post_was_ever_published":false,"_jetpack_newsletter_access":"","_jetpack_dont_email_post_to_subs":false,"_jetpack_newsletter_tier_id":0,"_jetpack_memberships_contains_paywalled_content":false,"footnotes":"","_jetpack_memberships_contains_paid_content":false},"categories":[880,1292],"tags":[2912,2452,2913],"yoast_head":"<!-- This site is optimized with the Yoast SEO plugin v23.5 - https:\/\/yoast.com\/wordpress\/plugins\/seo\/ -->\n<title>Hauptfriedhof Mannheim - Gedanken \u00fcber das Sterben - windrose.rocks<\/title>\n<meta name=\"robots\" content=\"index, follow, max-snippet:-1, max-image-preview:large, max-video-preview:-1\" \/>\n<link rel=\"canonical\" href=\"https:\/\/stefan-taege.de\/kasia\/2021\/11\/01\/hauptfriedhof-mannheim-gedanken-ueber-das-sterben\/\" \/>\n<meta name=\"twitter:label1\" content=\"Verfasst von\" \/>\n\t<meta name=\"twitter:data1\" content=\"Kasia\" \/>\n\t<meta name=\"twitter:label2\" content=\"Gesch\u00e4tzte Lesezeit\" \/>\n\t<meta name=\"twitter:data2\" content=\"4\u00a0Minuten\" \/>\n<script type=\"application\/ld+json\" class=\"yoast-schema-graph\">{\"@context\":\"https:\/\/schema.org\",\"@graph\":[{\"@type\":\"WebPage\",\"@id\":\"https:\/\/stefan-taege.de\/kasia\/2021\/11\/01\/hauptfriedhof-mannheim-gedanken-ueber-das-sterben\/\",\"url\":\"https:\/\/stefan-taege.de\/kasia\/2021\/11\/01\/hauptfriedhof-mannheim-gedanken-ueber-das-sterben\/\",\"name\":\"Hauptfriedhof Mannheim - Gedanken \u00fcber das Sterben - windrose.rocks\",\"isPartOf\":{\"@id\":\"https:\/\/stefan-taege.de\/kasia\/#website\"},\"primaryImageOfPage\":{\"@id\":\"https:\/\/stefan-taege.de\/kasia\/2021\/11\/01\/hauptfriedhof-mannheim-gedanken-ueber-das-sterben\/#primaryimage\"},\"image\":{\"@id\":\"https:\/\/stefan-taege.de\/kasia\/2021\/11\/01\/hauptfriedhof-mannheim-gedanken-ueber-das-sterben\/#primaryimage\"},\"thumbnailUrl\":\"https:\/\/i0.wp.com\/stefan-taege.de\/kasia\/wp-content\/uploads\/2021\/03\/DSC02837-scaled-e1615551305153.jpg?fit=1020%2C680&ssl=1\",\"datePublished\":\"2021-11-01T07:00:19+00:00\",\"dateModified\":\"2023-07-28T12:32:52+00:00\",\"author\":{\"@id\":\"https:\/\/stefan-taege.de\/kasia\/#\/schema\/person\/873b01562fbd03e9caa51512b2cb800f\"},\"breadcrumb\":{\"@id\":\"https:\/\/stefan-taege.de\/kasia\/2021\/11\/01\/hauptfriedhof-mannheim-gedanken-ueber-das-sterben\/#breadcrumb\"},\"inLanguage\":\"de\",\"potentialAction\":[{\"@type\":\"ReadAction\",\"target\":[\"https:\/\/stefan-taege.de\/kasia\/2021\/11\/01\/hauptfriedhof-mannheim-gedanken-ueber-das-sterben\/\"]}]},{\"@type\":\"ImageObject\",\"inLanguage\":\"de\",\"@id\":\"https:\/\/stefan-taege.de\/kasia\/2021\/11\/01\/hauptfriedhof-mannheim-gedanken-ueber-das-sterben\/#primaryimage\",\"url\":\"https:\/\/i0.wp.com\/stefan-taege.de\/kasia\/wp-content\/uploads\/2021\/03\/DSC02837-scaled-e1615551305153.jpg?fit=1020%2C680&ssl=1\",\"contentUrl\":\"https:\/\/i0.wp.com\/stefan-taege.de\/kasia\/wp-content\/uploads\/2021\/03\/DSC02837-scaled-e1615551305153.jpg?fit=1020%2C680&ssl=1\",\"width\":1020,\"height\":680},{\"@type\":\"BreadcrumbList\",\"@id\":\"https:\/\/stefan-taege.de\/kasia\/2021\/11\/01\/hauptfriedhof-mannheim-gedanken-ueber-das-sterben\/#breadcrumb\",\"itemListElement\":[{\"@type\":\"ListItem\",\"position\":1,\"name\":\"Startseite\",\"item\":\"https:\/\/stefan-taege.de\/kasia\/\"},{\"@type\":\"ListItem\",\"position\":2,\"name\":\"Hauptfriedhof Mannheim &#8211; Gedanken \u00fcber das Sterben\"}]},{\"@type\":\"WebSite\",\"@id\":\"https:\/\/stefan-taege.de\/kasia\/#website\",\"url\":\"https:\/\/stefan-taege.de\/kasia\/\",\"name\":\"windrose.rocks\",\"description\":\"Erz\u00e4hlungen einer Reisenden\",\"potentialAction\":[{\"@type\":\"SearchAction\",\"target\":{\"@type\":\"EntryPoint\",\"urlTemplate\":\"https:\/\/stefan-taege.de\/kasia\/?s={search_term_string}\"},\"query-input\":{\"@type\":\"PropertyValueSpecification\",\"valueRequired\":true,\"valueName\":\"search_term_string\"}}],\"inLanguage\":\"de\"},{\"@type\":\"Person\",\"@id\":\"https:\/\/stefan-taege.de\/kasia\/#\/schema\/person\/873b01562fbd03e9caa51512b2cb800f\",\"name\":\"Kasia\",\"image\":{\"@type\":\"ImageObject\",\"inLanguage\":\"de\",\"@id\":\"https:\/\/stefan-taege.de\/kasia\/#\/schema\/person\/image\/\",\"url\":\"https:\/\/secure.gravatar.com\/avatar\/b89791b780bc4ea83cc74789dc368178?s=96&d=mm&r=pg\",\"contentUrl\":\"https:\/\/secure.gravatar.com\/avatar\/b89791b780bc4ea83cc74789dc368178?s=96&d=mm&r=pg\",\"caption\":\"Kasia\"},\"description\":\"Hi, ich bin Kasia, die Stimme von \\\"windrose.rocks\\\" :-) Treibt Dich die Frage um, was sich denn alles jenseits der heimischen Couch verbirgt, bist Du rastlos und neugierig wie ich und sp\u00fcrst den Drang in Dir, in die Welt hinaus zu gehen? Dann tue es! Ich nehme Dich mit auf meine Reisen und lasse Dich hautnah das Unterwegs sein miterleben - in all seinen Facetten. Lass Dich inspirieren, komm mit mir und warte nicht l\u00e4nger, denn... die Welt ist so gro\u00df und wir sind so klein, und es gibt noch so viel zu sehen! Die Welt wartet auf uns.\",\"sameAs\":[\"https:\/\/stefan-taege.de\/kasia\/\"],\"url\":\"https:\/\/stefan-taege.de\/kasia\/author\/kasia\/\"}]}<\/script>\n<!-- \/ Yoast SEO plugin. -->","yoast_head_json":{"title":"Hauptfriedhof Mannheim - Gedanken \u00fcber das Sterben - windrose.rocks","robots":{"index":"index","follow":"follow","max-snippet":"max-snippet:-1","max-image-preview":"max-image-preview:large","max-video-preview":"max-video-preview:-1"},"canonical":"https:\/\/stefan-taege.de\/kasia\/2021\/11\/01\/hauptfriedhof-mannheim-gedanken-ueber-das-sterben\/","twitter_misc":{"Verfasst von":"Kasia","Gesch\u00e4tzte Lesezeit":"4\u00a0Minuten"},"schema":{"@context":"https:\/\/schema.org","@graph":[{"@type":"WebPage","@id":"https:\/\/stefan-taege.de\/kasia\/2021\/11\/01\/hauptfriedhof-mannheim-gedanken-ueber-das-sterben\/","url":"https:\/\/stefan-taege.de\/kasia\/2021\/11\/01\/hauptfriedhof-mannheim-gedanken-ueber-das-sterben\/","name":"Hauptfriedhof Mannheim - Gedanken \u00fcber das Sterben - windrose.rocks","isPartOf":{"@id":"https:\/\/stefan-taege.de\/kasia\/#website"},"primaryImageOfPage":{"@id":"https:\/\/stefan-taege.de\/kasia\/2021\/11\/01\/hauptfriedhof-mannheim-gedanken-ueber-das-sterben\/#primaryimage"},"image":{"@id":"https:\/\/stefan-taege.de\/kasia\/2021\/11\/01\/hauptfriedhof-mannheim-gedanken-ueber-das-sterben\/#primaryimage"},"thumbnailUrl":"https:\/\/i0.wp.com\/stefan-taege.de\/kasia\/wp-content\/uploads\/2021\/03\/DSC02837-scaled-e1615551305153.jpg?fit=1020%2C680&ssl=1","datePublished":"2021-11-01T07:00:19+00:00","dateModified":"2023-07-28T12:32:52+00:00","author":{"@id":"https:\/\/stefan-taege.de\/kasia\/#\/schema\/person\/873b01562fbd03e9caa51512b2cb800f"},"breadcrumb":{"@id":"https:\/\/stefan-taege.de\/kasia\/2021\/11\/01\/hauptfriedhof-mannheim-gedanken-ueber-das-sterben\/#breadcrumb"},"inLanguage":"de","potentialAction":[{"@type":"ReadAction","target":["https:\/\/stefan-taege.de\/kasia\/2021\/11\/01\/hauptfriedhof-mannheim-gedanken-ueber-das-sterben\/"]}]},{"@type":"ImageObject","inLanguage":"de","@id":"https:\/\/stefan-taege.de\/kasia\/2021\/11\/01\/hauptfriedhof-mannheim-gedanken-ueber-das-sterben\/#primaryimage","url":"https:\/\/i0.wp.com\/stefan-taege.de\/kasia\/wp-content\/uploads\/2021\/03\/DSC02837-scaled-e1615551305153.jpg?fit=1020%2C680&ssl=1","contentUrl":"https:\/\/i0.wp.com\/stefan-taege.de\/kasia\/wp-content\/uploads\/2021\/03\/DSC02837-scaled-e1615551305153.jpg?fit=1020%2C680&ssl=1","width":1020,"height":680},{"@type":"BreadcrumbList","@id":"https:\/\/stefan-taege.de\/kasia\/2021\/11\/01\/hauptfriedhof-mannheim-gedanken-ueber-das-sterben\/#breadcrumb","itemListElement":[{"@type":"ListItem","position":1,"name":"Startseite","item":"https:\/\/stefan-taege.de\/kasia\/"},{"@type":"ListItem","position":2,"name":"Hauptfriedhof Mannheim &#8211; Gedanken \u00fcber das Sterben"}]},{"@type":"WebSite","@id":"https:\/\/stefan-taege.de\/kasia\/#website","url":"https:\/\/stefan-taege.de\/kasia\/","name":"windrose.rocks","description":"Erz\u00e4hlungen einer Reisenden","potentialAction":[{"@type":"SearchAction","target":{"@type":"EntryPoint","urlTemplate":"https:\/\/stefan-taege.de\/kasia\/?s={search_term_string}"},"query-input":{"@type":"PropertyValueSpecification","valueRequired":true,"valueName":"search_term_string"}}],"inLanguage":"de"},{"@type":"Person","@id":"https:\/\/stefan-taege.de\/kasia\/#\/schema\/person\/873b01562fbd03e9caa51512b2cb800f","name":"Kasia","image":{"@type":"ImageObject","inLanguage":"de","@id":"https:\/\/stefan-taege.de\/kasia\/#\/schema\/person\/image\/","url":"https:\/\/secure.gravatar.com\/avatar\/b89791b780bc4ea83cc74789dc368178?s=96&d=mm&r=pg","contentUrl":"https:\/\/secure.gravatar.com\/avatar\/b89791b780bc4ea83cc74789dc368178?s=96&d=mm&r=pg","caption":"Kasia"},"description":"Hi, ich bin Kasia, die Stimme von \"windrose.rocks\" :-) Treibt Dich die Frage um, was sich denn alles jenseits der heimischen Couch verbirgt, bist Du rastlos und neugierig wie ich und sp\u00fcrst den Drang in Dir, in die Welt hinaus zu gehen? Dann tue es! Ich nehme Dich mit auf meine Reisen und lasse Dich hautnah das Unterwegs sein miterleben - in all seinen Facetten. Lass Dich inspirieren, komm mit mir und warte nicht l\u00e4nger, denn... die Welt ist so gro\u00df und wir sind so klein, und es gibt noch so viel zu sehen! Die Welt wartet auf uns.","sameAs":["https:\/\/stefan-taege.de\/kasia\/"],"url":"https:\/\/stefan-taege.de\/kasia\/author\/kasia\/"}]}},"jetpack_sharing_enabled":true,"jetpack_featured_media_url":"https:\/\/i0.wp.com\/stefan-taege.de\/kasia\/wp-content\/uploads\/2021\/03\/DSC02837-scaled-e1615551305153.jpg?fit=1020%2C680&ssl=1","jetpack_shortlink":"https:\/\/wp.me\/p7Ku1E-8F5","_links":{"self":[{"href":"https:\/\/stefan-taege.de\/kasia\/wp-json\/wp\/v2\/posts\/33299"}],"collection":[{"href":"https:\/\/stefan-taege.de\/kasia\/wp-json\/wp\/v2\/posts"}],"about":[{"href":"https:\/\/stefan-taege.de\/kasia\/wp-json\/wp\/v2\/types\/post"}],"author":[{"embeddable":true,"href":"https:\/\/stefan-taege.de\/kasia\/wp-json\/wp\/v2\/users\/1"}],"replies":[{"embeddable":true,"href":"https:\/\/stefan-taege.de\/kasia\/wp-json\/wp\/v2\/comments?post=33299"}],"version-history":[{"count":10,"href":"https:\/\/stefan-taege.de\/kasia\/wp-json\/wp\/v2\/posts\/33299\/revisions"}],"predecessor-version":[{"id":35177,"href":"https:\/\/stefan-taege.de\/kasia\/wp-json\/wp\/v2\/posts\/33299\/revisions\/35177"}],"wp:featuredmedia":[{"embeddable":true,"href":"https:\/\/stefan-taege.de\/kasia\/wp-json\/wp\/v2\/media\/33739"}],"wp:attachment":[{"href":"https:\/\/stefan-taege.de\/kasia\/wp-json\/wp\/v2\/media?parent=33299"}],"wp:term":[{"taxonomy":"category","embeddable":true,"href":"https:\/\/stefan-taege.de\/kasia\/wp-json\/wp\/v2\/categories?post=33299"},{"taxonomy":"post_tag","embeddable":true,"href":"https:\/\/stefan-taege.de\/kasia\/wp-json\/wp\/v2\/tags?post=33299"}],"curies":[{"name":"wp","href":"https:\/\/api.w.org\/{rel}","templated":true}]}}