{"id":28599,"date":"2020-07-26T09:00:46","date_gmt":"2020-07-26T07:00:46","guid":{"rendered":"http:\/\/stefan-taege.de\/kasia\/?p=28599"},"modified":"2020-11-03T02:56:07","modified_gmt":"2020-11-03T01:56:07","slug":"laenderdreieck-trier-saar-ein-schoenes-vergessenes-stueck-land","status":"publish","type":"post","link":"https:\/\/stefan-taege.de\/kasia\/2020\/07\/26\/laenderdreieck-trier-saar-ein-schoenes-vergessenes-stueck-land\/","title":{"rendered":"L\u00e4nderdreieck Trier-Saar &#8211; ein sch\u00f6nes, vergessenes St\u00fcck Land"},"content":{"rendered":"<p>Im Dreil\u00e4ndereck zwischen Deutschland, Luxemburg und Frankreich liegt eine ganz besondere Landschaft. L\u00e4ndlich und ruhig, scheinbar noch unentdeckt, wo die M\u00e4hdrescher Staubwolken hinter sich lassen und sich kaum ein Wanderer in der Landschaft verirrt. Sie ist noch ein Geheimtipp, diese Gegend s\u00fcdlich von Trier, wo sich die meisten touristischen Aktivit\u00e4ten auf die \u00e4lteste Stadt Deutschlands und eventuell noch auf die Saarschleife erstrecken.<!--more--><\/p>\n<p>&nbsp;<\/p>\n<h3>Eine Rast auf einem langen Weg &#8211; der &#8222;Stall&#8220;, eine kulturelle Besonderheit<\/h3>\n<p><img loading=\"lazy\" decoding=\"async\" data-attachment-id=\"28630\" data-permalink=\"https:\/\/stefan-taege.de\/kasia\/2020\/07\/26\/laenderdreieck-trier-saar-ein-schoenes-vergessenes-stueck-land\/20200721_194959\/\" data-orig-file=\"https:\/\/i0.wp.com\/stefan-taege.de\/kasia\/wp-content\/uploads\/2020\/07\/20200721_194959-scaled.jpg?fit=2560%2C1440&amp;ssl=1\" data-orig-size=\"2560,1440\" data-comments-opened=\"1\" data-image-meta=\"{&quot;aperture&quot;:&quot;2.4&quot;,&quot;credit&quot;:&quot;&quot;,&quot;camera&quot;:&quot;SM-G965F&quot;,&quot;caption&quot;:&quot;&quot;,&quot;created_timestamp&quot;:&quot;1595360999&quot;,&quot;copyright&quot;:&quot;&quot;,&quot;focal_length&quot;:&quot;4.3&quot;,&quot;iso&quot;:&quot;50&quot;,&quot;shutter_speed&quot;:&quot;0.00123456790123&quot;,&quot;title&quot;:&quot;&quot;,&quot;orientation&quot;:&quot;1&quot;}\" data-image-title=\"20200721_194959\" data-image-description=\"\" data-image-caption=\"\" data-medium-file=\"https:\/\/i0.wp.com\/stefan-taege.de\/kasia\/wp-content\/uploads\/2020\/07\/20200721_194959-scaled.jpg?fit=300%2C169&amp;ssl=1\" data-large-file=\"https:\/\/i0.wp.com\/stefan-taege.de\/kasia\/wp-content\/uploads\/2020\/07\/20200721_194959-scaled.jpg?fit=1020%2C574&amp;ssl=1\" tabindex=\"0\" role=\"button\" class=\"alignnone size-full wp-image-28630\" src=\"https:\/\/i0.wp.com\/stefan-taege.de\/kasia\/wp-content\/uploads\/2020\/07\/20200721_194959-scaled.jpg?resize=1020%2C574&#038;ssl=1\" alt=\"\" width=\"1020\" height=\"574\" srcset=\"https:\/\/i0.wp.com\/stefan-taege.de\/kasia\/wp-content\/uploads\/2020\/07\/20200721_194959-scaled.jpg?w=2560&amp;ssl=1 2560w, https:\/\/i0.wp.com\/stefan-taege.de\/kasia\/wp-content\/uploads\/2020\/07\/20200721_194959-scaled.jpg?resize=300%2C169&amp;ssl=1 300w, https:\/\/i0.wp.com\/stefan-taege.de\/kasia\/wp-content\/uploads\/2020\/07\/20200721_194959-scaled.jpg?resize=1024%2C576&amp;ssl=1 1024w, https:\/\/i0.wp.com\/stefan-taege.de\/kasia\/wp-content\/uploads\/2020\/07\/20200721_194959-scaled.jpg?resize=768%2C432&amp;ssl=1 768w, https:\/\/i0.wp.com\/stefan-taege.de\/kasia\/wp-content\/uploads\/2020\/07\/20200721_194959-scaled.jpg?resize=1536%2C864&amp;ssl=1 1536w, https:\/\/i0.wp.com\/stefan-taege.de\/kasia\/wp-content\/uploads\/2020\/07\/20200721_194959-scaled.jpg?resize=2048%2C1152&amp;ssl=1 2048w, https:\/\/i0.wp.com\/stefan-taege.de\/kasia\/wp-content\/uploads\/2020\/07\/20200721_194959-scaled.jpg?resize=107%2C60&amp;ssl=1 107w\" sizes=\"(max-width: 1020px) 100vw, 1020px\" data-recalc-dims=\"1\" \/><\/p>\n<p>Irgendwo in Rheinland-Pfalz zwischen Irsch und Saarburg treibt mich von der Stra\u00dfe, was vermutlich schon so viele Menschen in den Jahrhunderten vor mir getrieben hatte &#8211; das Bed\u00fcrfnis nach Ruhe und Erholung, danach, einfach mal die Beine auszustrecken und aufzuamten. Der R\u00fccken w\u00fcrde es mir danken, die kurze Pause eingelegt zu haben. Z\u00fcgig lenke ich das Auto von der Stra\u00dfe zu einem kleinen, einsamen Parkplatz mitten im Nichts. Auf einer Erhebung unter B\u00e4umen zwischen goldenen, wogenden Weizenfeldern steht eine wei\u00df verputzte Kapelle und dann ein Bau, dessen Bedeutung sich mir nicht gleich erschlie\u00dft. Aber dazu ist ja die Tafel da. Ich stelle mich hin und lese.<\/p>\n<div class=\"tiled-gallery type-square tiled-gallery-unresized\" data-original-width=\"1020\" data-carousel-extra='{&quot;blog_id&quot;:1,&quot;permalink&quot;:&quot;https:\\\/\\\/stefan-taege.de\\\/kasia\\\/2020\\\/07\\\/26\\\/laenderdreieck-trier-saar-ein-schoenes-vergessenes-stueck-land\\\/&quot;,&quot;likes_blog_id&quot;:114512862}' itemscope itemtype=\"http:\/\/schema.org\/ImageGallery\" > <div class=\"gallery-row\" style=\"width: 1020px; height: 340px;\" data-original-width=\"1020\" data-original-height=\"340\" > <div class=\"gallery-group\" style=\"width: 340px; height: 340px;\" data-original-width=\"340\" data-original-height=\"340\" > <div class=\"tiled-gallery-item \" itemprop=\"associatedMedia\" itemscope itemtype=\"http:\/\/schema.org\/ImageObject\"> <a href=\"https:\/\/stefan-taege.de\/kasia\/2020\/07\/26\/laenderdreieck-trier-saar-ein-schoenes-vergessenes-stueck-land\/20200721_195313\/\" border=\"0\" itemprop=\"url\"> <meta itemprop=\"width\" content=\"336\"> <meta itemprop=\"height\" content=\"336\"> <img decoding=\"async\" class=\"\" data-attachment-id=\"28642\" data-orig-file=\"https:\/\/stefan-taege.de\/kasia\/wp-content\/uploads\/2020\/07\/20200721_195313-scaled.jpg\" data-orig-size=\"2560,1440\" data-comments-opened=\"1\" data-image-meta=\"{&quot;aperture&quot;:&quot;2.4&quot;,&quot;credit&quot;:&quot;&quot;,&quot;camera&quot;:&quot;SM-G965F&quot;,&quot;caption&quot;:&quot;&quot;,&quot;created_timestamp&quot;:&quot;1595361193&quot;,&quot;copyright&quot;:&quot;&quot;,&quot;focal_length&quot;:&quot;4.3&quot;,&quot;iso&quot;:&quot;50&quot;,&quot;shutter_speed&quot;:&quot;0.00308641975309&quot;,&quot;title&quot;:&quot;&quot;,&quot;orientation&quot;:&quot;1&quot;}\" data-image-title=\"20200721_195313\" data-image-description=\"\" data-medium-file=\"https:\/\/i0.wp.com\/stefan-taege.de\/kasia\/wp-content\/uploads\/2020\/07\/20200721_195313-scaled.jpg?fit=300%2C169&#038;ssl=1\" data-large-file=\"https:\/\/i0.wp.com\/stefan-taege.de\/kasia\/wp-content\/uploads\/2020\/07\/20200721_195313-scaled.jpg?fit=1020%2C574&#038;ssl=1\" src=\"https:\/\/i0.wp.com\/stefan-taege.de\/kasia\/wp-content\/uploads\/2020\/07\/20200721_195313-scaled.jpg?w=336&#038;h=336&#038;crop=1&#038;ssl=1\" srcset=\"https:\/\/i0.wp.com\/stefan-taege.de\/kasia\/wp-content\/uploads\/2020\/07\/20200721_195313-scaled.jpg?resize=150%2C150&amp;ssl=1 150w, https:\/\/i0.wp.com\/stefan-taege.de\/kasia\/wp-content\/uploads\/2020\/07\/20200721_195313-scaled.jpg?resize=435%2C435&amp;ssl=1 435w, https:\/\/i0.wp.com\/stefan-taege.de\/kasia\/wp-content\/uploads\/2020\/07\/20200721_195313-scaled.jpg?zoom=2&amp;resize=336%2C336&amp;ssl=1 672w, https:\/\/i0.wp.com\/stefan-taege.de\/kasia\/wp-content\/uploads\/2020\/07\/20200721_195313-scaled.jpg?zoom=3&amp;resize=336%2C336&amp;ssl=1 1008w\" width=\"336\" height=\"336\" loading=\"lazy\" data-original-width=\"336\" data-original-height=\"336\" itemprop=\"http:\/\/schema.org\/image\" title=\"20200721_195313\" alt=\"20200721_195313\" style=\"width: 336px; height: 336px;\" \/> <\/a> <\/div> <\/div> <div class=\"gallery-group\" style=\"width: 340px; height: 340px;\" data-original-width=\"340\" data-original-height=\"340\" > <div class=\"tiled-gallery-item \" itemprop=\"associatedMedia\" itemscope itemtype=\"http:\/\/schema.org\/ImageObject\"> <a href=\"https:\/\/stefan-taege.de\/kasia\/2020\/07\/26\/laenderdreieck-trier-saar-ein-schoenes-vergessenes-stueck-land\/20200721_195249\/\" border=\"0\" itemprop=\"url\"> <meta itemprop=\"width\" content=\"336\"> <meta itemprop=\"height\" content=\"336\"> <img decoding=\"async\" class=\"\" data-attachment-id=\"28643\" data-orig-file=\"https:\/\/stefan-taege.de\/kasia\/wp-content\/uploads\/2020\/07\/20200721_195249-scaled.jpg\" data-orig-size=\"2560,1440\" data-comments-opened=\"1\" data-image-meta=\"{&quot;aperture&quot;:&quot;2.4&quot;,&quot;credit&quot;:&quot;&quot;,&quot;camera&quot;:&quot;SM-G965F&quot;,&quot;caption&quot;:&quot;&quot;,&quot;created_timestamp&quot;:&quot;1595361169&quot;,&quot;copyright&quot;:&quot;&quot;,&quot;focal_length&quot;:&quot;4.3&quot;,&quot;iso&quot;:&quot;160&quot;,&quot;shutter_speed&quot;:&quot;0.02&quot;,&quot;title&quot;:&quot;&quot;,&quot;orientation&quot;:&quot;1&quot;}\" data-image-title=\"20200721_195249\" data-image-description=\"\" data-medium-file=\"https:\/\/i0.wp.com\/stefan-taege.de\/kasia\/wp-content\/uploads\/2020\/07\/20200721_195249-scaled.jpg?fit=300%2C169&#038;ssl=1\" data-large-file=\"https:\/\/i0.wp.com\/stefan-taege.de\/kasia\/wp-content\/uploads\/2020\/07\/20200721_195249-scaled.jpg?fit=1020%2C574&#038;ssl=1\" src=\"https:\/\/i0.wp.com\/stefan-taege.de\/kasia\/wp-content\/uploads\/2020\/07\/20200721_195249-scaled.jpg?w=336&#038;h=336&#038;crop=1&#038;ssl=1\" srcset=\"https:\/\/i0.wp.com\/stefan-taege.de\/kasia\/wp-content\/uploads\/2020\/07\/20200721_195249-scaled.jpg?resize=150%2C150&amp;ssl=1 150w, https:\/\/i0.wp.com\/stefan-taege.de\/kasia\/wp-content\/uploads\/2020\/07\/20200721_195249-scaled.jpg?resize=435%2C435&amp;ssl=1 435w, https:\/\/i0.wp.com\/stefan-taege.de\/kasia\/wp-content\/uploads\/2020\/07\/20200721_195249-scaled.jpg?zoom=2&amp;resize=336%2C336&amp;ssl=1 672w, https:\/\/i0.wp.com\/stefan-taege.de\/kasia\/wp-content\/uploads\/2020\/07\/20200721_195249-scaled.jpg?zoom=3&amp;resize=336%2C336&amp;ssl=1 1008w\" width=\"336\" height=\"336\" loading=\"lazy\" data-original-width=\"336\" data-original-height=\"336\" itemprop=\"http:\/\/schema.org\/image\" title=\"20200721_195249\" alt=\"20200721_195249\" style=\"width: 336px; height: 336px;\" \/> <\/a> <\/div> <\/div> <div class=\"gallery-group\" style=\"width: 340px; height: 340px;\" data-original-width=\"340\" data-original-height=\"340\" > <div class=\"tiled-gallery-item \" itemprop=\"associatedMedia\" itemscope itemtype=\"http:\/\/schema.org\/ImageObject\"> <a href=\"https:\/\/stefan-taege.de\/kasia\/2020\/07\/26\/laenderdreieck-trier-saar-ein-schoenes-vergessenes-stueck-land\/20200721_195327\/\" border=\"0\" itemprop=\"url\"> <meta itemprop=\"width\" content=\"336\"> <meta itemprop=\"height\" content=\"336\"> <img decoding=\"async\" class=\"\" data-attachment-id=\"28644\" data-orig-file=\"https:\/\/stefan-taege.de\/kasia\/wp-content\/uploads\/2020\/07\/20200721_195327-scaled.jpg\" data-orig-size=\"2560,1440\" data-comments-opened=\"1\" data-image-meta=\"{&quot;aperture&quot;:&quot;2.4&quot;,&quot;credit&quot;:&quot;&quot;,&quot;camera&quot;:&quot;SM-G965F&quot;,&quot;caption&quot;:&quot;&quot;,&quot;created_timestamp&quot;:&quot;1595361207&quot;,&quot;copyright&quot;:&quot;&quot;,&quot;focal_length&quot;:&quot;6&quot;,&quot;iso&quot;:&quot;125&quot;,&quot;shutter_speed&quot;:&quot;0.030303030303&quot;,&quot;title&quot;:&quot;&quot;,&quot;orientation&quot;:&quot;1&quot;}\" data-image-title=\"20200721_195327\" data-image-description=\"\" data-medium-file=\"https:\/\/i0.wp.com\/stefan-taege.de\/kasia\/wp-content\/uploads\/2020\/07\/20200721_195327-scaled.jpg?fit=300%2C169&#038;ssl=1\" data-large-file=\"https:\/\/i0.wp.com\/stefan-taege.de\/kasia\/wp-content\/uploads\/2020\/07\/20200721_195327-scaled.jpg?fit=1020%2C574&#038;ssl=1\" src=\"https:\/\/i0.wp.com\/stefan-taege.de\/kasia\/wp-content\/uploads\/2020\/07\/20200721_195327-scaled.jpg?w=336&#038;h=336&#038;crop=1&#038;ssl=1\" srcset=\"https:\/\/i0.wp.com\/stefan-taege.de\/kasia\/wp-content\/uploads\/2020\/07\/20200721_195327-scaled.jpg?resize=150%2C150&amp;ssl=1 150w, https:\/\/i0.wp.com\/stefan-taege.de\/kasia\/wp-content\/uploads\/2020\/07\/20200721_195327-scaled.jpg?resize=435%2C435&amp;ssl=1 435w, https:\/\/i0.wp.com\/stefan-taege.de\/kasia\/wp-content\/uploads\/2020\/07\/20200721_195327-scaled.jpg?zoom=2&amp;resize=336%2C336&amp;ssl=1 672w, https:\/\/i0.wp.com\/stefan-taege.de\/kasia\/wp-content\/uploads\/2020\/07\/20200721_195327-scaled.jpg?zoom=3&amp;resize=336%2C336&amp;ssl=1 1008w\" width=\"336\" height=\"336\" loading=\"lazy\" data-original-width=\"336\" data-original-height=\"336\" itemprop=\"http:\/\/schema.org\/image\" title=\"20200721_195327\" alt=\"20200721_195327\" style=\"width: 336px; height: 336px;\" \/> <\/a> <\/div> <\/div> <\/div> <\/div>\n<p>Der Bau, von dem ich hier stehe, mit seiner seltsam offenen Bauart, nennt sich &#8222;der Stall&#8220;. Warum der Stall, wurde hier Vieh gehalten? Ja und nein. Auf einer Erhebung auf einer langen, beschwerlichen Reise, als die Menschen vor hundert- bis zweihundert Jahren hier noch mit Sack und Pack, mit ihren Tieren unterwegs waren, diente die kleine Bebauung dazu, eine Rast einzulegen und bei Wind und Wetter Schutz vor Regen und K\u00e4lte, aber auch vor der hei\u00dfen Sonne zu finden. Eine Art fr\u00fchzeitliche Rastst\u00e4tte also, f\u00fcr Mensch und Zugvieh. Auch als Unterstand f\u00fcr Bauern, die viel Zeit auf ihren Feldern verbrachten, war der &#8222;Stall&#8220; oft n\u00fctzlich. Und die gleich daneben errichtete Kapelle bot zus\u00e4tzlich einen Ort der Andacht.<\/p>\n<p>Dieses Denkmal wurde restauriert und ist eine Besonderheit der hiesigen Kultur. Mit einem Schieferdach versehen wurde es zu einer Wanderh\u00fctte umgebaut. Es dient heute wie damals als Ankerpunkt, um zu rasten. Auch ich setze mich dankbar auf die h\u00f6lzerne Bank in den Schatten der B\u00e4ume und der Wind l\u00e4sst mich fr\u00f6steln, trotz der sommerlichen Temperaturen. Das goldene Korn rauscht und es duftet nach Sp\u00e4tsommer, nach Reife, nach Ernte. Es summt ununterbrochen und alles ist so ruhig. Ich empfinde es als wohltat, dass das stetige Rauschen des Automotors in meinen Ohren aufgeh\u00f6rt hat. Welch ein Segen. Und ich stelle fest: die Natur steht beinahe still, sie entschleunigt. Egal, wie eilig ich es zu haben glaube. Warum mache ich nicht \u00f6fter mal eine Rast?<\/p>\n<p>&nbsp;<\/p>\n<h3>Schreine und Kapellen<\/h3>\n<figure id=\"attachment_28632\" aria-describedby=\"caption-attachment-28632\" style=\"width: 2560px\" class=\"wp-caption alignnone\"><img loading=\"lazy\" decoding=\"async\" data-attachment-id=\"28632\" data-permalink=\"https:\/\/stefan-taege.de\/kasia\/2020\/07\/26\/laenderdreieck-trier-saar-ein-schoenes-vergessenes-stueck-land\/20200721_132652\/\" data-orig-file=\"https:\/\/i0.wp.com\/stefan-taege.de\/kasia\/wp-content\/uploads\/2020\/07\/20200721_132652-scaled.jpg?fit=2560%2C1244&amp;ssl=1\" data-orig-size=\"2560,1244\" data-comments-opened=\"1\" data-image-meta=\"{&quot;aperture&quot;:&quot;2.4&quot;,&quot;credit&quot;:&quot;&quot;,&quot;camera&quot;:&quot;SM-G965F&quot;,&quot;caption&quot;:&quot;&quot;,&quot;created_timestamp&quot;:&quot;1595338012&quot;,&quot;copyright&quot;:&quot;&quot;,&quot;focal_length&quot;:&quot;4.3&quot;,&quot;iso&quot;:&quot;50&quot;,&quot;shutter_speed&quot;:&quot;0.000735835172921&quot;,&quot;title&quot;:&quot;&quot;,&quot;orientation&quot;:&quot;1&quot;}\" data-image-title=\"20200721_132652\" data-image-description=\"\" data-image-caption=\"\" data-medium-file=\"https:\/\/i0.wp.com\/stefan-taege.de\/kasia\/wp-content\/uploads\/2020\/07\/20200721_132652-scaled.jpg?fit=300%2C146&amp;ssl=1\" data-large-file=\"https:\/\/i0.wp.com\/stefan-taege.de\/kasia\/wp-content\/uploads\/2020\/07\/20200721_132652-scaled.jpg?fit=1020%2C496&amp;ssl=1\" tabindex=\"0\" role=\"button\" class=\"wp-image-28632 size-full\" src=\"https:\/\/i0.wp.com\/stefan-taege.de\/kasia\/wp-content\/uploads\/2020\/07\/20200721_132652-scaled.jpg?resize=1020%2C496&#038;ssl=1\" alt=\"\" width=\"1020\" height=\"496\" srcset=\"https:\/\/i0.wp.com\/stefan-taege.de\/kasia\/wp-content\/uploads\/2020\/07\/20200721_132652-scaled.jpg?w=2560&amp;ssl=1 2560w, https:\/\/i0.wp.com\/stefan-taege.de\/kasia\/wp-content\/uploads\/2020\/07\/20200721_132652-scaled.jpg?resize=300%2C146&amp;ssl=1 300w, https:\/\/i0.wp.com\/stefan-taege.de\/kasia\/wp-content\/uploads\/2020\/07\/20200721_132652-scaled.jpg?resize=1024%2C498&amp;ssl=1 1024w, https:\/\/i0.wp.com\/stefan-taege.de\/kasia\/wp-content\/uploads\/2020\/07\/20200721_132652-scaled.jpg?resize=768%2C373&amp;ssl=1 768w, https:\/\/i0.wp.com\/stefan-taege.de\/kasia\/wp-content\/uploads\/2020\/07\/20200721_132652-scaled.jpg?resize=1536%2C747&amp;ssl=1 1536w, https:\/\/i0.wp.com\/stefan-taege.de\/kasia\/wp-content\/uploads\/2020\/07\/20200721_132652-scaled.jpg?resize=2048%2C996&amp;ssl=1 2048w, https:\/\/i0.wp.com\/stefan-taege.de\/kasia\/wp-content\/uploads\/2020\/07\/20200721_132652-scaled.jpg?resize=123%2C60&amp;ssl=1 123w\" sizes=\"(max-width: 1020px) 100vw, 1020px\" data-recalc-dims=\"1\" \/><figcaption id=\"caption-attachment-28632\" class=\"wp-caption-text\">Ein Schrein, den ich unterwegs fotografiere. Solcher Schreine finden sich so einige in der Gegend.<\/figcaption><\/figure>\n<p><strong>Das Speiner Bildchen<\/strong><\/p>\n<p>Es war zur Zeiten des Franz\u00f6sische Erbfolgekrieg und franz\u00f6sische Truppen fluteten das Land. Den Ansturm \u00fcberlebte eine Familie, die aus ihrem brennenden Haus fl\u00fcchten konnte. Sie errichtete zum Dank an die Mutter Gottes einen Bildstock, der im Laufe der weiteren Jahre als Pilgerst\u00e4tte diente. Da all das auf der H\u00f6he der Spein geschah, spricht man vom Speiner Bildchen. Um das Bildnis zu sch\u00fctzen, wurde 1838 eine kleine Kapelle errichtet. W\u00e4hrend des Kriegsgeschehens 1944\/45 wurde das Bildnis besch\u00e4digt.<\/p>\n<figure id=\"attachment_28646\" aria-describedby=\"caption-attachment-28646\" style=\"width: 2560px\" class=\"wp-caption alignnone\"><img loading=\"lazy\" decoding=\"async\" data-attachment-id=\"28646\" data-permalink=\"https:\/\/stefan-taege.de\/kasia\/2020\/07\/26\/laenderdreieck-trier-saar-ein-schoenes-vergessenes-stueck-land\/20200721_195043\/\" data-orig-file=\"https:\/\/i0.wp.com\/stefan-taege.de\/kasia\/wp-content\/uploads\/2020\/07\/20200721_195043-scaled.jpg?fit=2560%2C1440&amp;ssl=1\" data-orig-size=\"2560,1440\" data-comments-opened=\"1\" data-image-meta=\"{&quot;aperture&quot;:&quot;2.4&quot;,&quot;credit&quot;:&quot;&quot;,&quot;camera&quot;:&quot;SM-G965F&quot;,&quot;caption&quot;:&quot;&quot;,&quot;created_timestamp&quot;:&quot;1595361043&quot;,&quot;copyright&quot;:&quot;&quot;,&quot;focal_length&quot;:&quot;4.3&quot;,&quot;iso&quot;:&quot;50&quot;,&quot;shutter_speed&quot;:&quot;0.00684931506849&quot;,&quot;title&quot;:&quot;&quot;,&quot;orientation&quot;:&quot;1&quot;}\" data-image-title=\"20200721_195043\" data-image-description=\"\" data-image-caption=\"\" data-medium-file=\"https:\/\/i0.wp.com\/stefan-taege.de\/kasia\/wp-content\/uploads\/2020\/07\/20200721_195043-scaled.jpg?fit=300%2C169&amp;ssl=1\" data-large-file=\"https:\/\/i0.wp.com\/stefan-taege.de\/kasia\/wp-content\/uploads\/2020\/07\/20200721_195043-scaled.jpg?fit=1020%2C574&amp;ssl=1\" tabindex=\"0\" role=\"button\" class=\"wp-image-28646 size-full\" src=\"https:\/\/i0.wp.com\/stefan-taege.de\/kasia\/wp-content\/uploads\/2020\/07\/20200721_195043-scaled.jpg?resize=1020%2C574&#038;ssl=1\" alt=\"\" width=\"1020\" height=\"574\" srcset=\"https:\/\/i0.wp.com\/stefan-taege.de\/kasia\/wp-content\/uploads\/2020\/07\/20200721_195043-scaled.jpg?w=2560&amp;ssl=1 2560w, https:\/\/i0.wp.com\/stefan-taege.de\/kasia\/wp-content\/uploads\/2020\/07\/20200721_195043-scaled.jpg?resize=300%2C169&amp;ssl=1 300w, https:\/\/i0.wp.com\/stefan-taege.de\/kasia\/wp-content\/uploads\/2020\/07\/20200721_195043-scaled.jpg?resize=1024%2C576&amp;ssl=1 1024w, https:\/\/i0.wp.com\/stefan-taege.de\/kasia\/wp-content\/uploads\/2020\/07\/20200721_195043-scaled.jpg?resize=768%2C432&amp;ssl=1 768w, https:\/\/i0.wp.com\/stefan-taege.de\/kasia\/wp-content\/uploads\/2020\/07\/20200721_195043-scaled.jpg?resize=1536%2C864&amp;ssl=1 1536w, https:\/\/i0.wp.com\/stefan-taege.de\/kasia\/wp-content\/uploads\/2020\/07\/20200721_195043-scaled.jpg?resize=2048%2C1152&amp;ssl=1 2048w, https:\/\/i0.wp.com\/stefan-taege.de\/kasia\/wp-content\/uploads\/2020\/07\/20200721_195043-scaled.jpg?resize=107%2C60&amp;ssl=1 107w\" sizes=\"(max-width: 1020px) 100vw, 1020px\" data-recalc-dims=\"1\" \/><figcaption id=\"caption-attachment-28646\" class=\"wp-caption-text\">Das Speiner Bildchen<\/figcaption><\/figure>\n<p>1983 wurde eine neue Madonna eingeweiht, nur um im selben Jahr gestohlen zu werden. So musste 1988 wieder eine neue Statue angeschafft werden.<\/p>\n<p>Das Speiner Bildchen steht gleich neben dem &#8222;Stall&#8220;, der ebenfalls 1883 zur Wanderh\u00fctte umgebaut wurde. Doch die Kapelle ist nicht der einzige Ort der Andacht hier in dieser Gegend. Hier im L\u00e4nderdreieck sind Schreine in D\u00f6rfern, kleineren Ortschaften, auf Weggabelungen oder mitten im Nichts an einer Feldstra\u00dfe ein fester Bestandteil der Landschaft. Ungew\u00f6hnlich viele davon sind zu sehen. Sie sind liebevoll gestaltet und werden regelm\u00e4\u00dfig gepflegt, die \u00e4lteren von ihnen wurden restauriert. Sie scheinen den Menschen wichtig zu sein; in manchen noch so kleinen Orten z\u00e4hle ich gleich drei oder vier solcher Schreine.<\/p>\n<p>&nbsp;<\/p>\n<h3>Hochsommer auf dem Land<\/h3>\n<p><img loading=\"lazy\" decoding=\"async\" data-attachment-id=\"28629\" data-permalink=\"https:\/\/stefan-taege.de\/kasia\/2020\/07\/26\/laenderdreieck-trier-saar-ein-schoenes-vergessenes-stueck-land\/20200721_195610\/\" data-orig-file=\"https:\/\/i0.wp.com\/stefan-taege.de\/kasia\/wp-content\/uploads\/2020\/07\/20200721_195610-scaled.jpg?fit=2560%2C1440&amp;ssl=1\" data-orig-size=\"2560,1440\" data-comments-opened=\"1\" data-image-meta=\"{&quot;aperture&quot;:&quot;2.4&quot;,&quot;credit&quot;:&quot;&quot;,&quot;camera&quot;:&quot;SM-G965F&quot;,&quot;caption&quot;:&quot;&quot;,&quot;created_timestamp&quot;:&quot;1595361370&quot;,&quot;copyright&quot;:&quot;&quot;,&quot;focal_length&quot;:&quot;4.3&quot;,&quot;iso&quot;:&quot;50&quot;,&quot;shutter_speed&quot;:&quot;0.000201005025126&quot;,&quot;title&quot;:&quot;&quot;,&quot;orientation&quot;:&quot;1&quot;}\" data-image-title=\"20200721_195610\" data-image-description=\"\" data-image-caption=\"\" data-medium-file=\"https:\/\/i0.wp.com\/stefan-taege.de\/kasia\/wp-content\/uploads\/2020\/07\/20200721_195610-scaled.jpg?fit=300%2C169&amp;ssl=1\" data-large-file=\"https:\/\/i0.wp.com\/stefan-taege.de\/kasia\/wp-content\/uploads\/2020\/07\/20200721_195610-scaled.jpg?fit=1020%2C574&amp;ssl=1\" tabindex=\"0\" role=\"button\" class=\"alignnone size-full wp-image-28629\" src=\"https:\/\/i0.wp.com\/stefan-taege.de\/kasia\/wp-content\/uploads\/2020\/07\/20200721_195610-scaled.jpg?resize=1020%2C574&#038;ssl=1\" alt=\"\" width=\"1020\" height=\"574\" srcset=\"https:\/\/i0.wp.com\/stefan-taege.de\/kasia\/wp-content\/uploads\/2020\/07\/20200721_195610-scaled.jpg?w=2560&amp;ssl=1 2560w, https:\/\/i0.wp.com\/stefan-taege.de\/kasia\/wp-content\/uploads\/2020\/07\/20200721_195610-scaled.jpg?resize=300%2C169&amp;ssl=1 300w, https:\/\/i0.wp.com\/stefan-taege.de\/kasia\/wp-content\/uploads\/2020\/07\/20200721_195610-scaled.jpg?resize=1024%2C576&amp;ssl=1 1024w, https:\/\/i0.wp.com\/stefan-taege.de\/kasia\/wp-content\/uploads\/2020\/07\/20200721_195610-scaled.jpg?resize=768%2C432&amp;ssl=1 768w, https:\/\/i0.wp.com\/stefan-taege.de\/kasia\/wp-content\/uploads\/2020\/07\/20200721_195610-scaled.jpg?resize=1536%2C864&amp;ssl=1 1536w, https:\/\/i0.wp.com\/stefan-taege.de\/kasia\/wp-content\/uploads\/2020\/07\/20200721_195610-scaled.jpg?resize=2048%2C1152&amp;ssl=1 2048w, https:\/\/i0.wp.com\/stefan-taege.de\/kasia\/wp-content\/uploads\/2020\/07\/20200721_195610-scaled.jpg?resize=107%2C60&amp;ssl=1 107w\" sizes=\"(max-width: 1020px) 100vw, 1020px\" data-recalc-dims=\"1\" \/><\/p>\n<p>Golden, summend, rauschend, wogend, trocken, hei\u00df und \u00fcberreif &#8211; so ist der Sommer. Die Szenerie, die am Autofenster vor\u00fcberzieht, wirkt wie mit Sepiapulver best\u00e4ubt. Wenn ich aussteige und ein paar Schritte hinein ins Feld gehe, raschelt es \u00fcberall und kleine Grash\u00fcpfer springen mir gleich schaarenweise von den F\u00fc\u00dfen weg. Alles bewegt sich. Die sommerliche Stille, die dir den letzten Schwei\u00dftropfen aus dem Gesicht presst und dich dankbar um jeden Schluck Wasser macht. Die Stille des Sommers, der Geruch nach geerntetem Getreide.<\/p>\n<p>Und zum ersten Mal seit langem h\u00f6re ich die Lerche singen. Hoch oben, fast schon \u00fcber mir, und wenn ich meine Augen anstrenge und in den blassblauen Himmel blicke, kann ich sie sogar sehen, wie sie aufgeregt \u00fcber dem Feld flattert. Lerchen sind territoriale Tiere. Sie versuchen, durch lauten Gesang Fressfeinde von ihrem Nest fortzulocken. Sie nisten inmitten der Felder und sobald ein Raubvogel am Horizont auftaucht, steigen sie hoch hinauf und beginnen mit ihrer Musik, die eigentlich ein kriegerischer Ruf ist. Auch jetzt sehe ich in einiger Entfernung eine Kr\u00e4he am Himmel kreisen.<\/p>\n<p>F\u00fcr uns, Menschen, die auf dem Land aufgewachsen sind, ist der Gesang der Lerche so etwas wie der Bote des Fr\u00fchlings, denn schon fr\u00fch h\u00f6rt man sie in der Weite der Felder. Sie begleitete Bauern fr\u00fcher bei ihrer Feldarbeit und der Klang ihrer Musik war wie ein St\u00fcck Heimat. Das Leben auf dem Land hat sch\u00f6ne Seiten, wie sie sich ein Stadtmensch kaum vorstellen kann. Ruhe. Zeit &#8211; wenn die Arbeit getan ist. Natur. Keine Eile, kein \u00dcberangebot an Aktivit\u00e4ten, welches einen Stadtmenschen hibbelig macht, weil man das Gef\u00fchl hat, alles mitnehmen zu m\u00fcssen, was irgendwie geht. Rhythmen der Natur und ein Leben danach. Manchmal vermisse ich es.<\/p>\n<p><em>So klingt sie, die Lerche&#8230;<\/em><\/p>\n<!--[if lt IE 9]><script>document.createElement('audio');<\/script><![endif]-->\n<audio class=\"wp-audio-shortcode\" id=\"audio-28599-1\" preload=\"none\" style=\"width: 100%;\" controls=\"controls\"><source type=\"audio\/mpeg\" src=\"https:\/\/stefan-taege.de\/kasia\/wp-content\/uploads\/2020\/08\/Lerche1.m4a?_=1\" \/><a href=\"https:\/\/stefan-taege.de\/kasia\/wp-content\/uploads\/2020\/08\/Lerche1.m4a\">https:\/\/stefan-taege.de\/kasia\/wp-content\/uploads\/2020\/08\/Lerche1.m4a<\/a><\/audio>\n<p>&nbsp;<\/p>\n<div class=\"tiled-gallery type-square tiled-gallery-unresized\" data-original-width=\"1020\" data-carousel-extra='{&quot;blog_id&quot;:1,&quot;permalink&quot;:&quot;https:\\\/\\\/stefan-taege.de\\\/kasia\\\/2020\\\/07\\\/26\\\/laenderdreieck-trier-saar-ein-schoenes-vergessenes-stueck-land\\\/&quot;,&quot;likes_blog_id&quot;:114512862}' itemscope itemtype=\"http:\/\/schema.org\/ImageGallery\" > <div class=\"gallery-row\" style=\"width: 1020px; height: 510px;\" data-original-width=\"1020\" data-original-height=\"510\" > <div class=\"gallery-group\" style=\"width: 510px; height: 510px;\" data-original-width=\"510\" data-original-height=\"510\" > <div class=\"tiled-gallery-item \" itemprop=\"associatedMedia\" itemscope itemtype=\"http:\/\/schema.org\/ImageObject\"> <a href=\"https:\/\/stefan-taege.de\/kasia\/2020\/07\/26\/laenderdreieck-trier-saar-ein-schoenes-vergessenes-stueck-land\/20200721_130837\/\" border=\"0\" itemprop=\"url\"> <meta itemprop=\"width\" content=\"506\"> <meta itemprop=\"height\" content=\"506\"> <img decoding=\"async\" class=\"\" data-attachment-id=\"28659\" data-orig-file=\"https:\/\/stefan-taege.de\/kasia\/wp-content\/uploads\/2020\/07\/20200721_130837-scaled.jpg\" data-orig-size=\"2560,1440\" data-comments-opened=\"1\" data-image-meta=\"{&quot;aperture&quot;:&quot;2.4&quot;,&quot;credit&quot;:&quot;&quot;,&quot;camera&quot;:&quot;SM-G965F&quot;,&quot;caption&quot;:&quot;&quot;,&quot;created_timestamp&quot;:&quot;1595336917&quot;,&quot;copyright&quot;:&quot;&quot;,&quot;focal_length&quot;:&quot;4.3&quot;,&quot;iso&quot;:&quot;50&quot;,&quot;shutter_speed&quot;:&quot;0.000512032770097&quot;,&quot;title&quot;:&quot;&quot;,&quot;orientation&quot;:&quot;1&quot;}\" data-image-title=\"20200721_130837\" data-image-description=\"\" data-medium-file=\"https:\/\/i0.wp.com\/stefan-taege.de\/kasia\/wp-content\/uploads\/2020\/07\/20200721_130837-scaled.jpg?fit=300%2C169&#038;ssl=1\" data-large-file=\"https:\/\/i0.wp.com\/stefan-taege.de\/kasia\/wp-content\/uploads\/2020\/07\/20200721_130837-scaled.jpg?fit=1020%2C574&#038;ssl=1\" src=\"https:\/\/i0.wp.com\/stefan-taege.de\/kasia\/wp-content\/uploads\/2020\/07\/20200721_130837-scaled.jpg?w=506&#038;h=506&#038;crop=1&#038;ssl=1\" srcset=\"https:\/\/i0.wp.com\/stefan-taege.de\/kasia\/wp-content\/uploads\/2020\/07\/20200721_130837-scaled.jpg?resize=150%2C150&amp;ssl=1 150w, https:\/\/i0.wp.com\/stefan-taege.de\/kasia\/wp-content\/uploads\/2020\/07\/20200721_130837-scaled.jpg?resize=435%2C435&amp;ssl=1 435w, https:\/\/i0.wp.com\/stefan-taege.de\/kasia\/wp-content\/uploads\/2020\/07\/20200721_130837-scaled.jpg?zoom=2&amp;resize=506%2C506&amp;ssl=1 1012w, https:\/\/i0.wp.com\/stefan-taege.de\/kasia\/wp-content\/uploads\/2020\/07\/20200721_130837-scaled.jpg?zoom=3&amp;resize=506%2C506&amp;ssl=1 1518w\" width=\"506\" height=\"506\" loading=\"lazy\" data-original-width=\"506\" data-original-height=\"506\" itemprop=\"http:\/\/schema.org\/image\" title=\"20200721_130837\" alt=\"20200721_130837\" style=\"width: 506px; height: 506px;\" \/> <\/a> <\/div> <\/div> <div class=\"gallery-group\" style=\"width: 510px; height: 510px;\" data-original-width=\"510\" data-original-height=\"510\" > <div class=\"tiled-gallery-item \" itemprop=\"associatedMedia\" itemscope itemtype=\"http:\/\/schema.org\/ImageObject\"> <a href=\"https:\/\/stefan-taege.de\/kasia\/2020\/07\/26\/laenderdreieck-trier-saar-ein-schoenes-vergessenes-stueck-land\/20200721_131918\/\" border=\"0\" itemprop=\"url\"> <meta itemprop=\"width\" content=\"506\"> <meta itemprop=\"height\" content=\"506\"> <img decoding=\"async\" class=\"\" data-attachment-id=\"28660\" data-orig-file=\"https:\/\/stefan-taege.de\/kasia\/wp-content\/uploads\/2020\/07\/20200721_131918-scaled.jpg\" data-orig-size=\"2560,1440\" data-comments-opened=\"1\" data-image-meta=\"{&quot;aperture&quot;:&quot;2.4&quot;,&quot;credit&quot;:&quot;&quot;,&quot;camera&quot;:&quot;SM-G965F&quot;,&quot;caption&quot;:&quot;&quot;,&quot;created_timestamp&quot;:&quot;1595337558&quot;,&quot;copyright&quot;:&quot;&quot;,&quot;focal_length&quot;:&quot;6&quot;,&quot;iso&quot;:&quot;25&quot;,&quot;shutter_speed&quot;:&quot;0.001414427157&quot;,&quot;title&quot;:&quot;&quot;,&quot;orientation&quot;:&quot;1&quot;}\" data-image-title=\"20200721_131918\" data-image-description=\"\" data-medium-file=\"https:\/\/i0.wp.com\/stefan-taege.de\/kasia\/wp-content\/uploads\/2020\/07\/20200721_131918-scaled.jpg?fit=300%2C169&#038;ssl=1\" data-large-file=\"https:\/\/i0.wp.com\/stefan-taege.de\/kasia\/wp-content\/uploads\/2020\/07\/20200721_131918-scaled.jpg?fit=1020%2C574&#038;ssl=1\" src=\"https:\/\/i0.wp.com\/stefan-taege.de\/kasia\/wp-content\/uploads\/2020\/07\/20200721_131918-scaled.jpg?w=506&#038;h=506&#038;crop=1&#038;ssl=1\" srcset=\"https:\/\/i0.wp.com\/stefan-taege.de\/kasia\/wp-content\/uploads\/2020\/07\/20200721_131918-scaled.jpg?resize=150%2C150&amp;ssl=1 150w, https:\/\/i0.wp.com\/stefan-taege.de\/kasia\/wp-content\/uploads\/2020\/07\/20200721_131918-scaled.jpg?resize=435%2C435&amp;ssl=1 435w, https:\/\/i0.wp.com\/stefan-taege.de\/kasia\/wp-content\/uploads\/2020\/07\/20200721_131918-scaled.jpg?zoom=2&amp;resize=506%2C506&amp;ssl=1 1012w, https:\/\/i0.wp.com\/stefan-taege.de\/kasia\/wp-content\/uploads\/2020\/07\/20200721_131918-scaled.jpg?zoom=3&amp;resize=506%2C506&amp;ssl=1 1518w\" width=\"506\" height=\"506\" loading=\"lazy\" data-original-width=\"506\" data-original-height=\"506\" itemprop=\"http:\/\/schema.org\/image\" title=\"20200721_131918\" alt=\"20200721_131918\" style=\"width: 506px; height: 506px;\" \/> <\/a> <\/div> <\/div> <\/div> <div class=\"gallery-row\" style=\"width: 1020px; height: 340px;\" data-original-width=\"1020\" data-original-height=\"340\" > <div class=\"gallery-group\" style=\"width: 340px; height: 340px;\" data-original-width=\"340\" data-original-height=\"340\" > <div class=\"tiled-gallery-item \" itemprop=\"associatedMedia\" itemscope itemtype=\"http:\/\/schema.org\/ImageObject\"> <a href=\"https:\/\/stefan-taege.de\/kasia\/2020\/07\/26\/laenderdreieck-trier-saar-ein-schoenes-vergessenes-stueck-land\/20200721_132616\/\" border=\"0\" itemprop=\"url\"> <meta itemprop=\"width\" content=\"336\"> <meta itemprop=\"height\" content=\"336\"> <img decoding=\"async\" class=\"\" data-attachment-id=\"28661\" data-orig-file=\"https:\/\/stefan-taege.de\/kasia\/wp-content\/uploads\/2020\/07\/20200721_132616-scaled.jpg\" data-orig-size=\"2560,1440\" data-comments-opened=\"1\" data-image-meta=\"{&quot;aperture&quot;:&quot;2.4&quot;,&quot;credit&quot;:&quot;&quot;,&quot;camera&quot;:&quot;SM-G965F&quot;,&quot;caption&quot;:&quot;&quot;,&quot;created_timestamp&quot;:&quot;1595337976&quot;,&quot;copyright&quot;:&quot;&quot;,&quot;focal_length&quot;:&quot;4.3&quot;,&quot;iso&quot;:&quot;50&quot;,&quot;shutter_speed&quot;:&quot;0.00111856823266&quot;,&quot;title&quot;:&quot;&quot;,&quot;orientation&quot;:&quot;1&quot;}\" data-image-title=\"20200721_132616\" data-image-description=\"\" data-medium-file=\"https:\/\/i0.wp.com\/stefan-taege.de\/kasia\/wp-content\/uploads\/2020\/07\/20200721_132616-scaled.jpg?fit=300%2C169&#038;ssl=1\" data-large-file=\"https:\/\/i0.wp.com\/stefan-taege.de\/kasia\/wp-content\/uploads\/2020\/07\/20200721_132616-scaled.jpg?fit=1020%2C574&#038;ssl=1\" src=\"https:\/\/i0.wp.com\/stefan-taege.de\/kasia\/wp-content\/uploads\/2020\/07\/20200721_132616-scaled.jpg?w=336&#038;h=336&#038;crop=1&#038;ssl=1\" srcset=\"https:\/\/i0.wp.com\/stefan-taege.de\/kasia\/wp-content\/uploads\/2020\/07\/20200721_132616-scaled.jpg?resize=150%2C150&amp;ssl=1 150w, https:\/\/i0.wp.com\/stefan-taege.de\/kasia\/wp-content\/uploads\/2020\/07\/20200721_132616-scaled.jpg?resize=435%2C435&amp;ssl=1 435w, https:\/\/i0.wp.com\/stefan-taege.de\/kasia\/wp-content\/uploads\/2020\/07\/20200721_132616-scaled.jpg?zoom=2&amp;resize=336%2C336&amp;ssl=1 672w, https:\/\/i0.wp.com\/stefan-taege.de\/kasia\/wp-content\/uploads\/2020\/07\/20200721_132616-scaled.jpg?zoom=3&amp;resize=336%2C336&amp;ssl=1 1008w\" width=\"336\" height=\"336\" loading=\"lazy\" data-original-width=\"336\" data-original-height=\"336\" itemprop=\"http:\/\/schema.org\/image\" title=\"20200721_132616\" alt=\"20200721_132616\" style=\"width: 336px; height: 336px;\" \/> <\/a> <\/div> <\/div> <div class=\"gallery-group\" style=\"width: 340px; height: 340px;\" data-original-width=\"340\" data-original-height=\"340\" > <div class=\"tiled-gallery-item \" itemprop=\"associatedMedia\" itemscope itemtype=\"http:\/\/schema.org\/ImageObject\"> <a href=\"https:\/\/stefan-taege.de\/kasia\/2020\/07\/26\/laenderdreieck-trier-saar-ein-schoenes-vergessenes-stueck-land\/20200721_130827\/\" border=\"0\" itemprop=\"url\"> <meta itemprop=\"width\" content=\"336\"> <meta itemprop=\"height\" content=\"336\"> <img decoding=\"async\" class=\"\" data-attachment-id=\"28662\" data-orig-file=\"https:\/\/stefan-taege.de\/kasia\/wp-content\/uploads\/2020\/07\/20200721_130827-scaled.jpg\" data-orig-size=\"2560,1440\" data-comments-opened=\"1\" data-image-meta=\"{&quot;aperture&quot;:&quot;2.4&quot;,&quot;credit&quot;:&quot;&quot;,&quot;camera&quot;:&quot;SM-G965F&quot;,&quot;caption&quot;:&quot;&quot;,&quot;created_timestamp&quot;:&quot;1595336907&quot;,&quot;copyright&quot;:&quot;&quot;,&quot;focal_length&quot;:&quot;4.3&quot;,&quot;iso&quot;:&quot;50&quot;,&quot;shutter_speed&quot;:&quot;0.00067521944632&quot;,&quot;title&quot;:&quot;&quot;,&quot;orientation&quot;:&quot;1&quot;}\" data-image-title=\"20200721_130827\" data-image-description=\"\" data-medium-file=\"https:\/\/i0.wp.com\/stefan-taege.de\/kasia\/wp-content\/uploads\/2020\/07\/20200721_130827-scaled.jpg?fit=300%2C169&#038;ssl=1\" data-large-file=\"https:\/\/i0.wp.com\/stefan-taege.de\/kasia\/wp-content\/uploads\/2020\/07\/20200721_130827-scaled.jpg?fit=1020%2C574&#038;ssl=1\" src=\"https:\/\/i0.wp.com\/stefan-taege.de\/kasia\/wp-content\/uploads\/2020\/07\/20200721_130827-scaled.jpg?w=336&#038;h=336&#038;crop=1&#038;ssl=1\" srcset=\"https:\/\/i0.wp.com\/stefan-taege.de\/kasia\/wp-content\/uploads\/2020\/07\/20200721_130827-scaled.jpg?resize=150%2C150&amp;ssl=1 150w, https:\/\/i0.wp.com\/stefan-taege.de\/kasia\/wp-content\/uploads\/2020\/07\/20200721_130827-scaled.jpg?resize=435%2C435&amp;ssl=1 435w, https:\/\/i0.wp.com\/stefan-taege.de\/kasia\/wp-content\/uploads\/2020\/07\/20200721_130827-scaled.jpg?zoom=2&amp;resize=336%2C336&amp;ssl=1 672w, https:\/\/i0.wp.com\/stefan-taege.de\/kasia\/wp-content\/uploads\/2020\/07\/20200721_130827-scaled.jpg?zoom=3&amp;resize=336%2C336&amp;ssl=1 1008w\" width=\"336\" height=\"336\" loading=\"lazy\" data-original-width=\"336\" data-original-height=\"336\" itemprop=\"http:\/\/schema.org\/image\" title=\"20200721_130827\" alt=\"20200721_130827\" style=\"width: 336px; height: 336px;\" \/> <\/a> <\/div> <\/div> <div class=\"gallery-group\" style=\"width: 340px; height: 340px;\" data-original-width=\"340\" data-original-height=\"340\" > <div class=\"tiled-gallery-item \" itemprop=\"associatedMedia\" itemscope itemtype=\"http:\/\/schema.org\/ImageObject\"> <a href=\"https:\/\/stefan-taege.de\/kasia\/2020\/07\/26\/laenderdreieck-trier-saar-ein-schoenes-vergessenes-stueck-land\/20200721_130906\/\" border=\"0\" itemprop=\"url\"> <meta itemprop=\"width\" content=\"336\"> <meta itemprop=\"height\" content=\"336\"> <img decoding=\"async\" class=\"\" data-attachment-id=\"28663\" data-orig-file=\"https:\/\/stefan-taege.de\/kasia\/wp-content\/uploads\/2020\/07\/20200721_130906-scaled.jpg\" data-orig-size=\"2560,1440\" data-comments-opened=\"1\" data-image-meta=\"{&quot;aperture&quot;:&quot;2.4&quot;,&quot;credit&quot;:&quot;&quot;,&quot;camera&quot;:&quot;SM-G965F&quot;,&quot;caption&quot;:&quot;&quot;,&quot;created_timestamp&quot;:&quot;1595336946&quot;,&quot;copyright&quot;:&quot;&quot;,&quot;focal_length&quot;:&quot;6&quot;,&quot;iso&quot;:&quot;25&quot;,&quot;shutter_speed&quot;:&quot;0.00118343195266&quot;,&quot;title&quot;:&quot;&quot;,&quot;orientation&quot;:&quot;1&quot;}\" data-image-title=\"20200721_130906\" data-image-description=\"\" data-medium-file=\"https:\/\/i0.wp.com\/stefan-taege.de\/kasia\/wp-content\/uploads\/2020\/07\/20200721_130906-scaled.jpg?fit=300%2C169&#038;ssl=1\" data-large-file=\"https:\/\/i0.wp.com\/stefan-taege.de\/kasia\/wp-content\/uploads\/2020\/07\/20200721_130906-scaled.jpg?fit=1020%2C574&#038;ssl=1\" src=\"https:\/\/i0.wp.com\/stefan-taege.de\/kasia\/wp-content\/uploads\/2020\/07\/20200721_130906-scaled.jpg?w=336&#038;h=336&#038;crop=1&#038;ssl=1\" srcset=\"https:\/\/i0.wp.com\/stefan-taege.de\/kasia\/wp-content\/uploads\/2020\/07\/20200721_130906-scaled.jpg?resize=150%2C150&amp;ssl=1 150w, https:\/\/i0.wp.com\/stefan-taege.de\/kasia\/wp-content\/uploads\/2020\/07\/20200721_130906-scaled.jpg?resize=435%2C435&amp;ssl=1 435w, https:\/\/i0.wp.com\/stefan-taege.de\/kasia\/wp-content\/uploads\/2020\/07\/20200721_130906-scaled.jpg?zoom=2&amp;resize=336%2C336&amp;ssl=1 672w, https:\/\/i0.wp.com\/stefan-taege.de\/kasia\/wp-content\/uploads\/2020\/07\/20200721_130906-scaled.jpg?zoom=3&amp;resize=336%2C336&amp;ssl=1 1008w\" width=\"336\" height=\"336\" loading=\"lazy\" data-original-width=\"336\" data-original-height=\"336\" itemprop=\"http:\/\/schema.org\/image\" title=\"20200721_130906\" alt=\"20200721_130906\" style=\"width: 336px; height: 336px;\" \/> <\/a> <\/div> <\/div> <\/div> <\/div>\n<p>Der Weg windet sich schleifenf\u00f6rmig zwischen den Feldern hindurch. Land und Feld, wohin das Auge reicht. Habichte gehen auf die Jagd. Ein einzelner kreist oben am Himmel, ein zweiter sitzt auf einem h\u00f6lzernen Zaunpfeiler, w\u00e4hrend der dritte auf dem kahl gem\u00e4hten Feld hockt. Er scheint Beute gemacht zu haben. Nur die Sonne hats gesehen.<\/p>\n<p>&nbsp;<\/p>\n<h3>Spuren der R\u00f6mer<\/h3>\n<p><img loading=\"lazy\" decoding=\"async\" data-attachment-id=\"28640\" data-permalink=\"https:\/\/stefan-taege.de\/kasia\/2020\/07\/26\/laenderdreieck-trier-saar-ein-schoenes-vergessenes-stueck-land\/20200721_123456\/\" data-orig-file=\"https:\/\/i0.wp.com\/stefan-taege.de\/kasia\/wp-content\/uploads\/2020\/07\/20200721_123456-scaled.jpg?fit=2560%2C1440&amp;ssl=1\" data-orig-size=\"2560,1440\" data-comments-opened=\"1\" data-image-meta=\"{&quot;aperture&quot;:&quot;2.4&quot;,&quot;credit&quot;:&quot;&quot;,&quot;camera&quot;:&quot;SM-G965F&quot;,&quot;caption&quot;:&quot;&quot;,&quot;created_timestamp&quot;:&quot;1595334896&quot;,&quot;copyright&quot;:&quot;&quot;,&quot;focal_length&quot;:&quot;4.3&quot;,&quot;iso&quot;:&quot;50&quot;,&quot;shutter_speed&quot;:&quot;0.000931966449208&quot;,&quot;title&quot;:&quot;&quot;,&quot;orientation&quot;:&quot;1&quot;}\" data-image-title=\"20200721_123456\" data-image-description=\"\" data-image-caption=\"\" data-medium-file=\"https:\/\/i0.wp.com\/stefan-taege.de\/kasia\/wp-content\/uploads\/2020\/07\/20200721_123456-scaled.jpg?fit=300%2C169&amp;ssl=1\" data-large-file=\"https:\/\/i0.wp.com\/stefan-taege.de\/kasia\/wp-content\/uploads\/2020\/07\/20200721_123456-scaled.jpg?fit=1020%2C574&amp;ssl=1\" tabindex=\"0\" role=\"button\" class=\"alignnone size-full wp-image-28640\" src=\"https:\/\/i0.wp.com\/stefan-taege.de\/kasia\/wp-content\/uploads\/2020\/07\/20200721_123456-scaled.jpg?resize=1020%2C574&#038;ssl=1\" alt=\"\" width=\"1020\" height=\"574\" srcset=\"https:\/\/i0.wp.com\/stefan-taege.de\/kasia\/wp-content\/uploads\/2020\/07\/20200721_123456-scaled.jpg?w=2560&amp;ssl=1 2560w, https:\/\/i0.wp.com\/stefan-taege.de\/kasia\/wp-content\/uploads\/2020\/07\/20200721_123456-scaled.jpg?resize=300%2C169&amp;ssl=1 300w, https:\/\/i0.wp.com\/stefan-taege.de\/kasia\/wp-content\/uploads\/2020\/07\/20200721_123456-scaled.jpg?resize=1024%2C576&amp;ssl=1 1024w, https:\/\/i0.wp.com\/stefan-taege.de\/kasia\/wp-content\/uploads\/2020\/07\/20200721_123456-scaled.jpg?resize=768%2C432&amp;ssl=1 768w, https:\/\/i0.wp.com\/stefan-taege.de\/kasia\/wp-content\/uploads\/2020\/07\/20200721_123456-scaled.jpg?resize=1536%2C864&amp;ssl=1 1536w, https:\/\/i0.wp.com\/stefan-taege.de\/kasia\/wp-content\/uploads\/2020\/07\/20200721_123456-scaled.jpg?resize=2048%2C1152&amp;ssl=1 2048w, https:\/\/i0.wp.com\/stefan-taege.de\/kasia\/wp-content\/uploads\/2020\/07\/20200721_123456-scaled.jpg?resize=107%2C60&amp;ssl=1 107w\" sizes=\"(max-width: 1020px) 100vw, 1020px\" data-recalc-dims=\"1\" \/><\/p>\n<p>Eine vergessene Gegend. Touristen verirren sich kaum hierher, und das, obwohl \u00fcberall r\u00f6mische Spuren zu finden sind. Wie ein St\u00fcck r\u00f6mischer Wasserleitung, das bei Waldrach als Nachbau zu bestaunen ist. In der Regel wurden Quellen eingefasst und die Leitungen, die das Wasser zu den St\u00e4dten f\u00fchrten, waren gut und gerne bis zu 100 km lang. Geniale Leistungen der damaligen Technik.<\/p>\n<p>Doch die Wasserleitungen sind nur eines der Spuren, welche die alten R\u00f6mer hinterlassen haben. \u00dcberreste r\u00f6mischer Villen, Stra\u00dfen, Grabst\u00e4tten und ehemaliger Siedlungen wurden bei Ausgrabungen gefunden. Wie in Nenning, einem Ortsteil von Perl, wo fast unversehrte altr\u00f6mische Mosaiken aus dem 2 Jahrhundert n. Chr. entdeckt wurden. Die Hinterlassenschaften sind heute in gut erhaltenen sog. Villen, Museen oder Herrenh\u00e4usern zu bewundern. Oder als ganze St\u00e4dte wie das r\u00f6misch gepr\u00e4gte Trier mit seinem ru\u00dfschwarzen Porta Nigra, welches als UNESCO Weltkulturerbe gilt.\u00a0Die sog. Stra\u00dfen der R\u00f6mer verbinden \u00fcber 100 r\u00f6mische und keltische Sehensw\u00fcrdigkeiten aus Saarland, Eifel, Hunsr\u00fcck und Luxemburg miteinander.<\/p>\n<p>Ich wende mich ab und folge einem Radweg, der sich durch den Wald und \u00fcber einer h\u00f6lzernen Br\u00fccke windet. Mein Blick f\u00e4llt auf die Markierungen an B\u00e4umen und Laternen.\u00a0Wanderwege laden ein, doch zum Wandern ist es viel zu hei\u00df. So bleibe ich kurz am Wasser stehen und h\u00fcpfe dann unter Einsatz meines Lebens \u00fcber die schnell befahrene Landstra\u00dfe zu meinem Auto zur\u00fcck.<\/p>\n<p>&nbsp;<\/p>\n<h3>Der Aussichtspunkt bei Irsch<\/h3>\n<p><img loading=\"lazy\" decoding=\"async\" data-attachment-id=\"28627\" data-permalink=\"https:\/\/stefan-taege.de\/kasia\/2020\/07\/26\/laenderdreieck-trier-saar-ein-schoenes-vergessenes-stueck-land\/20200721_193051\/\" data-orig-file=\"https:\/\/i0.wp.com\/stefan-taege.de\/kasia\/wp-content\/uploads\/2020\/07\/20200721_193051-scaled.jpg?fit=2560%2C1440&amp;ssl=1\" data-orig-size=\"2560,1440\" data-comments-opened=\"1\" data-image-meta=\"{&quot;aperture&quot;:&quot;2.4&quot;,&quot;credit&quot;:&quot;&quot;,&quot;camera&quot;:&quot;SM-G965F&quot;,&quot;caption&quot;:&quot;&quot;,&quot;created_timestamp&quot;:&quot;1595359851&quot;,&quot;copyright&quot;:&quot;&quot;,&quot;focal_length&quot;:&quot;4.3&quot;,&quot;iso&quot;:&quot;50&quot;,&quot;shutter_speed&quot;:&quot;0.000559910414334&quot;,&quot;title&quot;:&quot;&quot;,&quot;orientation&quot;:&quot;1&quot;}\" data-image-title=\"20200721_193051\" data-image-description=\"\" data-image-caption=\"\" data-medium-file=\"https:\/\/i0.wp.com\/stefan-taege.de\/kasia\/wp-content\/uploads\/2020\/07\/20200721_193051-scaled.jpg?fit=300%2C169&amp;ssl=1\" data-large-file=\"https:\/\/i0.wp.com\/stefan-taege.de\/kasia\/wp-content\/uploads\/2020\/07\/20200721_193051-scaled.jpg?fit=1020%2C574&amp;ssl=1\" tabindex=\"0\" role=\"button\" class=\"alignnone size-full wp-image-28627\" src=\"https:\/\/i0.wp.com\/stefan-taege.de\/kasia\/wp-content\/uploads\/2020\/07\/20200721_193051-scaled.jpg?resize=1020%2C574&#038;ssl=1\" alt=\"\" width=\"1020\" height=\"574\" srcset=\"https:\/\/i0.wp.com\/stefan-taege.de\/kasia\/wp-content\/uploads\/2020\/07\/20200721_193051-scaled.jpg?w=2560&amp;ssl=1 2560w, https:\/\/i0.wp.com\/stefan-taege.de\/kasia\/wp-content\/uploads\/2020\/07\/20200721_193051-scaled.jpg?resize=300%2C169&amp;ssl=1 300w, https:\/\/i0.wp.com\/stefan-taege.de\/kasia\/wp-content\/uploads\/2020\/07\/20200721_193051-scaled.jpg?resize=1024%2C576&amp;ssl=1 1024w, https:\/\/i0.wp.com\/stefan-taege.de\/kasia\/wp-content\/uploads\/2020\/07\/20200721_193051-scaled.jpg?resize=768%2C432&amp;ssl=1 768w, https:\/\/i0.wp.com\/stefan-taege.de\/kasia\/wp-content\/uploads\/2020\/07\/20200721_193051-scaled.jpg?resize=1536%2C864&amp;ssl=1 1536w, https:\/\/i0.wp.com\/stefan-taege.de\/kasia\/wp-content\/uploads\/2020\/07\/20200721_193051-scaled.jpg?resize=2048%2C1152&amp;ssl=1 2048w, https:\/\/i0.wp.com\/stefan-taege.de\/kasia\/wp-content\/uploads\/2020\/07\/20200721_193051-scaled.jpg?resize=107%2C60&amp;ssl=1 107w\" sizes=\"(max-width: 1020px) 100vw, 1020px\" data-recalc-dims=\"1\" \/><\/p>\n<p>An Irsch vorbei f\u00fchrt nur eine Hauptstra\u00dfe in Richtung Saarburg. An dieser Stra\u00dfe, oberhalb der Ortschaft und direkt vor einer Kurve, befindet sich ein Parkplatz, der einen wundervollen Ausblick \u00fcber die Stadt und die umliegende Landschaft erlaubt. Perfekt f\u00fcr sch\u00f6ne Bilder und lange, gem\u00fctliche Sonnenunterg\u00e4nge. Als ich mich hier oben einfinde, hatten einige vor mir bereits die Idee &#8211; es sieht nach einem ausgelassenen M\u00e4nnerabend aus und es kommen noch mehr hinzu. Einer von ihnen r\u00fclpst vernehmlich. Ich mache meine Bilder und verziehe mich. Ich werde mir f\u00fcr diesen Abend ein anderes, sch\u00f6nes Pl\u00e4tzchen suchen.<\/p>\n<p>&nbsp;<\/p>\n<h3>Sonnenuntergang an der Saar<\/h3>\n<p><img loading=\"lazy\" decoding=\"async\" data-attachment-id=\"28626\" data-permalink=\"https:\/\/stefan-taege.de\/kasia\/2020\/07\/26\/laenderdreieck-trier-saar-ein-schoenes-vergessenes-stueck-land\/20200721_205004\/\" data-orig-file=\"https:\/\/i0.wp.com\/stefan-taege.de\/kasia\/wp-content\/uploads\/2020\/07\/20200721_205004-scaled.jpg?fit=2560%2C1244&amp;ssl=1\" data-orig-size=\"2560,1244\" data-comments-opened=\"1\" data-image-meta=\"{&quot;aperture&quot;:&quot;2.4&quot;,&quot;credit&quot;:&quot;&quot;,&quot;camera&quot;:&quot;SM-G965F&quot;,&quot;caption&quot;:&quot;&quot;,&quot;created_timestamp&quot;:&quot;1595364604&quot;,&quot;copyright&quot;:&quot;&quot;,&quot;focal_length&quot;:&quot;4.3&quot;,&quot;iso&quot;:&quot;50&quot;,&quot;shutter_speed&quot;:&quot;0.000144990575613&quot;,&quot;title&quot;:&quot;&quot;,&quot;orientation&quot;:&quot;1&quot;}\" data-image-title=\"20200721_205004\" data-image-description=\"\" data-image-caption=\"\" data-medium-file=\"https:\/\/i0.wp.com\/stefan-taege.de\/kasia\/wp-content\/uploads\/2020\/07\/20200721_205004-scaled.jpg?fit=300%2C146&amp;ssl=1\" data-large-file=\"https:\/\/i0.wp.com\/stefan-taege.de\/kasia\/wp-content\/uploads\/2020\/07\/20200721_205004-scaled.jpg?fit=1020%2C496&amp;ssl=1\" tabindex=\"0\" role=\"button\" class=\"alignnone size-full wp-image-28626\" src=\"https:\/\/i0.wp.com\/stefan-taege.de\/kasia\/wp-content\/uploads\/2020\/07\/20200721_205004-scaled.jpg?resize=1020%2C496&#038;ssl=1\" alt=\"\" width=\"1020\" height=\"496\" srcset=\"https:\/\/i0.wp.com\/stefan-taege.de\/kasia\/wp-content\/uploads\/2020\/07\/20200721_205004-scaled.jpg?w=2560&amp;ssl=1 2560w, https:\/\/i0.wp.com\/stefan-taege.de\/kasia\/wp-content\/uploads\/2020\/07\/20200721_205004-scaled.jpg?resize=300%2C146&amp;ssl=1 300w, https:\/\/i0.wp.com\/stefan-taege.de\/kasia\/wp-content\/uploads\/2020\/07\/20200721_205004-scaled.jpg?resize=1024%2C498&amp;ssl=1 1024w, https:\/\/i0.wp.com\/stefan-taege.de\/kasia\/wp-content\/uploads\/2020\/07\/20200721_205004-scaled.jpg?resize=768%2C373&amp;ssl=1 768w, https:\/\/i0.wp.com\/stefan-taege.de\/kasia\/wp-content\/uploads\/2020\/07\/20200721_205004-scaled.jpg?resize=1536%2C747&amp;ssl=1 1536w, https:\/\/i0.wp.com\/stefan-taege.de\/kasia\/wp-content\/uploads\/2020\/07\/20200721_205004-scaled.jpg?resize=2048%2C996&amp;ssl=1 2048w, https:\/\/i0.wp.com\/stefan-taege.de\/kasia\/wp-content\/uploads\/2020\/07\/20200721_205004-scaled.jpg?resize=123%2C60&amp;ssl=1 123w\" sizes=\"(max-width: 1020px) 100vw, 1020px\" data-recalc-dims=\"1\" \/><\/p>\n<p>Die meisten Pl\u00e4tze zum Anhalten finden sich spontan. Eigentlich springen sie mich an, vornehmlich dann, wenn ich nur wenig Zeit und andere Dinge zu erledigen habe. So wie jetzt. Eigentlich bin ich unterwegs nach Mettlach, wo sich die einzige, bis um 21 Uhr ge\u00f6ffnete Tankstelle im Umkreis von drei\u00dfig Kilometern befindet.<\/p>\n<p>Nachdem ich also z\u00fcgig ein Baustellenfahrzeug \u00fcberholt habe, sehe ich diesen Parkplatz, die Sonne, die tiefer sinkt, die ruhigen Wasser der Saar&#8230; und biege scharf ab, zum \u00c4rger desjenigen, der hinter mir f\u00e4hrt. Ich parke den Wagen und steige aus.<\/p>\n<p>Ein P\u00e4rchen hat sich bereits eingefunden, in einiger Entfernung sitzen sie auf Campingst\u00fchlen da und warten auf den Sonnenuntergang. Ich habe keinen Campingstuhl dabei, ich setze mich ins k\u00fchle Gras. Die Sonne hat noch immer eine unglaubliche Strahlkraft, auch wenn sie bereits tief \u00fcber dem Horizont h\u00e4ngt. Noch immer w\u00e4rmt, nein, erhitzt sie mein Gesicht und blendet, so dass ich meine Augen schlie\u00dfen muss. Rechts von mir taucht ein weiteres P\u00e4rchen auf. Ich bin in einem P\u00e4rchen-Spot gelandet.<\/p>\n<p>Ich sitze da, komme zur Ruhe und warte die letzten Sekunden, bis die Sonne im Wasser verschwindet. Die Oberfl\u00e4che der Saarschleife ist beinahe vollkommen ruhig, spiegelt die Reflexionen. Fast schlagartig wird es nun k\u00fchler. Meine Tankstelle f\u00e4llt mir wieder ein, nachdem ich kurzzeitig die ganze Welt verga\u00df.<\/p>\n<p>Auf die Minute genau um neun komme ich an der Aral an. Gerade noch rechtzeitig, um mitzubekommen, wie die S\u00e4ulen abgeschaltet wurden. Die T\u00fcr ist bereits verschlossen. Gute Nacht, Kasia.<\/p>\n<p>Als ich zur\u00fcck fahre, leuchten die Felsen der Steinbruchkanten rot wie gl\u00fchendes Lava.<\/p>\n<p>&nbsp;<\/p>\n<h3>Saarburg &#8211; Die Suche nach dem Kometen<\/h3>\n<p><img loading=\"lazy\" decoding=\"async\" data-attachment-id=\"28634\" data-permalink=\"https:\/\/stefan-taege.de\/kasia\/2020\/07\/26\/laenderdreieck-trier-saar-ein-schoenes-vergessenes-stueck-land\/20200721_134920\/\" data-orig-file=\"https:\/\/i0.wp.com\/stefan-taege.de\/kasia\/wp-content\/uploads\/2020\/07\/20200721_134920-scaled.jpg?fit=2560%2C1440&amp;ssl=1\" data-orig-size=\"2560,1440\" data-comments-opened=\"1\" data-image-meta=\"{&quot;aperture&quot;:&quot;2.4&quot;,&quot;credit&quot;:&quot;&quot;,&quot;camera&quot;:&quot;SM-G965F&quot;,&quot;caption&quot;:&quot;&quot;,&quot;created_timestamp&quot;:&quot;1595339360&quot;,&quot;copyright&quot;:&quot;&quot;,&quot;focal_length&quot;:&quot;4.3&quot;,&quot;iso&quot;:&quot;50&quot;,&quot;shutter_speed&quot;:&quot;0.000734214390602&quot;,&quot;title&quot;:&quot;&quot;,&quot;orientation&quot;:&quot;1&quot;}\" data-image-title=\"20200721_134920\" data-image-description=\"\" data-image-caption=\"\" data-medium-file=\"https:\/\/i0.wp.com\/stefan-taege.de\/kasia\/wp-content\/uploads\/2020\/07\/20200721_134920-scaled.jpg?fit=300%2C169&amp;ssl=1\" data-large-file=\"https:\/\/i0.wp.com\/stefan-taege.de\/kasia\/wp-content\/uploads\/2020\/07\/20200721_134920-scaled.jpg?fit=1020%2C574&amp;ssl=1\" tabindex=\"0\" role=\"button\" class=\"alignnone size-full wp-image-28634\" src=\"https:\/\/i0.wp.com\/stefan-taege.de\/kasia\/wp-content\/uploads\/2020\/07\/20200721_134920-scaled.jpg?resize=1020%2C574&#038;ssl=1\" alt=\"\" width=\"1020\" height=\"574\" srcset=\"https:\/\/i0.wp.com\/stefan-taege.de\/kasia\/wp-content\/uploads\/2020\/07\/20200721_134920-scaled.jpg?w=2560&amp;ssl=1 2560w, https:\/\/i0.wp.com\/stefan-taege.de\/kasia\/wp-content\/uploads\/2020\/07\/20200721_134920-scaled.jpg?resize=300%2C169&amp;ssl=1 300w, https:\/\/i0.wp.com\/stefan-taege.de\/kasia\/wp-content\/uploads\/2020\/07\/20200721_134920-scaled.jpg?resize=1024%2C576&amp;ssl=1 1024w, https:\/\/i0.wp.com\/stefan-taege.de\/kasia\/wp-content\/uploads\/2020\/07\/20200721_134920-scaled.jpg?resize=768%2C432&amp;ssl=1 768w, https:\/\/i0.wp.com\/stefan-taege.de\/kasia\/wp-content\/uploads\/2020\/07\/20200721_134920-scaled.jpg?resize=1536%2C864&amp;ssl=1 1536w, https:\/\/i0.wp.com\/stefan-taege.de\/kasia\/wp-content\/uploads\/2020\/07\/20200721_134920-scaled.jpg?resize=2048%2C1152&amp;ssl=1 2048w, https:\/\/i0.wp.com\/stefan-taege.de\/kasia\/wp-content\/uploads\/2020\/07\/20200721_134920-scaled.jpg?resize=107%2C60&amp;ssl=1 107w\" sizes=\"(max-width: 1020px) 100vw, 1020px\" data-recalc-dims=\"1\" \/><\/p>\n<p>Die kleine Stadt Saarburg ist zweifelsohne &#8211; von Trier mal abgesehen &#8211; das Juwel der hiesigen Gegend. Schon bei der Anfahrt ist die Burg hoch oben auf dem Fels zu sehen, umgeben vom blauen, ruhigen Wasser der vorbeiflie\u00dfenden Saar. Die Stadt schmiegt sich um die Burganlage herum und ergibt zusammen ein malerisches Bild.<\/p>\n<p>Trotz ihrer offensichtlich reizvollen Lage macht sie eher den Eindruck, eines dieser Geheimtipps zu sein, bei weitem nicht so frequentiert wie die Trierer Innenstadt oder vergleichbar pittoreske St\u00e4dchen an der Mosel, die gerade jetzt aus allen N\u00e4hten platzen. Nein, Saarburg ist ruhig und, von ein paar vereinzelten, belgischen oder niederl\u00e4ndischen Touristen, weitestgehend unber\u00fchrt.<\/p>\n<p>Hier habe ich mich in der Saar-Galerie einquartiert; das Hotel liegt direkt \u00fcber einem Einkaufszentrum mit Apotheke. Der Blick auf dem Fenster geht Richtung Osten, zur Burg hin; so kann ich am Morgen die Sonne \u00fcber der Burg aufgehen sehen.<\/p>\n<h3><img loading=\"lazy\" decoding=\"async\" data-attachment-id=\"28635\" data-permalink=\"https:\/\/stefan-taege.de\/kasia\/2020\/07\/26\/laenderdreieck-trier-saar-ein-schoenes-vergessenes-stueck-land\/20200721_070424\/\" data-orig-file=\"https:\/\/i0.wp.com\/stefan-taege.de\/kasia\/wp-content\/uploads\/2020\/07\/20200721_070424-scaled.jpg?fit=2560%2C1440&amp;ssl=1\" data-orig-size=\"2560,1440\" data-comments-opened=\"1\" data-image-meta=\"{&quot;aperture&quot;:&quot;2.4&quot;,&quot;credit&quot;:&quot;&quot;,&quot;camera&quot;:&quot;SM-G965F&quot;,&quot;caption&quot;:&quot;&quot;,&quot;created_timestamp&quot;:&quot;1595315064&quot;,&quot;copyright&quot;:&quot;&quot;,&quot;focal_length&quot;:&quot;6&quot;,&quot;iso&quot;:&quot;25&quot;,&quot;shutter_speed&quot;:&quot;0.00015199878401&quot;,&quot;title&quot;:&quot;&quot;,&quot;orientation&quot;:&quot;1&quot;}\" data-image-title=\"20200721_070424\" data-image-description=\"\" data-image-caption=\"\" data-medium-file=\"https:\/\/i0.wp.com\/stefan-taege.de\/kasia\/wp-content\/uploads\/2020\/07\/20200721_070424-scaled.jpg?fit=300%2C169&amp;ssl=1\" data-large-file=\"https:\/\/i0.wp.com\/stefan-taege.de\/kasia\/wp-content\/uploads\/2020\/07\/20200721_070424-scaled.jpg?fit=1020%2C574&amp;ssl=1\" tabindex=\"0\" role=\"button\" class=\"alignnone size-full wp-image-28635\" src=\"https:\/\/i0.wp.com\/stefan-taege.de\/kasia\/wp-content\/uploads\/2020\/07\/20200721_070424-scaled.jpg?resize=1020%2C574&#038;ssl=1\" alt=\"\" width=\"1020\" height=\"574\" srcset=\"https:\/\/i0.wp.com\/stefan-taege.de\/kasia\/wp-content\/uploads\/2020\/07\/20200721_070424-scaled.jpg?w=2560&amp;ssl=1 2560w, https:\/\/i0.wp.com\/stefan-taege.de\/kasia\/wp-content\/uploads\/2020\/07\/20200721_070424-scaled.jpg?resize=300%2C169&amp;ssl=1 300w, https:\/\/i0.wp.com\/stefan-taege.de\/kasia\/wp-content\/uploads\/2020\/07\/20200721_070424-scaled.jpg?resize=1024%2C576&amp;ssl=1 1024w, https:\/\/i0.wp.com\/stefan-taege.de\/kasia\/wp-content\/uploads\/2020\/07\/20200721_070424-scaled.jpg?resize=768%2C432&amp;ssl=1 768w, https:\/\/i0.wp.com\/stefan-taege.de\/kasia\/wp-content\/uploads\/2020\/07\/20200721_070424-scaled.jpg?resize=1536%2C864&amp;ssl=1 1536w, https:\/\/i0.wp.com\/stefan-taege.de\/kasia\/wp-content\/uploads\/2020\/07\/20200721_070424-scaled.jpg?resize=2048%2C1152&amp;ssl=1 2048w, https:\/\/i0.wp.com\/stefan-taege.de\/kasia\/wp-content\/uploads\/2020\/07\/20200721_070424-scaled.jpg?resize=107%2C60&amp;ssl=1 107w\" sizes=\"(max-width: 1020px) 100vw, 1020px\" data-recalc-dims=\"1\" \/><\/h3>\n<p>Am Abend sitze ich da und verdrehe mir den Hals, w\u00e4hrend ich in den klaren Sternenhimmel gucke. Ich halte Ausschau nach dem Kometen Neowise, der alle paar Tausend Jahre auf ein K\u00e4ffchen bei der Erde vorbei schaut. Ist es das da oben? Oder doch das andere? Und wo ist der Schweif? Nur weil man den Kometen laut Angabe der Medien &#8222;mit blo\u00dfem Auge sehen&#8220; kann, hei\u00dft es nicht, dass jemand wie ich ihn unter den vielen blinkenden Lichtobjekten auch erkennt.<\/p>\n<p>Extra sp\u00e4t in der Nacht bin ich aufgestanden und tigere jetzt durch das hell erleuchtete, jedoch surreal einsame Hotel auf der Suche nach dem perfekten Aussichtspunkt. Als ein solcher entpuppt sich nach einigem Suchen mein Zimmer, genauer gesagt der Platz am Fenster. Trotz der Stra\u00dfenbeleuchtung steht der Himmel klar vor mir. Da, dort oben ist der gro\u00dfe Wagen. K\u00fchle Luft streift meine Wangen. Was davon ist der Komet? Ist es dieses etwas gr\u00f6\u00dfere Objekt? Oder ist er l\u00e4ngst verschwunden und ich bin zu sp\u00e4t dran?<\/p>\n<div class=\"tiled-gallery type-rectangular tiled-gallery-unresized\" data-original-width=\"1020\" data-carousel-extra='{&quot;blog_id&quot;:1,&quot;permalink&quot;:&quot;https:\\\/\\\/stefan-taege.de\\\/kasia\\\/2020\\\/07\\\/26\\\/laenderdreieck-trier-saar-ein-schoenes-vergessenes-stueck-land\\\/&quot;,&quot;likes_blog_id&quot;:114512862}' itemscope itemtype=\"http:\/\/schema.org\/ImageGallery\" > <div class=\"gallery-row\" style=\"width: 1020px; height: 250px;\" data-original-width=\"1020\" data-original-height=\"250\" > <div class=\"gallery-group images-1\" style=\"width: 510px; height: 250px;\" data-original-width=\"510\" data-original-height=\"250\" > <div class=\"tiled-gallery-item tiled-gallery-item-large\" itemprop=\"associatedMedia\" itemscope itemtype=\"http:\/\/schema.org\/ImageObject\"> <a href=\"https:\/\/stefan-taege.de\/kasia\/2020\/07\/26\/laenderdreieck-trier-saar-ein-schoenes-vergessenes-stueck-land\/20200721_234110\/\" border=\"0\" itemprop=\"url\"> <meta itemprop=\"width\" content=\"506\"> <meta itemprop=\"height\" content=\"246\"> <img decoding=\"async\" class=\"\" data-attachment-id=\"28636\" data-orig-file=\"https:\/\/stefan-taege.de\/kasia\/wp-content\/uploads\/2020\/07\/20200721_234110-scaled-e1614363078437.jpg\" data-orig-size=\"2558,1243\" data-comments-opened=\"1\" data-image-meta=\"{&quot;aperture&quot;:&quot;1.5&quot;,&quot;credit&quot;:&quot;&quot;,&quot;camera&quot;:&quot;SM-G965F&quot;,&quot;caption&quot;:&quot;&quot;,&quot;created_timestamp&quot;:&quot;1595374592&quot;,&quot;copyright&quot;:&quot;&quot;,&quot;focal_length&quot;:&quot;4.3&quot;,&quot;iso&quot;:&quot;500&quot;,&quot;shutter_speed&quot;:&quot;10&quot;,&quot;title&quot;:&quot;&quot;,&quot;orientation&quot;:&quot;0&quot;}\" data-image-title=\"20200721_234110\" data-image-description=\"\" data-medium-file=\"https:\/\/i0.wp.com\/stefan-taege.de\/kasia\/wp-content\/uploads\/2020\/07\/20200721_234110-scaled-e1614363078437.jpg?fit=300%2C146&#038;ssl=1\" data-large-file=\"https:\/\/i0.wp.com\/stefan-taege.de\/kasia\/wp-content\/uploads\/2020\/07\/20200721_234110-scaled-e1614363078437.jpg?fit=1020%2C496&#038;ssl=1\" src=\"https:\/\/i0.wp.com\/stefan-taege.de\/kasia\/wp-content\/uploads\/2020\/07\/20200721_234110-scaled-e1614363078437.jpg?w=506&#038;h=246&#038;ssl=1\" srcset=\"https:\/\/i0.wp.com\/stefan-taege.de\/kasia\/wp-content\/uploads\/2020\/07\/20200721_234110-scaled-e1614363078437.jpg?w=2558&amp;ssl=1 2558w, https:\/\/i0.wp.com\/stefan-taege.de\/kasia\/wp-content\/uploads\/2020\/07\/20200721_234110-scaled-e1614363078437.jpg?w=2040&amp;ssl=1 2040w\" width=\"506\" height=\"246\" loading=\"lazy\" data-original-width=\"506\" data-original-height=\"246\" itemprop=\"http:\/\/schema.org\/image\" title=\"20200721_234110\" alt=\"20200721_234110\" style=\"width: 506px; height: 246px;\" \/> <\/a> <\/div> <\/div> <!-- close group --> <div class=\"gallery-group images-1\" style=\"width: 510px; height: 250px;\" data-original-width=\"510\" data-original-height=\"250\" > <div class=\"tiled-gallery-item tiled-gallery-item-large\" itemprop=\"associatedMedia\" itemscope itemtype=\"http:\/\/schema.org\/ImageObject\"> <a href=\"https:\/\/stefan-taege.de\/kasia\/2020\/07\/26\/laenderdreieck-trier-saar-ein-schoenes-vergessenes-stueck-land\/20200721_232744\/\" border=\"0\" itemprop=\"url\"> <meta itemprop=\"width\" content=\"506\"> <meta itemprop=\"height\" content=\"246\"> <img decoding=\"async\" class=\"\" data-attachment-id=\"28637\" data-orig-file=\"https:\/\/stefan-taege.de\/kasia\/wp-content\/uploads\/2020\/07\/20200721_232744-scaled.jpg\" data-orig-size=\"2560,1244\" data-comments-opened=\"1\" data-image-meta=\"{&quot;aperture&quot;:&quot;1.5&quot;,&quot;credit&quot;:&quot;&quot;,&quot;camera&quot;:&quot;SM-G965F&quot;,&quot;caption&quot;:&quot;&quot;,&quot;created_timestamp&quot;:&quot;1595374064&quot;,&quot;copyright&quot;:&quot;&quot;,&quot;focal_length&quot;:&quot;4.3&quot;,&quot;iso&quot;:&quot;400&quot;,&quot;shutter_speed&quot;:&quot;10&quot;,&quot;title&quot;:&quot;&quot;,&quot;orientation&quot;:&quot;1&quot;}\" data-image-title=\"20200721_232744\" data-image-description=\"\" data-medium-file=\"https:\/\/i0.wp.com\/stefan-taege.de\/kasia\/wp-content\/uploads\/2020\/07\/20200721_232744-scaled.jpg?fit=300%2C146&#038;ssl=1\" data-large-file=\"https:\/\/i0.wp.com\/stefan-taege.de\/kasia\/wp-content\/uploads\/2020\/07\/20200721_232744-scaled.jpg?fit=1020%2C496&#038;ssl=1\" src=\"https:\/\/i0.wp.com\/stefan-taege.de\/kasia\/wp-content\/uploads\/2020\/07\/20200721_232744-scaled.jpg?w=506&#038;h=246&#038;ssl=1\" srcset=\"https:\/\/i0.wp.com\/stefan-taege.de\/kasia\/wp-content\/uploads\/2020\/07\/20200721_232744-scaled.jpg?w=2560&amp;ssl=1 2560w, https:\/\/i0.wp.com\/stefan-taege.de\/kasia\/wp-content\/uploads\/2020\/07\/20200721_232744-scaled.jpg?resize=300%2C146&amp;ssl=1 300w, https:\/\/i0.wp.com\/stefan-taege.de\/kasia\/wp-content\/uploads\/2020\/07\/20200721_232744-scaled.jpg?resize=1024%2C498&amp;ssl=1 1024w, https:\/\/i0.wp.com\/stefan-taege.de\/kasia\/wp-content\/uploads\/2020\/07\/20200721_232744-scaled.jpg?resize=768%2C373&amp;ssl=1 768w, https:\/\/i0.wp.com\/stefan-taege.de\/kasia\/wp-content\/uploads\/2020\/07\/20200721_232744-scaled.jpg?resize=1536%2C747&amp;ssl=1 1536w, https:\/\/i0.wp.com\/stefan-taege.de\/kasia\/wp-content\/uploads\/2020\/07\/20200721_232744-scaled.jpg?resize=2048%2C996&amp;ssl=1 2048w, https:\/\/i0.wp.com\/stefan-taege.de\/kasia\/wp-content\/uploads\/2020\/07\/20200721_232744-scaled.jpg?resize=123%2C60&amp;ssl=1 123w\" width=\"506\" height=\"246\" loading=\"lazy\" data-original-width=\"506\" data-original-height=\"246\" itemprop=\"http:\/\/schema.org\/image\" title=\"20200721_232744\" alt=\"20200721_232744\" style=\"width: 506px; height: 246px;\" \/> <\/a> <\/div> <\/div> <!-- close group --> <\/div> <!-- close row --> <\/div>\n<p>Ich bleibe am Fenster, so lange, bis der helle Streifen der nautischen D\u00e4mmerung am Horizont zu sehen ist. Dann lege ich mich ins Bett. Noch zwei Stunden, bis die Arbeit ruft.<\/p>\n<p>Sp\u00e4ter stehe ich am selben Fenster. Kein k\u00fcnstliches Licht mehr, nein &#8211; leiser Sonnenschein erleuchtet jetzt die Burg. Still und noch nicht kr\u00e4ftig genug; noch ist es k\u00fchl. Sonnenaufgang.<\/p>\n<p>Dazwischen liegt ein Arbeitstag, bevor ich mich am Abend wieder zum Beobachten der Sterne aufmache. Diesmal suche ich mir eine erh\u00f6hte Stelle aus, von der aus man einen Rundumblick \u00fcber die gesamte Umgebung hat. Diese befindet sich auf der Anh\u00f6he, wo die Kapelle mit dem Speiner Bildchen samt Wanderh\u00fctte, ehemals &#8222;Stall&#8220;, steht.<\/p>\n<p>Doch zun\u00e4chst beginnt f\u00fcr mich die Suche nach einer Tankstelle. Und das nicht einmal nach einer geeigneten, nein, einfach nur nach irgend einer Tankm\u00f6glichkeit. Man muss wissen, so sch\u00f6n und ruhig die Gegend jenseits von Trier sein mag, mit Tankstellen ist sie nicht gerade reich gesegnet.<\/p>\n<p>Die Tanke im Ort macht bereits um zwanzig Uhr ihre Tore zu. Wer nicht vorher daran gedacht hat, seine Reserven aufzuf\u00fcllen, steht vor verschlossener T\u00fcr. Nicht schlimm, noch mache ich mir keine Sorgen. Auch nicht, als die f\u00fcnfzehn Kilometer entlegene Aral in Mettlach vor meiner Nase schlie\u00dft, w\u00e4hrend ich die Zeit beim Sonnenuntergang vertr\u00f6dele. Doch als am n\u00e4chsten Morgen die einzige Tanke im Umkreis ausgerechnet wegen T\u00dcV au\u00dfer Betrieb ist, wird es langsam spannend&#8230; aber das ist eine andere Geschichte.<\/p>\n<p><img loading=\"lazy\" decoding=\"async\" data-attachment-id=\"28655\" data-permalink=\"https:\/\/stefan-taege.de\/kasia\/2020\/07\/26\/laenderdreieck-trier-saar-ein-schoenes-vergessenes-stueck-land\/20200721_212717\/\" data-orig-file=\"https:\/\/i0.wp.com\/stefan-taege.de\/kasia\/wp-content\/uploads\/2020\/07\/20200721_212717-scaled.jpg?fit=2560%2C1244&amp;ssl=1\" data-orig-size=\"2560,1244\" data-comments-opened=\"1\" data-image-meta=\"{&quot;aperture&quot;:&quot;2.4&quot;,&quot;credit&quot;:&quot;&quot;,&quot;camera&quot;:&quot;SM-G965F&quot;,&quot;caption&quot;:&quot;&quot;,&quot;created_timestamp&quot;:&quot;1595366837&quot;,&quot;copyright&quot;:&quot;&quot;,&quot;focal_length&quot;:&quot;6&quot;,&quot;iso&quot;:&quot;25&quot;,&quot;shutter_speed&quot;:&quot;0.00236966824645&quot;,&quot;title&quot;:&quot;&quot;,&quot;orientation&quot;:&quot;1&quot;}\" data-image-title=\"20200721_212717\" data-image-description=\"\" data-image-caption=\"\" data-medium-file=\"https:\/\/i0.wp.com\/stefan-taege.de\/kasia\/wp-content\/uploads\/2020\/07\/20200721_212717-scaled.jpg?fit=300%2C146&amp;ssl=1\" data-large-file=\"https:\/\/i0.wp.com\/stefan-taege.de\/kasia\/wp-content\/uploads\/2020\/07\/20200721_212717-scaled.jpg?fit=1020%2C496&amp;ssl=1\" tabindex=\"0\" role=\"button\" class=\"alignnone size-full wp-image-28655\" src=\"https:\/\/i0.wp.com\/stefan-taege.de\/kasia\/wp-content\/uploads\/2020\/07\/20200721_212717-scaled.jpg?resize=1020%2C496&#038;ssl=1\" alt=\"\" width=\"1020\" height=\"496\" srcset=\"https:\/\/i0.wp.com\/stefan-taege.de\/kasia\/wp-content\/uploads\/2020\/07\/20200721_212717-scaled.jpg?w=2560&amp;ssl=1 2560w, https:\/\/i0.wp.com\/stefan-taege.de\/kasia\/wp-content\/uploads\/2020\/07\/20200721_212717-scaled.jpg?resize=300%2C146&amp;ssl=1 300w, https:\/\/i0.wp.com\/stefan-taege.de\/kasia\/wp-content\/uploads\/2020\/07\/20200721_212717-scaled.jpg?resize=1024%2C498&amp;ssl=1 1024w, https:\/\/i0.wp.com\/stefan-taege.de\/kasia\/wp-content\/uploads\/2020\/07\/20200721_212717-scaled.jpg?resize=768%2C373&amp;ssl=1 768w, https:\/\/i0.wp.com\/stefan-taege.de\/kasia\/wp-content\/uploads\/2020\/07\/20200721_212717-scaled.jpg?resize=1536%2C747&amp;ssl=1 1536w, https:\/\/i0.wp.com\/stefan-taege.de\/kasia\/wp-content\/uploads\/2020\/07\/20200721_212717-scaled.jpg?resize=2048%2C996&amp;ssl=1 2048w, https:\/\/i0.wp.com\/stefan-taege.de\/kasia\/wp-content\/uploads\/2020\/07\/20200721_212717-scaled.jpg?resize=123%2C60&amp;ssl=1 123w\" sizes=\"(max-width: 1020px) 100vw, 1020px\" data-recalc-dims=\"1\" \/><\/p>\n<p>Nichtsdestotrotz beschlie\u00dfe ich, mich nach Sonnenuntergang nicht mehr zu weit weg zu begeben. Statt zu meiner ausgesuchten Stelle zu fahren, platziere ich einfach das Auto auf einem kleinen Anhaltestreifen nahe der Stra\u00dfe und warte, warte, bis das Licht schwindet und die Sterne kommen. Ich will dem Kometen hallo sagen.<\/p>\n<p>Der Himmel mit den restlichen Sonnenstrahlen wird r\u00f6ter und r\u00f6ter und am Horizont seitlich bildet sich ein blasser lila Streifen. Eine Farbgebung wie gemalt, und trotzdem in dieser Situation mehr als st\u00f6rend, will ich doch, dass es endlich dunkel wird. Aber man soll ja die Geschenke der Natur annehmen wie sie kommen.<\/p>\n<p>Ab und zu f\u00e4hrt ein Auto vorbei und blendet mich mit seinen Scheinwerfern. Ab und zu steige ich aus dem Wagen und betrachte fr\u00f6stelnd den Himmel. Lange Zeit ist nichts zu sehen und ich vertr\u00f6dele mir die Zeit damit, informative Artikel \u00fcber die b\u00fcrgerliche, nautische und astronomische D\u00e4mmerung zu lesen. Die Stunden vergehen.<\/p>\n<p><img loading=\"lazy\" decoding=\"async\" data-attachment-id=\"28656\" data-permalink=\"https:\/\/stefan-taege.de\/kasia\/2020\/07\/26\/laenderdreieck-trier-saar-ein-schoenes-vergessenes-stueck-land\/20200721_221412\/\" data-orig-file=\"https:\/\/i0.wp.com\/stefan-taege.de\/kasia\/wp-content\/uploads\/2020\/07\/20200721_221412-scaled.jpg?fit=2560%2C1244&amp;ssl=1\" data-orig-size=\"2560,1244\" data-comments-opened=\"1\" data-image-meta=\"{&quot;aperture&quot;:&quot;2.4&quot;,&quot;credit&quot;:&quot;&quot;,&quot;camera&quot;:&quot;SM-G965F&quot;,&quot;caption&quot;:&quot;&quot;,&quot;created_timestamp&quot;:&quot;1595369652&quot;,&quot;copyright&quot;:&quot;&quot;,&quot;focal_length&quot;:&quot;6&quot;,&quot;iso&quot;:&quot;160&quot;,&quot;shutter_speed&quot;:&quot;0.0416666666667&quot;,&quot;title&quot;:&quot;&quot;,&quot;orientation&quot;:&quot;1&quot;}\" data-image-title=\"20200721_221412\" data-image-description=\"\" data-image-caption=\"\" data-medium-file=\"https:\/\/i0.wp.com\/stefan-taege.de\/kasia\/wp-content\/uploads\/2020\/07\/20200721_221412-scaled.jpg?fit=300%2C146&amp;ssl=1\" data-large-file=\"https:\/\/i0.wp.com\/stefan-taege.de\/kasia\/wp-content\/uploads\/2020\/07\/20200721_221412-scaled.jpg?fit=1020%2C496&amp;ssl=1\" tabindex=\"0\" role=\"button\" class=\"alignnone size-full wp-image-28656\" src=\"https:\/\/i0.wp.com\/stefan-taege.de\/kasia\/wp-content\/uploads\/2020\/07\/20200721_221412-scaled.jpg?resize=1020%2C496&#038;ssl=1\" alt=\"\" width=\"1020\" height=\"496\" srcset=\"https:\/\/i0.wp.com\/stefan-taege.de\/kasia\/wp-content\/uploads\/2020\/07\/20200721_221412-scaled.jpg?w=2560&amp;ssl=1 2560w, https:\/\/i0.wp.com\/stefan-taege.de\/kasia\/wp-content\/uploads\/2020\/07\/20200721_221412-scaled.jpg?resize=300%2C146&amp;ssl=1 300w, https:\/\/i0.wp.com\/stefan-taege.de\/kasia\/wp-content\/uploads\/2020\/07\/20200721_221412-scaled.jpg?resize=1024%2C498&amp;ssl=1 1024w, https:\/\/i0.wp.com\/stefan-taege.de\/kasia\/wp-content\/uploads\/2020\/07\/20200721_221412-scaled.jpg?resize=768%2C373&amp;ssl=1 768w, https:\/\/i0.wp.com\/stefan-taege.de\/kasia\/wp-content\/uploads\/2020\/07\/20200721_221412-scaled.jpg?resize=1536%2C747&amp;ssl=1 1536w, https:\/\/i0.wp.com\/stefan-taege.de\/kasia\/wp-content\/uploads\/2020\/07\/20200721_221412-scaled.jpg?resize=2048%2C996&amp;ssl=1 2048w, https:\/\/i0.wp.com\/stefan-taege.de\/kasia\/wp-content\/uploads\/2020\/07\/20200721_221412-scaled.jpg?resize=123%2C60&amp;ssl=1 123w\" sizes=\"(max-width: 1020px) 100vw, 1020px\" data-recalc-dims=\"1\" \/><\/p>\n<p>Dann ist es soweit und aus dem kr\u00e4ftigen, roten Himmel wird nur noch ein d\u00fcnner Streifen. Die ersten Sterne tauchen auf. Welcher davon ist mein Komet? Als es noch dunkler wird, stehe ich fr\u00f6stelnd weit weg vom Auto mitten im Feld und schaue nach oben. Der Gro\u00dfe und der Kleine Wagen sind schon da. Die ganze Zeit treibt mich der Gedanke, zur\u00fcck ins warme Hotel zu wollen, diesen Unsinn zu unterlassen und mich auf die Couch zu legen. Doch jetzt, wo es fast dunkel ist, komme ich nicht umhin, festzustellen, wie sch\u00f6n das alles hier ist. Mit der Dunkelheit verblassen nicht nur die Farben, sondern auch die Ger\u00e4usche und eine eigenartige Stille legt sich \u00fcbers Land. Es ist, als wenn das Echo sich verst\u00e4rkt, obwohl sich bis auf das Fehlen von Licht nichts weiter ver\u00e4ndert zu haben scheint. Ein k\u00fchler Wind zieht auf und die Nacht ist da.<\/p>\n<p><img loading=\"lazy\" decoding=\"async\" data-attachment-id=\"28657\" data-permalink=\"https:\/\/stefan-taege.de\/kasia\/2020\/07\/26\/laenderdreieck-trier-saar-ein-schoenes-vergessenes-stueck-land\/20200721_225630\/\" data-orig-file=\"https:\/\/i0.wp.com\/stefan-taege.de\/kasia\/wp-content\/uploads\/2020\/07\/20200721_225630-scaled.jpg?fit=2560%2C1244&amp;ssl=1\" data-orig-size=\"2560,1244\" data-comments-opened=\"1\" data-image-meta=\"{&quot;aperture&quot;:&quot;1.5&quot;,&quot;credit&quot;:&quot;&quot;,&quot;camera&quot;:&quot;SM-G965F&quot;,&quot;caption&quot;:&quot;&quot;,&quot;created_timestamp&quot;:&quot;1595372190&quot;,&quot;copyright&quot;:&quot;&quot;,&quot;focal_length&quot;:&quot;4.3&quot;,&quot;iso&quot;:&quot;400&quot;,&quot;shutter_speed&quot;:&quot;10&quot;,&quot;title&quot;:&quot;&quot;,&quot;orientation&quot;:&quot;1&quot;}\" data-image-title=\"20200721_225630\" data-image-description=\"\" data-image-caption=\"\" data-medium-file=\"https:\/\/i0.wp.com\/stefan-taege.de\/kasia\/wp-content\/uploads\/2020\/07\/20200721_225630-scaled.jpg?fit=300%2C146&amp;ssl=1\" data-large-file=\"https:\/\/i0.wp.com\/stefan-taege.de\/kasia\/wp-content\/uploads\/2020\/07\/20200721_225630-scaled.jpg?fit=1020%2C496&amp;ssl=1\" tabindex=\"0\" role=\"button\" class=\"alignnone size-full wp-image-28657\" src=\"https:\/\/i0.wp.com\/stefan-taege.de\/kasia\/wp-content\/uploads\/2020\/07\/20200721_225630-scaled.jpg?resize=1020%2C496&#038;ssl=1\" alt=\"\" width=\"1020\" height=\"496\" srcset=\"https:\/\/i0.wp.com\/stefan-taege.de\/kasia\/wp-content\/uploads\/2020\/07\/20200721_225630-scaled.jpg?w=2560&amp;ssl=1 2560w, https:\/\/i0.wp.com\/stefan-taege.de\/kasia\/wp-content\/uploads\/2020\/07\/20200721_225630-scaled.jpg?resize=300%2C146&amp;ssl=1 300w, https:\/\/i0.wp.com\/stefan-taege.de\/kasia\/wp-content\/uploads\/2020\/07\/20200721_225630-scaled.jpg?resize=1024%2C498&amp;ssl=1 1024w, https:\/\/i0.wp.com\/stefan-taege.de\/kasia\/wp-content\/uploads\/2020\/07\/20200721_225630-scaled.jpg?resize=768%2C373&amp;ssl=1 768w, https:\/\/i0.wp.com\/stefan-taege.de\/kasia\/wp-content\/uploads\/2020\/07\/20200721_225630-scaled.jpg?resize=1536%2C747&amp;ssl=1 1536w, https:\/\/i0.wp.com\/stefan-taege.de\/kasia\/wp-content\/uploads\/2020\/07\/20200721_225630-scaled.jpg?resize=2048%2C996&amp;ssl=1 2048w, https:\/\/i0.wp.com\/stefan-taege.de\/kasia\/wp-content\/uploads\/2020\/07\/20200721_225630-scaled.jpg?resize=123%2C60&amp;ssl=1 123w\" sizes=\"(max-width: 1020px) 100vw, 1020px\" data-recalc-dims=\"1\" \/><\/p>\n<p>Am Himmel &#8211; der unfassbar helle Abendstern. Doch nicht nur der ist zu sehen; wir befinden uns jetzt, Ende Juli bis Mitte August, in einer Zeit, in der die Plejadenschauer \u00fcber den Himmel ziehen und nachts Meteoritenschw\u00e4rme zu beobachten sind. Der Himmel ist voller seltsamer Objekte, es erkennt nur der, der ganz genau hinschaut. Objekte, die ganz langsam und leuchtend \u00fcber den Orbit ziehen, doch kein Flugzeug sein k\u00f6nnen. Eines, dann ein zweites. Sind es Sateliten, die Licht reflektieren? Doch sind es so viele? Ein leuchtendes Etwas, wie ein heller Stern, das eine leicht schwankende Bahn fliegt, um schlie\u00dflich zu verschwinden. Und dann diese typischen &#8222;Wunschsterne&#8220;, kleine, zischende Sternschnuppen, die im selben Augenblick wieder verschwinden, in dem sie aufgetaucht sind.<\/p>\n<p>Das ist alles sch\u00f6n und gut, doch wo ist mein Komet?<\/p>\n<p>Bis um elf bleibe ich drau\u00dfen. F\u00fcr einen Amateur ohne Teleskop ist das bereits nicht schlecht. Doch der beste Platz ist wie immer mein Hotelfenster, wo ich in aller Ruhe noch ein bisschen verbleibe. Vielleicht habe ich den Kometen gesehen. Ja, ganz sicher sogar. Das war der&#8230; nein, dieser&#8230; ach, vielleicht war er schon nicht mehr so gut zu sehen. Bis in f\u00fcnftausend Jahren, ich warte&#8230;<\/p>\n<p>&nbsp;<\/p>\n<h3>Traumhaft sch\u00f6n &#8211; das Moseltal<\/h3>\n<p><img loading=\"lazy\" decoding=\"async\" data-attachment-id=\"28641\" data-permalink=\"https:\/\/stefan-taege.de\/kasia\/2020\/07\/26\/laenderdreieck-trier-saar-ein-schoenes-vergessenes-stueck-land\/20200722_133101\/\" data-orig-file=\"https:\/\/i0.wp.com\/stefan-taege.de\/kasia\/wp-content\/uploads\/2020\/07\/20200722_133101-scaled.jpg?fit=2560%2C1244&amp;ssl=1\" data-orig-size=\"2560,1244\" data-comments-opened=\"1\" data-image-meta=\"{&quot;aperture&quot;:&quot;2.4&quot;,&quot;credit&quot;:&quot;&quot;,&quot;camera&quot;:&quot;SM-G965F&quot;,&quot;caption&quot;:&quot;&quot;,&quot;created_timestamp&quot;:&quot;1595424661&quot;,&quot;copyright&quot;:&quot;&quot;,&quot;focal_length&quot;:&quot;4.3&quot;,&quot;iso&quot;:&quot;50&quot;,&quot;shutter_speed&quot;:&quot;0.000757002271007&quot;,&quot;title&quot;:&quot;&quot;,&quot;orientation&quot;:&quot;1&quot;}\" data-image-title=\"20200722_133101\" data-image-description=\"\" data-image-caption=\"\" data-medium-file=\"https:\/\/i0.wp.com\/stefan-taege.de\/kasia\/wp-content\/uploads\/2020\/07\/20200722_133101-scaled.jpg?fit=300%2C146&amp;ssl=1\" data-large-file=\"https:\/\/i0.wp.com\/stefan-taege.de\/kasia\/wp-content\/uploads\/2020\/07\/20200722_133101-scaled.jpg?fit=1020%2C496&amp;ssl=1\" tabindex=\"0\" role=\"button\" class=\"alignnone size-full wp-image-28641\" src=\"https:\/\/i0.wp.com\/stefan-taege.de\/kasia\/wp-content\/uploads\/2020\/07\/20200722_133101-scaled.jpg?resize=1020%2C496&#038;ssl=1\" alt=\"\" width=\"1020\" height=\"496\" srcset=\"https:\/\/i0.wp.com\/stefan-taege.de\/kasia\/wp-content\/uploads\/2020\/07\/20200722_133101-scaled.jpg?w=2560&amp;ssl=1 2560w, https:\/\/i0.wp.com\/stefan-taege.de\/kasia\/wp-content\/uploads\/2020\/07\/20200722_133101-scaled.jpg?resize=300%2C146&amp;ssl=1 300w, https:\/\/i0.wp.com\/stefan-taege.de\/kasia\/wp-content\/uploads\/2020\/07\/20200722_133101-scaled.jpg?resize=1024%2C498&amp;ssl=1 1024w, https:\/\/i0.wp.com\/stefan-taege.de\/kasia\/wp-content\/uploads\/2020\/07\/20200722_133101-scaled.jpg?resize=768%2C373&amp;ssl=1 768w, https:\/\/i0.wp.com\/stefan-taege.de\/kasia\/wp-content\/uploads\/2020\/07\/20200722_133101-scaled.jpg?resize=1536%2C747&amp;ssl=1 1536w, https:\/\/i0.wp.com\/stefan-taege.de\/kasia\/wp-content\/uploads\/2020\/07\/20200722_133101-scaled.jpg?resize=2048%2C996&amp;ssl=1 2048w, https:\/\/i0.wp.com\/stefan-taege.de\/kasia\/wp-content\/uploads\/2020\/07\/20200722_133101-scaled.jpg?resize=123%2C60&amp;ssl=1 123w\" sizes=\"(max-width: 1020px) 100vw, 1020px\" data-recalc-dims=\"1\" \/><\/p>\n<p>Auf dem R\u00fcckweg entdecke ich den Foto-Spot schlechthin, einen kleinen, nicht gekennzeichneten Parkplatz, der eher eine Baustellenzufahrt zu sein scheint. Eben zieht noch das Panorama der Moselschleife zwischen den B\u00e4umen an meinen Augen vorbei, im n\u00e4chsten Moment schon fahre ich rechts ran. Der kleine, versteckte Platz erweist sich als Volltreffer, der Ausblick auf das Moseltal mit seinen frisch gr\u00fcnen Weinterrassen und der Moseltalbr\u00fccke ist \u00fcberw\u00e4ltigend. Ich habe den Ausblick zun\u00e4chst f\u00fcr mich alleine, doch hin und wieder bleibt ein Auto hier stehen, die Insassen steigen aus, machen ihr Bild und fahren weiter. Der Spot scheint wohl etwas f\u00fcr Insider zu sein. Und das soll er auch bleiben &#8211; lediglich meinem Freund teile ich den Standort mit.<\/p>\n<p>Eigentlich habe ich keine Zeit, bin zum n\u00e4chsten Kunden unterwegs. Doch ich bin hier, atme den Ausblick ein und kann mich nicht losrei\u00dfen. Sch\u00f6n fotogen ist sie, die Mosel, das muss man ihr lassen.<\/p>\n<div class=\"shariff shariff-align-left shariff-widget-align-left\" data-services=\"facebook%7Cpinterest%7Ctumblr\" data-url=\"https:\/\/stefan-taege.de\/kasia\/2020\/07\/26\/laenderdreieck-trier-saar-ein-schoenes-vergessenes-stueck-land\/\" data-timestamp=\"1604372167\" data-backendurl=\"https:\/\/stefan-taege.de\/kasia\/wp-json\/shariff\/v1\/share_counts?\"><ul class=\"shariff-buttons theme-round orientation-horizontal buttonsize-medium\"><li class=\"shariff-button twitter shariff-nocustomcolor\" style=\"background-color:#595959\"><a href=\"https:\/\/twitter.com\/share?url=https%3A%2F%2Fstefan-taege.de%2Fkasia%2F2020%2F07%2F26%2Flaenderdreieck-trier-saar-ein-schoenes-vergessenes-stueck-land%2F&text=L%C3%A4nderdreieck%20Trier-Saar%20%E2%80%93%20ein%20sch%C3%B6nes%2C%20vergessenes%20St%C3%BCck%20Land\" title=\"Bei X teilen\" aria-label=\"Bei X teilen\" role=\"button\" rel=\"noopener nofollow\" class=\"shariff-link\" style=\"; background-color:#000; color:#fff\" target=\"_blank\"><span class=\"shariff-icon\" style=\"\"><svg width=\"32px\" height=\"20px\" xmlns=\"http:\/\/www.w3.org\/2000\/svg\" viewBox=\"0 0 24 24\"><path fill=\"#000\" d=\"M14.258 10.152L23.176 0h-2.113l-7.747 8.813L7.133 0H0l9.352 13.328L0 23.973h2.113l8.176-9.309 6.531 9.309h7.133zm-2.895 3.293l-.949-1.328L2.875 1.56h3.246l6.086 8.523.945 1.328 7.91 11.078h-3.246zm0 0\"\/><\/svg><\/span><\/a><\/li><li class=\"shariff-button facebook shariff-nocustomcolor\" style=\"background-color:#4273c8\"><a href=\"https:\/\/www.facebook.com\/sharer\/sharer.php?u=https%3A%2F%2Fstefan-taege.de%2Fkasia%2F2020%2F07%2F26%2Flaenderdreieck-trier-saar-ein-schoenes-vergessenes-stueck-land%2F\" title=\"Bei Facebook teilen\" aria-label=\"Bei Facebook teilen\" role=\"button\" rel=\"nofollow\" class=\"shariff-link\" style=\"; background-color:#3b5998; color:#fff\" target=\"_blank\"><span class=\"shariff-icon\" style=\"\"><svg width=\"32px\" height=\"20px\" xmlns=\"http:\/\/www.w3.org\/2000\/svg\" viewBox=\"0 0 18 32\"><path fill=\"#3b5998\" d=\"M17.1 0.2v4.7h-2.8q-1.5 0-2.1 0.6t-0.5 1.9v3.4h5.2l-0.7 5.3h-4.5v13.6h-5.5v-13.6h-4.5v-5.3h4.5v-3.9q0-3.3 1.9-5.2t5-1.8q2.6 0 4.1 0.2z\"\/><\/svg><\/span><span data-service=\"facebook\" style=\"color:#3b5998\" class=\"shariff-count shariff-hidezero\"><\/span>&nbsp;<\/a><\/li><li class=\"shariff-button pinterest shariff-nocustomcolor\" style=\"background-color:#e70f18\"><a href=\"https:\/\/www.pinterest.com\/pin\/create\/link\/?url=https%3A%2F%2Fstefan-taege.de%2Fkasia%2F2020%2F07%2F26%2Flaenderdreieck-trier-saar-ein-schoenes-vergessenes-stueck-land%2F&media=https%3A%2F%2Fstefan-taege.de%2Fkasia%2Fwp-content%2Fuploads%2F2020%2F07%2F20200721_131035-scaled-e1595532626908.jpg&description=L%C3%A4nderdreieck%20Trier-Saar%20%E2%80%93%20ein%20sch%C3%B6nes%2C%20vergessenes%20St%C3%BCck%20Land\" title=\"Bei Pinterest pinnen\" aria-label=\"Bei Pinterest pinnen\" role=\"button\" rel=\"noopener nofollow\" class=\"shariff-link\" style=\"; background-color:#cb2027; color:#fff\" target=\"_blank\"><span class=\"shariff-icon\" style=\"\"><svg width=\"32px\" height=\"20px\" xmlns=\"http:\/\/www.w3.org\/2000\/svg\" viewBox=\"0 0 27 32\"><path fill=\"#cb2027\" d=\"M27.4 16q0 3.7-1.8 6.9t-5 5-6.9 1.9q-2 0-3.9-0.6 1.1-1.7 1.4-2.9 0.2-0.6 1-3.8 0.4 0.7 1.3 1.2t2 0.5q2.1 0 3.8-1.2t2.7-3.4 0.9-4.8q0-2-1.1-3.8t-3.1-2.9-4.5-1.2q-1.9 0-3.5 0.5t-2.8 1.4-2 2-1.2 2.3-0.4 2.4q0 1.9 0.7 3.3t2.1 2q0.5 0.2 0.7-0.4 0-0.1 0.1-0.5t0.2-0.5q0.1-0.4-0.2-0.8-0.9-1.1-0.9-2.7 0-2.7 1.9-4.6t4.9-2q2.7 0 4.2 1.5t1.5 3.8q0 3-1.2 5.2t-3.1 2.1q-1.1 0-1.7-0.8t-0.4-1.9q0.1-0.6 0.5-1.7t0.5-1.8 0.2-1.4q0-0.9-0.5-1.5t-1.4-0.6q-1.1 0-1.9 1t-0.8 2.6q0 1.3 0.4 2.2l-1.8 7.5q-0.3 1.2-0.2 3.2-3.7-1.6-6-5t-2.3-7.6q0-3.7 1.9-6.9t5-5 6.9-1.9 6.9 1.9 5 5 1.8 6.9z\"\/><\/svg><\/span><span data-service=\"pinterest\" style=\"color:#cb2027\" class=\"shariff-count\"> 1<\/span>&nbsp;<\/a><\/li><li class=\"shariff-button tumblr shariff-nocustomcolor\" style=\"background-color:#529ecc\"><a href=\"https:\/\/www.tumblr.com\/widgets\/share\/tool?posttype=link&canonicalUrl=https%3A%2F%2Fstefan-taege.de%2Fkasia%2F2020%2F07%2F26%2Flaenderdreieck-trier-saar-ein-schoenes-vergessenes-stueck-land%2F&tags=stefan-taege.de\" title=\"Bei tumblr teilen\" aria-label=\"Bei tumblr teilen\" role=\"button\" rel=\"noopener nofollow\" class=\"shariff-link\" style=\"; background-color:#36465d; color:#fff\" target=\"_blank\"><span class=\"shariff-icon\" style=\"\"><svg width=\"32px\" height=\"20px\" xmlns=\"http:\/\/www.w3.org\/2000\/svg\" viewBox=\"0 0 32 32\"><path fill=\"#36465d\" d=\"M18 14l0 7.3c0 1.9 0 2.9 0.2 3.5 0.2 0.5 0.7 1.1 1.2 1.4 0.7 0.4 1.5 0.6 2.4 0.6 1.6 0 2.6-0.2 4.2-1.3v4.8c-1.4 0.6-2.6 1-3.7 1.3-1.1 0.3-2.3 0.4-3.6 0.4-1.5 0-2.3-0.2-3.4-0.6-1.1-0.4-2.1-0.9-2.9-1.6-0.8-0.7-1.3-1.4-1.7-2.2s-0.5-1.9-0.5-3.4v-11.2h-4.3v-4.5c1.3-0.4 2.7-1 3.6-1.8 0.9-0.8 1.6-1.7 2.2-2.7 0.5-1.1 0.9-2.4 1.1-4.1h5.2l0 8h8v6h-8z\"\/><\/svg><\/span><span data-service=\"tumblr\" style=\"color:#36465d\" class=\"shariff-count\"> 0<\/span>&nbsp;<\/a><\/li><li class=\"shariff-button xing shariff-nocustomcolor\" style=\"background-color:#29888a\"><a href=\"https:\/\/www.xing.com\/spi\/shares\/new?url=https%3A%2F%2Fstefan-taege.de%2Fkasia%2F2020%2F07%2F26%2Flaenderdreieck-trier-saar-ein-schoenes-vergessenes-stueck-land%2F\" title=\"Bei XING teilen\" aria-label=\"Bei XING teilen\" role=\"button\" rel=\"noopener nofollow\" class=\"shariff-link\" style=\"; background-color:#126567; color:#fff\" target=\"_blank\"><span class=\"shariff-icon\" style=\"\"><svg width=\"32px\" height=\"20px\" xmlns=\"http:\/\/www.w3.org\/2000\/svg\" viewBox=\"0 0 25 32\"><path fill=\"#126567\" d=\"M10.7 11.9q-0.2 0.3-4.6 8.2-0.5 0.8-1.2 0.8h-4.3q-0.4 0-0.5-0.3t0-0.6l4.5-8q0 0 0 0l-2.9-5q-0.2-0.4 0-0.7 0.2-0.3 0.5-0.3h4.3q0.7 0 1.2 0.8zM25.1 0.4q0.2 0.3 0 0.7l-9.4 16.7 6 11q0.2 0.4 0 0.6-0.2 0.3-0.6 0.3h-4.3q-0.7 0-1.2-0.8l-6-11.1q0.3-0.6 9.5-16.8 0.4-0.8 1.2-0.8h4.3q0.4 0 0.5 0.3z\"\/><\/svg><\/span><\/a><\/li><li class=\"shariff-button rss shariff-nocustomcolor\" style=\"background-color:#ff8c00\"><a href=\"https:\/\/stefan-taege.de\/kasia\/feed\/rss\/\" title=\"RSS-feed\" aria-label=\"RSS-feed\" role=\"button\" class=\"shariff-link\" style=\"; background-color:#fe9312; color:#fff\" target=\"_blank\"><span class=\"shariff-icon\" style=\"\"><svg width=\"32px\" height=\"20px\" xmlns=\"http:\/\/www.w3.org\/2000\/svg\" viewBox=\"0 0 32 32\"><path fill=\"#fe9312\" d=\"M4.3 23.5c-2.3 0-4.3 1.9-4.3 4.3 0 2.3 1.9 4.2 4.3 4.2 2.4 0 4.3-1.9 4.3-4.2 0-2.3-1.9-4.3-4.3-4.3zM0 10.9v6.1c4 0 7.7 1.6 10.6 4.4 2.8 2.8 4.4 6.6 4.4 10.6h6.2c0-11.7-9.5-21.1-21.1-21.1zM0 0v6.1c14.2 0 25.8 11.6 25.8 25.9h6.2c0-17.6-14.4-32-32-32z\"\/><\/svg><\/span><\/a><\/li><li class=\"shariff-button linkedin shariff-nocustomcolor\" style=\"background-color:#1488bf\"><a href=\"https:\/\/www.linkedin.com\/sharing\/share-offsite\/?url=https%3A%2F%2Fstefan-taege.de%2Fkasia%2F2020%2F07%2F26%2Flaenderdreieck-trier-saar-ein-schoenes-vergessenes-stueck-land%2F\" title=\"Bei LinkedIn teilen\" aria-label=\"Bei LinkedIn teilen\" role=\"button\" rel=\"noopener nofollow\" class=\"shariff-link\" style=\"; background-color:#0077b5; color:#fff\" target=\"_blank\"><span class=\"shariff-icon\" style=\"\"><svg width=\"32px\" height=\"20px\" xmlns=\"http:\/\/www.w3.org\/2000\/svg\" viewBox=\"0 0 27 32\"><path fill=\"#0077b5\" d=\"M6.2 11.2v17.7h-5.9v-17.7h5.9zM6.6 5.7q0 1.3-0.9 2.2t-2.4 0.9h0q-1.5 0-2.4-0.9t-0.9-2.2 0.9-2.2 2.4-0.9 2.4 0.9 0.9 2.2zM27.4 18.7v10.1h-5.9v-9.5q0-1.9-0.7-2.9t-2.3-1.1q-1.1 0-1.9 0.6t-1.2 1.5q-0.2 0.5-0.2 1.4v9.9h-5.9q0-7.1 0-11.6t0-5.3l0-0.9h5.9v2.6h0q0.4-0.6 0.7-1t1-0.9 1.6-0.8 2-0.3q3 0 4.9 2t1.9 6z\"\/><\/svg><\/span><\/a><\/li><\/ul><\/div>","protected":false},"excerpt":{"rendered":"<p>Im Dreil\u00e4ndereck zwischen Deutschland, Luxemburg und Frankreich liegt eine ganz besondere Landschaft. L\u00e4ndlich und ruhig, scheinbar noch unentdeckt, wo die &hellip; <\/p>\n","protected":false},"author":1,"featured_media":28628,"comment_status":"open","ping_status":"open","sticky":false,"template":"","format":"standard","meta":{"jetpack_post_was_ever_published":false,"_jetpack_newsletter_access":"","_jetpack_dont_email_post_to_subs":false,"_jetpack_newsletter_tier_id":0,"_jetpack_memberships_contains_paywalled_content":false,"footnotes":"","_jetpack_memberships_contains_paid_content":false},"categories":[880,1292],"tags":[2723,2721,2722,1666],"yoast_head":"<!-- This site is optimized with the Yoast SEO plugin v23.5 - https:\/\/yoast.com\/wordpress\/plugins\/seo\/ -->\n<title>L\u00e4nderdreieck Trier-Saar - ein sch\u00f6nes, vergessenes St\u00fcck Land - windrose.rocks<\/title>\n<meta name=\"description\" content=\"Sie ist noch ein Geheimtipp, diese Gegend s\u00fcdlich von Trier, wo sich die meisten touristischen Aktivit\u00e4ten auf die \u00e4lteste Stadt Deutschlands und eventuell noch auf die Saarschleife erstrecken.\" \/>\n<meta name=\"robots\" content=\"index, follow, max-snippet:-1, max-image-preview:large, max-video-preview:-1\" \/>\n<link rel=\"canonical\" href=\"https:\/\/stefan-taege.de\/kasia\/2020\/07\/26\/laenderdreieck-trier-saar-ein-schoenes-vergessenes-stueck-land\/\" \/>\n<meta name=\"twitter:label1\" content=\"Verfasst von\" \/>\n\t<meta name=\"twitter:data1\" content=\"Kasia\" \/>\n\t<meta name=\"twitter:label2\" content=\"Gesch\u00e4tzte Lesezeit\" \/>\n\t<meta name=\"twitter:data2\" content=\"15\u00a0Minuten\" \/>\n<script type=\"application\/ld+json\" class=\"yoast-schema-graph\">{\"@context\":\"https:\/\/schema.org\",\"@graph\":[{\"@type\":\"WebPage\",\"@id\":\"https:\/\/stefan-taege.de\/kasia\/2020\/07\/26\/laenderdreieck-trier-saar-ein-schoenes-vergessenes-stueck-land\/\",\"url\":\"https:\/\/stefan-taege.de\/kasia\/2020\/07\/26\/laenderdreieck-trier-saar-ein-schoenes-vergessenes-stueck-land\/\",\"name\":\"L\u00e4nderdreieck Trier-Saar - ein sch\u00f6nes, vergessenes St\u00fcck Land - windrose.rocks\",\"isPartOf\":{\"@id\":\"https:\/\/stefan-taege.de\/kasia\/#website\"},\"primaryImageOfPage\":{\"@id\":\"https:\/\/stefan-taege.de\/kasia\/2020\/07\/26\/laenderdreieck-trier-saar-ein-schoenes-vergessenes-stueck-land\/#primaryimage\"},\"image\":{\"@id\":\"https:\/\/stefan-taege.de\/kasia\/2020\/07\/26\/laenderdreieck-trier-saar-ein-schoenes-vergessenes-stueck-land\/#primaryimage\"},\"thumbnailUrl\":\"https:\/\/i0.wp.com\/stefan-taege.de\/kasia\/wp-content\/uploads\/2020\/07\/20200721_131035-scaled-e1595532626908.jpg?fit=2558%2C1439&ssl=1\",\"datePublished\":\"2020-07-26T07:00:46+00:00\",\"dateModified\":\"2020-11-03T01:56:07+00:00\",\"author\":{\"@id\":\"https:\/\/stefan-taege.de\/kasia\/#\/schema\/person\/873b01562fbd03e9caa51512b2cb800f\"},\"description\":\"Sie ist noch ein Geheimtipp, diese Gegend s\u00fcdlich von Trier, wo sich die meisten touristischen Aktivit\u00e4ten auf die \u00e4lteste Stadt Deutschlands und eventuell noch auf die Saarschleife erstrecken.\",\"breadcrumb\":{\"@id\":\"https:\/\/stefan-taege.de\/kasia\/2020\/07\/26\/laenderdreieck-trier-saar-ein-schoenes-vergessenes-stueck-land\/#breadcrumb\"},\"inLanguage\":\"de\",\"potentialAction\":[{\"@type\":\"ReadAction\",\"target\":[\"https:\/\/stefan-taege.de\/kasia\/2020\/07\/26\/laenderdreieck-trier-saar-ein-schoenes-vergessenes-stueck-land\/\"]}]},{\"@type\":\"ImageObject\",\"inLanguage\":\"de\",\"@id\":\"https:\/\/stefan-taege.de\/kasia\/2020\/07\/26\/laenderdreieck-trier-saar-ein-schoenes-vergessenes-stueck-land\/#primaryimage\",\"url\":\"https:\/\/i0.wp.com\/stefan-taege.de\/kasia\/wp-content\/uploads\/2020\/07\/20200721_131035-scaled-e1595532626908.jpg?fit=2558%2C1439&ssl=1\",\"contentUrl\":\"https:\/\/i0.wp.com\/stefan-taege.de\/kasia\/wp-content\/uploads\/2020\/07\/20200721_131035-scaled-e1595532626908.jpg?fit=2558%2C1439&ssl=1\",\"width\":2558,\"height\":1439},{\"@type\":\"BreadcrumbList\",\"@id\":\"https:\/\/stefan-taege.de\/kasia\/2020\/07\/26\/laenderdreieck-trier-saar-ein-schoenes-vergessenes-stueck-land\/#breadcrumb\",\"itemListElement\":[{\"@type\":\"ListItem\",\"position\":1,\"name\":\"Startseite\",\"item\":\"https:\/\/stefan-taege.de\/kasia\/\"},{\"@type\":\"ListItem\",\"position\":2,\"name\":\"L\u00e4nderdreieck Trier-Saar &#8211; ein sch\u00f6nes, vergessenes St\u00fcck Land\"}]},{\"@type\":\"WebSite\",\"@id\":\"https:\/\/stefan-taege.de\/kasia\/#website\",\"url\":\"https:\/\/stefan-taege.de\/kasia\/\",\"name\":\"windrose.rocks\",\"description\":\"Erz\u00e4hlungen einer Reisenden\",\"potentialAction\":[{\"@type\":\"SearchAction\",\"target\":{\"@type\":\"EntryPoint\",\"urlTemplate\":\"https:\/\/stefan-taege.de\/kasia\/?s={search_term_string}\"},\"query-input\":{\"@type\":\"PropertyValueSpecification\",\"valueRequired\":true,\"valueName\":\"search_term_string\"}}],\"inLanguage\":\"de\"},{\"@type\":\"Person\",\"@id\":\"https:\/\/stefan-taege.de\/kasia\/#\/schema\/person\/873b01562fbd03e9caa51512b2cb800f\",\"name\":\"Kasia\",\"image\":{\"@type\":\"ImageObject\",\"inLanguage\":\"de\",\"@id\":\"https:\/\/stefan-taege.de\/kasia\/#\/schema\/person\/image\/\",\"url\":\"https:\/\/secure.gravatar.com\/avatar\/b89791b780bc4ea83cc74789dc368178?s=96&d=mm&r=pg\",\"contentUrl\":\"https:\/\/secure.gravatar.com\/avatar\/b89791b780bc4ea83cc74789dc368178?s=96&d=mm&r=pg\",\"caption\":\"Kasia\"},\"description\":\"Hi, ich bin Kasia, die Stimme von \\\"windrose.rocks\\\" :-) Treibt Dich die Frage um, was sich denn alles jenseits der heimischen Couch verbirgt, bist Du rastlos und neugierig wie ich und sp\u00fcrst den Drang in Dir, in die Welt hinaus zu gehen? Dann tue es! Ich nehme Dich mit auf meine Reisen und lasse Dich hautnah das Unterwegs sein miterleben - in all seinen Facetten. Lass Dich inspirieren, komm mit mir und warte nicht l\u00e4nger, denn... die Welt ist so gro\u00df und wir sind so klein, und es gibt noch so viel zu sehen! Die Welt wartet auf uns.\",\"sameAs\":[\"https:\/\/stefan-taege.de\/kasia\/\"],\"url\":\"https:\/\/stefan-taege.de\/kasia\/author\/kasia\/\"}]}<\/script>\n<!-- \/ Yoast SEO plugin. -->","yoast_head_json":{"title":"L\u00e4nderdreieck Trier-Saar - ein sch\u00f6nes, vergessenes St\u00fcck Land - windrose.rocks","description":"Sie ist noch ein Geheimtipp, diese Gegend s\u00fcdlich von Trier, wo sich die meisten touristischen Aktivit\u00e4ten auf die \u00e4lteste Stadt Deutschlands und eventuell noch auf die Saarschleife erstrecken.","robots":{"index":"index","follow":"follow","max-snippet":"max-snippet:-1","max-image-preview":"max-image-preview:large","max-video-preview":"max-video-preview:-1"},"canonical":"https:\/\/stefan-taege.de\/kasia\/2020\/07\/26\/laenderdreieck-trier-saar-ein-schoenes-vergessenes-stueck-land\/","twitter_misc":{"Verfasst von":"Kasia","Gesch\u00e4tzte Lesezeit":"15\u00a0Minuten"},"schema":{"@context":"https:\/\/schema.org","@graph":[{"@type":"WebPage","@id":"https:\/\/stefan-taege.de\/kasia\/2020\/07\/26\/laenderdreieck-trier-saar-ein-schoenes-vergessenes-stueck-land\/","url":"https:\/\/stefan-taege.de\/kasia\/2020\/07\/26\/laenderdreieck-trier-saar-ein-schoenes-vergessenes-stueck-land\/","name":"L\u00e4nderdreieck Trier-Saar - ein sch\u00f6nes, vergessenes St\u00fcck Land - windrose.rocks","isPartOf":{"@id":"https:\/\/stefan-taege.de\/kasia\/#website"},"primaryImageOfPage":{"@id":"https:\/\/stefan-taege.de\/kasia\/2020\/07\/26\/laenderdreieck-trier-saar-ein-schoenes-vergessenes-stueck-land\/#primaryimage"},"image":{"@id":"https:\/\/stefan-taege.de\/kasia\/2020\/07\/26\/laenderdreieck-trier-saar-ein-schoenes-vergessenes-stueck-land\/#primaryimage"},"thumbnailUrl":"https:\/\/i0.wp.com\/stefan-taege.de\/kasia\/wp-content\/uploads\/2020\/07\/20200721_131035-scaled-e1595532626908.jpg?fit=2558%2C1439&ssl=1","datePublished":"2020-07-26T07:00:46+00:00","dateModified":"2020-11-03T01:56:07+00:00","author":{"@id":"https:\/\/stefan-taege.de\/kasia\/#\/schema\/person\/873b01562fbd03e9caa51512b2cb800f"},"description":"Sie ist noch ein Geheimtipp, diese Gegend s\u00fcdlich von Trier, wo sich die meisten touristischen Aktivit\u00e4ten auf die \u00e4lteste Stadt Deutschlands und eventuell noch auf die Saarschleife erstrecken.","breadcrumb":{"@id":"https:\/\/stefan-taege.de\/kasia\/2020\/07\/26\/laenderdreieck-trier-saar-ein-schoenes-vergessenes-stueck-land\/#breadcrumb"},"inLanguage":"de","potentialAction":[{"@type":"ReadAction","target":["https:\/\/stefan-taege.de\/kasia\/2020\/07\/26\/laenderdreieck-trier-saar-ein-schoenes-vergessenes-stueck-land\/"]}]},{"@type":"ImageObject","inLanguage":"de","@id":"https:\/\/stefan-taege.de\/kasia\/2020\/07\/26\/laenderdreieck-trier-saar-ein-schoenes-vergessenes-stueck-land\/#primaryimage","url":"https:\/\/i0.wp.com\/stefan-taege.de\/kasia\/wp-content\/uploads\/2020\/07\/20200721_131035-scaled-e1595532626908.jpg?fit=2558%2C1439&ssl=1","contentUrl":"https:\/\/i0.wp.com\/stefan-taege.de\/kasia\/wp-content\/uploads\/2020\/07\/20200721_131035-scaled-e1595532626908.jpg?fit=2558%2C1439&ssl=1","width":2558,"height":1439},{"@type":"BreadcrumbList","@id":"https:\/\/stefan-taege.de\/kasia\/2020\/07\/26\/laenderdreieck-trier-saar-ein-schoenes-vergessenes-stueck-land\/#breadcrumb","itemListElement":[{"@type":"ListItem","position":1,"name":"Startseite","item":"https:\/\/stefan-taege.de\/kasia\/"},{"@type":"ListItem","position":2,"name":"L\u00e4nderdreieck Trier-Saar &#8211; ein sch\u00f6nes, vergessenes St\u00fcck Land"}]},{"@type":"WebSite","@id":"https:\/\/stefan-taege.de\/kasia\/#website","url":"https:\/\/stefan-taege.de\/kasia\/","name":"windrose.rocks","description":"Erz\u00e4hlungen einer Reisenden","potentialAction":[{"@type":"SearchAction","target":{"@type":"EntryPoint","urlTemplate":"https:\/\/stefan-taege.de\/kasia\/?s={search_term_string}"},"query-input":{"@type":"PropertyValueSpecification","valueRequired":true,"valueName":"search_term_string"}}],"inLanguage":"de"},{"@type":"Person","@id":"https:\/\/stefan-taege.de\/kasia\/#\/schema\/person\/873b01562fbd03e9caa51512b2cb800f","name":"Kasia","image":{"@type":"ImageObject","inLanguage":"de","@id":"https:\/\/stefan-taege.de\/kasia\/#\/schema\/person\/image\/","url":"https:\/\/secure.gravatar.com\/avatar\/b89791b780bc4ea83cc74789dc368178?s=96&d=mm&r=pg","contentUrl":"https:\/\/secure.gravatar.com\/avatar\/b89791b780bc4ea83cc74789dc368178?s=96&d=mm&r=pg","caption":"Kasia"},"description":"Hi, ich bin Kasia, die Stimme von \"windrose.rocks\" :-) Treibt Dich die Frage um, was sich denn alles jenseits der heimischen Couch verbirgt, bist Du rastlos und neugierig wie ich und sp\u00fcrst den Drang in Dir, in die Welt hinaus zu gehen? Dann tue es! Ich nehme Dich mit auf meine Reisen und lasse Dich hautnah das Unterwegs sein miterleben - in all seinen Facetten. Lass Dich inspirieren, komm mit mir und warte nicht l\u00e4nger, denn... die Welt ist so gro\u00df und wir sind so klein, und es gibt noch so viel zu sehen! Die Welt wartet auf uns.","sameAs":["https:\/\/stefan-taege.de\/kasia\/"],"url":"https:\/\/stefan-taege.de\/kasia\/author\/kasia\/"}]}},"jetpack_sharing_enabled":true,"jetpack_featured_media_url":"https:\/\/i0.wp.com\/stefan-taege.de\/kasia\/wp-content\/uploads\/2020\/07\/20200721_131035-scaled-e1595532626908.jpg?fit=2558%2C1439&ssl=1","jetpack_shortlink":"https:\/\/wp.me\/p7Ku1E-7rh","_links":{"self":[{"href":"https:\/\/stefan-taege.de\/kasia\/wp-json\/wp\/v2\/posts\/28599"}],"collection":[{"href":"https:\/\/stefan-taege.de\/kasia\/wp-json\/wp\/v2\/posts"}],"about":[{"href":"https:\/\/stefan-taege.de\/kasia\/wp-json\/wp\/v2\/types\/post"}],"author":[{"embeddable":true,"href":"https:\/\/stefan-taege.de\/kasia\/wp-json\/wp\/v2\/users\/1"}],"replies":[{"embeddable":true,"href":"https:\/\/stefan-taege.de\/kasia\/wp-json\/wp\/v2\/comments?post=28599"}],"version-history":[{"count":10,"href":"https:\/\/stefan-taege.de\/kasia\/wp-json\/wp\/v2\/posts\/28599\/revisions"}],"predecessor-version":[{"id":31446,"href":"https:\/\/stefan-taege.de\/kasia\/wp-json\/wp\/v2\/posts\/28599\/revisions\/31446"}],"wp:featuredmedia":[{"embeddable":true,"href":"https:\/\/stefan-taege.de\/kasia\/wp-json\/wp\/v2\/media\/28628"}],"wp:attachment":[{"href":"https:\/\/stefan-taege.de\/kasia\/wp-json\/wp\/v2\/media?parent=28599"}],"wp:term":[{"taxonomy":"category","embeddable":true,"href":"https:\/\/stefan-taege.de\/kasia\/wp-json\/wp\/v2\/categories?post=28599"},{"taxonomy":"post_tag","embeddable":true,"href":"https:\/\/stefan-taege.de\/kasia\/wp-json\/wp\/v2\/tags?post=28599"}],"curies":[{"name":"wp","href":"https:\/\/api.w.org\/{rel}","templated":true}]}}