{"id":23981,"date":"2025-02-10T08:00:15","date_gmt":"2025-02-10T07:00:15","guid":{"rendered":"http:\/\/stefan-taege.de\/kasia\/?p=23981"},"modified":"2025-02-11T22:59:26","modified_gmt":"2025-02-11T21:59:26","slug":"islands-suedkueste-gefaehrliche-dummheit-am-reynisfjara-black-beach","status":"publish","type":"post","link":"https:\/\/stefan-taege.de\/kasia\/2025\/02\/10\/islands-suedkueste-gefaehrliche-dummheit-am-reynisfjara-black-beach\/","title":{"rendered":"Islands S\u00fcdk\u00fcste \u2013 Gef\u00e4hrliche Dummheit am Reynisfjara Black Beach"},"content":{"rendered":"<p><em>Reblog: der Artikel erschien bereits 2020<\/em><\/p>\n<p>Die Frau nimmt ihr Stativ in die Hand und wandert noch ein St\u00fcckchen auf die Wellen zu. Die Kamera wird sorgf\u00e4ltig platziert, bis sie schlie\u00dflich genau den richtigen Winkel erfasst. So nah am Meer stellt man sicher, dass einem niemand von hinten ins Bild l\u00e4uft. Dann entfernt sie sich vom Objektiv \u2013 f\u00fcr die richtige Perspektive. Noch ein paar Schritte in Richtung Ozean.<!--more--><\/p>\n<p>Und dann\u2026 \u201eNein, tue das nicht.\u201c Denke ich mir. Doch die Frau tut es, sie dreht den Wellen den R\u00fccken zu. Die Aufnahme startet \u2013 sie beginnt zu sprechen.<\/p>\n<p>&nbsp;<\/p>\n<h3>Renisfjara Black Beach &#8211; der sch\u00f6nste Strand Islands<\/h3>\n<p><img loading=\"lazy\" decoding=\"async\" data-attachment-id=\"24628\" data-permalink=\"https:\/\/stefan-taege.de\/kasia\/2025\/02\/10\/islands-suedkueste-gefaehrliche-dummheit-am-reynisfjara-black-beach\/20191223_141251\/\" data-orig-file=\"https:\/\/i0.wp.com\/stefan-taege.de\/kasia\/wp-content\/uploads\/2020\/01\/20191223_141251.jpg?fit=2048%2C996&amp;ssl=1\" data-orig-size=\"2048,996\" data-comments-opened=\"1\" data-image-meta=\"{&quot;aperture&quot;:&quot;2.4&quot;,&quot;credit&quot;:&quot;&quot;,&quot;camera&quot;:&quot;SM-G965F&quot;,&quot;caption&quot;:&quot;&quot;,&quot;created_timestamp&quot;:&quot;1577110371&quot;,&quot;copyright&quot;:&quot;&quot;,&quot;focal_length&quot;:&quot;6&quot;,&quot;iso&quot;:&quot;25&quot;,&quot;shutter_speed&quot;:&quot;0.02&quot;,&quot;title&quot;:&quot;&quot;,&quot;orientation&quot;:&quot;1&quot;}\" data-image-title=\"20191223_141251\" data-image-description=\"\" data-image-caption=\"\" data-medium-file=\"https:\/\/i0.wp.com\/stefan-taege.de\/kasia\/wp-content\/uploads\/2020\/01\/20191223_141251.jpg?fit=300%2C146&amp;ssl=1\" data-large-file=\"https:\/\/i0.wp.com\/stefan-taege.de\/kasia\/wp-content\/uploads\/2020\/01\/20191223_141251.jpg?fit=1020%2C496&amp;ssl=1\" tabindex=\"0\" role=\"button\" class=\"alignnone size-full wp-image-24628\" src=\"https:\/\/i0.wp.com\/stefan-taege.de\/kasia\/wp-content\/uploads\/2020\/01\/20191223_141251.jpg?resize=1020%2C496&#038;ssl=1\" alt=\"\" width=\"1020\" height=\"496\" srcset=\"https:\/\/i0.wp.com\/stefan-taege.de\/kasia\/wp-content\/uploads\/2020\/01\/20191223_141251.jpg?w=2048&amp;ssl=1 2048w, https:\/\/i0.wp.com\/stefan-taege.de\/kasia\/wp-content\/uploads\/2020\/01\/20191223_141251.jpg?resize=300%2C146&amp;ssl=1 300w, https:\/\/i0.wp.com\/stefan-taege.de\/kasia\/wp-content\/uploads\/2020\/01\/20191223_141251.jpg?resize=1024%2C498&amp;ssl=1 1024w, https:\/\/i0.wp.com\/stefan-taege.de\/kasia\/wp-content\/uploads\/2020\/01\/20191223_141251.jpg?resize=768%2C374&amp;ssl=1 768w, https:\/\/i0.wp.com\/stefan-taege.de\/kasia\/wp-content\/uploads\/2020\/01\/20191223_141251.jpg?resize=1536%2C747&amp;ssl=1 1536w, https:\/\/i0.wp.com\/stefan-taege.de\/kasia\/wp-content\/uploads\/2020\/01\/20191223_141251.jpg?resize=123%2C60&amp;ssl=1 123w\" sizes=\"(max-width: 1020px) 100vw, 1020px\" data-recalc-dims=\"1\" \/><\/p>\n<p>\u00dcberall warnen die Schilder davor. Sie sind eigentlich das erste, was mir auff\u00e4llt, als ich aus dem Bus steige, nur ein paar hundert Meter weiter von dem, was f\u00fcr mich bisher der sch\u00f6nste Ort der Reise war. Ein traumhafter Ausblick auf die schwarzen Str\u00e4nde von Islands S\u00fcdk\u00fcste (lies auch: \u201e<a href=\"https:\/\/stefan-taege.de\/kasia\/2025\/02\/05\/islands-suedkueste-teil-ii-von-schwarzen-straenden-und-trollfelsen\/\" target=\"_blank\" rel=\"noopener\">Von schwarzen Str\u00e4nden und Trollfelsen<\/a>\u201c.)<\/p>\n<p>Der Reynisfjara Black Beach soll das ganze noch toppen, hier ist der Spot schlechthin, zu dem alle Besucher str\u00f6men, der Platz, den man \u201ein Island gesehen haben muss\u201c, einer der Str\u00e4nde, die du \u201enicht verpassen darfst\u201c, glaubt man einschl\u00e4gigen, SEO-orientierten Blogs. Der schwarze Strand von Vik ist von Islands Magazine 1991 zu einem der sch\u00f6nsten Str\u00e4nde der Erde gek\u00fcrt worden.<\/p>\n<p>Und so stehe ich schlie\u00dflich da, mit gef\u00fchlt tausend anderen, die sich in der sowieso nicht allzu gro\u00dfen Bucht dr\u00e4ngen. Ich stehe da und staune.<\/p>\n<p><img loading=\"lazy\" decoding=\"async\" data-attachment-id=\"24630\" data-permalink=\"https:\/\/stefan-taege.de\/kasia\/2025\/02\/10\/islands-suedkueste-gefaehrliche-dummheit-am-reynisfjara-black-beach\/20191223_140230\/\" data-orig-file=\"https:\/\/i0.wp.com\/stefan-taege.de\/kasia\/wp-content\/uploads\/2020\/01\/20191223_140230.jpg?fit=2048%2C996&amp;ssl=1\" data-orig-size=\"2048,996\" data-comments-opened=\"1\" data-image-meta=\"{&quot;aperture&quot;:&quot;2.4&quot;,&quot;credit&quot;:&quot;&quot;,&quot;camera&quot;:&quot;SM-G965F&quot;,&quot;caption&quot;:&quot;&quot;,&quot;created_timestamp&quot;:&quot;1577109750&quot;,&quot;copyright&quot;:&quot;&quot;,&quot;focal_length&quot;:&quot;4.3&quot;,&quot;iso&quot;:&quot;50&quot;,&quot;shutter_speed&quot;:&quot;0.00250626566416&quot;,&quot;title&quot;:&quot;&quot;,&quot;orientation&quot;:&quot;1&quot;}\" data-image-title=\"20191223_140230\" data-image-description=\"\" data-image-caption=\"\" data-medium-file=\"https:\/\/i0.wp.com\/stefan-taege.de\/kasia\/wp-content\/uploads\/2020\/01\/20191223_140230.jpg?fit=300%2C146&amp;ssl=1\" data-large-file=\"https:\/\/i0.wp.com\/stefan-taege.de\/kasia\/wp-content\/uploads\/2020\/01\/20191223_140230.jpg?fit=1020%2C496&amp;ssl=1\" tabindex=\"0\" role=\"button\" class=\"alignnone size-full wp-image-24630\" src=\"https:\/\/i0.wp.com\/stefan-taege.de\/kasia\/wp-content\/uploads\/2020\/01\/20191223_140230.jpg?resize=1020%2C496&#038;ssl=1\" alt=\"\" width=\"1020\" height=\"496\" srcset=\"https:\/\/i0.wp.com\/stefan-taege.de\/kasia\/wp-content\/uploads\/2020\/01\/20191223_140230.jpg?w=2048&amp;ssl=1 2048w, https:\/\/i0.wp.com\/stefan-taege.de\/kasia\/wp-content\/uploads\/2020\/01\/20191223_140230.jpg?resize=300%2C146&amp;ssl=1 300w, https:\/\/i0.wp.com\/stefan-taege.de\/kasia\/wp-content\/uploads\/2020\/01\/20191223_140230.jpg?resize=1024%2C498&amp;ssl=1 1024w, https:\/\/i0.wp.com\/stefan-taege.de\/kasia\/wp-content\/uploads\/2020\/01\/20191223_140230.jpg?resize=768%2C374&amp;ssl=1 768w, https:\/\/i0.wp.com\/stefan-taege.de\/kasia\/wp-content\/uploads\/2020\/01\/20191223_140230.jpg?resize=1536%2C747&amp;ssl=1 1536w, https:\/\/i0.wp.com\/stefan-taege.de\/kasia\/wp-content\/uploads\/2020\/01\/20191223_140230.jpg?resize=123%2C60&amp;ssl=1 123w\" sizes=\"(max-width: 1020px) 100vw, 1020px\" data-recalc-dims=\"1\" \/><\/p>\n<p>Der Reynisfjara Black Beach, diese spezielle, ber\u00fchmte Bucht \u2013 ja, er ist sch\u00f6n, keine Frage. Pechschwarz verl\u00e4uft die Strandlinie, gl\u00e4nzend und schwarzblau schimmert der vulkanische Sand dort, wo ihn das Wasser des Ozeans ber\u00fchrte. Links von mir \u2013 eine H\u00f6hle mit hohen, schlanken Basalts\u00e4ulen, die aussieht wie eine Kathedrale. Tats\u00e4chlich ist die gro\u00dfe Kathedrale Hallgr\u00edmskirkja in Reykjavik genau dieser H\u00f6hle nachempfunden worden.<\/p>\n<p>Auf den schwarzen, rund geschliffenen Lavasteinen setzt sich wei\u00dfer Raureif ab. Der Strand ist bedeckt von tausend Fu\u00dfspuren. Und auch hier irrt auf der Oberfl\u00e4che des tobenden Ozeans ein fahles, messingfarbenes Licht. Im Sommer br\u00fcten hier Papageientaucher, die jetzt allerdings, den kalten Winter \u00fcber, lieber auf offener See \u00fcberwintern.<\/p>\n<p>Ja, es ist ein sch\u00f6ner Ort, keine Frage. Doch vergebens suche ich nach dem Besonderen, nach etwas, was den Andrang rechtfertigen k\u00f6nnte, zumindest was diese eine Bucht betrifft \u2013 denn der Strand von Vik zieht sich die gesamte K\u00fcste entlang. Und da gibt es durchaus sch\u00f6nere Abschnitte.<\/p>\n<p>In Island, in einem Land, das fast ausschlie\u00dflich aus besonderen, wundersch\u00f6nen Orten besteht, muss es schon mehr geben, um so einen Hype um einen einzigen Strandabschnitt zu rechtfertigen. Etwa, dass hier an diesem Strand Filme gedreht wurden. Die K\u00fcste hier besteht nur aus solchen, irre sch\u00f6nen Spots \u2013 und jedes davon ist speziell. Und die meisten davon sind verlassen, an die meisten schwarzen Abschnitte des Reynisfjara Strandes kommt keiner hin, au\u00dfer die Einheimischen. Nur hier in dieser einen Bucht \u2013 hier tummeln sich die Menschen.<\/p>\n<p>&nbsp;<\/p>\n<h3>Wie Touristen uns lehrten, unser Land zu lieben<\/h3>\n<p><img loading=\"lazy\" decoding=\"async\" data-attachment-id=\"24632\" data-permalink=\"https:\/\/stefan-taege.de\/kasia\/2025\/02\/10\/islands-suedkueste-gefaehrliche-dummheit-am-reynisfjara-black-beach\/20191223_140755\/\" data-orig-file=\"https:\/\/i0.wp.com\/stefan-taege.de\/kasia\/wp-content\/uploads\/2020\/01\/20191223_140755.jpg?fit=2048%2C996&amp;ssl=1\" data-orig-size=\"2048,996\" data-comments-opened=\"1\" data-image-meta=\"{&quot;aperture&quot;:&quot;2.4&quot;,&quot;credit&quot;:&quot;&quot;,&quot;camera&quot;:&quot;SM-G965F&quot;,&quot;caption&quot;:&quot;&quot;,&quot;created_timestamp&quot;:&quot;1577110075&quot;,&quot;copyright&quot;:&quot;&quot;,&quot;focal_length&quot;:&quot;4.3&quot;,&quot;iso&quot;:&quot;64&quot;,&quot;shutter_speed&quot;:&quot;0.01&quot;,&quot;title&quot;:&quot;&quot;,&quot;orientation&quot;:&quot;1&quot;}\" data-image-title=\"20191223_140755\" data-image-description=\"\" data-image-caption=\"\" data-medium-file=\"https:\/\/i0.wp.com\/stefan-taege.de\/kasia\/wp-content\/uploads\/2020\/01\/20191223_140755.jpg?fit=300%2C146&amp;ssl=1\" data-large-file=\"https:\/\/i0.wp.com\/stefan-taege.de\/kasia\/wp-content\/uploads\/2020\/01\/20191223_140755.jpg?fit=1020%2C496&amp;ssl=1\" tabindex=\"0\" role=\"button\" class=\"alignnone size-full wp-image-24632\" src=\"https:\/\/i0.wp.com\/stefan-taege.de\/kasia\/wp-content\/uploads\/2020\/01\/20191223_140755.jpg?resize=1020%2C496&#038;ssl=1\" alt=\"\" width=\"1020\" height=\"496\" srcset=\"https:\/\/i0.wp.com\/stefan-taege.de\/kasia\/wp-content\/uploads\/2020\/01\/20191223_140755.jpg?w=2048&amp;ssl=1 2048w, https:\/\/i0.wp.com\/stefan-taege.de\/kasia\/wp-content\/uploads\/2020\/01\/20191223_140755.jpg?resize=300%2C146&amp;ssl=1 300w, https:\/\/i0.wp.com\/stefan-taege.de\/kasia\/wp-content\/uploads\/2020\/01\/20191223_140755.jpg?resize=1024%2C498&amp;ssl=1 1024w, https:\/\/i0.wp.com\/stefan-taege.de\/kasia\/wp-content\/uploads\/2020\/01\/20191223_140755.jpg?resize=768%2C374&amp;ssl=1 768w, https:\/\/i0.wp.com\/stefan-taege.de\/kasia\/wp-content\/uploads\/2020\/01\/20191223_140755.jpg?resize=1536%2C747&amp;ssl=1 1536w, https:\/\/i0.wp.com\/stefan-taege.de\/kasia\/wp-content\/uploads\/2020\/01\/20191223_140755.jpg?resize=123%2C60&amp;ssl=1 123w\" sizes=\"(max-width: 1020px) 100vw, 1020px\" data-recalc-dims=\"1\" \/><\/p>\n<p>\u201eDer Ort ist doch v\u00f6llig \u00fcberhyped, oder?\u201c Frage ich sp\u00e4ter Sculi, unseren Guide. \u201eJa.\u201c Sagt er, froh dar\u00fcber, dass es mal jemand ausspricht. \u201eAber ich muss euch dorthin bringen, es ist Teil des Programms. Wenn ich ein paar Kilometer weiter die Stra\u00dfe entlang fahre, finden sich viele solche Str\u00e4nde. Sie unterscheiden sich in nichts von diesem hier. Nur sind sie menschenleer und ich habe ihn f\u00fcr mich alleine.\u201c Sculi zieht \u00f6fters mit seiner Kameraausr\u00fcstung los, einfach nur, um zu fotografieren; um die Sch\u00f6nheit dieses Landes aufzunehmen. Es gibt viele sch\u00f6ne Pl\u00e4tze auf Island.<\/p>\n<p>\u201eFr\u00fcher haben sich die Menschen hier in Island nicht so sehr darum gek\u00fcmmert.\u201c Wei\u00df er zu erz\u00e4hlen. \u201eSie hatten keinen Blick daf\u00fcr, ob es hier sch\u00f6n ist oder nicht. Es war halt ihr Leben und ihr Alltag, und in den Urlaub wollte jeder woanders hin fliegen, am liebsten ins Ausland, an warme Str\u00e4nde.\u201c Er selbst, sagt er, hat schon immer Island geliebt. Und dann sagt er etwas, das mir zu denken gibt. In Zeiten, in denen Overtourism in aller Munde ist; in denen sich jeder beklagt, L\u00e4nder und Orte nicht mehr f\u00fcr sich alleine zu haben, bringt er mich zum Umdenken.<\/p>\n<p>\u201eErst seit Island touristisch erschlossen wurde, haben wir erkannt, wie besonders es ist. Seit hunderttausende jedes Jahr auf unsere Insel str\u00f6men, sehen wir das Land mit ihren Augen; immer mehr Isl\u00e4nder machen Urlaub in ihrem eigenen Land. Die Besucher haben uns gelehrt, die Sch\u00f6nheit Islands zu erkennen und unser Land zu lieben.\u201c<\/p>\n<p><img loading=\"lazy\" decoding=\"async\" data-attachment-id=\"24631\" data-permalink=\"https:\/\/stefan-taege.de\/kasia\/2025\/02\/10\/islands-suedkueste-gefaehrliche-dummheit-am-reynisfjara-black-beach\/20191223_141032\/\" data-orig-file=\"https:\/\/i0.wp.com\/stefan-taege.de\/kasia\/wp-content\/uploads\/2020\/01\/20191223_141032.jpg?fit=2048%2C996&amp;ssl=1\" data-orig-size=\"2048,996\" data-comments-opened=\"1\" data-image-meta=\"{&quot;aperture&quot;:&quot;2.4&quot;,&quot;credit&quot;:&quot;&quot;,&quot;camera&quot;:&quot;SM-G965F&quot;,&quot;caption&quot;:&quot;&quot;,&quot;created_timestamp&quot;:&quot;1577110232&quot;,&quot;copyright&quot;:&quot;&quot;,&quot;focal_length&quot;:&quot;4.3&quot;,&quot;iso&quot;:&quot;50&quot;,&quot;shutter_speed&quot;:&quot;0.00666666666667&quot;,&quot;title&quot;:&quot;&quot;,&quot;orientation&quot;:&quot;1&quot;}\" data-image-title=\"20191223_141032\" data-image-description=\"\" data-image-caption=\"\" data-medium-file=\"https:\/\/i0.wp.com\/stefan-taege.de\/kasia\/wp-content\/uploads\/2020\/01\/20191223_141032.jpg?fit=300%2C146&amp;ssl=1\" data-large-file=\"https:\/\/i0.wp.com\/stefan-taege.de\/kasia\/wp-content\/uploads\/2020\/01\/20191223_141032.jpg?fit=1020%2C496&amp;ssl=1\" tabindex=\"0\" role=\"button\" class=\"alignnone size-full wp-image-24631\" src=\"https:\/\/i0.wp.com\/stefan-taege.de\/kasia\/wp-content\/uploads\/2020\/01\/20191223_141032.jpg?resize=1020%2C496&#038;ssl=1\" alt=\"\" width=\"1020\" height=\"496\" srcset=\"https:\/\/i0.wp.com\/stefan-taege.de\/kasia\/wp-content\/uploads\/2020\/01\/20191223_141032.jpg?w=2048&amp;ssl=1 2048w, https:\/\/i0.wp.com\/stefan-taege.de\/kasia\/wp-content\/uploads\/2020\/01\/20191223_141032.jpg?resize=300%2C146&amp;ssl=1 300w, https:\/\/i0.wp.com\/stefan-taege.de\/kasia\/wp-content\/uploads\/2020\/01\/20191223_141032.jpg?resize=1024%2C498&amp;ssl=1 1024w, https:\/\/i0.wp.com\/stefan-taege.de\/kasia\/wp-content\/uploads\/2020\/01\/20191223_141032.jpg?resize=768%2C374&amp;ssl=1 768w, https:\/\/i0.wp.com\/stefan-taege.de\/kasia\/wp-content\/uploads\/2020\/01\/20191223_141032.jpg?resize=1536%2C747&amp;ssl=1 1536w, https:\/\/i0.wp.com\/stefan-taege.de\/kasia\/wp-content\/uploads\/2020\/01\/20191223_141032.jpg?resize=123%2C60&amp;ssl=1 123w\" sizes=\"(max-width: 1020px) 100vw, 1020px\" data-recalc-dims=\"1\" \/><\/p>\n<p>Ja, es stimmt schon: Island ist \u00fcberlaufen. In 2016 hat die Zahl der Besucher zum ersten Mal die Zwei-Millionen Marke geknackt und seitdem sind es nicht weniger geworden. Justin Bieber war hier, Angelina Jolie auch, hier wurden Game of Thrones und James Bond gedreht.<\/p>\n<p>Die Besucherzahlen \u00fcbersteigen um ein Vielfaches die Einwohnerzahl des Landes, die irgendwo bei 350 000 liegt; etwas h\u00f6her also als, sagen wir, Mannheim. Doch dieses Land ist tats\u00e4chlich etwas Besonderes, Besuchermassen hin oder her. Es ist gro\u00dfartig. Nur sind wir eben nicht mehr die ersten.<\/p>\n<p>Doch d\u00fcrfen wir so egoistisch sein? F\u00fcr uns bedeutet Overtourism vielleicht, dass wir nicht mehr die ersten sind, nicht mehr die Entdecker, dass wir uns nicht mehr \u201eMarco Polo\u201c auf unser Ego-F\u00e4hnchen schreiben k\u00f6nnen. Doch was bedeutet Tourismus f\u00fcr die Menschen? Schon mal auf die Idee gekommen, dass sie eventuell stolz sein k\u00f6nnten auf das, was ihr Land zu bieten hat?<\/p>\n<p><em>Der Wiesenkurier (unbeauftragte Werbung) hat sich in seinem Artikel: \u201e<a href=\"https:\/\/www.weser-kurier.de\/themenwelt\/reisen-und-tourismus_artikel,-wie-island-den-massentourismus-bewaeltigen-will-_arid,1870482.html\" target=\"_blank\" rel=\"noopener noreferrer\">Wie Island den Massentourismus bew\u00e4ltigen will&#8220;<\/a>\u00a0von Oktober 2019 damit besch\u00e4ftigt, welche Auswirkungen der immer st\u00e4rkere Tourismus auf Island hat und wie die isl\u00e4ndische Regierung damit<\/em><br \/>\n<em>umgeht.<\/em><\/p>\n<p><img loading=\"lazy\" decoding=\"async\" data-attachment-id=\"24633\" data-permalink=\"https:\/\/stefan-taege.de\/kasia\/2025\/02\/10\/islands-suedkueste-gefaehrliche-dummheit-am-reynisfjara-black-beach\/20191223_140514\/\" data-orig-file=\"https:\/\/i0.wp.com\/stefan-taege.de\/kasia\/wp-content\/uploads\/2020\/01\/20191223_140514.jpg?fit=2048%2C996&amp;ssl=1\" data-orig-size=\"2048,996\" data-comments-opened=\"1\" data-image-meta=\"{&quot;aperture&quot;:&quot;2.4&quot;,&quot;credit&quot;:&quot;&quot;,&quot;camera&quot;:&quot;SM-G965F&quot;,&quot;caption&quot;:&quot;&quot;,&quot;created_timestamp&quot;:&quot;1577109914&quot;,&quot;copyright&quot;:&quot;&quot;,&quot;focal_length&quot;:&quot;6&quot;,&quot;iso&quot;:&quot;25&quot;,&quot;shutter_speed&quot;:&quot;0.00709219858156&quot;,&quot;title&quot;:&quot;&quot;,&quot;orientation&quot;:&quot;1&quot;}\" data-image-title=\"20191223_140514\" data-image-description=\"\" data-image-caption=\"\" data-medium-file=\"https:\/\/i0.wp.com\/stefan-taege.de\/kasia\/wp-content\/uploads\/2020\/01\/20191223_140514.jpg?fit=300%2C146&amp;ssl=1\" data-large-file=\"https:\/\/i0.wp.com\/stefan-taege.de\/kasia\/wp-content\/uploads\/2020\/01\/20191223_140514.jpg?fit=1020%2C496&amp;ssl=1\" tabindex=\"0\" role=\"button\" class=\"alignnone size-full wp-image-24633\" src=\"https:\/\/i0.wp.com\/stefan-taege.de\/kasia\/wp-content\/uploads\/2020\/01\/20191223_140514.jpg?resize=1020%2C496&#038;ssl=1\" alt=\"\" width=\"1020\" height=\"496\" srcset=\"https:\/\/i0.wp.com\/stefan-taege.de\/kasia\/wp-content\/uploads\/2020\/01\/20191223_140514.jpg?w=2048&amp;ssl=1 2048w, https:\/\/i0.wp.com\/stefan-taege.de\/kasia\/wp-content\/uploads\/2020\/01\/20191223_140514.jpg?resize=300%2C146&amp;ssl=1 300w, https:\/\/i0.wp.com\/stefan-taege.de\/kasia\/wp-content\/uploads\/2020\/01\/20191223_140514.jpg?resize=1024%2C498&amp;ssl=1 1024w, https:\/\/i0.wp.com\/stefan-taege.de\/kasia\/wp-content\/uploads\/2020\/01\/20191223_140514.jpg?resize=768%2C374&amp;ssl=1 768w, https:\/\/i0.wp.com\/stefan-taege.de\/kasia\/wp-content\/uploads\/2020\/01\/20191223_140514.jpg?resize=1536%2C747&amp;ssl=1 1536w, https:\/\/i0.wp.com\/stefan-taege.de\/kasia\/wp-content\/uploads\/2020\/01\/20191223_140514.jpg?resize=123%2C60&amp;ssl=1 123w\" sizes=\"(max-width: 1020px) 100vw, 1020px\" data-recalc-dims=\"1\" \/><\/p>\n<p>Die gleiche Anekdote erz\u00e4hlt Sculi zu den Nordlichtern. Immer, wenn er die Begeisterung der Besucher sieht, muss er schmunzeln. Die Nordlichter sehen, das ist das Highlight beinahe jedes Menschen, der nach Island reist. \u201eNordlichter waren f\u00fcr uns fr\u00fcher nichts Spezielles. Sie waren mal da, dann wieder nicht; ab und zu habe ich sie gesehen auf dem Weg zur Arbeit oder in die Stadt. Seit ich als Guide arbeite und sehe, wie begeistert die Menschen bei ihrem Anblick sind, fange ich an, es mit ihren Augen zu sehen. Langsam verstehe ich das.\u201c<\/p>\n<p>Seitdem sind Nordlichter auch Sculis Faszination. Er kauft sich eine entsprechende Ausr\u00fcstung und wird zum Nordlichtj\u00e4ger. Stolz zeigt er uns seine vielen Aufnahmen. Sculi ist nun genauso fasziniert wie wir.<\/p>\n<p>&nbsp;<\/p>\n<h3>Reynisfjara Beach &#8211; gef\u00e4hrliche Snake Waves<\/h3>\n<p><img loading=\"lazy\" decoding=\"async\" data-attachment-id=\"24634\" data-permalink=\"https:\/\/stefan-taege.de\/kasia\/2025\/02\/10\/islands-suedkueste-gefaehrliche-dummheit-am-reynisfjara-black-beach\/20191223_140429\/\" data-orig-file=\"https:\/\/i0.wp.com\/stefan-taege.de\/kasia\/wp-content\/uploads\/2020\/01\/20191223_140429.jpg?fit=2048%2C996&amp;ssl=1\" data-orig-size=\"2048,996\" data-comments-opened=\"1\" data-image-meta=\"{&quot;aperture&quot;:&quot;2.4&quot;,&quot;credit&quot;:&quot;&quot;,&quot;camera&quot;:&quot;SM-G965F&quot;,&quot;caption&quot;:&quot;&quot;,&quot;created_timestamp&quot;:&quot;1577109869&quot;,&quot;copyright&quot;:&quot;&quot;,&quot;focal_length&quot;:&quot;4.3&quot;,&quot;iso&quot;:&quot;50&quot;,&quot;shutter_speed&quot;:&quot;0.0078125&quot;,&quot;title&quot;:&quot;&quot;,&quot;orientation&quot;:&quot;1&quot;}\" data-image-title=\"20191223_140429\" data-image-description=\"\" data-image-caption=\"\" data-medium-file=\"https:\/\/i0.wp.com\/stefan-taege.de\/kasia\/wp-content\/uploads\/2020\/01\/20191223_140429.jpg?fit=300%2C146&amp;ssl=1\" data-large-file=\"https:\/\/i0.wp.com\/stefan-taege.de\/kasia\/wp-content\/uploads\/2020\/01\/20191223_140429.jpg?fit=1020%2C496&amp;ssl=1\" tabindex=\"0\" role=\"button\" class=\"alignnone size-full wp-image-24634\" src=\"https:\/\/i0.wp.com\/stefan-taege.de\/kasia\/wp-content\/uploads\/2020\/01\/20191223_140429.jpg?resize=1020%2C496&#038;ssl=1\" alt=\"\" width=\"1020\" height=\"496\" srcset=\"https:\/\/i0.wp.com\/stefan-taege.de\/kasia\/wp-content\/uploads\/2020\/01\/20191223_140429.jpg?w=2048&amp;ssl=1 2048w, https:\/\/i0.wp.com\/stefan-taege.de\/kasia\/wp-content\/uploads\/2020\/01\/20191223_140429.jpg?resize=300%2C146&amp;ssl=1 300w, https:\/\/i0.wp.com\/stefan-taege.de\/kasia\/wp-content\/uploads\/2020\/01\/20191223_140429.jpg?resize=1024%2C498&amp;ssl=1 1024w, https:\/\/i0.wp.com\/stefan-taege.de\/kasia\/wp-content\/uploads\/2020\/01\/20191223_140429.jpg?resize=768%2C374&amp;ssl=1 768w, https:\/\/i0.wp.com\/stefan-taege.de\/kasia\/wp-content\/uploads\/2020\/01\/20191223_140429.jpg?resize=1536%2C747&amp;ssl=1 1536w, https:\/\/i0.wp.com\/stefan-taege.de\/kasia\/wp-content\/uploads\/2020\/01\/20191223_140429.jpg?resize=123%2C60&amp;ssl=1 123w\" sizes=\"(max-width: 1020px) 100vw, 1020px\" data-recalc-dims=\"1\" \/><\/p>\n<p>So \u00fcberhyped ich den Ort finde, so gebe ich ihm doch noch eine Chance. L\u00e4ngere Zeit bleibe ich stehen und schaue den tobenden Wellen zu. Die Beschilderung warnt eindringlich vor der gr\u00f6\u00dften Gefahr, die hier im Wasser lauert und nein, f\u00fcr Haie ist es hier zu kalt. Es ist der Ozean selbst, der dir, lieber Besucher, ans Leder und ans Leben will.<\/p>\n<p>Schon im Bus sch\u00e4rft uns Sculi eindringlich ein: \u201eSeid vorsichtig! Geht nicht zu nahe an die Wellen heran. Sie sehen auf den ersten Blick harmlos aus, doch das t\u00e4uscht. Es kommen immer zwei Wellen hintereinander. Die erste Welle macht eure F\u00fc\u00dfe nass. Ihr lacht, ihr rennt weg, es ist lustig. Doch gleich danach kommt unerwartet die zweite Welle nach, das ist die Snake Wave. Sie ist so stark, dass sie euch von den F\u00fc\u00dfen reist und mitzieht. Wir haben schon Menschen hier verloren, wir wollen nicht noch mehr verlieren.\u201c<\/p>\n<p><img loading=\"lazy\" decoding=\"async\" data-attachment-id=\"24635\" data-permalink=\"https:\/\/stefan-taege.de\/kasia\/2025\/02\/10\/islands-suedkueste-gefaehrliche-dummheit-am-reynisfjara-black-beach\/20191223_140534\/\" data-orig-file=\"https:\/\/i0.wp.com\/stefan-taege.de\/kasia\/wp-content\/uploads\/2020\/01\/20191223_140534.jpg?fit=2048%2C996&amp;ssl=1\" data-orig-size=\"2048,996\" data-comments-opened=\"1\" data-image-meta=\"{&quot;aperture&quot;:&quot;2.4&quot;,&quot;credit&quot;:&quot;&quot;,&quot;camera&quot;:&quot;SM-G965F&quot;,&quot;caption&quot;:&quot;&quot;,&quot;created_timestamp&quot;:&quot;1577109934&quot;,&quot;copyright&quot;:&quot;&quot;,&quot;focal_length&quot;:&quot;4.3&quot;,&quot;iso&quot;:&quot;50&quot;,&quot;shutter_speed&quot;:&quot;0.00409836065574&quot;,&quot;title&quot;:&quot;&quot;,&quot;orientation&quot;:&quot;1&quot;}\" data-image-title=\"20191223_140534\" data-image-description=\"\" data-image-caption=\"\" data-medium-file=\"https:\/\/i0.wp.com\/stefan-taege.de\/kasia\/wp-content\/uploads\/2020\/01\/20191223_140534.jpg?fit=300%2C146&amp;ssl=1\" data-large-file=\"https:\/\/i0.wp.com\/stefan-taege.de\/kasia\/wp-content\/uploads\/2020\/01\/20191223_140534.jpg?fit=1020%2C496&amp;ssl=1\" tabindex=\"0\" role=\"button\" class=\"alignnone size-full wp-image-24635\" src=\"https:\/\/i0.wp.com\/stefan-taege.de\/kasia\/wp-content\/uploads\/2020\/01\/20191223_140534.jpg?resize=1020%2C496&#038;ssl=1\" alt=\"\" width=\"1020\" height=\"496\" srcset=\"https:\/\/i0.wp.com\/stefan-taege.de\/kasia\/wp-content\/uploads\/2020\/01\/20191223_140534.jpg?w=2048&amp;ssl=1 2048w, https:\/\/i0.wp.com\/stefan-taege.de\/kasia\/wp-content\/uploads\/2020\/01\/20191223_140534.jpg?resize=300%2C146&amp;ssl=1 300w, https:\/\/i0.wp.com\/stefan-taege.de\/kasia\/wp-content\/uploads\/2020\/01\/20191223_140534.jpg?resize=1024%2C498&amp;ssl=1 1024w, https:\/\/i0.wp.com\/stefan-taege.de\/kasia\/wp-content\/uploads\/2020\/01\/20191223_140534.jpg?resize=768%2C374&amp;ssl=1 768w, https:\/\/i0.wp.com\/stefan-taege.de\/kasia\/wp-content\/uploads\/2020\/01\/20191223_140534.jpg?resize=1536%2C747&amp;ssl=1 1536w, https:\/\/i0.wp.com\/stefan-taege.de\/kasia\/wp-content\/uploads\/2020\/01\/20191223_140534.jpg?resize=123%2C60&amp;ssl=1 123w\" sizes=\"(max-width: 1020px) 100vw, 1020px\" data-recalc-dims=\"1\" \/><\/p>\n<p>Vielleicht ist es auch die Gefahr, die hier die Menschen reizt, denke ich mir, als ich am besagten Strand stehe. Es ist ein sehr gef\u00e4hrlicher Ort und ich habe gro\u00dfen Respekt vor den Gewalten der Natur, die sich hier hemmungslos austobt. Der schwarze Strand ist bis in weite Bereiche hinein nass und das sollte den Leuten eigentlich Warnung genug sein, denn daran kann man sehen, wie weit das Wasser vordringen kann.<\/p>\n<p>Doch denkste. Die Menschen stellen sich so nahe an die Wasserlinie, als w\u00fcrden sie f\u00f6rmlich darum beten, eingezogen zu werden. Genauso wie die Frau mit dem Stativ, die nun den Wellen den R\u00fccken zukehrt und fr\u00f6hlich in ihre Kamera plappert. \u201eKehrt niemals, niemals dem Meer den R\u00fccken zu.\u201c Sch\u00e4rft uns der Guide noch im Bus ein. Doch f\u00fcr eine gute Insta-Story kann man schon mal sein Leben riskieren, oder?<\/p>\n<p>Fotografe mit Stativen, Familien mit Kindern, ein Hochzeitspaar, das f\u00fcr die Bilder ihres Lebens posiert. Ich komme mir vor wie auf einer gro\u00dfen Kirmes. Der Popcorn und die Gaukler fehlen, doch auch ein Restaurant ist da. Und die Menschen gehen so leichtsinnig mit der Gefahr um, dass mir schwindelig wird, wenn ich das sehe. Ein kleines M\u00e4dchen tanzt kurz vor der Wasserlinie herum, die Eltern haben sich abgewandt, sind besch\u00e4ftigt. Das Kind kann es nicht besser wissen, die Eltern schon.<\/p>\n<p>Menschen gehen so nahe ans Wasser heran, dass in meinem Kopf alle Radare angehen. Gefahr, Gefahr\u2026<\/p>\n<p>Und wenn dann doch eine noch gr\u00f6\u00dfere Welle herangerollt kommt, dann hei\u00dft es: Stativ und die Beine in die Hand nehmen, das Brautkleid festhalten und rennen\u2026<\/p>\n<p><em>Na, wen kassiert es diesmal ein? &#8211; <\/em>Schie\u00dft mir der geh\u00e4ssige Gedanke durch den Kopf.<\/p>\n<p>Nat\u00fcrlich will ich nicht, dass es irgend jemanden einkassiert. Niemand will, dass es irgend jemanden einkassiert. Doch bei so viel Dummheit, da fehlen mir die Worte.<\/p>\n<p><img loading=\"lazy\" decoding=\"async\" data-attachment-id=\"24636\" data-permalink=\"https:\/\/stefan-taege.de\/kasia\/2025\/02\/10\/islands-suedkueste-gefaehrliche-dummheit-am-reynisfjara-black-beach\/20191223_140833\/\" data-orig-file=\"https:\/\/i0.wp.com\/stefan-taege.de\/kasia\/wp-content\/uploads\/2020\/01\/20191223_140833.jpg?fit=2048%2C996&amp;ssl=1\" data-orig-size=\"2048,996\" data-comments-opened=\"1\" data-image-meta=\"{&quot;aperture&quot;:&quot;2.4&quot;,&quot;credit&quot;:&quot;&quot;,&quot;camera&quot;:&quot;SM-G965F&quot;,&quot;caption&quot;:&quot;&quot;,&quot;created_timestamp&quot;:&quot;1577110113&quot;,&quot;copyright&quot;:&quot;&quot;,&quot;focal_length&quot;:&quot;4.3&quot;,&quot;iso&quot;:&quot;50&quot;,&quot;shutter_speed&quot;:&quot;0.00645161290323&quot;,&quot;title&quot;:&quot;&quot;,&quot;orientation&quot;:&quot;1&quot;}\" data-image-title=\"20191223_140833\" data-image-description=\"\" data-image-caption=\"\" data-medium-file=\"https:\/\/i0.wp.com\/stefan-taege.de\/kasia\/wp-content\/uploads\/2020\/01\/20191223_140833.jpg?fit=300%2C146&amp;ssl=1\" data-large-file=\"https:\/\/i0.wp.com\/stefan-taege.de\/kasia\/wp-content\/uploads\/2020\/01\/20191223_140833.jpg?fit=1020%2C496&amp;ssl=1\" tabindex=\"0\" role=\"button\" class=\"alignnone size-full wp-image-24636\" src=\"https:\/\/i0.wp.com\/stefan-taege.de\/kasia\/wp-content\/uploads\/2020\/01\/20191223_140833.jpg?resize=1020%2C496&#038;ssl=1\" alt=\"\" width=\"1020\" height=\"496\" srcset=\"https:\/\/i0.wp.com\/stefan-taege.de\/kasia\/wp-content\/uploads\/2020\/01\/20191223_140833.jpg?w=2048&amp;ssl=1 2048w, https:\/\/i0.wp.com\/stefan-taege.de\/kasia\/wp-content\/uploads\/2020\/01\/20191223_140833.jpg?resize=300%2C146&amp;ssl=1 300w, https:\/\/i0.wp.com\/stefan-taege.de\/kasia\/wp-content\/uploads\/2020\/01\/20191223_140833.jpg?resize=1024%2C498&amp;ssl=1 1024w, https:\/\/i0.wp.com\/stefan-taege.de\/kasia\/wp-content\/uploads\/2020\/01\/20191223_140833.jpg?resize=768%2C374&amp;ssl=1 768w, https:\/\/i0.wp.com\/stefan-taege.de\/kasia\/wp-content\/uploads\/2020\/01\/20191223_140833.jpg?resize=1536%2C747&amp;ssl=1 1536w, https:\/\/i0.wp.com\/stefan-taege.de\/kasia\/wp-content\/uploads\/2020\/01\/20191223_140833.jpg?resize=123%2C60&amp;ssl=1 123w\" sizes=\"(max-width: 1020px) 100vw, 1020px\" data-recalc-dims=\"1\" \/><\/p>\n<p><em>Einen guten Artikel zu der Gefahr, die Snake Waves am <\/em><em>Reynisfjara Beach mit sich bringen, gibt es auf dem Blog <\/em><em><a href=\"https:\/\/blog.ankerherz.de\/blog\/lebensgefaehrlicher-leichtsinn-auf-dem-black-beach-von-island\/\" target=\"_blank\" rel=\"noopener noreferrer\">Ankerherz<\/a> nachzulesen, inklusive Video. Andreas von <\/em><em><a href=\"https:\/\/www.reisewut.com\/2019\/09\/reynisfjara-strand-island-black-sand\/\" target=\"_blank\" rel=\"noopener noreferrer\">Reisewut<\/a> hat einen sehr informativen <\/em><em>Beitrag geschrieben dar\u00fcber, was man am Reynisfjara <\/em><em>Black Sand Beach beachten sollte und auf dem Blog <\/em><em><a href=\"https:\/\/ichreise.at\/wanderlust\/das-ist-islands-gefaehrlichster-strand\/\" target=\"_blank\" rel=\"noopener noreferrer\">Wanderlust<\/a> wird der Strand als einer der gef\u00e4hrlichsten <\/em><em>Str\u00e4nde Islands beschrieben.<\/em><\/p>\n<div class=\"shariff shariff-align-left shariff-widget-align-left\" data-services=\"facebook%7Cpinterest%7Ctumblr\" data-url=\"https:\/\/stefan-taege.de\/kasia\/2025\/02\/10\/islands-suedkueste-gefaehrliche-dummheit-am-reynisfjara-black-beach\/\" data-timestamp=\"1739314766\" data-backendurl=\"https:\/\/stefan-taege.de\/kasia\/wp-json\/shariff\/v1\/share_counts?\"><ul class=\"shariff-buttons theme-round orientation-horizontal buttonsize-medium\"><li class=\"shariff-button twitter shariff-nocustomcolor\" style=\"background-color:#595959\"><a href=\"https:\/\/twitter.com\/share?url=https%3A%2F%2Fstefan-taege.de%2Fkasia%2F2025%2F02%2F10%2Fislands-suedkueste-gefaehrliche-dummheit-am-reynisfjara-black-beach%2F&text=Islands%20S%C3%BCdk%C3%BCste%20%E2%80%93%20Gef%C3%A4hrliche%20Dummheit%20am%20Reynisfjara%20Black%20Beach\" title=\"Bei X teilen\" aria-label=\"Bei X teilen\" role=\"button\" rel=\"noopener nofollow\" class=\"shariff-link\" style=\"; background-color:#000; color:#fff\" target=\"_blank\"><span class=\"shariff-icon\" style=\"\"><svg width=\"32px\" height=\"20px\" xmlns=\"http:\/\/www.w3.org\/2000\/svg\" viewBox=\"0 0 24 24\"><path fill=\"#000\" d=\"M14.258 10.152L23.176 0h-2.113l-7.747 8.813L7.133 0H0l9.352 13.328L0 23.973h2.113l8.176-9.309 6.531 9.309h7.133zm-2.895 3.293l-.949-1.328L2.875 1.56h3.246l6.086 8.523.945 1.328 7.91 11.078h-3.246zm0 0\"\/><\/svg><\/span><\/a><\/li><li class=\"shariff-button facebook shariff-nocustomcolor\" style=\"background-color:#4273c8\"><a href=\"https:\/\/www.facebook.com\/sharer\/sharer.php?u=https%3A%2F%2Fstefan-taege.de%2Fkasia%2F2025%2F02%2F10%2Fislands-suedkueste-gefaehrliche-dummheit-am-reynisfjara-black-beach%2F\" title=\"Bei Facebook teilen\" aria-label=\"Bei Facebook teilen\" role=\"button\" rel=\"nofollow\" class=\"shariff-link\" style=\"; background-color:#3b5998; color:#fff\" target=\"_blank\"><span class=\"shariff-icon\" style=\"\"><svg width=\"32px\" height=\"20px\" xmlns=\"http:\/\/www.w3.org\/2000\/svg\" viewBox=\"0 0 18 32\"><path fill=\"#3b5998\" d=\"M17.1 0.2v4.7h-2.8q-1.5 0-2.1 0.6t-0.5 1.9v3.4h5.2l-0.7 5.3h-4.5v13.6h-5.5v-13.6h-4.5v-5.3h4.5v-3.9q0-3.3 1.9-5.2t5-1.8q2.6 0 4.1 0.2z\"\/><\/svg><\/span><span data-service=\"facebook\" style=\"color:#3b5998\" class=\"shariff-count shariff-hidezero\"><\/span>&nbsp;<\/a><\/li><li class=\"shariff-button pinterest shariff-nocustomcolor\" style=\"background-color:#e70f18\"><a href=\"https:\/\/www.pinterest.com\/pin\/create\/link\/?url=https%3A%2F%2Fstefan-taege.de%2Fkasia%2F2025%2F02%2F10%2Fislands-suedkueste-gefaehrliche-dummheit-am-reynisfjara-black-beach%2F&media=https%3A%2F%2Fstefan-taege.de%2Fkasia%2Fwp-content%2Fuploads%2F2020%2F01%2F20191223_141243-e1587242345381.jpg&description=Islands%20S%C3%BCdk%C3%BCste%20%E2%80%93%20Gef%C3%A4hrliche%20Dummheit%20am%20Reynisfjara%20Black%20Beach\" title=\"Bei Pinterest pinnen\" aria-label=\"Bei Pinterest pinnen\" role=\"button\" rel=\"noopener nofollow\" class=\"shariff-link\" style=\"; background-color:#cb2027; color:#fff\" target=\"_blank\"><span class=\"shariff-icon\" style=\"\"><svg width=\"32px\" height=\"20px\" xmlns=\"http:\/\/www.w3.org\/2000\/svg\" viewBox=\"0 0 27 32\"><path fill=\"#cb2027\" d=\"M27.4 16q0 3.7-1.8 6.9t-5 5-6.9 1.9q-2 0-3.9-0.6 1.1-1.7 1.4-2.9 0.2-0.6 1-3.8 0.4 0.7 1.3 1.2t2 0.5q2.1 0 3.8-1.2t2.7-3.4 0.9-4.8q0-2-1.1-3.8t-3.1-2.9-4.5-1.2q-1.9 0-3.5 0.5t-2.8 1.4-2 2-1.2 2.3-0.4 2.4q0 1.9 0.7 3.3t2.1 2q0.5 0.2 0.7-0.4 0-0.1 0.1-0.5t0.2-0.5q0.1-0.4-0.2-0.8-0.9-1.1-0.9-2.7 0-2.7 1.9-4.6t4.9-2q2.7 0 4.2 1.5t1.5 3.8q0 3-1.2 5.2t-3.1 2.1q-1.1 0-1.7-0.8t-0.4-1.9q0.1-0.6 0.5-1.7t0.5-1.8 0.2-1.4q0-0.9-0.5-1.5t-1.4-0.6q-1.1 0-1.9 1t-0.8 2.6q0 1.3 0.4 2.2l-1.8 7.5q-0.3 1.2-0.2 3.2-3.7-1.6-6-5t-2.3-7.6q0-3.7 1.9-6.9t5-5 6.9-1.9 6.9 1.9 5 5 1.8 6.9z\"\/><\/svg><\/span><span data-service=\"pinterest\" style=\"color:#cb2027\" class=\"shariff-count\"> 0<\/span>&nbsp;<\/a><\/li><li class=\"shariff-button tumblr shariff-nocustomcolor\" style=\"background-color:#529ecc\"><a href=\"https:\/\/www.tumblr.com\/widgets\/share\/tool?posttype=link&canonicalUrl=https%3A%2F%2Fstefan-taege.de%2Fkasia%2F2025%2F02%2F10%2Fislands-suedkueste-gefaehrliche-dummheit-am-reynisfjara-black-beach%2F&tags=stefan-taege.de\" title=\"Bei tumblr teilen\" aria-label=\"Bei tumblr teilen\" role=\"button\" rel=\"noopener nofollow\" class=\"shariff-link\" style=\"; background-color:#36465d; color:#fff\" target=\"_blank\"><span class=\"shariff-icon\" style=\"\"><svg width=\"32px\" height=\"20px\" xmlns=\"http:\/\/www.w3.org\/2000\/svg\" viewBox=\"0 0 32 32\"><path fill=\"#36465d\" d=\"M18 14l0 7.3c0 1.9 0 2.9 0.2 3.5 0.2 0.5 0.7 1.1 1.2 1.4 0.7 0.4 1.5 0.6 2.4 0.6 1.6 0 2.6-0.2 4.2-1.3v4.8c-1.4 0.6-2.6 1-3.7 1.3-1.1 0.3-2.3 0.4-3.6 0.4-1.5 0-2.3-0.2-3.4-0.6-1.1-0.4-2.1-0.9-2.9-1.6-0.8-0.7-1.3-1.4-1.7-2.2s-0.5-1.9-0.5-3.4v-11.2h-4.3v-4.5c1.3-0.4 2.7-1 3.6-1.8 0.9-0.8 1.6-1.7 2.2-2.7 0.5-1.1 0.9-2.4 1.1-4.1h5.2l0 8h8v6h-8z\"\/><\/svg><\/span><span data-service=\"tumblr\" style=\"color:#36465d\" class=\"shariff-count\"> 0<\/span>&nbsp;<\/a><\/li><li class=\"shariff-button xing shariff-nocustomcolor\" style=\"background-color:#29888a\"><a href=\"https:\/\/www.xing.com\/spi\/shares\/new?url=https%3A%2F%2Fstefan-taege.de%2Fkasia%2F2025%2F02%2F10%2Fislands-suedkueste-gefaehrliche-dummheit-am-reynisfjara-black-beach%2F\" title=\"Bei XING teilen\" aria-label=\"Bei XING teilen\" role=\"button\" rel=\"noopener nofollow\" class=\"shariff-link\" style=\"; background-color:#126567; color:#fff\" target=\"_blank\"><span class=\"shariff-icon\" style=\"\"><svg width=\"32px\" height=\"20px\" xmlns=\"http:\/\/www.w3.org\/2000\/svg\" viewBox=\"0 0 25 32\"><path fill=\"#126567\" d=\"M10.7 11.9q-0.2 0.3-4.6 8.2-0.5 0.8-1.2 0.8h-4.3q-0.4 0-0.5-0.3t0-0.6l4.5-8q0 0 0 0l-2.9-5q-0.2-0.4 0-0.7 0.2-0.3 0.5-0.3h4.3q0.7 0 1.2 0.8zM25.1 0.4q0.2 0.3 0 0.7l-9.4 16.7 6 11q0.2 0.4 0 0.6-0.2 0.3-0.6 0.3h-4.3q-0.7 0-1.2-0.8l-6-11.1q0.3-0.6 9.5-16.8 0.4-0.8 1.2-0.8h4.3q0.4 0 0.5 0.3z\"\/><\/svg><\/span><\/a><\/li><li class=\"shariff-button rss shariff-nocustomcolor\" style=\"background-color:#ff8c00\"><a href=\"https:\/\/stefan-taege.de\/kasia\/feed\/rss\/\" title=\"RSS-feed\" aria-label=\"RSS-feed\" role=\"button\" class=\"shariff-link\" style=\"; background-color:#fe9312; color:#fff\" target=\"_blank\"><span class=\"shariff-icon\" style=\"\"><svg width=\"32px\" height=\"20px\" xmlns=\"http:\/\/www.w3.org\/2000\/svg\" viewBox=\"0 0 32 32\"><path fill=\"#fe9312\" d=\"M4.3 23.5c-2.3 0-4.3 1.9-4.3 4.3 0 2.3 1.9 4.2 4.3 4.2 2.4 0 4.3-1.9 4.3-4.2 0-2.3-1.9-4.3-4.3-4.3zM0 10.9v6.1c4 0 7.7 1.6 10.6 4.4 2.8 2.8 4.4 6.6 4.4 10.6h6.2c0-11.7-9.5-21.1-21.1-21.1zM0 0v6.1c14.2 0 25.8 11.6 25.8 25.9h6.2c0-17.6-14.4-32-32-32z\"\/><\/svg><\/span><\/a><\/li><li class=\"shariff-button linkedin shariff-nocustomcolor\" style=\"background-color:#1488bf\"><a href=\"https:\/\/www.linkedin.com\/sharing\/share-offsite\/?url=https%3A%2F%2Fstefan-taege.de%2Fkasia%2F2025%2F02%2F10%2Fislands-suedkueste-gefaehrliche-dummheit-am-reynisfjara-black-beach%2F\" title=\"Bei LinkedIn teilen\" aria-label=\"Bei LinkedIn teilen\" role=\"button\" rel=\"noopener nofollow\" class=\"shariff-link\" style=\"; background-color:#0077b5; color:#fff\" target=\"_blank\"><span class=\"shariff-icon\" style=\"\"><svg width=\"32px\" height=\"20px\" xmlns=\"http:\/\/www.w3.org\/2000\/svg\" viewBox=\"0 0 27 32\"><path fill=\"#0077b5\" d=\"M6.2 11.2v17.7h-5.9v-17.7h5.9zM6.6 5.7q0 1.3-0.9 2.2t-2.4 0.9h0q-1.5 0-2.4-0.9t-0.9-2.2 0.9-2.2 2.4-0.9 2.4 0.9 0.9 2.2zM27.4 18.7v10.1h-5.9v-9.5q0-1.9-0.7-2.9t-2.3-1.1q-1.1 0-1.9 0.6t-1.2 1.5q-0.2 0.5-0.2 1.4v9.9h-5.9q0-7.1 0-11.6t0-5.3l0-0.9h5.9v2.6h0q0.4-0.6 0.7-1t1-0.9 1.6-0.8 2-0.3q3 0 4.9 2t1.9 6z\"\/><\/svg><\/span><\/a><\/li><\/ul><\/div>","protected":false},"excerpt":{"rendered":"<p>Reblog: der Artikel erschien bereits 2020 Die Frau nimmt ihr Stativ in die Hand und wandert noch ein St\u00fcckchen auf &hellip; <\/p>\n","protected":false},"author":1,"featured_media":24627,"comment_status":"open","ping_status":"open","sticky":false,"template":"","format":"standard","meta":{"jetpack_post_was_ever_published":false,"_jetpack_newsletter_access":"","_jetpack_dont_email_post_to_subs":false,"_jetpack_newsletter_tier_id":0,"_jetpack_memberships_contains_paywalled_content":false,"footnotes":"","_jetpack_memberships_contains_paid_content":false},"categories":[1292,2495],"tags":[2482,2496,2497,2498],"yoast_head":"<!-- This site is optimized with the Yoast SEO plugin v23.5 - https:\/\/yoast.com\/wordpress\/plugins\/seo\/ -->\n<title>Islands S\u00fcdk\u00fcste \u2013 Gef\u00e4hrliche Dummheit am Reynisfjara Black Beach - windrose.rocks<\/title>\n<meta name=\"description\" content=\"Der Reynisfjara Black Beach, hier ist der Spot schlechthin, einer der Str\u00e4nde, die du \u201enicht verpassen darfst\u201c, glaubt man einigen Blogs.\" \/>\n<meta name=\"robots\" content=\"index, follow, max-snippet:-1, max-image-preview:large, max-video-preview:-1\" \/>\n<link rel=\"canonical\" href=\"https:\/\/stefan-taege.de\/kasia\/2025\/02\/10\/islands-suedkueste-gefaehrliche-dummheit-am-reynisfjara-black-beach\/\" \/>\n<meta name=\"twitter:label1\" content=\"Verfasst von\" \/>\n\t<meta name=\"twitter:data1\" content=\"Kasia\" \/>\n\t<meta name=\"twitter:label2\" content=\"Gesch\u00e4tzte Lesezeit\" \/>\n\t<meta name=\"twitter:data2\" content=\"11\u00a0Minuten\" \/>\n<script type=\"application\/ld+json\" class=\"yoast-schema-graph\">{\"@context\":\"https:\/\/schema.org\",\"@graph\":[{\"@type\":\"WebPage\",\"@id\":\"https:\/\/stefan-taege.de\/kasia\/2025\/02\/10\/islands-suedkueste-gefaehrliche-dummheit-am-reynisfjara-black-beach\/\",\"url\":\"https:\/\/stefan-taege.de\/kasia\/2025\/02\/10\/islands-suedkueste-gefaehrliche-dummheit-am-reynisfjara-black-beach\/\",\"name\":\"Islands S\u00fcdk\u00fcste \u2013 Gef\u00e4hrliche Dummheit am Reynisfjara Black Beach - windrose.rocks\",\"isPartOf\":{\"@id\":\"https:\/\/stefan-taege.de\/kasia\/#website\"},\"primaryImageOfPage\":{\"@id\":\"https:\/\/stefan-taege.de\/kasia\/2025\/02\/10\/islands-suedkueste-gefaehrliche-dummheit-am-reynisfjara-black-beach\/#primaryimage\"},\"image\":{\"@id\":\"https:\/\/stefan-taege.de\/kasia\/2025\/02\/10\/islands-suedkueste-gefaehrliche-dummheit-am-reynisfjara-black-beach\/#primaryimage\"},\"thumbnailUrl\":\"https:\/\/i0.wp.com\/stefan-taege.de\/kasia\/wp-content\/uploads\/2020\/01\/20191223_141243-e1587242345381.jpg?fit=2046%2C995&ssl=1\",\"datePublished\":\"2025-02-10T07:00:15+00:00\",\"dateModified\":\"2025-02-11T21:59:26+00:00\",\"author\":{\"@id\":\"https:\/\/stefan-taege.de\/kasia\/#\/schema\/person\/873b01562fbd03e9caa51512b2cb800f\"},\"description\":\"Der Reynisfjara Black Beach, hier ist der Spot schlechthin, einer der Str\u00e4nde, die du \u201enicht verpassen darfst\u201c, glaubt man einigen Blogs.\",\"breadcrumb\":{\"@id\":\"https:\/\/stefan-taege.de\/kasia\/2025\/02\/10\/islands-suedkueste-gefaehrliche-dummheit-am-reynisfjara-black-beach\/#breadcrumb\"},\"inLanguage\":\"de\",\"potentialAction\":[{\"@type\":\"ReadAction\",\"target\":[\"https:\/\/stefan-taege.de\/kasia\/2025\/02\/10\/islands-suedkueste-gefaehrliche-dummheit-am-reynisfjara-black-beach\/\"]}]},{\"@type\":\"ImageObject\",\"inLanguage\":\"de\",\"@id\":\"https:\/\/stefan-taege.de\/kasia\/2025\/02\/10\/islands-suedkueste-gefaehrliche-dummheit-am-reynisfjara-black-beach\/#primaryimage\",\"url\":\"https:\/\/i0.wp.com\/stefan-taege.de\/kasia\/wp-content\/uploads\/2020\/01\/20191223_141243-e1587242345381.jpg?fit=2046%2C995&ssl=1\",\"contentUrl\":\"https:\/\/i0.wp.com\/stefan-taege.de\/kasia\/wp-content\/uploads\/2020\/01\/20191223_141243-e1587242345381.jpg?fit=2046%2C995&ssl=1\",\"width\":2046,\"height\":995},{\"@type\":\"BreadcrumbList\",\"@id\":\"https:\/\/stefan-taege.de\/kasia\/2025\/02\/10\/islands-suedkueste-gefaehrliche-dummheit-am-reynisfjara-black-beach\/#breadcrumb\",\"itemListElement\":[{\"@type\":\"ListItem\",\"position\":1,\"name\":\"Startseite\",\"item\":\"https:\/\/stefan-taege.de\/kasia\/\"},{\"@type\":\"ListItem\",\"position\":2,\"name\":\"Islands S\u00fcdk\u00fcste \u2013 Gef\u00e4hrliche Dummheit am Reynisfjara Black Beach\"}]},{\"@type\":\"WebSite\",\"@id\":\"https:\/\/stefan-taege.de\/kasia\/#website\",\"url\":\"https:\/\/stefan-taege.de\/kasia\/\",\"name\":\"windrose.rocks\",\"description\":\"Erz\u00e4hlungen einer Reisenden\",\"potentialAction\":[{\"@type\":\"SearchAction\",\"target\":{\"@type\":\"EntryPoint\",\"urlTemplate\":\"https:\/\/stefan-taege.de\/kasia\/?s={search_term_string}\"},\"query-input\":{\"@type\":\"PropertyValueSpecification\",\"valueRequired\":true,\"valueName\":\"search_term_string\"}}],\"inLanguage\":\"de\"},{\"@type\":\"Person\",\"@id\":\"https:\/\/stefan-taege.de\/kasia\/#\/schema\/person\/873b01562fbd03e9caa51512b2cb800f\",\"name\":\"Kasia\",\"image\":{\"@type\":\"ImageObject\",\"inLanguage\":\"de\",\"@id\":\"https:\/\/stefan-taege.de\/kasia\/#\/schema\/person\/image\/\",\"url\":\"https:\/\/secure.gravatar.com\/avatar\/b89791b780bc4ea83cc74789dc368178?s=96&d=mm&r=pg\",\"contentUrl\":\"https:\/\/secure.gravatar.com\/avatar\/b89791b780bc4ea83cc74789dc368178?s=96&d=mm&r=pg\",\"caption\":\"Kasia\"},\"description\":\"Hi, ich bin Kasia, die Stimme von \\\"windrose.rocks\\\" :-) Treibt Dich die Frage um, was sich denn alles jenseits der heimischen Couch verbirgt, bist Du rastlos und neugierig wie ich und sp\u00fcrst den Drang in Dir, in die Welt hinaus zu gehen? Dann tue es! Ich nehme Dich mit auf meine Reisen und lasse Dich hautnah das Unterwegs sein miterleben - in all seinen Facetten. Lass Dich inspirieren, komm mit mir und warte nicht l\u00e4nger, denn... die Welt ist so gro\u00df und wir sind so klein, und es gibt noch so viel zu sehen! Die Welt wartet auf uns.\",\"sameAs\":[\"https:\/\/stefan-taege.de\/kasia\/\"],\"url\":\"https:\/\/stefan-taege.de\/kasia\/author\/kasia\/\"}]}<\/script>\n<!-- \/ Yoast SEO plugin. -->","yoast_head_json":{"title":"Islands S\u00fcdk\u00fcste \u2013 Gef\u00e4hrliche Dummheit am Reynisfjara Black Beach - windrose.rocks","description":"Der Reynisfjara Black Beach, hier ist der Spot schlechthin, einer der Str\u00e4nde, die du \u201enicht verpassen darfst\u201c, glaubt man einigen Blogs.","robots":{"index":"index","follow":"follow","max-snippet":"max-snippet:-1","max-image-preview":"max-image-preview:large","max-video-preview":"max-video-preview:-1"},"canonical":"https:\/\/stefan-taege.de\/kasia\/2025\/02\/10\/islands-suedkueste-gefaehrliche-dummheit-am-reynisfjara-black-beach\/","twitter_misc":{"Verfasst von":"Kasia","Gesch\u00e4tzte Lesezeit":"11\u00a0Minuten"},"schema":{"@context":"https:\/\/schema.org","@graph":[{"@type":"WebPage","@id":"https:\/\/stefan-taege.de\/kasia\/2025\/02\/10\/islands-suedkueste-gefaehrliche-dummheit-am-reynisfjara-black-beach\/","url":"https:\/\/stefan-taege.de\/kasia\/2025\/02\/10\/islands-suedkueste-gefaehrliche-dummheit-am-reynisfjara-black-beach\/","name":"Islands S\u00fcdk\u00fcste \u2013 Gef\u00e4hrliche Dummheit am Reynisfjara Black Beach - windrose.rocks","isPartOf":{"@id":"https:\/\/stefan-taege.de\/kasia\/#website"},"primaryImageOfPage":{"@id":"https:\/\/stefan-taege.de\/kasia\/2025\/02\/10\/islands-suedkueste-gefaehrliche-dummheit-am-reynisfjara-black-beach\/#primaryimage"},"image":{"@id":"https:\/\/stefan-taege.de\/kasia\/2025\/02\/10\/islands-suedkueste-gefaehrliche-dummheit-am-reynisfjara-black-beach\/#primaryimage"},"thumbnailUrl":"https:\/\/i0.wp.com\/stefan-taege.de\/kasia\/wp-content\/uploads\/2020\/01\/20191223_141243-e1587242345381.jpg?fit=2046%2C995&ssl=1","datePublished":"2025-02-10T07:00:15+00:00","dateModified":"2025-02-11T21:59:26+00:00","author":{"@id":"https:\/\/stefan-taege.de\/kasia\/#\/schema\/person\/873b01562fbd03e9caa51512b2cb800f"},"description":"Der Reynisfjara Black Beach, hier ist der Spot schlechthin, einer der Str\u00e4nde, die du \u201enicht verpassen darfst\u201c, glaubt man einigen Blogs.","breadcrumb":{"@id":"https:\/\/stefan-taege.de\/kasia\/2025\/02\/10\/islands-suedkueste-gefaehrliche-dummheit-am-reynisfjara-black-beach\/#breadcrumb"},"inLanguage":"de","potentialAction":[{"@type":"ReadAction","target":["https:\/\/stefan-taege.de\/kasia\/2025\/02\/10\/islands-suedkueste-gefaehrliche-dummheit-am-reynisfjara-black-beach\/"]}]},{"@type":"ImageObject","inLanguage":"de","@id":"https:\/\/stefan-taege.de\/kasia\/2025\/02\/10\/islands-suedkueste-gefaehrliche-dummheit-am-reynisfjara-black-beach\/#primaryimage","url":"https:\/\/i0.wp.com\/stefan-taege.de\/kasia\/wp-content\/uploads\/2020\/01\/20191223_141243-e1587242345381.jpg?fit=2046%2C995&ssl=1","contentUrl":"https:\/\/i0.wp.com\/stefan-taege.de\/kasia\/wp-content\/uploads\/2020\/01\/20191223_141243-e1587242345381.jpg?fit=2046%2C995&ssl=1","width":2046,"height":995},{"@type":"BreadcrumbList","@id":"https:\/\/stefan-taege.de\/kasia\/2025\/02\/10\/islands-suedkueste-gefaehrliche-dummheit-am-reynisfjara-black-beach\/#breadcrumb","itemListElement":[{"@type":"ListItem","position":1,"name":"Startseite","item":"https:\/\/stefan-taege.de\/kasia\/"},{"@type":"ListItem","position":2,"name":"Islands S\u00fcdk\u00fcste \u2013 Gef\u00e4hrliche Dummheit am Reynisfjara Black Beach"}]},{"@type":"WebSite","@id":"https:\/\/stefan-taege.de\/kasia\/#website","url":"https:\/\/stefan-taege.de\/kasia\/","name":"windrose.rocks","description":"Erz\u00e4hlungen einer Reisenden","potentialAction":[{"@type":"SearchAction","target":{"@type":"EntryPoint","urlTemplate":"https:\/\/stefan-taege.de\/kasia\/?s={search_term_string}"},"query-input":{"@type":"PropertyValueSpecification","valueRequired":true,"valueName":"search_term_string"}}],"inLanguage":"de"},{"@type":"Person","@id":"https:\/\/stefan-taege.de\/kasia\/#\/schema\/person\/873b01562fbd03e9caa51512b2cb800f","name":"Kasia","image":{"@type":"ImageObject","inLanguage":"de","@id":"https:\/\/stefan-taege.de\/kasia\/#\/schema\/person\/image\/","url":"https:\/\/secure.gravatar.com\/avatar\/b89791b780bc4ea83cc74789dc368178?s=96&d=mm&r=pg","contentUrl":"https:\/\/secure.gravatar.com\/avatar\/b89791b780bc4ea83cc74789dc368178?s=96&d=mm&r=pg","caption":"Kasia"},"description":"Hi, ich bin Kasia, die Stimme von \"windrose.rocks\" :-) Treibt Dich die Frage um, was sich denn alles jenseits der heimischen Couch verbirgt, bist Du rastlos und neugierig wie ich und sp\u00fcrst den Drang in Dir, in die Welt hinaus zu gehen? Dann tue es! Ich nehme Dich mit auf meine Reisen und lasse Dich hautnah das Unterwegs sein miterleben - in all seinen Facetten. Lass Dich inspirieren, komm mit mir und warte nicht l\u00e4nger, denn... die Welt ist so gro\u00df und wir sind so klein, und es gibt noch so viel zu sehen! Die Welt wartet auf uns.","sameAs":["https:\/\/stefan-taege.de\/kasia\/"],"url":"https:\/\/stefan-taege.de\/kasia\/author\/kasia\/"}]}},"jetpack_sharing_enabled":true,"jetpack_featured_media_url":"https:\/\/i0.wp.com\/stefan-taege.de\/kasia\/wp-content\/uploads\/2020\/01\/20191223_141243-e1587242345381.jpg?fit=2046%2C995&ssl=1","jetpack_shortlink":"https:\/\/wp.me\/p7Ku1E-6eN","_links":{"self":[{"href":"https:\/\/stefan-taege.de\/kasia\/wp-json\/wp\/v2\/posts\/23981"}],"collection":[{"href":"https:\/\/stefan-taege.de\/kasia\/wp-json\/wp\/v2\/posts"}],"about":[{"href":"https:\/\/stefan-taege.de\/kasia\/wp-json\/wp\/v2\/types\/post"}],"author":[{"embeddable":true,"href":"https:\/\/stefan-taege.de\/kasia\/wp-json\/wp\/v2\/users\/1"}],"replies":[{"embeddable":true,"href":"https:\/\/stefan-taege.de\/kasia\/wp-json\/wp\/v2\/comments?post=23981"}],"version-history":[{"count":10,"href":"https:\/\/stefan-taege.de\/kasia\/wp-json\/wp\/v2\/posts\/23981\/revisions"}],"predecessor-version":[{"id":47758,"href":"https:\/\/stefan-taege.de\/kasia\/wp-json\/wp\/v2\/posts\/23981\/revisions\/47758"}],"wp:featuredmedia":[{"embeddable":true,"href":"https:\/\/stefan-taege.de\/kasia\/wp-json\/wp\/v2\/media\/24627"}],"wp:attachment":[{"href":"https:\/\/stefan-taege.de\/kasia\/wp-json\/wp\/v2\/media?parent=23981"}],"wp:term":[{"taxonomy":"category","embeddable":true,"href":"https:\/\/stefan-taege.de\/kasia\/wp-json\/wp\/v2\/categories?post=23981"},{"taxonomy":"post_tag","embeddable":true,"href":"https:\/\/stefan-taege.de\/kasia\/wp-json\/wp\/v2\/tags?post=23981"}],"curies":[{"name":"wp","href":"https:\/\/api.w.org\/{rel}","templated":true}]}}