{"id":23874,"date":"2020-03-07T05:00:07","date_gmt":"2020-03-07T04:00:07","guid":{"rendered":"http:\/\/stefan-taege.de\/kasia\/?p=23874"},"modified":"2020-07-09T23:56:30","modified_gmt":"2020-07-09T21:56:30","slug":"irreational-wenn-das-unmoegliche-wirklichkeit-wird","status":"publish","type":"post","link":"https:\/\/stefan-taege.de\/kasia\/2020\/03\/07\/irreational-wenn-das-unmoegliche-wirklichkeit-wird\/","title":{"rendered":"Irr(e)ational \u2013 wenn das Unm\u00f6gliche Wirklichkeit wird"},"content":{"rendered":"<p>Manchmal gibt es Momente, da bleibt die Zeit kurz stehen.<\/p>\n<p>Es passiert, w\u00e4hrend ich Radio h\u00f6re. Ich h\u00f6re viel Radio, denn irgendwie wollen die vielen Stunden im Auto ja \u00fcberbr\u00fcckt werden. Und meistens beherrschen nur wenige Themen die Nachrichtenwelt.<!--more--><\/p>\n<p>So wie jetzt.<\/p>\n<p>Aktuell ist es nat\u00fcrlich Corona, das die Gem\u00fcter erregt \u2013 und die \u201eLage in Idlib\u201c beziehungsweisen an der T\u00fcrkisch- Griechischen Grenze.<\/p>\n<p>Zur Erkl\u00e4rung: nach der Fl\u00fcchtlingskriese 2015, als Merkel sagte; kommt alle her, wir schaffen das, konnte man ein allgemeines Erstarken der rechtspopulistischen Kr\u00e4fte beobachten. Und das nicht nur in Deutschland, nein, in ganz Europa \u2013 sogar noch dar\u00fcber hinaus. Es ist ja nicht so, als wenn wir es \u201enicht geschafft h\u00e4tten\u201c oder \u201enicht geschafft haben\u201c. Doch f\u00fcr einige Menschen war der Zustrom an Migranten anscheinend einer grauen, gesichtslosen Masse gleich, die bedrohlich Deutschland \u00fcberrollt. Rational? Mitnichten. Doch es ist nicht immer rational, was in der Menschen K\u00f6pfen vor sich geht.<\/p>\n<p>Dabei wurde ein Gro\u00dfteil der Fl\u00fcchtlinge von der T\u00fcrkei aufgenommen. Nach einem Pakt mit der EU, bei dem viel Geld geflossen ist, k\u00fcmmerte sich die T\u00fcrkei um die Menschenstr\u00f6me, die aus dem bombardierten Syrien kamen. Den Rest der Migranten, die sich in Schlauchboote setzten, um damit auf lebensgef\u00e4hrlichem Wege \u00fcber das Mittelmeer r\u00fcber zu schippern, federten die K\u00fcstenstaaten wie Griechenland ab. Br\u00fcssel war das recht \u2013 als Erstankunftsland hatte Griechenland die denkbar schlechteste Karte gezogen, denn eine Weitergabe der Menschen oder gar eine Verteilung an alle EU-Partner war nur m\u00f6glich, wenn die EU-Partner das auch wollten.<\/p>\n<p>Und hier gab es unterschiedliche Reaktionen.<\/p>\n<p>W\u00e4hrend es in Deutschland geteilte Meinungen gab und aus der inneren Zerrissenheit und einer urspr\u00fcnglich EU-kritischen Partei die AfD entstand, sperrten sich L\u00e4nder wie Polen, Ungarn und Tschechien von vorneherein gegen eine solche Ma\u00dfnahme. Von einer partnerschaftlichen Reaktion der Partner konnte kaum die Rede sein, also war Erdogan alles, was blieb. Erdogan versprach, einen gro\u00dfen Teil des Fl\u00fcchtlingsstroms aus Syrien bei sich aufzunehmen, w\u00e4hrend die EU beruhigt aufatmen und ihre Wunden lecken konnte.<\/p>\n<p>Doch jetzt, f\u00fcnf Jahre sp\u00e4ter, gilt diese Vereinbarung nicht mehr. Nachdem es eine Zeitlang ruhig in Syrien war, zog sich Ende letzten Jahres die USA aus den Gebieten zur\u00fcck, was f\u00fcr die T\u00fcrkei einem Startschuss gleich war. T\u00fcrkische Truppen r\u00fcckten vor in Richtung Grenze, zun\u00e4chst mal, so die offizielle Aussage, um die Kurden in dem Gebiet zu bek\u00e4mpfen, deren Unabh\u00e4ngigkeitsbestrebungen Erdogan schon l\u00e4nger ein Dorn im Auge waren.<\/p>\n<p>Doch l\u00e4ngst ist aus dem Feldzug gegen die Kurden ein Feldzug gegen Assad geworden, der seinerseits von Russland unterst\u00fctzt wird. Die Angriffe beider Seiten provozieren neue Fl\u00fcchtlingsstr\u00f6me. Und Erdogan, der sich vergebens europ\u00e4ische Hilfe bei seinem Krieg erhofft hat, macht nun seine Drohung wahr und \u00f6ffnet die Grenzen zu Griechenland. Ja, er \u00f6ffnet sie nicht nur \u2013 er setzt, eigenh\u00e4ndig, m\u00f6chte man fast meinen, die Fl\u00fcchtlinge in schicke, klimatisierte Busse und f\u00e4hrt sie bis zu den Grenzposten vor. Doch hier geht es f\u00fcr die Menschen nicht weiter, denn Griechenland macht dicht.<\/p>\n<p>Ist es stolz? Ich wei\u00df es nicht. Ist es der Unwille, sich vom t\u00fcrkischen Pr\u00e4sidenten erpressbar zu machen, das die Griechischen Grenzposten dazu bringt, auf diese Menschen zu schie\u00dfen? Ist es die berechtigte Sorge, von der EU allein gelassen zu werden? Oder vielleicht ist es der allgemeine Verdruss, der aus der bisherigen Situation in Griechenland resultiert. Fl\u00fcchtlingslager auf Lesbos platzten aus allen N\u00e4hten. Griechenland war mit der bisherigen Situation \u00fcberfordert und die griechische Bev\u00f6lkerung hatte genug. Man k\u00f6nne sich nicht um die Menschen k\u00fcmmern, die bereits da sind und auf neuen Zustrom sei man nicht vorbereitet. Wir d\u00fcrfen nicht vergessen, dass Griechenland vor ein paar Jahren noch kurz vor dem Bankrott stand.<\/p>\n<p>So fallen die Reaktionen der Griechen vergleichbar harsch aus. Menschen in Schlauchbooten werden abgedr\u00e4ngt und bedroht. Warnsch\u00fcsse werden abgegeben. Tr\u00e4nengas kommt zum Einsatz. \u201eUns wurde gesagt, dass in Europa ein besseres Leben auf uns wartet.\u201c So ein Fl\u00fcchtling in einer der\u00a0 Nachrichtensendungen. So uneinig sich die EU damals \u00fcber die Verteilung der Fl\u00fcchtlinge war, so einig ist sie sich nun dar\u00fcber, die Grenzen zu schlie\u00dfen. Die L\u00e4nder stehen wie einen Mauer hinter Griechenland, getrieben von einer Angst, die rechten Parteien erstarken zu lassen. Die heimlichen Hoffnungen Erdogans, mit weiteren europ\u00e4ischen Geldern seinen Krieg zu finanzieren, erf\u00fcllen sich nicht.<\/p>\n<p>Es gibt kein Weiterkommen f\u00fcr die Menschen. An der Grenze haben sich kleine Lager gebildet, viele schlafen im Freien. Es ist Winter.<\/p>\n<p>Gerade h\u00f6re ich im Dlf Funk, dass sich Rechte aus allen Ecken Deutschlands und Frankreichs aufgemacht haben und nach Griechenland an die griechisch-t\u00fcrkische Grenze zu reisen. Angeblich wollen sie helfen, die Grenzen zu sch\u00fctzen. Doch meine Vermutung sagt mir, dass sich diese Leute der Hoffnung entgegen sehen, Hass nun ganz ungestraft an Fl\u00fcchtlingen ausleben zu k\u00f6nnen. Es wird ganz schrecklich werden.<\/p>\n<p>So viele schlimme Bilder spielen sich momentan vor unseren Augen ab. Und dass gar nicht so weit entfernt. Die T\u00fcrkei \u2013 nur wenige Flugstunden weit weg. Es ist, als wenn der Raum und die Zeit pl\u00f6tzlich stockt. Ich sehe mich selbst vor der Grenze, im k\u00e4ltesten Winter wartend. Ich sehe Krieg und wie ich versuche, in ein Land hinein zu gelangen, dass mich nicht will, gekommen aus einem Land, das mich auch nicht will. Wie viele ungesehene Szenen spielen sich dort ab? Szenen, die wir uns kaum ausmalen k\u00f6nnen, die wir nicht mitbekommen? Wie schnell kann es passieren, dass alles zusammen bricht?<\/p>\n<p>Stell dir vor, denke ich \u2013 stell dir vor, es ist Krieg. Der Frieden ist so fragil. Stell dir vor, dein Land liegt in Schutt und Asche. Aus der bislang so stolzen Industrienation ist ein r\u00fcckw\u00e4rts gewandtes Land, ein Land der Fl\u00fcchtenden geworden. Stell dir vor, deine Welt bricht zusammen und die Menschen um dich herum zeigen ihre h\u00e4sslichste Seite. Du siehst dich Gewalt gegen\u00fcber, die du dir bislang nicht vorstellen konntest. Jeder ist sich selbst der n\u00e4chste.<\/p>\n<p>Stell dir vor, du hast kein Zuhause. Du hast nichts mehr. Du bist auf die Gunst der Staaten angewiesen, die dich aufnehmen \u2013 oder auch nicht. Und je mehr Menschen aus deinem Land fl\u00fcchten, umso mehr siehst du dich dem Unmut, dem Unwillen der \u00f6rtlichen Bev\u00f6lkerung gegen\u00fcber. Du wirst angefeindet. Angegriffen. Beleidigt. Du kannst nicht zur\u00fcck, doch hier will man dich auch nicht haben.<\/p>\n<p>Was w\u00fcrdest du tun? Wohin w\u00fcrdest du gehen?<\/p>\n<p>Unser ganzer Stolz, unsere Haltung, unsere Souver\u00e4nit\u00e4t \u2013 das alles ergibt sich nur aus dem Frieden, in dem wir leben. Aus dem Wohlstand, der uns bef\u00e4higt, alles zu tun, alles zu werden, was wir wollen. Wir d\u00fcrfen sagen, unsere Politiker sind schei\u00dfe, ohne dass uns jemand daf\u00fcr einsperrt. Wir d\u00fcrfen uns kritisch \u00e4u\u00dfern. Protestieren. Auf die Stra\u00dfe gehen. Wir d\u00fcrfen satirisch sein. Wir d\u00fcrfen f\u00fcr alles und gegen alles sein. Diese Freiheiten haben wir. Der Frieden ist etwas Selbstverst\u00e4ndliches, etwas, womit wir geboren sind, das wir nicht anders kennen. Der Frieden definiert unser Sein.<\/p>\n<p>Doch so lange ist es gar nicht her, da unser Land in Schutt und Asche lag. Die Gewalt ist allgegenw\u00e4rtig, sie schlummert nur. Und hier und da bricht sie wieder aus.<\/p>\n<p>Das Massaker von Srebrenica in Serbien war erst in den neunziger Jahren. 1995, da kam ich gerade als zw\u00f6lfj\u00e4hriges M\u00e4dchen nach Deutschland, w\u00e4hrend am Balkan Gr\u00e4ueltaten geschahen.<\/p>\n<p>Der Bosnienkrieg, der 1992-1995 gedauert hat und den wir noch in Polen in den Nachrichten verfolgten.<\/p>\n<p>Der V\u00f6lkermord von Ruanda, der in einem Zeitraum von April bis Juli 1994 rund achttausend Menschen das Leben gekostet hat. Und das sind nur Sch\u00e4tzungen. Die Menschen sind schreckliche Tiere.<\/p>\n<p>Alles nicht so lange her. Ganz in unserer N\u00e4he. Von den weiteren Konflikten weltweit will ich jetzt absehen, die teilweise bis heute andauern oder sogar jetzt, in der j\u00fcngsten Zeit, ausgebrochen sind.<\/p>\n<p>Wie kommen wir also dazu, den Frieden als etwas selbstverst\u00e4ndliches zu nehmen? Auf die Menschen dort an der Grenze mit Verachtung und Abneigung zu blicken? Ja, wenn Krieg ist, zeigen die Menschen ihr Gesicht. Auch wir. Auch wir zeigen unser Gesicht. Es sind nicht nur die T\u00e4ter, auch die, die wegschauen, sich in Gleichg\u00fcltigkeit \u00fcben oder die fl\u00fcchtenden gar f\u00fcr ihre politischen Zwecke zu benutzen versuchen. In der unserer scheinbaren Sicherheit. Unseres Friedens.<\/p>\n<p>Doch wer sagt, dass alles so bleiben muss? Wer sagt, dass es auch morgen und \u00fcbermorgen den gewohnten Gang zum B\u00e4cker am Morgen und Aldi am Nachmittag gibt? Dass unser, von manchem ja ach so verhasster Alltag, dass er so bleibt? Das, was wir erleben, ist nur ein Schein. Der Frieden ist einzig die Frucht gegenseitiger weltweiter Abh\u00e4ngigkeiten und geschickter Verhandlungen. Es geht immer um Interessen. Werden wir diese Interessen auch weiterhin bedienen k\u00f6nnen?<\/p>\n<p>So vieles hat sich ge\u00e4ndert und \u00e4ndert sich weiterhin, just in diesem Moment wandelt sich die Welt. Was Trump nicht gelungen ist, n\u00e4mlich Chinas Wirtschaft in die Knie zu zwingen, wird vermutlich ein kleines Virus schaffen, ein d\u00e4mliches St\u00fcck DNA, das nicht einmal \u00fcber einen Stoffwechsel verf\u00fcgt und als \u201elebens\u00e4hnlich\u201c bezeichnet wird.<\/p>\n<p>Was Greta Thunberg nach wochenlangen Protesten nicht schaffte, wird wohl auch das Virus besorgen. Flieger bleiben auf dem Boden, die internationalen Lieferketten brechen zusammen und es wird bereits jetzt \u00fcber eine Deglobalisierung diskutiert. Weg von weltweiten Abh\u00e4ngigkeiten, hin zu nationaler Selbstversorgung. Wir steuern auf eine Rezension zu. Wegen eines Virus. So viel zu unserem Wohlstand, so viel zu unserer Souver\u00e4nit\u00e4t.<\/p>\n<p>Gut, noch ist nicht viel davon zu sp\u00fcren, noch sind es nur die Nachrichten, die uns Angst und Bange werden lassen.<\/p>\n<p>Und entweder wird das Ganze abflachen, wird nur ein zeitbegrenztes Aufflackern gewesen sein, das bald vorbei geht. Und das Leben geht weiter seinen gewohnten Gang.<\/p>\n<p>Oder es wird sich einiges dauerhaft ver\u00e4ndern, unsere Welt wird sich ver\u00e4ndern. Die Welt wandelt sich und wir sind live dabei. Ein kleines Virus bringt die gesamte Weltwirtschaft auf Trab. So viel zum Thema unm\u00f6glich.<\/p>\n<p>Mal ehrlich, h\u00e4ttet ihr das gedacht?<\/p>\n<div class=\"shariff shariff-align-left shariff-widget-align-left\" data-services=\"facebook%7Cpinterest%7Ctumblr\" data-url=\"https:\/\/stefan-taege.de\/kasia\/2020\/03\/07\/irreational-wenn-das-unmoegliche-wirklichkeit-wird\/\" data-timestamp=\"1594338990\" data-backendurl=\"https:\/\/stefan-taege.de\/kasia\/wp-json\/shariff\/v1\/share_counts?\"><ul class=\"shariff-buttons theme-round orientation-horizontal buttonsize-medium\"><li class=\"shariff-button twitter shariff-nocustomcolor\" style=\"background-color:#595959\"><a href=\"https:\/\/twitter.com\/share?url=https%3A%2F%2Fstefan-taege.de%2Fkasia%2F2020%2F03%2F07%2Firreational-wenn-das-unmoegliche-wirklichkeit-wird%2F&text=Irr%28e%29ational%20%E2%80%93%20wenn%20das%20Unm%C3%B6gliche%20Wirklichkeit%20wird\" title=\"Bei X teilen\" aria-label=\"Bei X teilen\" role=\"button\" rel=\"noopener nofollow\" class=\"shariff-link\" style=\"; background-color:#000; color:#fff\" target=\"_blank\"><span class=\"shariff-icon\" style=\"\"><svg width=\"32px\" height=\"20px\" xmlns=\"http:\/\/www.w3.org\/2000\/svg\" viewBox=\"0 0 24 24\"><path fill=\"#000\" d=\"M14.258 10.152L23.176 0h-2.113l-7.747 8.813L7.133 0H0l9.352 13.328L0 23.973h2.113l8.176-9.309 6.531 9.309h7.133zm-2.895 3.293l-.949-1.328L2.875 1.56h3.246l6.086 8.523.945 1.328 7.91 11.078h-3.246zm0 0\"\/><\/svg><\/span><\/a><\/li><li class=\"shariff-button facebook shariff-nocustomcolor\" style=\"background-color:#4273c8\"><a href=\"https:\/\/www.facebook.com\/sharer\/sharer.php?u=https%3A%2F%2Fstefan-taege.de%2Fkasia%2F2020%2F03%2F07%2Firreational-wenn-das-unmoegliche-wirklichkeit-wird%2F\" title=\"Bei Facebook teilen\" aria-label=\"Bei Facebook teilen\" role=\"button\" rel=\"nofollow\" class=\"shariff-link\" style=\"; background-color:#3b5998; color:#fff\" target=\"_blank\"><span class=\"shariff-icon\" style=\"\"><svg width=\"32px\" height=\"20px\" xmlns=\"http:\/\/www.w3.org\/2000\/svg\" viewBox=\"0 0 18 32\"><path fill=\"#3b5998\" d=\"M17.1 0.2v4.7h-2.8q-1.5 0-2.1 0.6t-0.5 1.9v3.4h5.2l-0.7 5.3h-4.5v13.6h-5.5v-13.6h-4.5v-5.3h4.5v-3.9q0-3.3 1.9-5.2t5-1.8q2.6 0 4.1 0.2z\"\/><\/svg><\/span><span data-service=\"facebook\" style=\"color:#3b5998\" class=\"shariff-count shariff-hidezero\"><\/span>&nbsp;<\/a><\/li><li class=\"shariff-button pinterest shariff-nocustomcolor\" style=\"background-color:#e70f18\"><a href=\"https:\/\/www.pinterest.com\/pin\/create\/link\/?url=https%3A%2F%2Fstefan-taege.de%2Fkasia%2F2020%2F03%2F07%2Firreational-wenn-das-unmoegliche-wirklichkeit-wird%2F&media=https%3A%2F%2Fstefan-taege.de%2Fkasia%2Fwp-content%2Fuploads%2F2020%2F03%2F20200306_145704-3-e1587240923297.jpg&description=Irr%28e%29ational%20%E2%80%93%20wenn%20das%20Unm%C3%B6gliche%20Wirklichkeit%20wird\" title=\"Bei Pinterest pinnen\" aria-label=\"Bei Pinterest pinnen\" role=\"button\" rel=\"noopener nofollow\" class=\"shariff-link\" style=\"; background-color:#cb2027; color:#fff\" target=\"_blank\"><span class=\"shariff-icon\" style=\"\"><svg width=\"32px\" height=\"20px\" xmlns=\"http:\/\/www.w3.org\/2000\/svg\" viewBox=\"0 0 27 32\"><path fill=\"#cb2027\" d=\"M27.4 16q0 3.7-1.8 6.9t-5 5-6.9 1.9q-2 0-3.9-0.6 1.1-1.7 1.4-2.9 0.2-0.6 1-3.8 0.4 0.7 1.3 1.2t2 0.5q2.1 0 3.8-1.2t2.7-3.4 0.9-4.8q0-2-1.1-3.8t-3.1-2.9-4.5-1.2q-1.9 0-3.5 0.5t-2.8 1.4-2 2-1.2 2.3-0.4 2.4q0 1.9 0.7 3.3t2.1 2q0.5 0.2 0.7-0.4 0-0.1 0.1-0.5t0.2-0.5q0.1-0.4-0.2-0.8-0.9-1.1-0.9-2.7 0-2.7 1.9-4.6t4.9-2q2.7 0 4.2 1.5t1.5 3.8q0 3-1.2 5.2t-3.1 2.1q-1.1 0-1.7-0.8t-0.4-1.9q0.1-0.6 0.5-1.7t0.5-1.8 0.2-1.4q0-0.9-0.5-1.5t-1.4-0.6q-1.1 0-1.9 1t-0.8 2.6q0 1.3 0.4 2.2l-1.8 7.5q-0.3 1.2-0.2 3.2-3.7-1.6-6-5t-2.3-7.6q0-3.7 1.9-6.9t5-5 6.9-1.9 6.9 1.9 5 5 1.8 6.9z\"\/><\/svg><\/span><span data-service=\"pinterest\" style=\"color:#cb2027\" class=\"shariff-count\"> 1<\/span>&nbsp;<\/a><\/li><li class=\"shariff-button tumblr shariff-nocustomcolor\" style=\"background-color:#529ecc\"><a href=\"https:\/\/www.tumblr.com\/widgets\/share\/tool?posttype=link&canonicalUrl=https%3A%2F%2Fstefan-taege.de%2Fkasia%2F2020%2F03%2F07%2Firreational-wenn-das-unmoegliche-wirklichkeit-wird%2F&tags=stefan-taege.de\" title=\"Bei tumblr teilen\" aria-label=\"Bei tumblr teilen\" role=\"button\" rel=\"noopener nofollow\" class=\"shariff-link\" style=\"; background-color:#36465d; color:#fff\" target=\"_blank\"><span class=\"shariff-icon\" style=\"\"><svg width=\"32px\" height=\"20px\" xmlns=\"http:\/\/www.w3.org\/2000\/svg\" viewBox=\"0 0 32 32\"><path fill=\"#36465d\" d=\"M18 14l0 7.3c0 1.9 0 2.9 0.2 3.5 0.2 0.5 0.7 1.1 1.2 1.4 0.7 0.4 1.5 0.6 2.4 0.6 1.6 0 2.6-0.2 4.2-1.3v4.8c-1.4 0.6-2.6 1-3.7 1.3-1.1 0.3-2.3 0.4-3.6 0.4-1.5 0-2.3-0.2-3.4-0.6-1.1-0.4-2.1-0.9-2.9-1.6-0.8-0.7-1.3-1.4-1.7-2.2s-0.5-1.9-0.5-3.4v-11.2h-4.3v-4.5c1.3-0.4 2.7-1 3.6-1.8 0.9-0.8 1.6-1.7 2.2-2.7 0.5-1.1 0.9-2.4 1.1-4.1h5.2l0 8h8v6h-8z\"\/><\/svg><\/span><span data-service=\"tumblr\" style=\"color:#36465d\" class=\"shariff-count\"> 0<\/span>&nbsp;<\/a><\/li><li class=\"shariff-button xing shariff-nocustomcolor\" style=\"background-color:#29888a\"><a href=\"https:\/\/www.xing.com\/spi\/shares\/new?url=https%3A%2F%2Fstefan-taege.de%2Fkasia%2F2020%2F03%2F07%2Firreational-wenn-das-unmoegliche-wirklichkeit-wird%2F\" title=\"Bei XING teilen\" aria-label=\"Bei XING teilen\" role=\"button\" rel=\"noopener nofollow\" class=\"shariff-link\" style=\"; background-color:#126567; color:#fff\" target=\"_blank\"><span class=\"shariff-icon\" style=\"\"><svg width=\"32px\" height=\"20px\" xmlns=\"http:\/\/www.w3.org\/2000\/svg\" viewBox=\"0 0 25 32\"><path fill=\"#126567\" d=\"M10.7 11.9q-0.2 0.3-4.6 8.2-0.5 0.8-1.2 0.8h-4.3q-0.4 0-0.5-0.3t0-0.6l4.5-8q0 0 0 0l-2.9-5q-0.2-0.4 0-0.7 0.2-0.3 0.5-0.3h4.3q0.7 0 1.2 0.8zM25.1 0.4q0.2 0.3 0 0.7l-9.4 16.7 6 11q0.2 0.4 0 0.6-0.2 0.3-0.6 0.3h-4.3q-0.7 0-1.2-0.8l-6-11.1q0.3-0.6 9.5-16.8 0.4-0.8 1.2-0.8h4.3q0.4 0 0.5 0.3z\"\/><\/svg><\/span><\/a><\/li><li class=\"shariff-button rss shariff-nocustomcolor\" style=\"background-color:#ff8c00\"><a href=\"https:\/\/stefan-taege.de\/kasia\/feed\/rss\/\" title=\"RSS-feed\" aria-label=\"RSS-feed\" role=\"button\" class=\"shariff-link\" style=\"; background-color:#fe9312; color:#fff\" target=\"_blank\"><span class=\"shariff-icon\" style=\"\"><svg width=\"32px\" height=\"20px\" xmlns=\"http:\/\/www.w3.org\/2000\/svg\" viewBox=\"0 0 32 32\"><path fill=\"#fe9312\" d=\"M4.3 23.5c-2.3 0-4.3 1.9-4.3 4.3 0 2.3 1.9 4.2 4.3 4.2 2.4 0 4.3-1.9 4.3-4.2 0-2.3-1.9-4.3-4.3-4.3zM0 10.9v6.1c4 0 7.7 1.6 10.6 4.4 2.8 2.8 4.4 6.6 4.4 10.6h6.2c0-11.7-9.5-21.1-21.1-21.1zM0 0v6.1c14.2 0 25.8 11.6 25.8 25.9h6.2c0-17.6-14.4-32-32-32z\"\/><\/svg><\/span><\/a><\/li><li class=\"shariff-button linkedin shariff-nocustomcolor\" style=\"background-color:#1488bf\"><a href=\"https:\/\/www.linkedin.com\/sharing\/share-offsite\/?url=https%3A%2F%2Fstefan-taege.de%2Fkasia%2F2020%2F03%2F07%2Firreational-wenn-das-unmoegliche-wirklichkeit-wird%2F\" title=\"Bei LinkedIn teilen\" aria-label=\"Bei LinkedIn teilen\" role=\"button\" rel=\"noopener nofollow\" class=\"shariff-link\" style=\"; background-color:#0077b5; color:#fff\" target=\"_blank\"><span class=\"shariff-icon\" style=\"\"><svg width=\"32px\" height=\"20px\" xmlns=\"http:\/\/www.w3.org\/2000\/svg\" viewBox=\"0 0 27 32\"><path fill=\"#0077b5\" d=\"M6.2 11.2v17.7h-5.9v-17.7h5.9zM6.6 5.7q0 1.3-0.9 2.2t-2.4 0.9h0q-1.5 0-2.4-0.9t-0.9-2.2 0.9-2.2 2.4-0.9 2.4 0.9 0.9 2.2zM27.4 18.7v10.1h-5.9v-9.5q0-1.9-0.7-2.9t-2.3-1.1q-1.1 0-1.9 0.6t-1.2 1.5q-0.2 0.5-0.2 1.4v9.9h-5.9q0-7.1 0-11.6t0-5.3l0-0.9h5.9v2.6h0q0.4-0.6 0.7-1t1-0.9 1.6-0.8 2-0.3q3 0 4.9 2t1.9 6z\"\/><\/svg><\/span><\/a><\/li><\/ul><\/div>","protected":false},"excerpt":{"rendered":"<p>Manchmal gibt es Momente, da bleibt die Zeit kurz stehen. Es passiert, w\u00e4hrend ich Radio h\u00f6re. Ich h\u00f6re viel Radio, &hellip; <\/p>\n","protected":false},"author":1,"featured_media":23875,"comment_status":"open","ping_status":"open","sticky":false,"template":"","format":"standard","meta":{"jetpack_post_was_ever_published":false,"_jetpack_newsletter_access":"","_jetpack_dont_email_post_to_subs":false,"_jetpack_newsletter_tier_id":0,"_jetpack_memberships_contains_paywalled_content":false,"footnotes":"","_jetpack_memberships_contains_paid_content":false},"categories":[1],"tags":[2364,2378,2365,2376,2184,2377,819],"yoast_head":"<!-- This site is optimized with the Yoast SEO plugin v23.5 - https:\/\/yoast.com\/wordpress\/plugins\/seo\/ -->\n<title>Irr(e)ational \u2013 wenn das Unm\u00f6gliche Wirklichkeit wird - windrose.rocks<\/title>\n<meta name=\"robots\" content=\"index, follow, max-snippet:-1, max-image-preview:large, max-video-preview:-1\" \/>\n<link rel=\"canonical\" href=\"https:\/\/stefan-taege.de\/kasia\/2020\/03\/07\/irreational-wenn-das-unmoegliche-wirklichkeit-wird\/\" \/>\n<meta name=\"twitter:label1\" content=\"Verfasst von\" \/>\n\t<meta name=\"twitter:data1\" content=\"Kasia\" \/>\n\t<meta name=\"twitter:label2\" content=\"Gesch\u00e4tzte Lesezeit\" \/>\n\t<meta name=\"twitter:data2\" content=\"9\u00a0Minuten\" \/>\n<script type=\"application\/ld+json\" class=\"yoast-schema-graph\">{\"@context\":\"https:\/\/schema.org\",\"@graph\":[{\"@type\":\"WebPage\",\"@id\":\"https:\/\/stefan-taege.de\/kasia\/2020\/03\/07\/irreational-wenn-das-unmoegliche-wirklichkeit-wird\/\",\"url\":\"https:\/\/stefan-taege.de\/kasia\/2020\/03\/07\/irreational-wenn-das-unmoegliche-wirklichkeit-wird\/\",\"name\":\"Irr(e)ational \u2013 wenn das Unm\u00f6gliche Wirklichkeit wird - windrose.rocks\",\"isPartOf\":{\"@id\":\"https:\/\/stefan-taege.de\/kasia\/#website\"},\"primaryImageOfPage\":{\"@id\":\"https:\/\/stefan-taege.de\/kasia\/2020\/03\/07\/irreational-wenn-das-unmoegliche-wirklichkeit-wird\/#primaryimage\"},\"image\":{\"@id\":\"https:\/\/stefan-taege.de\/kasia\/2020\/03\/07\/irreational-wenn-das-unmoegliche-wirklichkeit-wird\/#primaryimage\"},\"thumbnailUrl\":\"https:\/\/i0.wp.com\/stefan-taege.de\/kasia\/wp-content\/uploads\/2020\/03\/20200306_145704-3-e1587240923297.jpg?fit=2048%2C1152&ssl=1\",\"datePublished\":\"2020-03-07T04:00:07+00:00\",\"dateModified\":\"2020-07-09T21:56:30+00:00\",\"author\":{\"@id\":\"https:\/\/stefan-taege.de\/kasia\/#\/schema\/person\/873b01562fbd03e9caa51512b2cb800f\"},\"breadcrumb\":{\"@id\":\"https:\/\/stefan-taege.de\/kasia\/2020\/03\/07\/irreational-wenn-das-unmoegliche-wirklichkeit-wird\/#breadcrumb\"},\"inLanguage\":\"de\",\"potentialAction\":[{\"@type\":\"ReadAction\",\"target\":[\"https:\/\/stefan-taege.de\/kasia\/2020\/03\/07\/irreational-wenn-das-unmoegliche-wirklichkeit-wird\/\"]}]},{\"@type\":\"ImageObject\",\"inLanguage\":\"de\",\"@id\":\"https:\/\/stefan-taege.de\/kasia\/2020\/03\/07\/irreational-wenn-das-unmoegliche-wirklichkeit-wird\/#primaryimage\",\"url\":\"https:\/\/i0.wp.com\/stefan-taege.de\/kasia\/wp-content\/uploads\/2020\/03\/20200306_145704-3-e1587240923297.jpg?fit=2048%2C1152&ssl=1\",\"contentUrl\":\"https:\/\/i0.wp.com\/stefan-taege.de\/kasia\/wp-content\/uploads\/2020\/03\/20200306_145704-3-e1587240923297.jpg?fit=2048%2C1152&ssl=1\",\"width\":2048,\"height\":1152},{\"@type\":\"BreadcrumbList\",\"@id\":\"https:\/\/stefan-taege.de\/kasia\/2020\/03\/07\/irreational-wenn-das-unmoegliche-wirklichkeit-wird\/#breadcrumb\",\"itemListElement\":[{\"@type\":\"ListItem\",\"position\":1,\"name\":\"Startseite\",\"item\":\"https:\/\/stefan-taege.de\/kasia\/\"},{\"@type\":\"ListItem\",\"position\":2,\"name\":\"Irr(e)ational \u2013 wenn das Unm\u00f6gliche Wirklichkeit wird\"}]},{\"@type\":\"WebSite\",\"@id\":\"https:\/\/stefan-taege.de\/kasia\/#website\",\"url\":\"https:\/\/stefan-taege.de\/kasia\/\",\"name\":\"windrose.rocks\",\"description\":\"Erz\u00e4hlungen einer Reisenden\",\"potentialAction\":[{\"@type\":\"SearchAction\",\"target\":{\"@type\":\"EntryPoint\",\"urlTemplate\":\"https:\/\/stefan-taege.de\/kasia\/?s={search_term_string}\"},\"query-input\":{\"@type\":\"PropertyValueSpecification\",\"valueRequired\":true,\"valueName\":\"search_term_string\"}}],\"inLanguage\":\"de\"},{\"@type\":\"Person\",\"@id\":\"https:\/\/stefan-taege.de\/kasia\/#\/schema\/person\/873b01562fbd03e9caa51512b2cb800f\",\"name\":\"Kasia\",\"image\":{\"@type\":\"ImageObject\",\"inLanguage\":\"de\",\"@id\":\"https:\/\/stefan-taege.de\/kasia\/#\/schema\/person\/image\/\",\"url\":\"https:\/\/secure.gravatar.com\/avatar\/b89791b780bc4ea83cc74789dc368178?s=96&d=mm&r=pg\",\"contentUrl\":\"https:\/\/secure.gravatar.com\/avatar\/b89791b780bc4ea83cc74789dc368178?s=96&d=mm&r=pg\",\"caption\":\"Kasia\"},\"description\":\"Hi, ich bin Kasia, die Stimme von \\\"windrose.rocks\\\" :-) Treibt Dich die Frage um, was sich denn alles jenseits der heimischen Couch verbirgt, bist Du rastlos und neugierig wie ich und sp\u00fcrst den Drang in Dir, in die Welt hinaus zu gehen? Dann tue es! Ich nehme Dich mit auf meine Reisen und lasse Dich hautnah das Unterwegs sein miterleben - in all seinen Facetten. Lass Dich inspirieren, komm mit mir und warte nicht l\u00e4nger, denn... die Welt ist so gro\u00df und wir sind so klein, und es gibt noch so viel zu sehen! Die Welt wartet auf uns.\",\"sameAs\":[\"https:\/\/stefan-taege.de\/kasia\/\"],\"url\":\"https:\/\/stefan-taege.de\/kasia\/author\/kasia\/\"}]}<\/script>\n<!-- \/ Yoast SEO plugin. -->","yoast_head_json":{"title":"Irr(e)ational \u2013 wenn das Unm\u00f6gliche Wirklichkeit wird - windrose.rocks","robots":{"index":"index","follow":"follow","max-snippet":"max-snippet:-1","max-image-preview":"max-image-preview:large","max-video-preview":"max-video-preview:-1"},"canonical":"https:\/\/stefan-taege.de\/kasia\/2020\/03\/07\/irreational-wenn-das-unmoegliche-wirklichkeit-wird\/","twitter_misc":{"Verfasst von":"Kasia","Gesch\u00e4tzte Lesezeit":"9\u00a0Minuten"},"schema":{"@context":"https:\/\/schema.org","@graph":[{"@type":"WebPage","@id":"https:\/\/stefan-taege.de\/kasia\/2020\/03\/07\/irreational-wenn-das-unmoegliche-wirklichkeit-wird\/","url":"https:\/\/stefan-taege.de\/kasia\/2020\/03\/07\/irreational-wenn-das-unmoegliche-wirklichkeit-wird\/","name":"Irr(e)ational \u2013 wenn das Unm\u00f6gliche Wirklichkeit wird - windrose.rocks","isPartOf":{"@id":"https:\/\/stefan-taege.de\/kasia\/#website"},"primaryImageOfPage":{"@id":"https:\/\/stefan-taege.de\/kasia\/2020\/03\/07\/irreational-wenn-das-unmoegliche-wirklichkeit-wird\/#primaryimage"},"image":{"@id":"https:\/\/stefan-taege.de\/kasia\/2020\/03\/07\/irreational-wenn-das-unmoegliche-wirklichkeit-wird\/#primaryimage"},"thumbnailUrl":"https:\/\/i0.wp.com\/stefan-taege.de\/kasia\/wp-content\/uploads\/2020\/03\/20200306_145704-3-e1587240923297.jpg?fit=2048%2C1152&ssl=1","datePublished":"2020-03-07T04:00:07+00:00","dateModified":"2020-07-09T21:56:30+00:00","author":{"@id":"https:\/\/stefan-taege.de\/kasia\/#\/schema\/person\/873b01562fbd03e9caa51512b2cb800f"},"breadcrumb":{"@id":"https:\/\/stefan-taege.de\/kasia\/2020\/03\/07\/irreational-wenn-das-unmoegliche-wirklichkeit-wird\/#breadcrumb"},"inLanguage":"de","potentialAction":[{"@type":"ReadAction","target":["https:\/\/stefan-taege.de\/kasia\/2020\/03\/07\/irreational-wenn-das-unmoegliche-wirklichkeit-wird\/"]}]},{"@type":"ImageObject","inLanguage":"de","@id":"https:\/\/stefan-taege.de\/kasia\/2020\/03\/07\/irreational-wenn-das-unmoegliche-wirklichkeit-wird\/#primaryimage","url":"https:\/\/i0.wp.com\/stefan-taege.de\/kasia\/wp-content\/uploads\/2020\/03\/20200306_145704-3-e1587240923297.jpg?fit=2048%2C1152&ssl=1","contentUrl":"https:\/\/i0.wp.com\/stefan-taege.de\/kasia\/wp-content\/uploads\/2020\/03\/20200306_145704-3-e1587240923297.jpg?fit=2048%2C1152&ssl=1","width":2048,"height":1152},{"@type":"BreadcrumbList","@id":"https:\/\/stefan-taege.de\/kasia\/2020\/03\/07\/irreational-wenn-das-unmoegliche-wirklichkeit-wird\/#breadcrumb","itemListElement":[{"@type":"ListItem","position":1,"name":"Startseite","item":"https:\/\/stefan-taege.de\/kasia\/"},{"@type":"ListItem","position":2,"name":"Irr(e)ational \u2013 wenn das Unm\u00f6gliche Wirklichkeit wird"}]},{"@type":"WebSite","@id":"https:\/\/stefan-taege.de\/kasia\/#website","url":"https:\/\/stefan-taege.de\/kasia\/","name":"windrose.rocks","description":"Erz\u00e4hlungen einer Reisenden","potentialAction":[{"@type":"SearchAction","target":{"@type":"EntryPoint","urlTemplate":"https:\/\/stefan-taege.de\/kasia\/?s={search_term_string}"},"query-input":{"@type":"PropertyValueSpecification","valueRequired":true,"valueName":"search_term_string"}}],"inLanguage":"de"},{"@type":"Person","@id":"https:\/\/stefan-taege.de\/kasia\/#\/schema\/person\/873b01562fbd03e9caa51512b2cb800f","name":"Kasia","image":{"@type":"ImageObject","inLanguage":"de","@id":"https:\/\/stefan-taege.de\/kasia\/#\/schema\/person\/image\/","url":"https:\/\/secure.gravatar.com\/avatar\/b89791b780bc4ea83cc74789dc368178?s=96&d=mm&r=pg","contentUrl":"https:\/\/secure.gravatar.com\/avatar\/b89791b780bc4ea83cc74789dc368178?s=96&d=mm&r=pg","caption":"Kasia"},"description":"Hi, ich bin Kasia, die Stimme von \"windrose.rocks\" :-) Treibt Dich die Frage um, was sich denn alles jenseits der heimischen Couch verbirgt, bist Du rastlos und neugierig wie ich und sp\u00fcrst den Drang in Dir, in die Welt hinaus zu gehen? Dann tue es! Ich nehme Dich mit auf meine Reisen und lasse Dich hautnah das Unterwegs sein miterleben - in all seinen Facetten. Lass Dich inspirieren, komm mit mir und warte nicht l\u00e4nger, denn... die Welt ist so gro\u00df und wir sind so klein, und es gibt noch so viel zu sehen! Die Welt wartet auf uns.","sameAs":["https:\/\/stefan-taege.de\/kasia\/"],"url":"https:\/\/stefan-taege.de\/kasia\/author\/kasia\/"}]}},"jetpack_sharing_enabled":true,"jetpack_featured_media_url":"https:\/\/i0.wp.com\/stefan-taege.de\/kasia\/wp-content\/uploads\/2020\/03\/20200306_145704-3-e1587240923297.jpg?fit=2048%2C1152&ssl=1","jetpack_shortlink":"https:\/\/wp.me\/p7Ku1E-6d4","_links":{"self":[{"href":"https:\/\/stefan-taege.de\/kasia\/wp-json\/wp\/v2\/posts\/23874"}],"collection":[{"href":"https:\/\/stefan-taege.de\/kasia\/wp-json\/wp\/v2\/posts"}],"about":[{"href":"https:\/\/stefan-taege.de\/kasia\/wp-json\/wp\/v2\/types\/post"}],"author":[{"embeddable":true,"href":"https:\/\/stefan-taege.de\/kasia\/wp-json\/wp\/v2\/users\/1"}],"replies":[{"embeddable":true,"href":"https:\/\/stefan-taege.de\/kasia\/wp-json\/wp\/v2\/comments?post=23874"}],"version-history":[{"count":3,"href":"https:\/\/stefan-taege.de\/kasia\/wp-json\/wp\/v2\/posts\/23874\/revisions"}],"predecessor-version":[{"id":28137,"href":"https:\/\/stefan-taege.de\/kasia\/wp-json\/wp\/v2\/posts\/23874\/revisions\/28137"}],"wp:featuredmedia":[{"embeddable":true,"href":"https:\/\/stefan-taege.de\/kasia\/wp-json\/wp\/v2\/media\/23875"}],"wp:attachment":[{"href":"https:\/\/stefan-taege.de\/kasia\/wp-json\/wp\/v2\/media?parent=23874"}],"wp:term":[{"taxonomy":"category","embeddable":true,"href":"https:\/\/stefan-taege.de\/kasia\/wp-json\/wp\/v2\/categories?post=23874"},{"taxonomy":"post_tag","embeddable":true,"href":"https:\/\/stefan-taege.de\/kasia\/wp-json\/wp\/v2\/tags?post=23874"}],"curies":[{"name":"wp","href":"https:\/\/api.w.org\/{rel}","templated":true}]}}