{"id":22558,"date":"2020-03-07T05:00:57","date_gmt":"2020-03-07T04:00:57","guid":{"rendered":"http:\/\/stefan-taege.de\/kasia\/?p=22558"},"modified":"2023-06-29T07:48:16","modified_gmt":"2023-06-29T05:48:16","slug":"burg-fleckenstein-in-elsass","status":"publish","type":"post","link":"https:\/\/stefan-taege.de\/kasia\/2020\/03\/07\/burg-fleckenstein-in-elsass\/","title":{"rendered":"Burg Fleckenstein in Elsass"},"content":{"rendered":"<p>Eben noch sitze ich im verschlafenen Wissembourg hoch oben \u00fcber der Stadt, neben mir ein P\u00e4rchen, das leidenschaftlich knutscht, und nun, kurz danach, jage ich das Auto kurvige Stra\u00dfen hoch. Eigentlich will ich schon nach Hause und die Burg entdecke ich rein zuf\u00e4llig. Wie so vieles&#8230;<\/p>\n<h6><!--more--><\/h6>\n<p><img data-recalc-dims=\"1\" loading=\"lazy\" decoding=\"async\" data-attachment-id=\"22861\" data-permalink=\"https:\/\/stefan-taege.de\/kasia\/2020\/03\/07\/burg-fleckenstein-in-elsass\/20190331_143359\/\" data-orig-file=\"https:\/\/i0.wp.com\/stefan-taege.de\/kasia\/wp-content\/uploads\/2019\/04\/20190331_143359.jpg?fit=1536%2C2048&amp;ssl=1\" data-orig-size=\"1536,2048\" data-comments-opened=\"1\" data-image-title=\"20190331_143359\" data-image-description=\"\" data-image-caption=\"\" data-large-file=\"https:\/\/i0.wp.com\/stefan-taege.de\/kasia\/wp-content\/uploads\/2019\/04\/20190331_143359.jpg?fit=768%2C1024&amp;ssl=1\" class=\"alignnone size-full wp-image-22861\" src=\"https:\/\/i0.wp.com\/stefan-taege.de\/kasia\/wp-content\/uploads\/2019\/04\/20190331_143359.jpg?resize=1020%2C1360&#038;ssl=1\" alt=\"\" width=\"1020\" height=\"1360\" srcset=\"https:\/\/i0.wp.com\/stefan-taege.de\/kasia\/wp-content\/uploads\/2019\/04\/20190331_143359.jpg?w=1536&amp;ssl=1 1536w, https:\/\/i0.wp.com\/stefan-taege.de\/kasia\/wp-content\/uploads\/2019\/04\/20190331_143359.jpg?resize=225%2C300&amp;ssl=1 225w, https:\/\/i0.wp.com\/stefan-taege.de\/kasia\/wp-content\/uploads\/2019\/04\/20190331_143359.jpg?resize=768%2C1024&amp;ssl=1 768w\" sizes=\"auto, (max-width: 1020px) 100vw, 1020px\" \/><\/p>\n<p>Burgen gibt es viele hier in dieser Gegend, doch die interessiert mich. Steil und hoch sieht sie auf ihren Abbildungen aus und ich bin gespannt darauf, sie in echt zu sehen. Ich bin fast alleine auf den kurvigen Stra\u00dfen und wenn sich doch mal ein Fahrzeug hinter mir einfindet, dann h\u00e4lt es respektvoll die zugelassene H\u00f6chstgeschwindigkeit ein &#8211; oder bleibt gar darunter, so dass ich entspannt die Landschaft genie\u00dfen kann.<\/p>\n<p>Zudem auch die deutsch-franz\u00f6sische Region voll ist von spannender Geschichte. So, und hier mal die neunhundertj\u00e4hrige Geschichte der Burg:<\/p>\n<p>An Weinbergen vorbei geht es nach oben. Die Burg Fleckenstein oder, wenn man will, die <em>P\u2019tit Fleck<\/em>, liegt praktisch kurz hinter der Grenze, nur zweihundert Meter davon entfernt.\u00a0So spielte sie eine wichtige Rolle als Festungsanlage zur Sicherung und Verteidigung gegen den deutschen Nachbarn und war ein strategisch wichtiger Punkt; sie lag an der damaligen Verbindungsstra\u00dfe zwischen Hagenau in Elsass und Kaiserslautern. Doch letzten Endes waren es die Franzosen selbst, die sie zu Fall brachten.<\/p>\n<p>Erbaut vermutlich im 12 Jahrhundert wird sie da auch zum ersten Mal erw\u00e4hnt. \u00dcber sechshundert Jahre lang residiert die Familie Fleckenstein in der Burganlage und \u00fcbt gro\u00dfen Einfluss in der Region aus. Die Burg selbst gilt als nicht einzunehmen und wird rasch von einem kleinen St\u00fctzpunkt zu einer gro\u00dffl\u00e4chigen Verteidigungsanlage ausgebaut. Im 17 Jahrhundert wird sie vom Ludwig dem XIV eingenommen und zerst\u00f6rt.<\/p>\n<p><img data-recalc-dims=\"1\" loading=\"lazy\" decoding=\"async\" data-attachment-id=\"22862\" data-permalink=\"https:\/\/stefan-taege.de\/kasia\/2020\/03\/07\/burg-fleckenstein-in-elsass\/20190331_141954\/\" data-orig-file=\"https:\/\/i0.wp.com\/stefan-taege.de\/kasia\/wp-content\/uploads\/2019\/04\/20190331_141954.jpg?fit=2048%2C1536&amp;ssl=1\" data-orig-size=\"2048,1536\" data-comments-opened=\"1\" data-image-title=\"20190331_141954\" data-image-description=\"\" data-image-caption=\"\" data-large-file=\"https:\/\/i0.wp.com\/stefan-taege.de\/kasia\/wp-content\/uploads\/2019\/04\/20190331_141954.jpg?fit=1020%2C765&amp;ssl=1\" class=\"alignnone size-full wp-image-22862\" src=\"https:\/\/i0.wp.com\/stefan-taege.de\/kasia\/wp-content\/uploads\/2019\/04\/20190331_141954.jpg?resize=1020%2C765&#038;ssl=1\" alt=\"\" width=\"1020\" height=\"765\" srcset=\"https:\/\/i0.wp.com\/stefan-taege.de\/kasia\/wp-content\/uploads\/2019\/04\/20190331_141954.jpg?w=2048&amp;ssl=1 2048w, https:\/\/i0.wp.com\/stefan-taege.de\/kasia\/wp-content\/uploads\/2019\/04\/20190331_141954.jpg?resize=300%2C225&amp;ssl=1 300w, https:\/\/i0.wp.com\/stefan-taege.de\/kasia\/wp-content\/uploads\/2019\/04\/20190331_141954.jpg?resize=768%2C576&amp;ssl=1 768w, https:\/\/i0.wp.com\/stefan-taege.de\/kasia\/wp-content\/uploads\/2019\/04\/20190331_141954.jpg?resize=1024%2C768&amp;ssl=1 1024w\" sizes=\"auto, (max-width: 1020px) 100vw, 1020px\" \/><\/p>\n<p>Unterhalb der Burg befindet sich ein langgezogener Parkplatz, der f\u00fcr \u00fcber hundert Autos Platz bietet und wo auch Campingfahrzeuge ihren eigenen Bereich finden. Der Parkplatz ist unbefestigt und besteht mehr aus Schlagl\u00f6chern als aus Parkplatz und ich denke mit Graus daran, wie es wohl ist, sich hier mit seinem Motorrad zu bewegen.<\/p>\n<p>Als ich endlich den Motor abstelle und aussteige, zieht mir ein warmer, mit Pinienduft getr\u00e4nkter Lufthauch um die Nase. Aromatisch riecht der Wald, ein wenig erinnert mich das an die D\u00fcnen in Bergen aan Zee. Die Sonne w\u00e4rmt meinen Kopf; es ist so warm geworden, dass ich nur mit T-shirt den asphaltierten Weg hochlaufe. Der steile Felsen der Burg ist bereits von Weitem sichtbar und als ich die Burganlage erreiche, dringt mittelalterliche Musik an mein Ohr. Ich denke bereits voller Vorfreude an ein Festival; passend dazu die kleinen Kinder, die umher wuseln, doch dann stelle ich fest, dass die Musik aus den Lautsprechern kommt. Die wissen schon, wie man Besucher anlockt&#8230;<\/p>\n<p>Der Eintritt in die Burganlage kostet 4,50 Euro pro Erwachsenen und es gibt verschiedene Veranstaltungen f\u00fcr Kinder wie R\u00e4tselraten, wo sich die Kleinen in die damalige Zeit versetzen und Burgfr\u00e4ulein oder Ritter spielen k\u00f6nnen. Alles str\u00f6mt in die Burg &#8211; ich beschlie\u00dfe, dass es reicht, wenn ich sie mir von au\u00dfen ansehe. Burgen von innen reizen mich nur bedingt; kennst du ein paar, kennst du die meisten &#8211; doch der Bau an sich fasziniert mich. Ich beginne, auf einem kleinen, engen Pfad die beeindruckende Anlage zu umrunden.<\/p>\n<p><img data-recalc-dims=\"1\" loading=\"lazy\" decoding=\"async\" data-attachment-id=\"22863\" data-permalink=\"https:\/\/stefan-taege.de\/kasia\/2020\/03\/07\/burg-fleckenstein-in-elsass\/20190331_143106\/\" data-orig-file=\"https:\/\/i0.wp.com\/stefan-taege.de\/kasia\/wp-content\/uploads\/2019\/04\/20190331_143106.jpg?fit=1536%2C2048&amp;ssl=1\" data-orig-size=\"1536,2048\" data-comments-opened=\"1\" data-image-title=\"20190331_143106\" data-image-description=\"\" data-image-caption=\"\" data-large-file=\"https:\/\/i0.wp.com\/stefan-taege.de\/kasia\/wp-content\/uploads\/2019\/04\/20190331_143106.jpg?fit=768%2C1024&amp;ssl=1\" class=\"alignnone size-full wp-image-22863\" src=\"https:\/\/i0.wp.com\/stefan-taege.de\/kasia\/wp-content\/uploads\/2019\/04\/20190331_143106.jpg?resize=1020%2C1360&#038;ssl=1\" alt=\"\" width=\"1020\" height=\"1360\" srcset=\"https:\/\/i0.wp.com\/stefan-taege.de\/kasia\/wp-content\/uploads\/2019\/04\/20190331_143106.jpg?w=1536&amp;ssl=1 1536w, https:\/\/i0.wp.com\/stefan-taege.de\/kasia\/wp-content\/uploads\/2019\/04\/20190331_143106.jpg?resize=225%2C300&amp;ssl=1 225w, https:\/\/i0.wp.com\/stefan-taege.de\/kasia\/wp-content\/uploads\/2019\/04\/20190331_143106.jpg?resize=768%2C1024&amp;ssl=1 768w\" sizes=\"auto, (max-width: 1020px) 100vw, 1020px\" \/><\/p>\n<p>Einige hoch aufragende Monolithen aus rotem Sandstein finden sich hier in der Gegend und es ist faszinierend, zu sehen, wie die hohen Felsw\u00e4nde in den Bau der Anlage integriert worden sind und mit dieser verschmelzen. Alles geht harmonisch ineinander \u00fcber, die nat\u00fcrlichen Gegebenheiten der Umgebung wurden hier zum Vorteil genutzt und ich suche die Stellen ab, wo nat\u00fcrlicher Sandsteinfelsen aufh\u00f6rt und die Burg anf\u00e4ngt. So unglaublich clever, dass ich es fast schon bereue, nicht rein gegangen zu sein.<\/p>\n<p>Aber das hat auch einen gro\u00dfen Vorteil, denn w\u00e4hrend es alle Besucher in die Burg und auf die Burgmauern zieht, habe ich den Rundweg komplett f\u00fcr mich alleine. Wieder umgibt mich der frische Duft von Piniennadeln, den die Sonne aufsteigen l\u00e4sst und der Wind zu mir r\u00fcber tr\u00e4gt und ich habe alle Zeit der Welt. Ein Vogel ruft in den Wald hinein, ein Troll aus Pappe versucht, in b\u00f6sartiger Absicht die Burgmauer zu erklimmen und ein edler Pappenritter weist mir den Weg. Die Kinder h\u00f6rt man schon, ehe man sie sieht. Ein Echo verteilt ihre Stimmen und ich kann h\u00f6ren, wie sie sich in der Burg dr\u00e4ngen. Aus einer kleinen Schie\u00dfluke ruft mir eines der Kinder zu: &#8222;Bonjour! Bonjour!&#8220;<\/p>\n<p><img data-recalc-dims=\"1\" loading=\"lazy\" decoding=\"async\" data-attachment-id=\"22864\" data-permalink=\"https:\/\/stefan-taege.de\/kasia\/2020\/03\/07\/burg-fleckenstein-in-elsass\/20190331_143616\/\" data-orig-file=\"https:\/\/i0.wp.com\/stefan-taege.de\/kasia\/wp-content\/uploads\/2019\/04\/20190331_143616.jpg?fit=2048%2C1536&amp;ssl=1\" data-orig-size=\"2048,1536\" data-comments-opened=\"1\" data-image-title=\"20190331_143616\" data-image-description=\"\" data-image-caption=\"\" data-large-file=\"https:\/\/i0.wp.com\/stefan-taege.de\/kasia\/wp-content\/uploads\/2019\/04\/20190331_143616.jpg?fit=1020%2C765&amp;ssl=1\" class=\"alignnone size-full wp-image-22864\" src=\"https:\/\/i0.wp.com\/stefan-taege.de\/kasia\/wp-content\/uploads\/2019\/04\/20190331_143616.jpg?resize=1020%2C765&#038;ssl=1\" alt=\"\" width=\"1020\" height=\"765\" srcset=\"https:\/\/i0.wp.com\/stefan-taege.de\/kasia\/wp-content\/uploads\/2019\/04\/20190331_143616.jpg?w=2048&amp;ssl=1 2048w, https:\/\/i0.wp.com\/stefan-taege.de\/kasia\/wp-content\/uploads\/2019\/04\/20190331_143616.jpg?resize=300%2C225&amp;ssl=1 300w, https:\/\/i0.wp.com\/stefan-taege.de\/kasia\/wp-content\/uploads\/2019\/04\/20190331_143616.jpg?resize=768%2C576&amp;ssl=1 768w, https:\/\/i0.wp.com\/stefan-taege.de\/kasia\/wp-content\/uploads\/2019\/04\/20190331_143616.jpg?resize=1024%2C768&amp;ssl=1 1024w\" sizes=\"auto, (max-width: 1020px) 100vw, 1020px\" \/><\/p>\n<p><img data-recalc-dims=\"1\" loading=\"lazy\" decoding=\"async\" data-attachment-id=\"22865\" data-permalink=\"https:\/\/stefan-taege.de\/kasia\/2020\/03\/07\/burg-fleckenstein-in-elsass\/20190331_144710\/\" data-orig-file=\"https:\/\/i0.wp.com\/stefan-taege.de\/kasia\/wp-content\/uploads\/2019\/04\/20190331_144710.jpg?fit=2048%2C1536&amp;ssl=1\" data-orig-size=\"2048,1536\" data-comments-opened=\"1\" data-image-title=\"20190331_144710\" data-image-description=\"\" data-image-caption=\"\" data-large-file=\"https:\/\/i0.wp.com\/stefan-taege.de\/kasia\/wp-content\/uploads\/2019\/04\/20190331_144710.jpg?fit=1020%2C765&amp;ssl=1\" class=\"alignnone size-full wp-image-22865\" src=\"https:\/\/i0.wp.com\/stefan-taege.de\/kasia\/wp-content\/uploads\/2019\/04\/20190331_144710.jpg?resize=1020%2C765&#038;ssl=1\" alt=\"\" width=\"1020\" height=\"765\" srcset=\"https:\/\/i0.wp.com\/stefan-taege.de\/kasia\/wp-content\/uploads\/2019\/04\/20190331_144710.jpg?w=2048&amp;ssl=1 2048w, https:\/\/i0.wp.com\/stefan-taege.de\/kasia\/wp-content\/uploads\/2019\/04\/20190331_144710.jpg?resize=300%2C225&amp;ssl=1 300w, https:\/\/i0.wp.com\/stefan-taege.de\/kasia\/wp-content\/uploads\/2019\/04\/20190331_144710.jpg?resize=768%2C576&amp;ssl=1 768w, https:\/\/i0.wp.com\/stefan-taege.de\/kasia\/wp-content\/uploads\/2019\/04\/20190331_144710.jpg?resize=1024%2C768&amp;ssl=1 1024w\" sizes=\"auto, (max-width: 1020px) 100vw, 1020px\" \/><\/p>\n<p><img data-recalc-dims=\"1\" loading=\"lazy\" decoding=\"async\" data-attachment-id=\"22866\" data-permalink=\"https:\/\/stefan-taege.de\/kasia\/2020\/03\/07\/burg-fleckenstein-in-elsass\/20190331_144919\/\" data-orig-file=\"https:\/\/i0.wp.com\/stefan-taege.de\/kasia\/wp-content\/uploads\/2019\/04\/20190331_144919.jpg?fit=2048%2C1536&amp;ssl=1\" data-orig-size=\"2048,1536\" data-comments-opened=\"1\" data-image-title=\"20190331_144919\" data-image-description=\"\" data-image-caption=\"\" data-large-file=\"https:\/\/i0.wp.com\/stefan-taege.de\/kasia\/wp-content\/uploads\/2019\/04\/20190331_144919.jpg?fit=1020%2C765&amp;ssl=1\" class=\"alignnone size-full wp-image-22866\" src=\"https:\/\/i0.wp.com\/stefan-taege.de\/kasia\/wp-content\/uploads\/2019\/04\/20190331_144919.jpg?resize=1020%2C765&#038;ssl=1\" alt=\"\" width=\"1020\" height=\"765\" srcset=\"https:\/\/i0.wp.com\/stefan-taege.de\/kasia\/wp-content\/uploads\/2019\/04\/20190331_144919.jpg?w=2048&amp;ssl=1 2048w, https:\/\/i0.wp.com\/stefan-taege.de\/kasia\/wp-content\/uploads\/2019\/04\/20190331_144919.jpg?resize=300%2C225&amp;ssl=1 300w, https:\/\/i0.wp.com\/stefan-taege.de\/kasia\/wp-content\/uploads\/2019\/04\/20190331_144919.jpg?resize=768%2C576&amp;ssl=1 768w, https:\/\/i0.wp.com\/stefan-taege.de\/kasia\/wp-content\/uploads\/2019\/04\/20190331_144919.jpg?resize=1024%2C768&amp;ssl=1 1024w\" sizes=\"auto, (max-width: 1020px) 100vw, 1020px\" \/><\/p>\n<p><img data-recalc-dims=\"1\" loading=\"lazy\" decoding=\"async\" data-attachment-id=\"22867\" data-permalink=\"https:\/\/stefan-taege.de\/kasia\/2020\/03\/07\/burg-fleckenstein-in-elsass\/20190331_145826\/\" data-orig-file=\"https:\/\/i0.wp.com\/stefan-taege.de\/kasia\/wp-content\/uploads\/2019\/04\/20190331_145826.jpg?fit=1536%2C2048&amp;ssl=1\" data-orig-size=\"1536,2048\" data-comments-opened=\"1\" data-image-title=\"20190331_145826\" data-image-description=\"\" data-image-caption=\"\" data-large-file=\"https:\/\/i0.wp.com\/stefan-taege.de\/kasia\/wp-content\/uploads\/2019\/04\/20190331_145826.jpg?fit=768%2C1024&amp;ssl=1\" class=\"alignnone size-full wp-image-22867\" src=\"https:\/\/i0.wp.com\/stefan-taege.de\/kasia\/wp-content\/uploads\/2019\/04\/20190331_145826.jpg?resize=1020%2C1360&#038;ssl=1\" alt=\"\" width=\"1020\" height=\"1360\" srcset=\"https:\/\/i0.wp.com\/stefan-taege.de\/kasia\/wp-content\/uploads\/2019\/04\/20190331_145826.jpg?w=1536&amp;ssl=1 1536w, https:\/\/i0.wp.com\/stefan-taege.de\/kasia\/wp-content\/uploads\/2019\/04\/20190331_145826.jpg?resize=225%2C300&amp;ssl=1 225w, https:\/\/i0.wp.com\/stefan-taege.de\/kasia\/wp-content\/uploads\/2019\/04\/20190331_145826.jpg?resize=768%2C1024&amp;ssl=1 768w\" sizes=\"auto, (max-width: 1020px) 100vw, 1020px\" \/><\/p>\n<p>Einige der Monolithen unweit der Burg werden flei\u00dfig von Kletterern erobert. Zun\u00e4chst dachte ich, dass es da einen Weg hinauf gibt f\u00fcr &#8222;Normalsterbliche&#8220;, doch dann beim N\u00e4herkommen sehe ich die Ausr\u00fcstung und die Sicherungsseile. Damit er\u00fcbrigt sich das Dilemma, ob ich da noch hinauf will und ob mir die tolle Aussicht die Anstrengung wert ist.<\/p>\n<p>Der Ausblick von der Burganlage \u00fcber die bewaldeten H\u00fcgel ist zweifelsohne gigantisch, doch die Landschaft ist noch winterlich grau. Die Gegend hier um Elsass herum hat noch so einiges zu bieten und ist nur einen kleinen Sprung von Zuhause entfernt, also beginne ich, wieder im Auto sitzend und holpernd \u00fcber den l\u00f6chrigen Parkplatz fahrend, wieder Pl\u00e4ne zu schmieden&#8230;<\/p>\n<div class=\"shariff shariff-align-left shariff-widget-align-left\" data-services=\"facebook%7Cpinterest%7Ctumblr\" data-url=\"https:\/\/stefan-taege.de\/kasia\/2020\/03\/07\/burg-fleckenstein-in-elsass\/\" data-timestamp=\"1688024896\" data-backendurl=\"https:\/\/stefan-taege.de\/kasia\/wp-json\/shariff\/v1\/share_counts?\"><ul class=\"shariff-buttons theme-round orientation-horizontal buttonsize-medium\"><li class=\"shariff-button twitter shariff-nocustomcolor\" style=\"background-color:#595959\"><a href=\"https:\/\/twitter.com\/share?url=https%3A%2F%2Fstefan-taege.de%2Fkasia%2F2020%2F03%2F07%2Fburg-fleckenstein-in-elsass%2F&text=Burg%20Fleckenstein%20in%20Elsass\" title=\"Bei X teilen\" aria-label=\"Bei X teilen\" role=\"button\" rel=\"noopener nofollow\" class=\"shariff-link\" style=\"; background-color:#000; color:#fff\" target=\"_blank\"><span class=\"shariff-icon\" style=\"\"><svg width=\"32px\" height=\"20px\" xmlns=\"http:\/\/www.w3.org\/2000\/svg\" viewBox=\"0 0 24 24\"><path fill=\"#000\" d=\"M14.258 10.152L23.176 0h-2.113l-7.747 8.813L7.133 0H0l9.352 13.328L0 23.973h2.113l8.176-9.309 6.531 9.309h7.133zm-2.895 3.293l-.949-1.328L2.875 1.56h3.246l6.086 8.523.945 1.328 7.91 11.078h-3.246zm0 0\"\/><\/svg><\/span><\/a><\/li><li class=\"shariff-button facebook shariff-nocustomcolor\" style=\"background-color:#4273c8\"><a href=\"https:\/\/www.facebook.com\/sharer\/sharer.php?u=https%3A%2F%2Fstefan-taege.de%2Fkasia%2F2020%2F03%2F07%2Fburg-fleckenstein-in-elsass%2F\" title=\"Bei Facebook teilen\" aria-label=\"Bei Facebook teilen\" role=\"button\" rel=\"nofollow\" class=\"shariff-link\" style=\"; background-color:#3b5998; color:#fff\" target=\"_blank\"><span class=\"shariff-icon\" style=\"\"><svg width=\"32px\" height=\"20px\" xmlns=\"http:\/\/www.w3.org\/2000\/svg\" viewBox=\"0 0 18 32\"><path fill=\"#3b5998\" d=\"M17.1 0.2v4.7h-2.8q-1.5 0-2.1 0.6t-0.5 1.9v3.4h5.2l-0.7 5.3h-4.5v13.6h-5.5v-13.6h-4.5v-5.3h4.5v-3.9q0-3.3 1.9-5.2t5-1.8q2.6 0 4.1 0.2z\"\/><\/svg><\/span><span data-service=\"facebook\" style=\"color:#3b5998\" class=\"shariff-count shariff-hidezero\"><\/span>&nbsp;<\/a><\/li><li class=\"shariff-button pinterest shariff-nocustomcolor\" style=\"background-color:#e70f18\"><a href=\"https:\/\/www.pinterest.com\/pin\/create\/link\/?url=https%3A%2F%2Fstefan-taege.de%2Fkasia%2F2020%2F03%2F07%2Fburg-fleckenstein-in-elsass%2F&media=https%3A%2F%2Fstefan-taege.de%2Fkasia%2Fwp-content%2Fuploads%2F2019%2F04%2F20190331_143613-e1555165588442.jpg&description=Burg%20Fleckenstein%20in%20Elsass\" title=\"Bei Pinterest pinnen\" aria-label=\"Bei Pinterest pinnen\" role=\"button\" rel=\"noopener nofollow\" class=\"shariff-link\" style=\"; background-color:#cb2027; color:#fff\" target=\"_blank\"><span class=\"shariff-icon\" style=\"\"><svg width=\"32px\" height=\"20px\" xmlns=\"http:\/\/www.w3.org\/2000\/svg\" viewBox=\"0 0 27 32\"><path fill=\"#cb2027\" d=\"M27.4 16q0 3.7-1.8 6.9t-5 5-6.9 1.9q-2 0-3.9-0.6 1.1-1.7 1.4-2.9 0.2-0.6 1-3.8 0.4 0.7 1.3 1.2t2 0.5q2.1 0 3.8-1.2t2.7-3.4 0.9-4.8q0-2-1.1-3.8t-3.1-2.9-4.5-1.2q-1.9 0-3.5 0.5t-2.8 1.4-2 2-1.2 2.3-0.4 2.4q0 1.9 0.7 3.3t2.1 2q0.5 0.2 0.7-0.4 0-0.1 0.1-0.5t0.2-0.5q0.1-0.4-0.2-0.8-0.9-1.1-0.9-2.7 0-2.7 1.9-4.6t4.9-2q2.7 0 4.2 1.5t1.5 3.8q0 3-1.2 5.2t-3.1 2.1q-1.1 0-1.7-0.8t-0.4-1.9q0.1-0.6 0.5-1.7t0.5-1.8 0.2-1.4q0-0.9-0.5-1.5t-1.4-0.6q-1.1 0-1.9 1t-0.8 2.6q0 1.3 0.4 2.2l-1.8 7.5q-0.3 1.2-0.2 3.2-3.7-1.6-6-5t-2.3-7.6q0-3.7 1.9-6.9t5-5 6.9-1.9 6.9 1.9 5 5 1.8 6.9z\"\/><\/svg><\/span><span data-service=\"pinterest\" style=\"color:#cb2027\" class=\"shariff-count\"> 2<\/span>&nbsp;<\/a><\/li><li class=\"shariff-button tumblr shariff-nocustomcolor\" style=\"background-color:#529ecc\"><a href=\"https:\/\/www.tumblr.com\/widgets\/share\/tool?posttype=link&canonicalUrl=https%3A%2F%2Fstefan-taege.de%2Fkasia%2F2020%2F03%2F07%2Fburg-fleckenstein-in-elsass%2F&tags=stefan-taege.de\" title=\"Bei tumblr teilen\" aria-label=\"Bei tumblr teilen\" role=\"button\" rel=\"noopener nofollow\" class=\"shariff-link\" style=\"; background-color:#36465d; color:#fff\" target=\"_blank\"><span class=\"shariff-icon\" style=\"\"><svg width=\"32px\" height=\"20px\" xmlns=\"http:\/\/www.w3.org\/2000\/svg\" viewBox=\"0 0 32 32\"><path fill=\"#36465d\" d=\"M18 14l0 7.3c0 1.9 0 2.9 0.2 3.5 0.2 0.5 0.7 1.1 1.2 1.4 0.7 0.4 1.5 0.6 2.4 0.6 1.6 0 2.6-0.2 4.2-1.3v4.8c-1.4 0.6-2.6 1-3.7 1.3-1.1 0.3-2.3 0.4-3.6 0.4-1.5 0-2.3-0.2-3.4-0.6-1.1-0.4-2.1-0.9-2.9-1.6-0.8-0.7-1.3-1.4-1.7-2.2s-0.5-1.9-0.5-3.4v-11.2h-4.3v-4.5c1.3-0.4 2.7-1 3.6-1.8 0.9-0.8 1.6-1.7 2.2-2.7 0.5-1.1 0.9-2.4 1.1-4.1h5.2l0 8h8v6h-8z\"\/><\/svg><\/span><span data-service=\"tumblr\" style=\"color:#36465d\" class=\"shariff-count\"> 0<\/span>&nbsp;<\/a><\/li><li class=\"shariff-button xing shariff-nocustomcolor\" style=\"background-color:#29888a\"><a href=\"https:\/\/www.xing.com\/spi\/shares\/new?url=https%3A%2F%2Fstefan-taege.de%2Fkasia%2F2020%2F03%2F07%2Fburg-fleckenstein-in-elsass%2F\" title=\"Bei XING teilen\" aria-label=\"Bei XING teilen\" role=\"button\" rel=\"noopener nofollow\" class=\"shariff-link\" style=\"; background-color:#126567; color:#fff\" target=\"_blank\"><span class=\"shariff-icon\" style=\"\"><svg width=\"32px\" height=\"20px\" xmlns=\"http:\/\/www.w3.org\/2000\/svg\" viewBox=\"0 0 25 32\"><path fill=\"#126567\" d=\"M10.7 11.9q-0.2 0.3-4.6 8.2-0.5 0.8-1.2 0.8h-4.3q-0.4 0-0.5-0.3t0-0.6l4.5-8q0 0 0 0l-2.9-5q-0.2-0.4 0-0.7 0.2-0.3 0.5-0.3h4.3q0.7 0 1.2 0.8zM25.1 0.4q0.2 0.3 0 0.7l-9.4 16.7 6 11q0.2 0.4 0 0.6-0.2 0.3-0.6 0.3h-4.3q-0.7 0-1.2-0.8l-6-11.1q0.3-0.6 9.5-16.8 0.4-0.8 1.2-0.8h4.3q0.4 0 0.5 0.3z\"\/><\/svg><\/span><\/a><\/li><li class=\"shariff-button rss shariff-nocustomcolor\" style=\"background-color:#ff8c00\"><a href=\"https:\/\/stefan-taege.de\/kasia\/feed\/rss\/\" title=\"RSS-feed\" aria-label=\"RSS-feed\" role=\"button\" class=\"shariff-link\" style=\"; background-color:#fe9312; color:#fff\" target=\"_blank\"><span class=\"shariff-icon\" style=\"\"><svg width=\"32px\" height=\"20px\" xmlns=\"http:\/\/www.w3.org\/2000\/svg\" viewBox=\"0 0 32 32\"><path fill=\"#fe9312\" d=\"M4.3 23.5c-2.3 0-4.3 1.9-4.3 4.3 0 2.3 1.9 4.2 4.3 4.2 2.4 0 4.3-1.9 4.3-4.2 0-2.3-1.9-4.3-4.3-4.3zM0 10.9v6.1c4 0 7.7 1.6 10.6 4.4 2.8 2.8 4.4 6.6 4.4 10.6h6.2c0-11.7-9.5-21.1-21.1-21.1zM0 0v6.1c14.2 0 25.8 11.6 25.8 25.9h6.2c0-17.6-14.4-32-32-32z\"\/><\/svg><\/span><\/a><\/li><li class=\"shariff-button linkedin shariff-nocustomcolor\" style=\"background-color:#1488bf\"><a href=\"https:\/\/www.linkedin.com\/sharing\/share-offsite\/?url=https%3A%2F%2Fstefan-taege.de%2Fkasia%2F2020%2F03%2F07%2Fburg-fleckenstein-in-elsass%2F\" title=\"Bei LinkedIn teilen\" aria-label=\"Bei LinkedIn teilen\" role=\"button\" rel=\"noopener nofollow\" class=\"shariff-link\" style=\"; background-color:#0077b5; color:#fff\" target=\"_blank\"><span class=\"shariff-icon\" style=\"\"><svg width=\"32px\" height=\"20px\" xmlns=\"http:\/\/www.w3.org\/2000\/svg\" viewBox=\"0 0 27 32\"><path fill=\"#0077b5\" d=\"M6.2 11.2v17.7h-5.9v-17.7h5.9zM6.6 5.7q0 1.3-0.9 2.2t-2.4 0.9h0q-1.5 0-2.4-0.9t-0.9-2.2 0.9-2.2 2.4-0.9 2.4 0.9 0.9 2.2zM27.4 18.7v10.1h-5.9v-9.5q0-1.9-0.7-2.9t-2.3-1.1q-1.1 0-1.9 0.6t-1.2 1.5q-0.2 0.5-0.2 1.4v9.9h-5.9q0-7.1 0-11.6t0-5.3l0-0.9h5.9v2.6h0q0.4-0.6 0.7-1t1-0.9 1.6-0.8 2-0.3q3 0 4.9 2t1.9 6z\"\/><\/svg><\/span><\/a><\/li><\/ul><\/div>","protected":false},"excerpt":{"rendered":"<p>Eben noch sitze ich im verschlafenen Wissembourg hoch oben \u00fcber der Stadt, neben mir ein P\u00e4rchen, das leidenschaftlich knutscht, und &hellip; <\/p>\n","protected":false},"author":1,"featured_media":22860,"comment_status":"open","ping_status":"open","sticky":false,"template":"","format":"standard","meta":{"_jetpack_newsletter_access":"","_jetpack_dont_email_post_to_subs":false,"_jetpack_newsletter_tier_id":0,"_jetpack_memberships_contains_paywalled_content":false,"_jetpack_feature_clip_id":0,"_jetpack_memberships_contains_paid_content":false,"footnotes":"","jetpack_post_was_ever_published":false},"categories":[1292,723],"tags":[2273,2272],"class_list":["post-22558","post","type-post","status-publish","format-standard","has-post-thumbnail","hentry","category-europa","category-frankreich","tag-burg-fleckenstein","tag-ptit-fleck"],"yoast_head":"<!-- This site is optimized with the Yoast SEO plugin v27.9 - https:\/\/yoast.com\/product\/yoast-seo-wordpress\/ -->\n<title>Burg Fleckenstein in Elsass - windrose.rocks<\/title>\n<meta name=\"description\" content=\"Burgen gibt es viele in der Gegend, doch die interessiert mich. Steil und hoch sieht sie auf Abbildungen aus und ich bin gespannt, sie in echt zu sehen.\" \/>\n<meta name=\"robots\" content=\"index, follow, max-snippet:-1, max-image-preview:large, max-video-preview:-1\" \/>\n<link rel=\"canonical\" href=\"https:\/\/stefan-taege.de\/kasia\/2020\/03\/07\/burg-fleckenstein-in-elsass\/\" \/>\n<meta name=\"twitter:label1\" content=\"Verfasst von\" \/>\n\t<meta name=\"twitter:data1\" content=\"Kasia\" \/>\n\t<meta name=\"twitter:label2\" content=\"Gesch\u00e4tzte Lesezeit\" \/>\n\t<meta name=\"twitter:data2\" content=\"7\u00a0Minuten\" \/>\n<script type=\"application\/ld+json\" class=\"yoast-schema-graph\">{\"@context\":\"https:\\\/\\\/schema.org\",\"@graph\":[{\"@type\":\"Article\",\"@id\":\"https:\\\/\\\/stefan-taege.de\\\/kasia\\\/2020\\\/03\\\/07\\\/burg-fleckenstein-in-elsass\\\/#article\",\"isPartOf\":{\"@id\":\"https:\\\/\\\/stefan-taege.de\\\/kasia\\\/2020\\\/03\\\/07\\\/burg-fleckenstein-in-elsass\\\/\"},\"author\":{\"name\":\"Kasia\",\"@id\":\"https:\\\/\\\/stefan-taege.de\\\/kasia\\\/#\\\/schema\\\/person\\\/873b01562fbd03e9caa51512b2cb800f\"},\"headline\":\"Burg Fleckenstein in Elsass\",\"datePublished\":\"2020-03-07T04:00:57+00:00\",\"dateModified\":\"2023-06-29T05:48:16+00:00\",\"mainEntityOfPage\":{\"@id\":\"https:\\\/\\\/stefan-taege.de\\\/kasia\\\/2020\\\/03\\\/07\\\/burg-fleckenstein-in-elsass\\\/\"},\"wordCount\":888,\"commentCount\":0,\"image\":{\"@id\":\"https:\\\/\\\/stefan-taege.de\\\/kasia\\\/2020\\\/03\\\/07\\\/burg-fleckenstein-in-elsass\\\/#primaryimage\"},\"thumbnailUrl\":\"https:\\\/\\\/i0.wp.com\\\/stefan-taege.de\\\/kasia\\\/wp-content\\\/uploads\\\/2019\\\/04\\\/20190331_143613-e1555165588442.jpg?fit=2048%2C819&ssl=1\",\"keywords\":[\"Burg Fleckenstein\",\"P\u2019tit Fleck\"],\"articleSection\":[\"Europa\",\"Frankreich\"],\"inLanguage\":\"de\",\"potentialAction\":[{\"@type\":\"CommentAction\",\"name\":\"Comment\",\"target\":[\"https:\\\/\\\/stefan-taege.de\\\/kasia\\\/2020\\\/03\\\/07\\\/burg-fleckenstein-in-elsass\\\/#respond\"]}]},{\"@type\":\"WebPage\",\"@id\":\"https:\\\/\\\/stefan-taege.de\\\/kasia\\\/2020\\\/03\\\/07\\\/burg-fleckenstein-in-elsass\\\/\",\"url\":\"https:\\\/\\\/stefan-taege.de\\\/kasia\\\/2020\\\/03\\\/07\\\/burg-fleckenstein-in-elsass\\\/\",\"name\":\"Burg Fleckenstein in Elsass - windrose.rocks\",\"isPartOf\":{\"@id\":\"https:\\\/\\\/stefan-taege.de\\\/kasia\\\/#website\"},\"primaryImageOfPage\":{\"@id\":\"https:\\\/\\\/stefan-taege.de\\\/kasia\\\/2020\\\/03\\\/07\\\/burg-fleckenstein-in-elsass\\\/#primaryimage\"},\"image\":{\"@id\":\"https:\\\/\\\/stefan-taege.de\\\/kasia\\\/2020\\\/03\\\/07\\\/burg-fleckenstein-in-elsass\\\/#primaryimage\"},\"thumbnailUrl\":\"https:\\\/\\\/i0.wp.com\\\/stefan-taege.de\\\/kasia\\\/wp-content\\\/uploads\\\/2019\\\/04\\\/20190331_143613-e1555165588442.jpg?fit=2048%2C819&ssl=1\",\"datePublished\":\"2020-03-07T04:00:57+00:00\",\"dateModified\":\"2023-06-29T05:48:16+00:00\",\"author\":{\"@id\":\"https:\\\/\\\/stefan-taege.de\\\/kasia\\\/#\\\/schema\\\/person\\\/873b01562fbd03e9caa51512b2cb800f\"},\"description\":\"Burgen gibt es viele in der Gegend, doch die interessiert mich. Steil und hoch sieht sie auf Abbildungen aus und ich bin gespannt, sie in echt zu sehen.\",\"breadcrumb\":{\"@id\":\"https:\\\/\\\/stefan-taege.de\\\/kasia\\\/2020\\\/03\\\/07\\\/burg-fleckenstein-in-elsass\\\/#breadcrumb\"},\"inLanguage\":\"de\",\"potentialAction\":[{\"@type\":\"ReadAction\",\"target\":[\"https:\\\/\\\/stefan-taege.de\\\/kasia\\\/2020\\\/03\\\/07\\\/burg-fleckenstein-in-elsass\\\/\"]}]},{\"@type\":\"ImageObject\",\"inLanguage\":\"de\",\"@id\":\"https:\\\/\\\/stefan-taege.de\\\/kasia\\\/2020\\\/03\\\/07\\\/burg-fleckenstein-in-elsass\\\/#primaryimage\",\"url\":\"https:\\\/\\\/i0.wp.com\\\/stefan-taege.de\\\/kasia\\\/wp-content\\\/uploads\\\/2019\\\/04\\\/20190331_143613-e1555165588442.jpg?fit=2048%2C819&ssl=1\",\"contentUrl\":\"https:\\\/\\\/i0.wp.com\\\/stefan-taege.de\\\/kasia\\\/wp-content\\\/uploads\\\/2019\\\/04\\\/20190331_143613-e1555165588442.jpg?fit=2048%2C819&ssl=1\",\"width\":2048,\"height\":819},{\"@type\":\"BreadcrumbList\",\"@id\":\"https:\\\/\\\/stefan-taege.de\\\/kasia\\\/2020\\\/03\\\/07\\\/burg-fleckenstein-in-elsass\\\/#breadcrumb\",\"itemListElement\":[{\"@type\":\"ListItem\",\"position\":1,\"name\":\"Startseite\",\"item\":\"https:\\\/\\\/stefan-taege.de\\\/kasia\\\/\"},{\"@type\":\"ListItem\",\"position\":2,\"name\":\"Burg Fleckenstein in Elsass\"}]},{\"@type\":\"WebSite\",\"@id\":\"https:\\\/\\\/stefan-taege.de\\\/kasia\\\/#website\",\"url\":\"https:\\\/\\\/stefan-taege.de\\\/kasia\\\/\",\"name\":\"windrose.rocks\",\"description\":\"Erz\u00e4hlungen einer Reisenden\",\"potentialAction\":[{\"@type\":\"SearchAction\",\"target\":{\"@type\":\"EntryPoint\",\"urlTemplate\":\"https:\\\/\\\/stefan-taege.de\\\/kasia\\\/?s={search_term_string}\"},\"query-input\":{\"@type\":\"PropertyValueSpecification\",\"valueRequired\":true,\"valueName\":\"search_term_string\"}}],\"inLanguage\":\"de\"},{\"@type\":\"Person\",\"@id\":\"https:\\\/\\\/stefan-taege.de\\\/kasia\\\/#\\\/schema\\\/person\\\/873b01562fbd03e9caa51512b2cb800f\",\"name\":\"Kasia\",\"image\":{\"@type\":\"ImageObject\",\"inLanguage\":\"de\",\"@id\":\"https:\\\/\\\/secure.gravatar.com\\\/avatar\\\/1c67397e33cd4beae4560d74391fdad75dfa2a9640ebc70b63890dbd4232d509?s=96&d=mm&r=pg\",\"url\":\"https:\\\/\\\/secure.gravatar.com\\\/avatar\\\/1c67397e33cd4beae4560d74391fdad75dfa2a9640ebc70b63890dbd4232d509?s=96&d=mm&r=pg\",\"contentUrl\":\"https:\\\/\\\/secure.gravatar.com\\\/avatar\\\/1c67397e33cd4beae4560d74391fdad75dfa2a9640ebc70b63890dbd4232d509?s=96&d=mm&r=pg\",\"caption\":\"Kasia\"},\"description\":\"Hi, ich bin Kasia, die Stimme von \\\"windrose.rocks\\\" :-) Treibt Dich die Frage um, was sich denn alles jenseits der heimischen Couch verbirgt, bist Du rastlos und neugierig wie ich und sp\u00fcrst den Drang in Dir, in die Welt hinaus zu gehen? Dann tue es! Ich nehme Dich mit auf meine Reisen und lasse Dich hautnah das Unterwegs sein miterleben - in all seinen Facetten. Lass Dich inspirieren, komm mit mir und warte nicht l\u00e4nger, denn... die Welt ist so gro\u00df und wir sind so klein, und es gibt noch so viel zu sehen! Die Welt wartet auf uns.\",\"sameAs\":[\"https:\\\/\\\/stefan-taege.de\\\/kasia\\\/\"],\"url\":\"https:\\\/\\\/stefan-taege.de\\\/kasia\\\/author\\\/kasia\\\/\"}]}<\/script>\n<!-- \/ Yoast SEO plugin. -->","yoast_head_json":{"title":"Burg Fleckenstein in Elsass - windrose.rocks","description":"Burgen gibt es viele in der Gegend, doch die interessiert mich. Steil und hoch sieht sie auf Abbildungen aus und ich bin gespannt, sie in echt zu sehen.","robots":{"index":"index","follow":"follow","max-snippet":"max-snippet:-1","max-image-preview":"max-image-preview:large","max-video-preview":"max-video-preview:-1"},"canonical":"https:\/\/stefan-taege.de\/kasia\/2020\/03\/07\/burg-fleckenstein-in-elsass\/","twitter_misc":{"Verfasst von":"Kasia","Gesch\u00e4tzte Lesezeit":"7\u00a0Minuten"},"schema":{"@context":"https:\/\/schema.org","@graph":[{"@type":"Article","@id":"https:\/\/stefan-taege.de\/kasia\/2020\/03\/07\/burg-fleckenstein-in-elsass\/#article","isPartOf":{"@id":"https:\/\/stefan-taege.de\/kasia\/2020\/03\/07\/burg-fleckenstein-in-elsass\/"},"author":{"name":"Kasia","@id":"https:\/\/stefan-taege.de\/kasia\/#\/schema\/person\/873b01562fbd03e9caa51512b2cb800f"},"headline":"Burg Fleckenstein in Elsass","datePublished":"2020-03-07T04:00:57+00:00","dateModified":"2023-06-29T05:48:16+00:00","mainEntityOfPage":{"@id":"https:\/\/stefan-taege.de\/kasia\/2020\/03\/07\/burg-fleckenstein-in-elsass\/"},"wordCount":888,"commentCount":0,"image":{"@id":"https:\/\/stefan-taege.de\/kasia\/2020\/03\/07\/burg-fleckenstein-in-elsass\/#primaryimage"},"thumbnailUrl":"https:\/\/i0.wp.com\/stefan-taege.de\/kasia\/wp-content\/uploads\/2019\/04\/20190331_143613-e1555165588442.jpg?fit=2048%2C819&ssl=1","keywords":["Burg Fleckenstein","P\u2019tit Fleck"],"articleSection":["Europa","Frankreich"],"inLanguage":"de","potentialAction":[{"@type":"CommentAction","name":"Comment","target":["https:\/\/stefan-taege.de\/kasia\/2020\/03\/07\/burg-fleckenstein-in-elsass\/#respond"]}]},{"@type":"WebPage","@id":"https:\/\/stefan-taege.de\/kasia\/2020\/03\/07\/burg-fleckenstein-in-elsass\/","url":"https:\/\/stefan-taege.de\/kasia\/2020\/03\/07\/burg-fleckenstein-in-elsass\/","name":"Burg Fleckenstein in Elsass - windrose.rocks","isPartOf":{"@id":"https:\/\/stefan-taege.de\/kasia\/#website"},"primaryImageOfPage":{"@id":"https:\/\/stefan-taege.de\/kasia\/2020\/03\/07\/burg-fleckenstein-in-elsass\/#primaryimage"},"image":{"@id":"https:\/\/stefan-taege.de\/kasia\/2020\/03\/07\/burg-fleckenstein-in-elsass\/#primaryimage"},"thumbnailUrl":"https:\/\/i0.wp.com\/stefan-taege.de\/kasia\/wp-content\/uploads\/2019\/04\/20190331_143613-e1555165588442.jpg?fit=2048%2C819&ssl=1","datePublished":"2020-03-07T04:00:57+00:00","dateModified":"2023-06-29T05:48:16+00:00","author":{"@id":"https:\/\/stefan-taege.de\/kasia\/#\/schema\/person\/873b01562fbd03e9caa51512b2cb800f"},"description":"Burgen gibt es viele in der Gegend, doch die interessiert mich. Steil und hoch sieht sie auf Abbildungen aus und ich bin gespannt, sie in echt zu sehen.","breadcrumb":{"@id":"https:\/\/stefan-taege.de\/kasia\/2020\/03\/07\/burg-fleckenstein-in-elsass\/#breadcrumb"},"inLanguage":"de","potentialAction":[{"@type":"ReadAction","target":["https:\/\/stefan-taege.de\/kasia\/2020\/03\/07\/burg-fleckenstein-in-elsass\/"]}]},{"@type":"ImageObject","inLanguage":"de","@id":"https:\/\/stefan-taege.de\/kasia\/2020\/03\/07\/burg-fleckenstein-in-elsass\/#primaryimage","url":"https:\/\/i0.wp.com\/stefan-taege.de\/kasia\/wp-content\/uploads\/2019\/04\/20190331_143613-e1555165588442.jpg?fit=2048%2C819&ssl=1","contentUrl":"https:\/\/i0.wp.com\/stefan-taege.de\/kasia\/wp-content\/uploads\/2019\/04\/20190331_143613-e1555165588442.jpg?fit=2048%2C819&ssl=1","width":2048,"height":819},{"@type":"BreadcrumbList","@id":"https:\/\/stefan-taege.de\/kasia\/2020\/03\/07\/burg-fleckenstein-in-elsass\/#breadcrumb","itemListElement":[{"@type":"ListItem","position":1,"name":"Startseite","item":"https:\/\/stefan-taege.de\/kasia\/"},{"@type":"ListItem","position":2,"name":"Burg Fleckenstein in Elsass"}]},{"@type":"WebSite","@id":"https:\/\/stefan-taege.de\/kasia\/#website","url":"https:\/\/stefan-taege.de\/kasia\/","name":"windrose.rocks","description":"Erz\u00e4hlungen einer Reisenden","potentialAction":[{"@type":"SearchAction","target":{"@type":"EntryPoint","urlTemplate":"https:\/\/stefan-taege.de\/kasia\/?s={search_term_string}"},"query-input":{"@type":"PropertyValueSpecification","valueRequired":true,"valueName":"search_term_string"}}],"inLanguage":"de"},{"@type":"Person","@id":"https:\/\/stefan-taege.de\/kasia\/#\/schema\/person\/873b01562fbd03e9caa51512b2cb800f","name":"Kasia","image":{"@type":"ImageObject","inLanguage":"de","@id":"https:\/\/secure.gravatar.com\/avatar\/1c67397e33cd4beae4560d74391fdad75dfa2a9640ebc70b63890dbd4232d509?s=96&d=mm&r=pg","url":"https:\/\/secure.gravatar.com\/avatar\/1c67397e33cd4beae4560d74391fdad75dfa2a9640ebc70b63890dbd4232d509?s=96&d=mm&r=pg","contentUrl":"https:\/\/secure.gravatar.com\/avatar\/1c67397e33cd4beae4560d74391fdad75dfa2a9640ebc70b63890dbd4232d509?s=96&d=mm&r=pg","caption":"Kasia"},"description":"Hi, ich bin Kasia, die Stimme von \"windrose.rocks\" :-) Treibt Dich die Frage um, was sich denn alles jenseits der heimischen Couch verbirgt, bist Du rastlos und neugierig wie ich und sp\u00fcrst den Drang in Dir, in die Welt hinaus zu gehen? Dann tue es! Ich nehme Dich mit auf meine Reisen und lasse Dich hautnah das Unterwegs sein miterleben - in all seinen Facetten. Lass Dich inspirieren, komm mit mir und warte nicht l\u00e4nger, denn... die Welt ist so gro\u00df und wir sind so klein, und es gibt noch so viel zu sehen! Die Welt wartet auf uns.","sameAs":["https:\/\/stefan-taege.de\/kasia\/"],"url":"https:\/\/stefan-taege.de\/kasia\/author\/kasia\/"}]}},"jetpack_shortlink":"https:\/\/wp.me\/p7Ku1E-5RQ","jetpack_sharing_enabled":true,"jetpack_featured_media_url":"https:\/\/i0.wp.com\/stefan-taege.de\/kasia\/wp-content\/uploads\/2019\/04\/20190331_143613-e1555165588442.jpg?fit=2048%2C819&ssl=1","_links":{"self":[{"href":"https:\/\/stefan-taege.de\/kasia\/wp-json\/wp\/v2\/posts\/22558","targetHints":{"allow":["GET"]}}],"collection":[{"href":"https:\/\/stefan-taege.de\/kasia\/wp-json\/wp\/v2\/posts"}],"about":[{"href":"https:\/\/stefan-taege.de\/kasia\/wp-json\/wp\/v2\/types\/post"}],"author":[{"embeddable":true,"href":"https:\/\/stefan-taege.de\/kasia\/wp-json\/wp\/v2\/users\/1"}],"replies":[{"embeddable":true,"href":"https:\/\/stefan-taege.de\/kasia\/wp-json\/wp\/v2\/comments?post=22558"}],"version-history":[{"count":6,"href":"https:\/\/stefan-taege.de\/kasia\/wp-json\/wp\/v2\/posts\/22558\/revisions"}],"predecessor-version":[{"id":42967,"href":"https:\/\/stefan-taege.de\/kasia\/wp-json\/wp\/v2\/posts\/22558\/revisions\/42967"}],"wp:featuredmedia":[{"embeddable":true,"href":"https:\/\/stefan-taege.de\/kasia\/wp-json\/wp\/v2\/media\/22860"}],"wp:attachment":[{"href":"https:\/\/stefan-taege.de\/kasia\/wp-json\/wp\/v2\/media?parent=22558"}],"wp:term":[{"taxonomy":"category","embeddable":true,"href":"https:\/\/stefan-taege.de\/kasia\/wp-json\/wp\/v2\/categories?post=22558"},{"taxonomy":"post_tag","embeddable":true,"href":"https:\/\/stefan-taege.de\/kasia\/wp-json\/wp\/v2\/tags?post=22558"}],"curies":[{"name":"wp","href":"https:\/\/api.w.org\/{rel}","templated":true}]}}