{"id":12385,"date":"2018-02-24T05:00:37","date_gmt":"2018-02-24T04:00:37","guid":{"rendered":"http:\/\/stefan-taege.de\/kasia\/?p=12385"},"modified":"2023-08-07T18:47:20","modified_gmt":"2023-08-07T16:47:20","slug":"eine-farm-mitten-im-aeltesten-gebirge-der-welt","status":"publish","type":"post","link":"https:\/\/stefan-taege.de\/kasia\/2018\/02\/24\/eine-farm-mitten-im-aeltesten-gebirge-der-welt\/","title":{"rendered":"Die Farm in den Tirasbergen &#8211; Thorsten und Linn"},"content":{"rendered":"<p><em>Die Namtib Farm, 12 September 2017<\/em><\/p>\n<p>Ich mache mich auf, das Gel\u00e4nde der Farm zu erkunden. Die niedrigen Bungalows umgeben einen Innenhof; K\u00f6cherb\u00e4ume und ein kleiner Teich bilden das Herz der Anlage. Die Farm liegt eingebettet zwischen zwei gewaltigen Bergen, die r\u00f6tlich im Licht der Abendsonne leuchten. <!--more--><\/p>\n<p><img loading=\"lazy\" decoding=\"async\" data-attachment-id=\"13092\" data-permalink=\"https:\/\/stefan-taege.de\/kasia\/2018\/02\/24\/eine-farm-mitten-im-aeltesten-gebirge-der-welt\/wp_20170912_17_08_25_pro\/\" data-orig-file=\"https:\/\/i0.wp.com\/stefan-taege.de\/kasia\/wp-content\/uploads\/2018\/03\/WP_20170912_17_08_25_Pro.jpg?fit=800%2C450&amp;ssl=1\" data-orig-size=\"800,450\" data-comments-opened=\"1\" data-image-meta=\"{&quot;aperture&quot;:&quot;2.2&quot;,&quot;credit&quot;:&quot;Picasa&quot;,&quot;camera&quot;:&quot;Lumia 1020&quot;,&quot;caption&quot;:&quot;&quot;,&quot;created_timestamp&quot;:&quot;1505236103&quot;,&quot;copyright&quot;:&quot;&quot;,&quot;focal_length&quot;:&quot;0&quot;,&quot;iso&quot;:&quot;100&quot;,&quot;shutter_speed&quot;:&quot;0.00119&quot;,&quot;title&quot;:&quot;&quot;,&quot;orientation&quot;:&quot;0&quot;}\" data-image-title=\"WP_20170912_17_08_25_Pro\" data-image-description=\"\" data-image-caption=\"\" data-medium-file=\"https:\/\/i0.wp.com\/stefan-taege.de\/kasia\/wp-content\/uploads\/2018\/03\/WP_20170912_17_08_25_Pro.jpg?fit=300%2C169&amp;ssl=1\" data-large-file=\"https:\/\/i0.wp.com\/stefan-taege.de\/kasia\/wp-content\/uploads\/2018\/03\/WP_20170912_17_08_25_Pro.jpg?fit=800%2C450&amp;ssl=1\" tabindex=\"0\" role=\"button\" class=\"alignnone wp-image-13092 size-full\" src=\"https:\/\/i0.wp.com\/stefan-taege.de\/kasia\/wp-content\/uploads\/2018\/03\/WP_20170912_17_08_25_Pro.jpg?resize=800%2C450&#038;ssl=1\" alt=\"\" width=\"800\" height=\"450\" srcset=\"https:\/\/i0.wp.com\/stefan-taege.de\/kasia\/wp-content\/uploads\/2018\/03\/WP_20170912_17_08_25_Pro.jpg?w=800&amp;ssl=1 800w, https:\/\/i0.wp.com\/stefan-taege.de\/kasia\/wp-content\/uploads\/2018\/03\/WP_20170912_17_08_25_Pro.jpg?resize=300%2C169&amp;ssl=1 300w, https:\/\/i0.wp.com\/stefan-taege.de\/kasia\/wp-content\/uploads\/2018\/03\/WP_20170912_17_08_25_Pro.jpg?resize=768%2C432&amp;ssl=1 768w\" sizes=\"(max-width: 800px) 100vw, 800px\" data-recalc-dims=\"1\" \/><\/p>\n<p><img loading=\"lazy\" decoding=\"async\" data-attachment-id=\"13101\" data-permalink=\"https:\/\/stefan-taege.de\/kasia\/2018\/02\/24\/eine-farm-mitten-im-aeltesten-gebirge-der-welt\/wp_20170912_16_59_54_pro\/\" data-orig-file=\"https:\/\/i0.wp.com\/stefan-taege.de\/kasia\/wp-content\/uploads\/2018\/03\/WP_20170912_16_59_54_Pro.jpg?fit=800%2C450&amp;ssl=1\" data-orig-size=\"800,450\" data-comments-opened=\"1\" data-image-meta=\"{&quot;aperture&quot;:&quot;2.2&quot;,&quot;credit&quot;:&quot;Picasa&quot;,&quot;camera&quot;:&quot;Lumia 1020&quot;,&quot;caption&quot;:&quot;&quot;,&quot;created_timestamp&quot;:&quot;1505235592&quot;,&quot;copyright&quot;:&quot;&quot;,&quot;focal_length&quot;:&quot;0&quot;,&quot;iso&quot;:&quot;100&quot;,&quot;shutter_speed&quot;:&quot;0.00115&quot;,&quot;title&quot;:&quot;&quot;,&quot;orientation&quot;:&quot;0&quot;}\" data-image-title=\"WP_20170912_16_59_54_Pro\" data-image-description=\"\" data-image-caption=\"\" data-medium-file=\"https:\/\/i0.wp.com\/stefan-taege.de\/kasia\/wp-content\/uploads\/2018\/03\/WP_20170912_16_59_54_Pro.jpg?fit=300%2C169&amp;ssl=1\" data-large-file=\"https:\/\/i0.wp.com\/stefan-taege.de\/kasia\/wp-content\/uploads\/2018\/03\/WP_20170912_16_59_54_Pro.jpg?fit=800%2C450&amp;ssl=1\" tabindex=\"0\" role=\"button\" class=\"alignnone wp-image-13101 size-full\" src=\"https:\/\/i0.wp.com\/stefan-taege.de\/kasia\/wp-content\/uploads\/2018\/03\/WP_20170912_16_59_54_Pro.jpg?resize=800%2C450&#038;ssl=1\" alt=\"\" width=\"800\" height=\"450\" srcset=\"https:\/\/i0.wp.com\/stefan-taege.de\/kasia\/wp-content\/uploads\/2018\/03\/WP_20170912_16_59_54_Pro.jpg?w=800&amp;ssl=1 800w, https:\/\/i0.wp.com\/stefan-taege.de\/kasia\/wp-content\/uploads\/2018\/03\/WP_20170912_16_59_54_Pro.jpg?resize=300%2C169&amp;ssl=1 300w, https:\/\/i0.wp.com\/stefan-taege.de\/kasia\/wp-content\/uploads\/2018\/03\/WP_20170912_16_59_54_Pro.jpg?resize=768%2C432&amp;ssl=1 768w\" sizes=\"(max-width: 800px) 100vw, 800px\" data-recalc-dims=\"1\" \/><\/p>\n<p><img loading=\"lazy\" decoding=\"async\" data-attachment-id=\"13098\" data-permalink=\"https:\/\/stefan-taege.de\/kasia\/2018\/02\/24\/eine-farm-mitten-im-aeltesten-gebirge-der-welt\/samsung-csc-1011\/\" data-orig-file=\"https:\/\/i0.wp.com\/stefan-taege.de\/kasia\/wp-content\/uploads\/2018\/03\/SAM1606.jpg?fit=800%2C534&amp;ssl=1\" data-orig-size=\"800,534\" data-comments-opened=\"1\" data-image-meta=\"{&quot;aperture&quot;:&quot;6.3&quot;,&quot;credit&quot;:&quot;Picasa&quot;,&quot;camera&quot;:&quot;NX1100&quot;,&quot;caption&quot;:&quot;SAMSUNG CSC&quot;,&quot;created_timestamp&quot;:&quot;1480800894&quot;,&quot;copyright&quot;:&quot;&quot;,&quot;focal_length&quot;:&quot;50&quot;,&quot;iso&quot;:&quot;100&quot;,&quot;shutter_speed&quot;:&quot;0.003125&quot;,&quot;title&quot;:&quot;SAMSUNG CSC&quot;,&quot;orientation&quot;:&quot;0&quot;}\" data-image-title=\"SAMSUNG CSC\" data-image-description=\"\" data-image-caption=\"\" data-medium-file=\"https:\/\/i0.wp.com\/stefan-taege.de\/kasia\/wp-content\/uploads\/2018\/03\/SAM1606.jpg?fit=300%2C200&amp;ssl=1\" data-large-file=\"https:\/\/i0.wp.com\/stefan-taege.de\/kasia\/wp-content\/uploads\/2018\/03\/SAM1606.jpg?fit=800%2C534&amp;ssl=1\" tabindex=\"0\" role=\"button\" class=\"alignnone wp-image-13098 size-full\" src=\"https:\/\/i0.wp.com\/stefan-taege.de\/kasia\/wp-content\/uploads\/2018\/03\/SAM1606.jpg?resize=800%2C534&#038;ssl=1\" alt=\"\" width=\"800\" height=\"534\" srcset=\"https:\/\/i0.wp.com\/stefan-taege.de\/kasia\/wp-content\/uploads\/2018\/03\/SAM1606.jpg?w=800&amp;ssl=1 800w, https:\/\/i0.wp.com\/stefan-taege.de\/kasia\/wp-content\/uploads\/2018\/03\/SAM1606.jpg?resize=300%2C200&amp;ssl=1 300w, https:\/\/i0.wp.com\/stefan-taege.de\/kasia\/wp-content\/uploads\/2018\/03\/SAM1606.jpg?resize=768%2C513&amp;ssl=1 768w\" sizes=\"(max-width: 800px) 100vw, 800px\" data-recalc-dims=\"1\" \/><\/p>\n<p>Im Westen, von wo wir gekommen sind, liegt offenes Land vor uns, doch im Osten, S\u00fcden und Norden umschlie\u00dfen uns die Berge. Der Haufen gro\u00dfer Steinkolosse, den wir auf dem Weg hierher gesehen haben, ist begehbar, es sind Treppenstufen angebaut worden. Ein St\u00fcck weiter weg liegen runde Gesteinsbrocken in der Landschaft verstreut, ganz so, als h\u00e4tten Riesen damit Murmeln gespielt.<\/p>\n<p>Ich klettere die Steingruppe die enge Treppe hinauf und lasse, oben angekommen, den Blick umher schweifen. Ab und zu bellt ein Hund, ein anatolischer Sch\u00e4ferhund namens Amir, dumpf vor sich hin, doch ansonsten h\u00f6re ich nur das Rauschen des Windes, das Zwitschern der V\u00f6gel und das Summen der Insekten. Ein Vogel gibt seltsame Laute von sich, immer wieder dieselbe Tonabfolge, Laute, die man so wahrscheinlich nur in Afrika h\u00f6rt. Die Pferde, bei meinem Anblick neugierig geworden, kommen n\u00e4her. Auf der Nordseite des Gel\u00e4ndes liegen die Bungalows der Angestellten.<\/p>\n<p><img loading=\"lazy\" decoding=\"async\" data-attachment-id=\"13111\" data-permalink=\"https:\/\/stefan-taege.de\/kasia\/2018\/02\/24\/eine-farm-mitten-im-aeltesten-gebirge-der-welt\/wp_20170912_16_10_20_pro\/\" data-orig-file=\"https:\/\/i0.wp.com\/stefan-taege.de\/kasia\/wp-content\/uploads\/2018\/03\/WP_20170912_16_10_20_Pro.jpg?fit=800%2C450&amp;ssl=1\" data-orig-size=\"800,450\" data-comments-opened=\"1\" data-image-meta=\"{&quot;aperture&quot;:&quot;2.2&quot;,&quot;credit&quot;:&quot;Picasa&quot;,&quot;camera&quot;:&quot;Lumia 1020&quot;,&quot;caption&quot;:&quot;&quot;,&quot;created_timestamp&quot;:&quot;1505232619&quot;,&quot;copyright&quot;:&quot;&quot;,&quot;focal_length&quot;:&quot;0&quot;,&quot;iso&quot;:&quot;100&quot;,&quot;shutter_speed&quot;:&quot;0.000513&quot;,&quot;title&quot;:&quot;&quot;,&quot;orientation&quot;:&quot;0&quot;}\" data-image-title=\"WP_20170912_16_10_20_Pro\" data-image-description=\"\" data-image-caption=\"\" data-medium-file=\"https:\/\/i0.wp.com\/stefan-taege.de\/kasia\/wp-content\/uploads\/2018\/03\/WP_20170912_16_10_20_Pro.jpg?fit=300%2C169&amp;ssl=1\" data-large-file=\"https:\/\/i0.wp.com\/stefan-taege.de\/kasia\/wp-content\/uploads\/2018\/03\/WP_20170912_16_10_20_Pro.jpg?fit=800%2C450&amp;ssl=1\" tabindex=\"0\" role=\"button\" class=\"alignnone wp-image-13111 size-full\" src=\"https:\/\/i0.wp.com\/stefan-taege.de\/kasia\/wp-content\/uploads\/2018\/03\/WP_20170912_16_10_20_Pro.jpg?resize=800%2C450&#038;ssl=1\" alt=\"\" width=\"800\" height=\"450\" srcset=\"https:\/\/i0.wp.com\/stefan-taege.de\/kasia\/wp-content\/uploads\/2018\/03\/WP_20170912_16_10_20_Pro.jpg?w=800&amp;ssl=1 800w, https:\/\/i0.wp.com\/stefan-taege.de\/kasia\/wp-content\/uploads\/2018\/03\/WP_20170912_16_10_20_Pro.jpg?resize=300%2C169&amp;ssl=1 300w, https:\/\/i0.wp.com\/stefan-taege.de\/kasia\/wp-content\/uploads\/2018\/03\/WP_20170912_16_10_20_Pro.jpg?resize=768%2C432&amp;ssl=1 768w\" sizes=\"(max-width: 800px) 100vw, 800px\" data-recalc-dims=\"1\" \/><\/p>\n<p><img loading=\"lazy\" decoding=\"async\" data-attachment-id=\"13102\" data-permalink=\"https:\/\/stefan-taege.de\/kasia\/2018\/02\/24\/eine-farm-mitten-im-aeltesten-gebirge-der-welt\/samsung-csc-1014\/\" data-orig-file=\"https:\/\/i0.wp.com\/stefan-taege.de\/kasia\/wp-content\/uploads\/2018\/03\/SAM1607.jpg?fit=800%2C534&amp;ssl=1\" data-orig-size=\"800,534\" data-comments-opened=\"1\" data-image-meta=\"{&quot;aperture&quot;:&quot;6.3&quot;,&quot;credit&quot;:&quot;Picasa&quot;,&quot;camera&quot;:&quot;NX1100&quot;,&quot;caption&quot;:&quot;SAMSUNG CSC&quot;,&quot;created_timestamp&quot;:&quot;1480801051&quot;,&quot;copyright&quot;:&quot;&quot;,&quot;focal_length&quot;:&quot;50&quot;,&quot;iso&quot;:&quot;100&quot;,&quot;shutter_speed&quot;:&quot;0.003125&quot;,&quot;title&quot;:&quot;SAMSUNG CSC&quot;,&quot;orientation&quot;:&quot;0&quot;}\" data-image-title=\"SAMSUNG CSC\" data-image-description=\"\" data-image-caption=\"\" data-medium-file=\"https:\/\/i0.wp.com\/stefan-taege.de\/kasia\/wp-content\/uploads\/2018\/03\/SAM1607.jpg?fit=300%2C200&amp;ssl=1\" data-large-file=\"https:\/\/i0.wp.com\/stefan-taege.de\/kasia\/wp-content\/uploads\/2018\/03\/SAM1607.jpg?fit=800%2C534&amp;ssl=1\" tabindex=\"0\" role=\"button\" class=\"alignnone wp-image-13102 size-full\" src=\"https:\/\/i0.wp.com\/stefan-taege.de\/kasia\/wp-content\/uploads\/2018\/03\/SAM1607.jpg?resize=800%2C534&#038;ssl=1\" alt=\"\" width=\"800\" height=\"534\" srcset=\"https:\/\/i0.wp.com\/stefan-taege.de\/kasia\/wp-content\/uploads\/2018\/03\/SAM1607.jpg?w=800&amp;ssl=1 800w, https:\/\/i0.wp.com\/stefan-taege.de\/kasia\/wp-content\/uploads\/2018\/03\/SAM1607.jpg?resize=300%2C200&amp;ssl=1 300w, https:\/\/i0.wp.com\/stefan-taege.de\/kasia\/wp-content\/uploads\/2018\/03\/SAM1607.jpg?resize=768%2C513&amp;ssl=1 768w\" sizes=\"(max-width: 800px) 100vw, 800px\" data-recalc-dims=\"1\" \/><\/p>\n<p><img loading=\"lazy\" decoding=\"async\" data-attachment-id=\"13110\" data-permalink=\"https:\/\/stefan-taege.de\/kasia\/2018\/02\/24\/eine-farm-mitten-im-aeltesten-gebirge-der-welt\/wp_20170912_16_50_12_pro\/\" data-orig-file=\"https:\/\/i0.wp.com\/stefan-taege.de\/kasia\/wp-content\/uploads\/2018\/03\/WP_20170912_16_50_12_Pro.jpg?fit=800%2C450&amp;ssl=1\" data-orig-size=\"800,450\" data-comments-opened=\"1\" data-image-meta=\"{&quot;aperture&quot;:&quot;2.2&quot;,&quot;credit&quot;:&quot;Picasa&quot;,&quot;camera&quot;:&quot;Lumia 1020&quot;,&quot;caption&quot;:&quot;&quot;,&quot;created_timestamp&quot;:&quot;1505235011&quot;,&quot;copyright&quot;:&quot;&quot;,&quot;focal_length&quot;:&quot;0&quot;,&quot;iso&quot;:&quot;100&quot;,&quot;shutter_speed&quot;:&quot;0.000383&quot;,&quot;title&quot;:&quot;&quot;,&quot;orientation&quot;:&quot;0&quot;}\" data-image-title=\"WP_20170912_16_50_12_Pro\" data-image-description=\"\" data-image-caption=\"\" data-medium-file=\"https:\/\/i0.wp.com\/stefan-taege.de\/kasia\/wp-content\/uploads\/2018\/03\/WP_20170912_16_50_12_Pro.jpg?fit=300%2C169&amp;ssl=1\" data-large-file=\"https:\/\/i0.wp.com\/stefan-taege.de\/kasia\/wp-content\/uploads\/2018\/03\/WP_20170912_16_50_12_Pro.jpg?fit=800%2C450&amp;ssl=1\" tabindex=\"0\" role=\"button\" class=\"alignnone wp-image-13110 size-full\" src=\"https:\/\/i0.wp.com\/stefan-taege.de\/kasia\/wp-content\/uploads\/2018\/03\/WP_20170912_16_50_12_Pro.jpg?resize=800%2C450&#038;ssl=1\" alt=\"\" width=\"800\" height=\"450\" srcset=\"https:\/\/i0.wp.com\/stefan-taege.de\/kasia\/wp-content\/uploads\/2018\/03\/WP_20170912_16_50_12_Pro.jpg?w=800&amp;ssl=1 800w, https:\/\/i0.wp.com\/stefan-taege.de\/kasia\/wp-content\/uploads\/2018\/03\/WP_20170912_16_50_12_Pro.jpg?resize=300%2C169&amp;ssl=1 300w, https:\/\/i0.wp.com\/stefan-taege.de\/kasia\/wp-content\/uploads\/2018\/03\/WP_20170912_16_50_12_Pro.jpg?resize=768%2C432&amp;ssl=1 768w\" sizes=\"(max-width: 800px) 100vw, 800px\" data-recalc-dims=\"1\" \/><\/p>\n<p>Am sp\u00e4ten Abend sitzen wir noch oben auf der Terrasse, die auf einem Fels errichtet wurde und einen Rundumblick \u00fcber die Farm erm\u00f6glicht, und schauen hinunter auf die grau werdende Landschaft. Stefan hat ein Bier neben sich stehen, ein namibisches Tafel Lager, in Windhoek nach dem Deutschen Reinheitsgebot gebraut. Das will man sehen im wilden Afrika, das Deutsche Reinheitsgebot!<\/p>\n<p><img loading=\"lazy\" decoding=\"async\" data-attachment-id=\"13104\" data-permalink=\"https:\/\/stefan-taege.de\/kasia\/2018\/02\/24\/eine-farm-mitten-im-aeltesten-gebirge-der-welt\/wp_20170912_18_29_19_pro\/\" data-orig-file=\"https:\/\/i0.wp.com\/stefan-taege.de\/kasia\/wp-content\/uploads\/2018\/03\/WP_20170912_18_29_19_Pro.jpg?fit=800%2C450&amp;ssl=1\" data-orig-size=\"800,450\" data-comments-opened=\"1\" data-image-meta=\"{&quot;aperture&quot;:&quot;2.2&quot;,&quot;credit&quot;:&quot;Picasa&quot;,&quot;camera&quot;:&quot;Lumia 1020&quot;,&quot;caption&quot;:&quot;&quot;,&quot;created_timestamp&quot;:&quot;1505240958&quot;,&quot;copyright&quot;:&quot;&quot;,&quot;focal_length&quot;:&quot;0&quot;,&quot;iso&quot;:&quot;100&quot;,&quot;shutter_speed&quot;:&quot;0.00137&quot;,&quot;title&quot;:&quot;&quot;,&quot;orientation&quot;:&quot;0&quot;}\" data-image-title=\"WP_20170912_18_29_19_Pro\" data-image-description=\"\" data-image-caption=\"\" data-medium-file=\"https:\/\/i0.wp.com\/stefan-taege.de\/kasia\/wp-content\/uploads\/2018\/03\/WP_20170912_18_29_19_Pro.jpg?fit=300%2C169&amp;ssl=1\" data-large-file=\"https:\/\/i0.wp.com\/stefan-taege.de\/kasia\/wp-content\/uploads\/2018\/03\/WP_20170912_18_29_19_Pro.jpg?fit=800%2C450&amp;ssl=1\" tabindex=\"0\" role=\"button\" class=\"alignnone wp-image-13104 size-full\" src=\"https:\/\/i0.wp.com\/stefan-taege.de\/kasia\/wp-content\/uploads\/2018\/03\/WP_20170912_18_29_19_Pro.jpg?resize=800%2C450&#038;ssl=1\" alt=\"\" width=\"800\" height=\"450\" srcset=\"https:\/\/i0.wp.com\/stefan-taege.de\/kasia\/wp-content\/uploads\/2018\/03\/WP_20170912_18_29_19_Pro.jpg?w=800&amp;ssl=1 800w, https:\/\/i0.wp.com\/stefan-taege.de\/kasia\/wp-content\/uploads\/2018\/03\/WP_20170912_18_29_19_Pro.jpg?resize=300%2C169&amp;ssl=1 300w, https:\/\/i0.wp.com\/stefan-taege.de\/kasia\/wp-content\/uploads\/2018\/03\/WP_20170912_18_29_19_Pro.jpg?resize=768%2C432&amp;ssl=1 768w\" sizes=\"(max-width: 800px) 100vw, 800px\" data-recalc-dims=\"1\" \/><\/p>\n<p>Wir &#8211; Stefan, ich und zwei weitere P\u00e4rchen &#8211; sitzen da. Es wird k\u00fchler, doch noch ist es angenehm &#8211; wir bekommen den sch\u00f6nsten, afrikanischen Sonnenuntergang geboten. Die Landschaft erscheint fahl, wie ged\u00e4mpft, denn wenn hier die Sonne am Versinken ist, bekommt die Welt von ihren Strahlen nichts mehr mit. Die runde Scheibe zeichnet sich scharf von dem verblassenden Himmel ab. Manchmal hebt der eine oder andere seine Kamera ans Auge, doch es setzt sich die allgemeine Erkenntnis durch, dass sich die Farben einfach nicht einfangen lassen wollen, dieses drastische, kalte, dramatische Rot.<\/p>\n<p><img loading=\"lazy\" decoding=\"async\" data-attachment-id=\"13105\" data-permalink=\"https:\/\/stefan-taege.de\/kasia\/2018\/02\/24\/eine-farm-mitten-im-aeltesten-gebirge-der-welt\/20170912_192344\/\" data-orig-file=\"https:\/\/i0.wp.com\/stefan-taege.de\/kasia\/wp-content\/uploads\/2018\/03\/20170912_192344.jpg?fit=5312%2C2988&amp;ssl=1\" data-orig-size=\"5312,2988\" data-comments-opened=\"1\" data-image-meta=\"{&quot;aperture&quot;:&quot;1.9&quot;,&quot;credit&quot;:&quot;&quot;,&quot;camera&quot;:&quot;SM-G920F&quot;,&quot;caption&quot;:&quot;&quot;,&quot;created_timestamp&quot;:&quot;1505244224&quot;,&quot;copyright&quot;:&quot;&quot;,&quot;focal_length&quot;:&quot;4.3&quot;,&quot;iso&quot;:&quot;800&quot;,&quot;shutter_speed&quot;:&quot;0.05&quot;,&quot;title&quot;:&quot;&quot;,&quot;orientation&quot;:&quot;1&quot;}\" data-image-title=\"20170912_192344\" data-image-description=\"\" data-image-caption=\"\" data-medium-file=\"https:\/\/i0.wp.com\/stefan-taege.de\/kasia\/wp-content\/uploads\/2018\/03\/20170912_192344.jpg?fit=300%2C169&amp;ssl=1\" data-large-file=\"https:\/\/i0.wp.com\/stefan-taege.de\/kasia\/wp-content\/uploads\/2018\/03\/20170912_192344.jpg?fit=1020%2C574&amp;ssl=1\" tabindex=\"0\" role=\"button\" class=\"alignnone wp-image-13105 size-full\" src=\"https:\/\/i0.wp.com\/stefan-taege.de\/kasia\/wp-content\/uploads\/2018\/03\/20170912_192344.jpg?resize=1020%2C574&#038;ssl=1\" alt=\"\" width=\"1020\" height=\"574\" srcset=\"https:\/\/i0.wp.com\/stefan-taege.de\/kasia\/wp-content\/uploads\/2018\/03\/20170912_192344.jpg?w=5312&amp;ssl=1 5312w, https:\/\/i0.wp.com\/stefan-taege.de\/kasia\/wp-content\/uploads\/2018\/03\/20170912_192344.jpg?resize=300%2C169&amp;ssl=1 300w, https:\/\/i0.wp.com\/stefan-taege.de\/kasia\/wp-content\/uploads\/2018\/03\/20170912_192344.jpg?resize=768%2C432&amp;ssl=1 768w, https:\/\/i0.wp.com\/stefan-taege.de\/kasia\/wp-content\/uploads\/2018\/03\/20170912_192344.jpg?resize=1024%2C576&amp;ssl=1 1024w, https:\/\/i0.wp.com\/stefan-taege.de\/kasia\/wp-content\/uploads\/2018\/03\/20170912_192344.jpg?w=2040&amp;ssl=1 2040w, https:\/\/i0.wp.com\/stefan-taege.de\/kasia\/wp-content\/uploads\/2018\/03\/20170912_192344.jpg?w=3060&amp;ssl=1 3060w\" sizes=\"(max-width: 1020px) 100vw, 1020px\" data-recalc-dims=\"1\" \/><\/p>\n<p>Am Abend sitzen wir noch im flackernden Schein der \u00d6llampe vor unserem Bungalow. Die \u00d6llampen sind an jedem Tisch aufgestellt worden, denn die Beleuchtung ist auf ein Minimum reduziert &#8211; zum einen, da der Strom selbst erzeugt wird und zum anderen, damit man sp\u00e4ter den Sternenhimmel \u00fcber der W\u00fcste sehen kann.<\/p>\n<p>Das Abendessen nehmen wir mit der Familie ein. Es ist r\u00fchrend, wie sorgf\u00e4ltig das junge Ehepaar alles arrangiert hat, um uns willkommen zu hei\u00dfen. Wir sitzen alle zusammen an der gedeckten Tafel im Schein unz\u00e4hliger Kerzen, die Linn noch kurz vor unserem Auftauchen alle entz\u00fcndet hatte. Das dunkle Holz im Raum wirkt warm im Kerzenlicht, die Gesichter der Anwesenden scheinen von innen zu leuchten. Das gl\u00e4nzende Besteck auf dem Tisch und die gerollten Servietten in ihren Haltern warten auf ihren Einsatz.<\/p>\n<p><img loading=\"lazy\" decoding=\"async\" data-attachment-id=\"13106\" data-permalink=\"https:\/\/stefan-taege.de\/kasia\/2018\/02\/24\/eine-farm-mitten-im-aeltesten-gebirge-der-welt\/wp_20170912_20_06_50_pro\/\" data-orig-file=\"https:\/\/i0.wp.com\/stefan-taege.de\/kasia\/wp-content\/uploads\/2018\/03\/WP_20170912_20_06_50_Pro.jpg?fit=800%2C450&amp;ssl=1\" data-orig-size=\"800,450\" data-comments-opened=\"1\" data-image-meta=\"{&quot;aperture&quot;:&quot;2.2&quot;,&quot;credit&quot;:&quot;Picasa&quot;,&quot;camera&quot;:&quot;Lumia 1020&quot;,&quot;caption&quot;:&quot;&quot;,&quot;created_timestamp&quot;:&quot;1505246809&quot;,&quot;copyright&quot;:&quot;&quot;,&quot;focal_length&quot;:&quot;0&quot;,&quot;iso&quot;:&quot;1600&quot;,&quot;shutter_speed&quot;:&quot;0.259539&quot;,&quot;title&quot;:&quot;&quot;,&quot;orientation&quot;:&quot;0&quot;}\" data-image-title=\"WP_20170912_20_06_50_Pro\" data-image-description=\"\" data-image-caption=\"\" data-medium-file=\"https:\/\/i0.wp.com\/stefan-taege.de\/kasia\/wp-content\/uploads\/2018\/03\/WP_20170912_20_06_50_Pro.jpg?fit=300%2C169&amp;ssl=1\" data-large-file=\"https:\/\/i0.wp.com\/stefan-taege.de\/kasia\/wp-content\/uploads\/2018\/03\/WP_20170912_20_06_50_Pro.jpg?fit=800%2C450&amp;ssl=1\" tabindex=\"0\" role=\"button\" class=\"alignnone wp-image-13106 size-full\" src=\"https:\/\/i0.wp.com\/stefan-taege.de\/kasia\/wp-content\/uploads\/2018\/03\/WP_20170912_20_06_50_Pro.jpg?resize=800%2C450&#038;ssl=1\" alt=\"\" width=\"800\" height=\"450\" srcset=\"https:\/\/i0.wp.com\/stefan-taege.de\/kasia\/wp-content\/uploads\/2018\/03\/WP_20170912_20_06_50_Pro.jpg?w=800&amp;ssl=1 800w, https:\/\/i0.wp.com\/stefan-taege.de\/kasia\/wp-content\/uploads\/2018\/03\/WP_20170912_20_06_50_Pro.jpg?resize=300%2C169&amp;ssl=1 300w, https:\/\/i0.wp.com\/stefan-taege.de\/kasia\/wp-content\/uploads\/2018\/03\/WP_20170912_20_06_50_Pro.jpg?resize=768%2C432&amp;ssl=1 768w\" sizes=\"(max-width: 800px) 100vw, 800px\" data-recalc-dims=\"1\" \/><\/p>\n<p>Zu essen gibt es ein Oryx-Lendensteak und einen Auflauf aus zartem Springbockfleisch, und w\u00e4hrenddessen erz\u00e4hlt uns das Paar von ihrem Leben auf der Farm. Auch der einen oder anderen neugierigen Frage der Besucher m\u00fcssen sich die beiden stellen.<\/p>\n<p>Linn ist in Windhoek geboren und aufgewachsen ihre Eltern kommen urspr\u00fcnglich aus Berlin. Thorstens Eltern stammen aus Ladenburg bei Mannheim, er selbst ist mit ihnen als Kind nach Namibia gekommen, damals, als sie die Farm gekauft und ausgebaut haben. Er ging in eine Schule in Namibia, die auf deutschsprachige Sch\u00fcler ausgerichtet war.<\/p>\n<p>&#8222;Es gibt 12 ethnische Gruppen in Namibia.&#8220; Erz\u00e4hlt uns Thorsten. &#8222;Inzwischen ist das Schulungssystem hier sehr liberal geworden, es gibt muttersprachliche Schulen f\u00fcr jede ethnische Gruppierung. Nat\u00fcrlich aufgeteilt nach den Gebieten, in denen die ethnischen Gruppen leben. In den Schulen werden neben englisch und afrikaans auch die jeweiligen Muttersprachen unterrichtet.&#8220; Die ethnische Aufteilung sei aber keineswegs verpflichtend, jeder kann sich seine Schule selbst aussuchen und es kommt h\u00e4ufig vor, dass Kinder verschiedener Bev\u00f6lkerungsgruppen zusammen eine Schule besuchen. &#8222;Es hat sich viel ge\u00e4ndert in den letzten Jahren. &#8222;Sagt er. &#8222;jedes Kind hat das Recht auf seine Sprache und seine Kultur.&#8220;<\/p>\n<p>&#8222;Dann lebt Namibia praktisch das Ideal der kulturellen Vielfalt und Offenheit.&#8220; Sagt eine Zuh\u00f6rerin. &#8222;Deutschland h\u00e4ngt auf diesem Gebiet weit hinterher.&#8220;<\/p>\n<p><img loading=\"lazy\" decoding=\"async\" data-attachment-id=\"13108\" data-permalink=\"https:\/\/stefan-taege.de\/kasia\/2018\/02\/24\/eine-farm-mitten-im-aeltesten-gebirge-der-welt\/wp_20170912_18_40_54_pro\/\" data-orig-file=\"https:\/\/i0.wp.com\/stefan-taege.de\/kasia\/wp-content\/uploads\/2018\/03\/WP_20170912_18_40_54_Pro.jpg?fit=800%2C450&amp;ssl=1\" data-orig-size=\"800,450\" data-comments-opened=\"1\" data-image-meta=\"{&quot;aperture&quot;:&quot;2.2&quot;,&quot;credit&quot;:&quot;Picasa&quot;,&quot;camera&quot;:&quot;Lumia 1020&quot;,&quot;caption&quot;:&quot;&quot;,&quot;created_timestamp&quot;:&quot;1505241652&quot;,&quot;copyright&quot;:&quot;&quot;,&quot;focal_length&quot;:&quot;0&quot;,&quot;iso&quot;:&quot;100&quot;,&quot;shutter_speed&quot;:&quot;0.00677&quot;,&quot;title&quot;:&quot;&quot;,&quot;orientation&quot;:&quot;0&quot;}\" data-image-title=\"WP_20170912_18_40_54_Pro\" data-image-description=\"\" data-image-caption=\"\" data-medium-file=\"https:\/\/i0.wp.com\/stefan-taege.de\/kasia\/wp-content\/uploads\/2018\/03\/WP_20170912_18_40_54_Pro.jpg?fit=300%2C169&amp;ssl=1\" data-large-file=\"https:\/\/i0.wp.com\/stefan-taege.de\/kasia\/wp-content\/uploads\/2018\/03\/WP_20170912_18_40_54_Pro.jpg?fit=800%2C450&amp;ssl=1\" tabindex=\"0\" role=\"button\" class=\"alignnone wp-image-13108 size-full\" src=\"https:\/\/i0.wp.com\/stefan-taege.de\/kasia\/wp-content\/uploads\/2018\/03\/WP_20170912_18_40_54_Pro.jpg?resize=800%2C450&#038;ssl=1\" alt=\"\" width=\"800\" height=\"450\" srcset=\"https:\/\/i0.wp.com\/stefan-taege.de\/kasia\/wp-content\/uploads\/2018\/03\/WP_20170912_18_40_54_Pro.jpg?w=800&amp;ssl=1 800w, https:\/\/i0.wp.com\/stefan-taege.de\/kasia\/wp-content\/uploads\/2018\/03\/WP_20170912_18_40_54_Pro.jpg?resize=300%2C169&amp;ssl=1 300w, https:\/\/i0.wp.com\/stefan-taege.de\/kasia\/wp-content\/uploads\/2018\/03\/WP_20170912_18_40_54_Pro.jpg?resize=768%2C432&amp;ssl=1 768w\" sizes=\"(max-width: 800px) 100vw, 800px\" data-recalc-dims=\"1\" \/><\/p>\n<p><img loading=\"lazy\" decoding=\"async\" data-attachment-id=\"13097\" data-permalink=\"https:\/\/stefan-taege.de\/kasia\/2018\/02\/24\/eine-farm-mitten-im-aeltesten-gebirge-der-welt\/wp_20170912_15_43_31_pro-2\/\" data-orig-file=\"https:\/\/i0.wp.com\/stefan-taege.de\/kasia\/wp-content\/uploads\/2018\/03\/WP_20170912_15_43_31_Pro-1.jpg?fit=800%2C450&amp;ssl=1\" data-orig-size=\"800,450\" data-comments-opened=\"1\" data-image-meta=\"{&quot;aperture&quot;:&quot;2.2&quot;,&quot;credit&quot;:&quot;Picasa&quot;,&quot;camera&quot;:&quot;Lumia 1020&quot;,&quot;caption&quot;:&quot;&quot;,&quot;created_timestamp&quot;:&quot;1505231009&quot;,&quot;copyright&quot;:&quot;&quot;,&quot;focal_length&quot;:&quot;0&quot;,&quot;iso&quot;:&quot;100&quot;,&quot;shutter_speed&quot;:&quot;0.001948&quot;,&quot;title&quot;:&quot;&quot;,&quot;orientation&quot;:&quot;0&quot;}\" data-image-title=\"WP_20170912_15_43_31_Pro\" data-image-description=\"\" data-image-caption=\"\" data-medium-file=\"https:\/\/i0.wp.com\/stefan-taege.de\/kasia\/wp-content\/uploads\/2018\/03\/WP_20170912_15_43_31_Pro-1.jpg?fit=300%2C169&amp;ssl=1\" data-large-file=\"https:\/\/i0.wp.com\/stefan-taege.de\/kasia\/wp-content\/uploads\/2018\/03\/WP_20170912_15_43_31_Pro-1.jpg?fit=800%2C450&amp;ssl=1\" tabindex=\"0\" role=\"button\" class=\"alignnone wp-image-13097 size-full\" src=\"https:\/\/i0.wp.com\/stefan-taege.de\/kasia\/wp-content\/uploads\/2018\/03\/WP_20170912_15_43_31_Pro-1.jpg?resize=800%2C450&#038;ssl=1\" alt=\"\" width=\"800\" height=\"450\" srcset=\"https:\/\/i0.wp.com\/stefan-taege.de\/kasia\/wp-content\/uploads\/2018\/03\/WP_20170912_15_43_31_Pro-1.jpg?w=800&amp;ssl=1 800w, https:\/\/i0.wp.com\/stefan-taege.de\/kasia\/wp-content\/uploads\/2018\/03\/WP_20170912_15_43_31_Pro-1.jpg?resize=300%2C169&amp;ssl=1 300w, https:\/\/i0.wp.com\/stefan-taege.de\/kasia\/wp-content\/uploads\/2018\/03\/WP_20170912_15_43_31_Pro-1.jpg?resize=768%2C432&amp;ssl=1 768w\" sizes=\"(max-width: 800px) 100vw, 800px\" data-recalc-dims=\"1\" \/><\/p>\n<p><img loading=\"lazy\" decoding=\"async\" data-attachment-id=\"13109\" data-permalink=\"https:\/\/stefan-taege.de\/kasia\/2018\/02\/24\/eine-farm-mitten-im-aeltesten-gebirge-der-welt\/wp_20170912_16_34_33_pro\/\" data-orig-file=\"https:\/\/i0.wp.com\/stefan-taege.de\/kasia\/wp-content\/uploads\/2018\/03\/WP_20170912_16_34_33_Pro.jpg?fit=800%2C450&amp;ssl=1\" data-orig-size=\"800,450\" data-comments-opened=\"1\" data-image-meta=\"{&quot;aperture&quot;:&quot;2.2&quot;,&quot;credit&quot;:&quot;Picasa&quot;,&quot;camera&quot;:&quot;Lumia 1020&quot;,&quot;caption&quot;:&quot;&quot;,&quot;created_timestamp&quot;:&quot;1505234072&quot;,&quot;copyright&quot;:&quot;&quot;,&quot;focal_length&quot;:&quot;0&quot;,&quot;iso&quot;:&quot;100&quot;,&quot;shutter_speed&quot;:&quot;0.00047&quot;,&quot;title&quot;:&quot;&quot;,&quot;orientation&quot;:&quot;0&quot;}\" data-image-title=\"WP_20170912_16_34_33_Pro\" data-image-description=\"\" data-image-caption=\"\" data-medium-file=\"https:\/\/i0.wp.com\/stefan-taege.de\/kasia\/wp-content\/uploads\/2018\/03\/WP_20170912_16_34_33_Pro.jpg?fit=300%2C169&amp;ssl=1\" data-large-file=\"https:\/\/i0.wp.com\/stefan-taege.de\/kasia\/wp-content\/uploads\/2018\/03\/WP_20170912_16_34_33_Pro.jpg?fit=800%2C450&amp;ssl=1\" tabindex=\"0\" role=\"button\" class=\"alignnone wp-image-13109 size-full\" src=\"https:\/\/i0.wp.com\/stefan-taege.de\/kasia\/wp-content\/uploads\/2018\/03\/WP_20170912_16_34_33_Pro.jpg?resize=800%2C450&#038;ssl=1\" alt=\"\" width=\"800\" height=\"450\" srcset=\"https:\/\/i0.wp.com\/stefan-taege.de\/kasia\/wp-content\/uploads\/2018\/03\/WP_20170912_16_34_33_Pro.jpg?w=800&amp;ssl=1 800w, https:\/\/i0.wp.com\/stefan-taege.de\/kasia\/wp-content\/uploads\/2018\/03\/WP_20170912_16_34_33_Pro.jpg?resize=300%2C169&amp;ssl=1 300w, https:\/\/i0.wp.com\/stefan-taege.de\/kasia\/wp-content\/uploads\/2018\/03\/WP_20170912_16_34_33_Pro.jpg?resize=768%2C432&amp;ssl=1 768w\" sizes=\"(max-width: 800px) 100vw, 800px\" data-recalc-dims=\"1\" \/><\/p>\n<p>Wir unterhalten uns weiter \u00fcber Bildung und welche Bedeutung sie f\u00fcr den Menschen heute hat.<\/p>\n<p>&#8222;Wie kommen denn die Kinder zur Schule bei den weiten Entfernungen hier?&#8220; Fragt jemand, woraufhin Thorsten l\u00e4chelt.<\/p>\n<p>&#8222;Wir haben clevere Kinder hier.&#8220; Sagt er. In Namibia herrscht Schulpflicht, also m\u00fcssen die Kinder in die Schule, und auch f\u00fcr die weiten Entfernungen hat man eine L\u00f6sung gefunden. Die Kinder wohnen w\u00e4hrend der Schulzeit nahe ihrer Schulen und kommen in den Ferien nach Hause. Doch nicht alle Eltern wollen das.<\/p>\n<p>&#8222;Den Himbavolk ist beispielsweise die Bildung ihrer Kinder ein Dorn im Auge. Denn die Kinder laufen ihnen davon. Sie bleiben in den St\u00e4dten, in denen es Arbeit gibt. Die Himba sind Hirten. Doch ein Himbakind, das einmal ein Smartphone in der Hand hatte, das einmal Cola getrunken hatte, das kommt nicht mehr zur\u00fcck. Dann ist es vorbei mit Ziegen h\u00fcten.&#8220; Sagt Thorsten. &#8222;Die Welt ver\u00e4ndert sich. Wir m\u00fcssen uns damit abfinden &#8211; und das ist nicht wertend gemeint, es ist einfach so &#8211; dass Kulturen wie die der Himba, so wie sie jetzt existieren, in den n\u00e4chsten Jahren aussterben werden. Denn wof\u00fcr ist Bildung wichtig? Um zu arbeiten, Geld zu verdienen, ein Teil des Systems zu sein, es am Leben zu erhalten. Etwas anderes l\u00e4sst unser System nicht zu.&#8220;<\/p>\n<p><img loading=\"lazy\" decoding=\"async\" data-attachment-id=\"13100\" data-permalink=\"https:\/\/stefan-taege.de\/kasia\/2018\/02\/24\/eine-farm-mitten-im-aeltesten-gebirge-der-welt\/samsung-csc-1013\/\" data-orig-file=\"https:\/\/i0.wp.com\/stefan-taege.de\/kasia\/wp-content\/uploads\/2018\/03\/SAM1613.jpg?fit=800%2C534&amp;ssl=1\" data-orig-size=\"800,534\" data-comments-opened=\"1\" data-image-meta=\"{&quot;aperture&quot;:&quot;5.6&quot;,&quot;credit&quot;:&quot;Picasa&quot;,&quot;camera&quot;:&quot;NX1100&quot;,&quot;caption&quot;:&quot;SAMSUNG CSC&quot;,&quot;created_timestamp&quot;:&quot;1480801501&quot;,&quot;copyright&quot;:&quot;&quot;,&quot;focal_length&quot;:&quot;200&quot;,&quot;iso&quot;:&quot;400&quot;,&quot;shutter_speed&quot;:&quot;0.0025&quot;,&quot;title&quot;:&quot;SAMSUNG CSC&quot;,&quot;orientation&quot;:&quot;0&quot;}\" data-image-title=\"SAMSUNG CSC\" data-image-description=\"\" data-image-caption=\"\" data-medium-file=\"https:\/\/i0.wp.com\/stefan-taege.de\/kasia\/wp-content\/uploads\/2018\/03\/SAM1613.jpg?fit=300%2C200&amp;ssl=1\" data-large-file=\"https:\/\/i0.wp.com\/stefan-taege.de\/kasia\/wp-content\/uploads\/2018\/03\/SAM1613.jpg?fit=800%2C534&amp;ssl=1\" tabindex=\"0\" role=\"button\" class=\"alignnone wp-image-13100 size-full\" src=\"https:\/\/i0.wp.com\/stefan-taege.de\/kasia\/wp-content\/uploads\/2018\/03\/SAM1613.jpg?resize=800%2C534&#038;ssl=1\" alt=\"\" width=\"800\" height=\"534\" srcset=\"https:\/\/i0.wp.com\/stefan-taege.de\/kasia\/wp-content\/uploads\/2018\/03\/SAM1613.jpg?w=800&amp;ssl=1 800w, https:\/\/i0.wp.com\/stefan-taege.de\/kasia\/wp-content\/uploads\/2018\/03\/SAM1613.jpg?resize=300%2C200&amp;ssl=1 300w, https:\/\/i0.wp.com\/stefan-taege.de\/kasia\/wp-content\/uploads\/2018\/03\/SAM1613.jpg?resize=768%2C513&amp;ssl=1 768w\" sizes=\"(max-width: 800px) 100vw, 800px\" data-recalc-dims=\"1\" \/><\/p>\n<p>Hier melden sich auch gegenteilige Meinungen zu Wort. Bildung sei wichtig f\u00fcr einen selbst, daf\u00fcr, eine Vorstellung von der Welt und ihrer Vielfalt zu bekommen. Um mehr M\u00f6glichkeiten im Leben zu haben als das, was man vom Elternhaus her kennt.<\/p>\n<p>Interessant an dieser Stelle ist der Aspekt der sozialen Intelligenz. Die meisten vertreten die Meinung, dass Bildung den Kindern hilft, soziale Kompetenz zu entwickeln, die Toleranz f\u00f6rdert anderen Lebensarten und Kulturen gegen\u00fcber. In einigen islamischen L\u00e4ndern ist die Bildung gar ein Instrument, das eingesetzt wird, um extremistischen Tendenzen entgegen zu wirken.<\/p>\n<p><img loading=\"lazy\" decoding=\"async\" data-attachment-id=\"13099\" data-permalink=\"https:\/\/stefan-taege.de\/kasia\/2018\/02\/24\/eine-farm-mitten-im-aeltesten-gebirge-der-welt\/samsung-csc-1012\/\" data-orig-file=\"https:\/\/i0.wp.com\/stefan-taege.de\/kasia\/wp-content\/uploads\/2018\/03\/SAM1603.jpg?fit=800%2C534&amp;ssl=1\" data-orig-size=\"800,534\" data-comments-opened=\"1\" data-image-meta=\"{&quot;aperture&quot;:&quot;5&quot;,&quot;credit&quot;:&quot;Picasa&quot;,&quot;camera&quot;:&quot;NX1100&quot;,&quot;caption&quot;:&quot;SAMSUNG CSC&quot;,&quot;created_timestamp&quot;:&quot;1480800444&quot;,&quot;copyright&quot;:&quot;&quot;,&quot;focal_length&quot;:&quot;50&quot;,&quot;iso&quot;:&quot;100&quot;,&quot;shutter_speed&quot;:&quot;0.004&quot;,&quot;title&quot;:&quot;SAMSUNG CSC&quot;,&quot;orientation&quot;:&quot;0&quot;}\" data-image-title=\"SAMSUNG CSC\" data-image-description=\"\" data-image-caption=\"\" data-medium-file=\"https:\/\/i0.wp.com\/stefan-taege.de\/kasia\/wp-content\/uploads\/2018\/03\/SAM1603.jpg?fit=300%2C200&amp;ssl=1\" data-large-file=\"https:\/\/i0.wp.com\/stefan-taege.de\/kasia\/wp-content\/uploads\/2018\/03\/SAM1603.jpg?fit=800%2C534&amp;ssl=1\" tabindex=\"0\" role=\"button\" class=\"alignnone wp-image-13099 size-full\" src=\"https:\/\/i0.wp.com\/stefan-taege.de\/kasia\/wp-content\/uploads\/2018\/03\/SAM1603.jpg?resize=800%2C534&#038;ssl=1\" alt=\"\" width=\"800\" height=\"534\" srcset=\"https:\/\/i0.wp.com\/stefan-taege.de\/kasia\/wp-content\/uploads\/2018\/03\/SAM1603.jpg?w=800&amp;ssl=1 800w, https:\/\/i0.wp.com\/stefan-taege.de\/kasia\/wp-content\/uploads\/2018\/03\/SAM1603.jpg?resize=300%2C200&amp;ssl=1 300w, https:\/\/i0.wp.com\/stefan-taege.de\/kasia\/wp-content\/uploads\/2018\/03\/SAM1603.jpg?resize=768%2C513&amp;ssl=1 768w\" sizes=\"(max-width: 800px) 100vw, 800px\" data-recalc-dims=\"1\" \/><\/p>\n<p>Doch hie\u00dfe das im Umkehrschluss, indigene V\u00f6lker h\u00e4tten wenig bis keine soziale Kompetenz? Kann man diese Kulturen absprechen, die es schon so in der Form seit Hunderten von Jahren gibt? Bekommen die Kinder denn nicht ein Miteinander von ihren Eltern und der Gemeinschaft vermittelt, auch ohne schulische Bildung? Und l\u00e4sst das enge Zusammenleben in einer kleinen Gemeinschaft gar eine andere M\u00f6glichkeit zu als die einer hohen sozialen Kompetenz, die f\u00fcr den Zusammenhalt notwendig ist? Bei diesem Thema bin ich geteilter Meinung. Und ja &#8211; Thorsten hat Recht: Ein Leben wie vor ein paar hundert Jahren ist in der heutigen Zeit nicht mehr m\u00f6glich, wird von einem System wie dem unseren, das sich auf der ganzen Welt etabliert hatte, nicht toleriert.<\/p>\n<p>Lena und Thorsten sprechen auch \u00fcber die Versorgung hier in der W\u00fcste. Das sogenannte Jagdwild, dazu geh\u00f6ren auch die Oryx und der Springbock auf unserem Teller, das sich auf dem Territorium der eigenen Farm aufh\u00e4lt, darf f\u00fcr den eigenen Bedarf gejagt und geschossen werden. Thorsten schie\u00dft die Tiere selbst, unter Verwendung eines Schalld\u00e4mpfers und nach M\u00f6glichkeit einem einzigen, gezielten Schuss. Einige Farmen lie\u00dfen sich von Hobbyj\u00e4gern viel Geld daf\u00fcr bezahlen, damit diese auf dem Farmgel\u00e4nde jagen d\u00fcrfen, erfahren wir. Es h\u00e4tte sich in Namibia ein richtiggehender Jagdtourismus entwickelt.<\/p>\n<p><img loading=\"lazy\" decoding=\"async\" data-attachment-id=\"13113\" data-permalink=\"https:\/\/stefan-taege.de\/kasia\/2018\/02\/24\/eine-farm-mitten-im-aeltesten-gebirge-der-welt\/samsung-csc-1016\/\" data-orig-file=\"https:\/\/i0.wp.com\/stefan-taege.de\/kasia\/wp-content\/uploads\/2018\/03\/SAM1598.jpg?fit=800%2C534&amp;ssl=1\" data-orig-size=\"800,534\" data-comments-opened=\"1\" data-image-meta=\"{&quot;aperture&quot;:&quot;6.3&quot;,&quot;credit&quot;:&quot;Picasa&quot;,&quot;camera&quot;:&quot;NX1100&quot;,&quot;caption&quot;:&quot;SAMSUNG CSC&quot;,&quot;created_timestamp&quot;:&quot;1480800138&quot;,&quot;copyright&quot;:&quot;&quot;,&quot;focal_length&quot;:&quot;100&quot;,&quot;iso&quot;:&quot;100&quot;,&quot;shutter_speed&quot;:&quot;0.002&quot;,&quot;title&quot;:&quot;SAMSUNG CSC&quot;,&quot;orientation&quot;:&quot;0&quot;}\" data-image-title=\"SAMSUNG CSC\" data-image-description=\"\" data-image-caption=\"\" data-medium-file=\"https:\/\/i0.wp.com\/stefan-taege.de\/kasia\/wp-content\/uploads\/2018\/03\/SAM1598.jpg?fit=300%2C200&amp;ssl=1\" data-large-file=\"https:\/\/i0.wp.com\/stefan-taege.de\/kasia\/wp-content\/uploads\/2018\/03\/SAM1598.jpg?fit=800%2C534&amp;ssl=1\" tabindex=\"0\" role=\"button\" class=\"alignnone wp-image-13113 size-full\" src=\"https:\/\/i0.wp.com\/stefan-taege.de\/kasia\/wp-content\/uploads\/2018\/03\/SAM1598.jpg?resize=800%2C534&#038;ssl=1\" alt=\"\" width=\"800\" height=\"534\" srcset=\"https:\/\/i0.wp.com\/stefan-taege.de\/kasia\/wp-content\/uploads\/2018\/03\/SAM1598.jpg?w=800&amp;ssl=1 800w, https:\/\/i0.wp.com\/stefan-taege.de\/kasia\/wp-content\/uploads\/2018\/03\/SAM1598.jpg?resize=300%2C200&amp;ssl=1 300w, https:\/\/i0.wp.com\/stefan-taege.de\/kasia\/wp-content\/uploads\/2018\/03\/SAM1598.jpg?resize=768%2C513&amp;ssl=1 768w\" sizes=\"(max-width: 800px) 100vw, 800px\" data-recalc-dims=\"1\" \/><\/p>\n<p>Wir sind eine sch\u00f6ne, homogene Gruppe, die an diesem Abend hier am Tisch sitzt. Acht P\u00e4rchen, allesamt Deutsche, die meisten aus dem S\u00fcden. Doch das sei Zufall, meinen die beiden, denn sie machten keine spezielle Werbung daf\u00fcr, dass hier deutsch gesprochen wird.<\/p>\n<p>Und so unterhalten wir uns bis in den sp\u00e4ten Abend hinein. Das Kerzenlicht spiegelt sich in den Gesichtern unserer Gastgeber, die am Kopfende der Tafel sitzen, und unwillk\u00fcrlich f\u00fchle ich mich an alte Filme wie &#8222;Vom Winde verweht&#8220; erinnert. Die Angestellten sehen wir an diesen Abend nicht, sie bleiben im Hintergrund; Thorsten und Linn tragen das Essen auf. Die Angestellten wohnen auf der Farm und fahren in ihrer Urlaubszeit nach Hause, erkl\u00e4rt Thorsten auf die Nachfrage eines Gastes hin und zerstreut damit meine Bedenken, ob denn die Menschen, die hier wohnen und arbeiten, denn so etwas wie Urlaub h\u00e4tten.<\/p>\n<p><img loading=\"lazy\" decoding=\"async\" data-attachment-id=\"13112\" data-permalink=\"https:\/\/stefan-taege.de\/kasia\/2018\/02\/24\/eine-farm-mitten-im-aeltesten-gebirge-der-welt\/samsung-csc-1015\/\" data-orig-file=\"https:\/\/i0.wp.com\/stefan-taege.de\/kasia\/wp-content\/uploads\/2018\/03\/SAM1601.jpg?fit=800%2C534&amp;ssl=1\" data-orig-size=\"800,534\" data-comments-opened=\"1\" data-image-meta=\"{&quot;aperture&quot;:&quot;5.6&quot;,&quot;credit&quot;:&quot;Picasa&quot;,&quot;camera&quot;:&quot;NX1100&quot;,&quot;caption&quot;:&quot;SAMSUNG CSC&quot;,&quot;created_timestamp&quot;:&quot;1480800153&quot;,&quot;copyright&quot;:&quot;&quot;,&quot;focal_length&quot;:&quot;200&quot;,&quot;iso&quot;:&quot;200&quot;,&quot;shutter_speed&quot;:&quot;0.0025&quot;,&quot;title&quot;:&quot;SAMSUNG CSC&quot;,&quot;orientation&quot;:&quot;0&quot;}\" data-image-title=\"SAMSUNG CSC\" data-image-description=\"\" data-image-caption=\"\" data-medium-file=\"https:\/\/i0.wp.com\/stefan-taege.de\/kasia\/wp-content\/uploads\/2018\/03\/SAM1601.jpg?fit=300%2C200&amp;ssl=1\" data-large-file=\"https:\/\/i0.wp.com\/stefan-taege.de\/kasia\/wp-content\/uploads\/2018\/03\/SAM1601.jpg?fit=800%2C534&amp;ssl=1\" tabindex=\"0\" role=\"button\" class=\"alignnone wp-image-13112 size-full\" src=\"https:\/\/i0.wp.com\/stefan-taege.de\/kasia\/wp-content\/uploads\/2018\/03\/SAM1601.jpg?resize=800%2C534&#038;ssl=1\" alt=\"\" width=\"800\" height=\"534\" srcset=\"https:\/\/i0.wp.com\/stefan-taege.de\/kasia\/wp-content\/uploads\/2018\/03\/SAM1601.jpg?w=800&amp;ssl=1 800w, https:\/\/i0.wp.com\/stefan-taege.de\/kasia\/wp-content\/uploads\/2018\/03\/SAM1601.jpg?resize=300%2C200&amp;ssl=1 300w, https:\/\/i0.wp.com\/stefan-taege.de\/kasia\/wp-content\/uploads\/2018\/03\/SAM1601.jpg?resize=768%2C513&amp;ssl=1 768w\" sizes=\"(max-width: 800px) 100vw, 800px\" data-recalc-dims=\"1\" \/><\/p>\n<p>Viele wilde Tiere durchqueren die Namtib-Farm oder haben hier ihr Jagdrevier wie die bereits erw\u00e4hnten Oryx, Spring- und Steinb\u00f6cke, aber auch der Gepard und der Leopard. Auch kleinere und gr\u00f6\u00dfere Schlangen bis hin zur Schwarzen Mamba sind hier anzutreffen wie auch Hy\u00e4nen, Schakale und die unvermeidlichen Paviane.<\/p>\n<p>Als wir uns nach dem Abendessen zum Schlafengehen verabschieden, erschl\u00e4gt uns drau\u00dfen beinahe der leuchtende Sternenhimmel. Es ist pechschwarze Nacht und wir sind irgendwo am Rande der Welt, tief in den \u00e4ltesten Bergen der Welt. Keine Lichtquellen weit und breit, der Himmel leuchtet und funkelt mit einer solchen Klarheit, als h\u00e4tte ihn jemand mit kleinen und gro\u00dfen Diamanten beschlagen. Die Milchstra\u00dfe ist als ein helles, nebelhaftes Band zu sehen und die Sternbilder sind mir auf dieser H\u00e4lfte der Erdkugel v\u00f6llig fremd. Wir setzen uns auf die Steine, die die Pflanzenwelt in der Mitte des Innenhofs umranden, und legen die K\u00f6pfe in den Nacken.<\/p>\n<p>Wir bleiben solange, bis Stefan m\u00fcde wird und reingehen m\u00f6chte. Doch obwohl auch ich m\u00fcde bin, habe ich das Gef\u00fchl, sobald ich diesen Platz hier und diesen Himmel \u00fcber mir zur\u00fccklasse, verfl\u00fcchtigt sich der Augenblick und ich verpasse etwas. So lange wie m\u00f6glich m\u00f6chte ich in diesen gro\u00dfartigen Diamantenhimmel schauen&#8230;<\/p>\n<p><img loading=\"lazy\" decoding=\"async\" data-attachment-id=\"13107\" data-permalink=\"https:\/\/stefan-taege.de\/kasia\/2018\/02\/24\/eine-farm-mitten-im-aeltesten-gebirge-der-welt\/wp_20170912_19_22_53_pro\/\" data-orig-file=\"https:\/\/i0.wp.com\/stefan-taege.de\/kasia\/wp-content\/uploads\/2018\/03\/WP_20170912_19_22_53_Pro.jpg?fit=800%2C450&amp;ssl=1\" data-orig-size=\"800,450\" data-comments-opened=\"1\" data-image-meta=\"{&quot;aperture&quot;:&quot;2.2&quot;,&quot;credit&quot;:&quot;Picasa&quot;,&quot;camera&quot;:&quot;Lumia 1020&quot;,&quot;caption&quot;:&quot;&quot;,&quot;created_timestamp&quot;:&quot;1505244172&quot;,&quot;copyright&quot;:&quot;&quot;,&quot;focal_length&quot;:&quot;0&quot;,&quot;iso&quot;:&quot;800&quot;,&quot;shutter_speed&quot;:&quot;0.202396&quot;,&quot;title&quot;:&quot;&quot;,&quot;orientation&quot;:&quot;0&quot;}\" data-image-title=\"WP_20170912_19_22_53_Pro\" data-image-description=\"\" data-image-caption=\"\" data-medium-file=\"https:\/\/i0.wp.com\/stefan-taege.de\/kasia\/wp-content\/uploads\/2018\/03\/WP_20170912_19_22_53_Pro.jpg?fit=300%2C169&amp;ssl=1\" data-large-file=\"https:\/\/i0.wp.com\/stefan-taege.de\/kasia\/wp-content\/uploads\/2018\/03\/WP_20170912_19_22_53_Pro.jpg?fit=800%2C450&amp;ssl=1\" tabindex=\"0\" role=\"button\" class=\"alignnone wp-image-13107 size-full\" src=\"https:\/\/i0.wp.com\/stefan-taege.de\/kasia\/wp-content\/uploads\/2018\/03\/WP_20170912_19_22_53_Pro.jpg?resize=800%2C450&#038;ssl=1\" alt=\"\" width=\"800\" height=\"450\" srcset=\"https:\/\/i0.wp.com\/stefan-taege.de\/kasia\/wp-content\/uploads\/2018\/03\/WP_20170912_19_22_53_Pro.jpg?w=800&amp;ssl=1 800w, https:\/\/i0.wp.com\/stefan-taege.de\/kasia\/wp-content\/uploads\/2018\/03\/WP_20170912_19_22_53_Pro.jpg?resize=300%2C169&amp;ssl=1 300w, https:\/\/i0.wp.com\/stefan-taege.de\/kasia\/wp-content\/uploads\/2018\/03\/WP_20170912_19_22_53_Pro.jpg?resize=768%2C432&amp;ssl=1 768w\" sizes=\"(max-width: 800px) 100vw, 800px\" data-recalc-dims=\"1\" \/><\/p>\n<p><iframe loading=\"lazy\" src=\"https:\/\/www.youtube.com\/embed\/OyxW-2MmW_Q\" width=\"560\" height=\"315\" frameborder=\"0\" allowfullscreen=\"allowfullscreen\"><\/iframe><\/p>\n<h6><\/h6>\n<div class=\"shariff shariff-align-left shariff-widget-align-left\" data-services=\"facebook%7Cpinterest%7Ctumblr\" data-url=\"https:\/\/stefan-taege.de\/kasia\/2018\/02\/24\/eine-farm-mitten-im-aeltesten-gebirge-der-welt\/\" data-timestamp=\"1691434040\" data-backendurl=\"https:\/\/stefan-taege.de\/kasia\/wp-json\/shariff\/v1\/share_counts?\"><ul class=\"shariff-buttons theme-round orientation-horizontal buttonsize-medium\"><li class=\"shariff-button twitter shariff-nocustomcolor\" style=\"background-color:#595959\"><a href=\"https:\/\/twitter.com\/share?url=https%3A%2F%2Fstefan-taege.de%2Fkasia%2F2018%2F02%2F24%2Feine-farm-mitten-im-aeltesten-gebirge-der-welt%2F&text=Die%20Farm%20in%20den%20Tirasbergen%20%E2%80%93%20Thorsten%20und%20Linn\" title=\"Bei X teilen\" aria-label=\"Bei X teilen\" role=\"button\" rel=\"noopener nofollow\" class=\"shariff-link\" style=\"; background-color:#000; color:#fff\" target=\"_blank\"><span class=\"shariff-icon\" style=\"\"><svg width=\"32px\" height=\"20px\" xmlns=\"http:\/\/www.w3.org\/2000\/svg\" viewBox=\"0 0 24 24\"><path fill=\"#000\" d=\"M14.258 10.152L23.176 0h-2.113l-7.747 8.813L7.133 0H0l9.352 13.328L0 23.973h2.113l8.176-9.309 6.531 9.309h7.133zm-2.895 3.293l-.949-1.328L2.875 1.56h3.246l6.086 8.523.945 1.328 7.91 11.078h-3.246zm0 0\"\/><\/svg><\/span><\/a><\/li><li class=\"shariff-button facebook shariff-nocustomcolor\" style=\"background-color:#4273c8\"><a href=\"https:\/\/www.facebook.com\/sharer\/sharer.php?u=https%3A%2F%2Fstefan-taege.de%2Fkasia%2F2018%2F02%2F24%2Feine-farm-mitten-im-aeltesten-gebirge-der-welt%2F\" title=\"Bei Facebook teilen\" aria-label=\"Bei Facebook teilen\" role=\"button\" rel=\"nofollow\" class=\"shariff-link\" style=\"; background-color:#3b5998; color:#fff\" target=\"_blank\"><span class=\"shariff-icon\" style=\"\"><svg width=\"32px\" height=\"20px\" xmlns=\"http:\/\/www.w3.org\/2000\/svg\" viewBox=\"0 0 18 32\"><path fill=\"#3b5998\" d=\"M17.1 0.2v4.7h-2.8q-1.5 0-2.1 0.6t-0.5 1.9v3.4h5.2l-0.7 5.3h-4.5v13.6h-5.5v-13.6h-4.5v-5.3h4.5v-3.9q0-3.3 1.9-5.2t5-1.8q2.6 0 4.1 0.2z\"\/><\/svg><\/span><span data-service=\"facebook\" style=\"color:#3b5998\" class=\"shariff-count shariff-hidezero\"><\/span>&nbsp;<\/a><\/li><li class=\"shariff-button pinterest shariff-nocustomcolor\" style=\"background-color:#e70f18\"><a href=\"https:\/\/www.pinterest.com\/pin\/create\/link\/?url=https%3A%2F%2Fstefan-taege.de%2Fkasia%2F2018%2F02%2F24%2Feine-farm-mitten-im-aeltesten-gebirge-der-welt%2F&media=https%3A%2F%2Fstefan-taege.de%2Fkasia%2Fwp-content%2Fuploads%2F2018%2F02%2FWP_20170912_16_59_54_Pro.jpg&description=Die%20Farm%20in%20den%20Tirasbergen%20%E2%80%93%20Thorsten%20und%20Linn\" title=\"Bei Pinterest pinnen\" aria-label=\"Bei Pinterest pinnen\" role=\"button\" rel=\"noopener nofollow\" class=\"shariff-link\" style=\"; background-color:#cb2027; color:#fff\" target=\"_blank\"><span class=\"shariff-icon\" style=\"\"><svg width=\"32px\" height=\"20px\" xmlns=\"http:\/\/www.w3.org\/2000\/svg\" viewBox=\"0 0 27 32\"><path fill=\"#cb2027\" d=\"M27.4 16q0 3.7-1.8 6.9t-5 5-6.9 1.9q-2 0-3.9-0.6 1.1-1.7 1.4-2.9 0.2-0.6 1-3.8 0.4 0.7 1.3 1.2t2 0.5q2.1 0 3.8-1.2t2.7-3.4 0.9-4.8q0-2-1.1-3.8t-3.1-2.9-4.5-1.2q-1.9 0-3.5 0.5t-2.8 1.4-2 2-1.2 2.3-0.4 2.4q0 1.9 0.7 3.3t2.1 2q0.5 0.2 0.7-0.4 0-0.1 0.1-0.5t0.2-0.5q0.1-0.4-0.2-0.8-0.9-1.1-0.9-2.7 0-2.7 1.9-4.6t4.9-2q2.7 0 4.2 1.5t1.5 3.8q0 3-1.2 5.2t-3.1 2.1q-1.1 0-1.7-0.8t-0.4-1.9q0.1-0.6 0.5-1.7t0.5-1.8 0.2-1.4q0-0.9-0.5-1.5t-1.4-0.6q-1.1 0-1.9 1t-0.8 2.6q0 1.3 0.4 2.2l-1.8 7.5q-0.3 1.2-0.2 3.2-3.7-1.6-6-5t-2.3-7.6q0-3.7 1.9-6.9t5-5 6.9-1.9 6.9 1.9 5 5 1.8 6.9z\"\/><\/svg><\/span><span data-service=\"pinterest\" style=\"color:#cb2027\" class=\"shariff-count shariff-hidezero\"><\/span>&nbsp;<\/a><\/li><li class=\"shariff-button tumblr shariff-nocustomcolor\" style=\"background-color:#529ecc\"><a href=\"https:\/\/www.tumblr.com\/widgets\/share\/tool?posttype=link&canonicalUrl=https%3A%2F%2Fstefan-taege.de%2Fkasia%2F2018%2F02%2F24%2Feine-farm-mitten-im-aeltesten-gebirge-der-welt%2F&tags=stefan-taege.de\" title=\"Bei tumblr teilen\" aria-label=\"Bei tumblr teilen\" role=\"button\" rel=\"noopener nofollow\" class=\"shariff-link\" style=\"; background-color:#36465d; color:#fff\" target=\"_blank\"><span class=\"shariff-icon\" style=\"\"><svg width=\"32px\" height=\"20px\" xmlns=\"http:\/\/www.w3.org\/2000\/svg\" viewBox=\"0 0 32 32\"><path fill=\"#36465d\" d=\"M18 14l0 7.3c0 1.9 0 2.9 0.2 3.5 0.2 0.5 0.7 1.1 1.2 1.4 0.7 0.4 1.5 0.6 2.4 0.6 1.6 0 2.6-0.2 4.2-1.3v4.8c-1.4 0.6-2.6 1-3.7 1.3-1.1 0.3-2.3 0.4-3.6 0.4-1.5 0-2.3-0.2-3.4-0.6-1.1-0.4-2.1-0.9-2.9-1.6-0.8-0.7-1.3-1.4-1.7-2.2s-0.5-1.9-0.5-3.4v-11.2h-4.3v-4.5c1.3-0.4 2.7-1 3.6-1.8 0.9-0.8 1.6-1.7 2.2-2.7 0.5-1.1 0.9-2.4 1.1-4.1h5.2l0 8h8v6h-8z\"\/><\/svg><\/span><span data-service=\"tumblr\" style=\"color:#36465d\" class=\"shariff-count shariff-hidezero\"><\/span>&nbsp;<\/a><\/li><li class=\"shariff-button xing shariff-nocustomcolor\" style=\"background-color:#29888a\"><a href=\"https:\/\/www.xing.com\/spi\/shares\/new?url=https%3A%2F%2Fstefan-taege.de%2Fkasia%2F2018%2F02%2F24%2Feine-farm-mitten-im-aeltesten-gebirge-der-welt%2F\" title=\"Bei XING teilen\" aria-label=\"Bei XING teilen\" role=\"button\" rel=\"noopener nofollow\" class=\"shariff-link\" style=\"; background-color:#126567; color:#fff\" target=\"_blank\"><span class=\"shariff-icon\" style=\"\"><svg width=\"32px\" height=\"20px\" xmlns=\"http:\/\/www.w3.org\/2000\/svg\" viewBox=\"0 0 25 32\"><path fill=\"#126567\" d=\"M10.7 11.9q-0.2 0.3-4.6 8.2-0.5 0.8-1.2 0.8h-4.3q-0.4 0-0.5-0.3t0-0.6l4.5-8q0 0 0 0l-2.9-5q-0.2-0.4 0-0.7 0.2-0.3 0.5-0.3h4.3q0.7 0 1.2 0.8zM25.1 0.4q0.2 0.3 0 0.7l-9.4 16.7 6 11q0.2 0.4 0 0.6-0.2 0.3-0.6 0.3h-4.3q-0.7 0-1.2-0.8l-6-11.1q0.3-0.6 9.5-16.8 0.4-0.8 1.2-0.8h4.3q0.4 0 0.5 0.3z\"\/><\/svg><\/span><\/a><\/li><li class=\"shariff-button rss shariff-nocustomcolor\" style=\"background-color:#ff8c00\"><a href=\"https:\/\/stefan-taege.de\/kasia\/feed\/rss\/\" title=\"RSS-feed\" aria-label=\"RSS-feed\" role=\"button\" class=\"shariff-link\" style=\"; background-color:#fe9312; color:#fff\" target=\"_blank\"><span class=\"shariff-icon\" style=\"\"><svg width=\"32px\" height=\"20px\" xmlns=\"http:\/\/www.w3.org\/2000\/svg\" viewBox=\"0 0 32 32\"><path fill=\"#fe9312\" d=\"M4.3 23.5c-2.3 0-4.3 1.9-4.3 4.3 0 2.3 1.9 4.2 4.3 4.2 2.4 0 4.3-1.9 4.3-4.2 0-2.3-1.9-4.3-4.3-4.3zM0 10.9v6.1c4 0 7.7 1.6 10.6 4.4 2.8 2.8 4.4 6.6 4.4 10.6h6.2c0-11.7-9.5-21.1-21.1-21.1zM0 0v6.1c14.2 0 25.8 11.6 25.8 25.9h6.2c0-17.6-14.4-32-32-32z\"\/><\/svg><\/span><\/a><\/li><li class=\"shariff-button linkedin shariff-nocustomcolor\" style=\"background-color:#1488bf\"><a href=\"https:\/\/www.linkedin.com\/sharing\/share-offsite\/?url=https%3A%2F%2Fstefan-taege.de%2Fkasia%2F2018%2F02%2F24%2Feine-farm-mitten-im-aeltesten-gebirge-der-welt%2F\" title=\"Bei LinkedIn teilen\" aria-label=\"Bei LinkedIn teilen\" role=\"button\" rel=\"noopener nofollow\" class=\"shariff-link\" style=\"; background-color:#0077b5; color:#fff\" target=\"_blank\"><span class=\"shariff-icon\" style=\"\"><svg width=\"32px\" height=\"20px\" xmlns=\"http:\/\/www.w3.org\/2000\/svg\" viewBox=\"0 0 27 32\"><path fill=\"#0077b5\" d=\"M6.2 11.2v17.7h-5.9v-17.7h5.9zM6.6 5.7q0 1.3-0.9 2.2t-2.4 0.9h0q-1.5 0-2.4-0.9t-0.9-2.2 0.9-2.2 2.4-0.9 2.4 0.9 0.9 2.2zM27.4 18.7v10.1h-5.9v-9.5q0-1.9-0.7-2.9t-2.3-1.1q-1.1 0-1.9 0.6t-1.2 1.5q-0.2 0.5-0.2 1.4v9.9h-5.9q0-7.1 0-11.6t0-5.3l0-0.9h5.9v2.6h0q0.4-0.6 0.7-1t1-0.9 1.6-0.8 2-0.3q3 0 4.9 2t1.9 6z\"\/><\/svg><\/span><\/a><\/li><\/ul><\/div>","protected":false},"excerpt":{"rendered":"<p>Die Namtib Farm, 12 September 2017 Ich mache mich auf, das Gel\u00e4nde der Farm zu erkunden. Die niedrigen Bungalows umgeben &hellip; <\/p>\n","protected":false},"author":1,"featured_media":43905,"comment_status":"open","ping_status":"open","sticky":false,"template":"","format":"standard","meta":{"jetpack_post_was_ever_published":false,"_jetpack_newsletter_access":"","_jetpack_dont_email_post_to_subs":false,"_jetpack_newsletter_tier_id":0,"_jetpack_memberships_contains_paywalled_content":false,"footnotes":"","_jetpack_memberships_contains_paid_content":false},"categories":[1225,1432],"tags":[2598,1741,1745],"yoast_head":"<!-- This site is optimized with the Yoast SEO plugin v23.5 - https:\/\/yoast.com\/wordpress\/plugins\/seo\/ -->\n<title>Die Farm in den Tirasbergen - Thorsten und Linn - windrose.rocks<\/title>\n<meta name=\"description\" content=\"Namtib Farm. Ich mache mich auf, das Gel\u00e4nde der Farm zu erkunden. Die niedrigen Bungalows umgeben einen Innenhof; K\u00f6cherb\u00e4ume und ein kleiner Teich bilden das Herz der Anlage. Die Farm liegt eingebettet zwischen zwei gewaltigen Bergen, die r\u00f6tlich im Licht der Abendsonne leuchten.\" \/>\n<meta name=\"robots\" content=\"index, follow, max-snippet:-1, max-image-preview:large, max-video-preview:-1\" \/>\n<link rel=\"canonical\" href=\"https:\/\/stefan-taege.de\/kasia\/2018\/02\/24\/eine-farm-mitten-im-aeltesten-gebirge-der-welt\/\" \/>\n<meta name=\"twitter:label1\" content=\"Verfasst von\" \/>\n\t<meta name=\"twitter:data1\" content=\"Kasia\" \/>\n\t<meta name=\"twitter:label2\" content=\"Gesch\u00e4tzte Lesezeit\" \/>\n\t<meta name=\"twitter:data2\" content=\"12\u00a0Minuten\" \/>\n<script type=\"application\/ld+json\" class=\"yoast-schema-graph\">{\"@context\":\"https:\/\/schema.org\",\"@graph\":[{\"@type\":\"WebPage\",\"@id\":\"https:\/\/stefan-taege.de\/kasia\/2018\/02\/24\/eine-farm-mitten-im-aeltesten-gebirge-der-welt\/\",\"url\":\"https:\/\/stefan-taege.de\/kasia\/2018\/02\/24\/eine-farm-mitten-im-aeltesten-gebirge-der-welt\/\",\"name\":\"Die Farm in den Tirasbergen - Thorsten und Linn - windrose.rocks\",\"isPartOf\":{\"@id\":\"https:\/\/stefan-taege.de\/kasia\/#website\"},\"primaryImageOfPage\":{\"@id\":\"https:\/\/stefan-taege.de\/kasia\/2018\/02\/24\/eine-farm-mitten-im-aeltesten-gebirge-der-welt\/#primaryimage\"},\"image\":{\"@id\":\"https:\/\/stefan-taege.de\/kasia\/2018\/02\/24\/eine-farm-mitten-im-aeltesten-gebirge-der-welt\/#primaryimage\"},\"thumbnailUrl\":\"https:\/\/i0.wp.com\/stefan-taege.de\/kasia\/wp-content\/uploads\/2018\/02\/WP_20170912_16_59_54_Pro.jpg?fit=1020%2C574&ssl=1\",\"datePublished\":\"2018-02-24T04:00:37+00:00\",\"dateModified\":\"2023-08-07T16:47:20+00:00\",\"author\":{\"@id\":\"https:\/\/stefan-taege.de\/kasia\/#\/schema\/person\/873b01562fbd03e9caa51512b2cb800f\"},\"description\":\"Namtib Farm. Ich mache mich auf, das Gel\u00e4nde der Farm zu erkunden. Die niedrigen Bungalows umgeben einen Innenhof; K\u00f6cherb\u00e4ume und ein kleiner Teich bilden das Herz der Anlage. Die Farm liegt eingebettet zwischen zwei gewaltigen Bergen, die r\u00f6tlich im Licht der Abendsonne leuchten.\",\"breadcrumb\":{\"@id\":\"https:\/\/stefan-taege.de\/kasia\/2018\/02\/24\/eine-farm-mitten-im-aeltesten-gebirge-der-welt\/#breadcrumb\"},\"inLanguage\":\"de\",\"potentialAction\":[{\"@type\":\"ReadAction\",\"target\":[\"https:\/\/stefan-taege.de\/kasia\/2018\/02\/24\/eine-farm-mitten-im-aeltesten-gebirge-der-welt\/\"]}]},{\"@type\":\"ImageObject\",\"inLanguage\":\"de\",\"@id\":\"https:\/\/stefan-taege.de\/kasia\/2018\/02\/24\/eine-farm-mitten-im-aeltesten-gebirge-der-welt\/#primaryimage\",\"url\":\"https:\/\/i0.wp.com\/stefan-taege.de\/kasia\/wp-content\/uploads\/2018\/02\/WP_20170912_16_59_54_Pro.jpg?fit=1020%2C574&ssl=1\",\"contentUrl\":\"https:\/\/i0.wp.com\/stefan-taege.de\/kasia\/wp-content\/uploads\/2018\/02\/WP_20170912_16_59_54_Pro.jpg?fit=1020%2C574&ssl=1\",\"width\":1020,\"height\":574},{\"@type\":\"BreadcrumbList\",\"@id\":\"https:\/\/stefan-taege.de\/kasia\/2018\/02\/24\/eine-farm-mitten-im-aeltesten-gebirge-der-welt\/#breadcrumb\",\"itemListElement\":[{\"@type\":\"ListItem\",\"position\":1,\"name\":\"Startseite\",\"item\":\"https:\/\/stefan-taege.de\/kasia\/\"},{\"@type\":\"ListItem\",\"position\":2,\"name\":\"Die Farm in den Tirasbergen &#8211; Thorsten und Linn\"}]},{\"@type\":\"WebSite\",\"@id\":\"https:\/\/stefan-taege.de\/kasia\/#website\",\"url\":\"https:\/\/stefan-taege.de\/kasia\/\",\"name\":\"windrose.rocks\",\"description\":\"Erz\u00e4hlungen einer Reisenden\",\"potentialAction\":[{\"@type\":\"SearchAction\",\"target\":{\"@type\":\"EntryPoint\",\"urlTemplate\":\"https:\/\/stefan-taege.de\/kasia\/?s={search_term_string}\"},\"query-input\":{\"@type\":\"PropertyValueSpecification\",\"valueRequired\":true,\"valueName\":\"search_term_string\"}}],\"inLanguage\":\"de\"},{\"@type\":\"Person\",\"@id\":\"https:\/\/stefan-taege.de\/kasia\/#\/schema\/person\/873b01562fbd03e9caa51512b2cb800f\",\"name\":\"Kasia\",\"image\":{\"@type\":\"ImageObject\",\"inLanguage\":\"de\",\"@id\":\"https:\/\/stefan-taege.de\/kasia\/#\/schema\/person\/image\/\",\"url\":\"https:\/\/secure.gravatar.com\/avatar\/b89791b780bc4ea83cc74789dc368178?s=96&d=mm&r=pg\",\"contentUrl\":\"https:\/\/secure.gravatar.com\/avatar\/b89791b780bc4ea83cc74789dc368178?s=96&d=mm&r=pg\",\"caption\":\"Kasia\"},\"description\":\"Hi, ich bin Kasia, die Stimme von \\\"windrose.rocks\\\" :-) Treibt Dich die Frage um, was sich denn alles jenseits der heimischen Couch verbirgt, bist Du rastlos und neugierig wie ich und sp\u00fcrst den Drang in Dir, in die Welt hinaus zu gehen? Dann tue es! Ich nehme Dich mit auf meine Reisen und lasse Dich hautnah das Unterwegs sein miterleben - in all seinen Facetten. Lass Dich inspirieren, komm mit mir und warte nicht l\u00e4nger, denn... die Welt ist so gro\u00df und wir sind so klein, und es gibt noch so viel zu sehen! Die Welt wartet auf uns.\",\"sameAs\":[\"https:\/\/stefan-taege.de\/kasia\/\"],\"url\":\"https:\/\/stefan-taege.de\/kasia\/author\/kasia\/\"}]}<\/script>\n<!-- \/ Yoast SEO plugin. -->","yoast_head_json":{"title":"Die Farm in den Tirasbergen - Thorsten und Linn - windrose.rocks","description":"Namtib Farm. Ich mache mich auf, das Gel\u00e4nde der Farm zu erkunden. Die niedrigen Bungalows umgeben einen Innenhof; K\u00f6cherb\u00e4ume und ein kleiner Teich bilden das Herz der Anlage. Die Farm liegt eingebettet zwischen zwei gewaltigen Bergen, die r\u00f6tlich im Licht der Abendsonne leuchten.","robots":{"index":"index","follow":"follow","max-snippet":"max-snippet:-1","max-image-preview":"max-image-preview:large","max-video-preview":"max-video-preview:-1"},"canonical":"https:\/\/stefan-taege.de\/kasia\/2018\/02\/24\/eine-farm-mitten-im-aeltesten-gebirge-der-welt\/","twitter_misc":{"Verfasst von":"Kasia","Gesch\u00e4tzte Lesezeit":"12\u00a0Minuten"},"schema":{"@context":"https:\/\/schema.org","@graph":[{"@type":"WebPage","@id":"https:\/\/stefan-taege.de\/kasia\/2018\/02\/24\/eine-farm-mitten-im-aeltesten-gebirge-der-welt\/","url":"https:\/\/stefan-taege.de\/kasia\/2018\/02\/24\/eine-farm-mitten-im-aeltesten-gebirge-der-welt\/","name":"Die Farm in den Tirasbergen - Thorsten und Linn - windrose.rocks","isPartOf":{"@id":"https:\/\/stefan-taege.de\/kasia\/#website"},"primaryImageOfPage":{"@id":"https:\/\/stefan-taege.de\/kasia\/2018\/02\/24\/eine-farm-mitten-im-aeltesten-gebirge-der-welt\/#primaryimage"},"image":{"@id":"https:\/\/stefan-taege.de\/kasia\/2018\/02\/24\/eine-farm-mitten-im-aeltesten-gebirge-der-welt\/#primaryimage"},"thumbnailUrl":"https:\/\/i0.wp.com\/stefan-taege.de\/kasia\/wp-content\/uploads\/2018\/02\/WP_20170912_16_59_54_Pro.jpg?fit=1020%2C574&ssl=1","datePublished":"2018-02-24T04:00:37+00:00","dateModified":"2023-08-07T16:47:20+00:00","author":{"@id":"https:\/\/stefan-taege.de\/kasia\/#\/schema\/person\/873b01562fbd03e9caa51512b2cb800f"},"description":"Namtib Farm. Ich mache mich auf, das Gel\u00e4nde der Farm zu erkunden. Die niedrigen Bungalows umgeben einen Innenhof; K\u00f6cherb\u00e4ume und ein kleiner Teich bilden das Herz der Anlage. Die Farm liegt eingebettet zwischen zwei gewaltigen Bergen, die r\u00f6tlich im Licht der Abendsonne leuchten.","breadcrumb":{"@id":"https:\/\/stefan-taege.de\/kasia\/2018\/02\/24\/eine-farm-mitten-im-aeltesten-gebirge-der-welt\/#breadcrumb"},"inLanguage":"de","potentialAction":[{"@type":"ReadAction","target":["https:\/\/stefan-taege.de\/kasia\/2018\/02\/24\/eine-farm-mitten-im-aeltesten-gebirge-der-welt\/"]}]},{"@type":"ImageObject","inLanguage":"de","@id":"https:\/\/stefan-taege.de\/kasia\/2018\/02\/24\/eine-farm-mitten-im-aeltesten-gebirge-der-welt\/#primaryimage","url":"https:\/\/i0.wp.com\/stefan-taege.de\/kasia\/wp-content\/uploads\/2018\/02\/WP_20170912_16_59_54_Pro.jpg?fit=1020%2C574&ssl=1","contentUrl":"https:\/\/i0.wp.com\/stefan-taege.de\/kasia\/wp-content\/uploads\/2018\/02\/WP_20170912_16_59_54_Pro.jpg?fit=1020%2C574&ssl=1","width":1020,"height":574},{"@type":"BreadcrumbList","@id":"https:\/\/stefan-taege.de\/kasia\/2018\/02\/24\/eine-farm-mitten-im-aeltesten-gebirge-der-welt\/#breadcrumb","itemListElement":[{"@type":"ListItem","position":1,"name":"Startseite","item":"https:\/\/stefan-taege.de\/kasia\/"},{"@type":"ListItem","position":2,"name":"Die Farm in den Tirasbergen &#8211; Thorsten und Linn"}]},{"@type":"WebSite","@id":"https:\/\/stefan-taege.de\/kasia\/#website","url":"https:\/\/stefan-taege.de\/kasia\/","name":"windrose.rocks","description":"Erz\u00e4hlungen einer Reisenden","potentialAction":[{"@type":"SearchAction","target":{"@type":"EntryPoint","urlTemplate":"https:\/\/stefan-taege.de\/kasia\/?s={search_term_string}"},"query-input":{"@type":"PropertyValueSpecification","valueRequired":true,"valueName":"search_term_string"}}],"inLanguage":"de"},{"@type":"Person","@id":"https:\/\/stefan-taege.de\/kasia\/#\/schema\/person\/873b01562fbd03e9caa51512b2cb800f","name":"Kasia","image":{"@type":"ImageObject","inLanguage":"de","@id":"https:\/\/stefan-taege.de\/kasia\/#\/schema\/person\/image\/","url":"https:\/\/secure.gravatar.com\/avatar\/b89791b780bc4ea83cc74789dc368178?s=96&d=mm&r=pg","contentUrl":"https:\/\/secure.gravatar.com\/avatar\/b89791b780bc4ea83cc74789dc368178?s=96&d=mm&r=pg","caption":"Kasia"},"description":"Hi, ich bin Kasia, die Stimme von \"windrose.rocks\" :-) Treibt Dich die Frage um, was sich denn alles jenseits der heimischen Couch verbirgt, bist Du rastlos und neugierig wie ich und sp\u00fcrst den Drang in Dir, in die Welt hinaus zu gehen? Dann tue es! Ich nehme Dich mit auf meine Reisen und lasse Dich hautnah das Unterwegs sein miterleben - in all seinen Facetten. Lass Dich inspirieren, komm mit mir und warte nicht l\u00e4nger, denn... die Welt ist so gro\u00df und wir sind so klein, und es gibt noch so viel zu sehen! Die Welt wartet auf uns.","sameAs":["https:\/\/stefan-taege.de\/kasia\/"],"url":"https:\/\/stefan-taege.de\/kasia\/author\/kasia\/"}]}},"jetpack_sharing_enabled":true,"jetpack_featured_media_url":"https:\/\/i0.wp.com\/stefan-taege.de\/kasia\/wp-content\/uploads\/2018\/02\/WP_20170912_16_59_54_Pro.jpg?fit=1020%2C574&ssl=1","jetpack_shortlink":"https:\/\/wp.me\/p7Ku1E-3dL","_links":{"self":[{"href":"https:\/\/stefan-taege.de\/kasia\/wp-json\/wp\/v2\/posts\/12385"}],"collection":[{"href":"https:\/\/stefan-taege.de\/kasia\/wp-json\/wp\/v2\/posts"}],"about":[{"href":"https:\/\/stefan-taege.de\/kasia\/wp-json\/wp\/v2\/types\/post"}],"author":[{"embeddable":true,"href":"https:\/\/stefan-taege.de\/kasia\/wp-json\/wp\/v2\/users\/1"}],"replies":[{"embeddable":true,"href":"https:\/\/stefan-taege.de\/kasia\/wp-json\/wp\/v2\/comments?post=12385"}],"version-history":[{"count":10,"href":"https:\/\/stefan-taege.de\/kasia\/wp-json\/wp\/v2\/posts\/12385\/revisions"}],"predecessor-version":[{"id":13090,"href":"https:\/\/stefan-taege.de\/kasia\/wp-json\/wp\/v2\/posts\/12385\/revisions\/13090"}],"wp:featuredmedia":[{"embeddable":true,"href":"https:\/\/stefan-taege.de\/kasia\/wp-json\/wp\/v2\/media\/43905"}],"wp:attachment":[{"href":"https:\/\/stefan-taege.de\/kasia\/wp-json\/wp\/v2\/media?parent=12385"}],"wp:term":[{"taxonomy":"category","embeddable":true,"href":"https:\/\/stefan-taege.de\/kasia\/wp-json\/wp\/v2\/categories?post=12385"},{"taxonomy":"post_tag","embeddable":true,"href":"https:\/\/stefan-taege.de\/kasia\/wp-json\/wp\/v2\/tags?post=12385"}],"curies":[{"name":"wp","href":"https:\/\/api.w.org\/{rel}","templated":true}]}}